{"id":74780,"date":"2025-01-31T17:08:01","date_gmt":"2025-01-31T14:08:01","guid":{"rendered":"https:\/\/kibrisdakik.com\/index.php\/2025\/01\/31\/pazar-gunu-bisiklet-yarislari-nedeniyle-bazi-yollar-trafige-gecici-olarak-kapatilacak\/"},"modified":"2025-01-31T17:08:01","modified_gmt":"2025-01-31T14:08:01","slug":"pazar-gunu-bisiklet-yarislari-nedeniyle-bazi-yollar-trafige-gecici-olarak-kapatilacak","status":"publish","type":"post","link":"https:\/\/kibrisdakik.com\/?p=74780","title":{"rendered":"Pazar g\u00fcn\u00fc bisiklet yar\u0131\u015flar\u0131 nedeniyle baz\u0131 yollar trafi\u011fe ge\u00e7ici olarak kapat\u0131lacak"},"content":{"rendered":"<p><\/p>\n<div>\n<div class=\"mariselle-image-container center\">\n                <img loading=\"lazy\" decoding=\"async\" width=\"1102\" height=\"712\" class=\"lazy-image\" alt=\"\" sizes=\"auto, (max-width: 1102px) 100vw, 1102px\" src=\"https:\/\/brtk.net\/wp-content\/uploads\/2025\/01\/31\/1738320424505bisiklet-2024-subat-gorseli1.png?ver=199a93dd012362ba5f3eb76de33e07c1\" srcset=\"https:\/\/brtk.net\/wp-content\/uploads\/2025\/01\/31\/1738320424505bisiklet-2024-subat-gorseli1.png?ver=199a93dd012362ba5f3eb76de33e07c1 1102w, https:\/\/brtk.net\/wp-content\/uploads\/2025\/01\/31\/1738320424505bisiklet-2024-subat-gorseli1-300x194.png?ver=ecdddb68ab1a95646dc02c9a570702b0 300w, https:\/\/brtk.net\/wp-content\/uploads\/2025\/01\/31\/1738320424505bisiklet-2024-subat-gorseli1-1024x662.png?ver=32c68c7a8cb2d887dab92c93a94fc0e3 1024w, https:\/\/brtk.net\/wp-content\/uploads\/2025\/01\/31\/1738320424505bisiklet-2024-subat-gorseli1-768x496.png?ver=cb4053e000b27e3aa4067a2d67317d64 768w\"\/>                            <\/div>\n<p>K\u0131br\u0131s T\u00fcrk Bisiklet Federasyonu taraf\u0131ndan pazar g\u00fcn\u00fc Lefko\u015fa-G\u00fczelyurt, G\u00fczelyurt-Lefke ve Alayk\u00f6y-Metehan ana yollar\u0131 g\u00fczergahlar\u0131nda yap\u0131lacak bisiklet yar\u0131\u015flar\u0131 nedeniyle baz\u0131 kav\u015fak ve \u00e7emberler ge\u00e7ici olarak ara\u00e7 trafi\u011fine kapat\u0131lacak.<\/p>\n<p>PGM Bas\u0131n Subayl\u0131\u011f\u0131ndan yap\u0131lan a\u00e7\u0131klamaya g\u00f6re 2 \u015eubat Pazar g\u00fcn\u00fc, saat 08.00\u2019de, Lefko\u015fa-G\u00fczelyurt, G\u00fczelyurt-Lefke, Alayk\u00f6y-Metehan ana yollar\u0131 g\u00fczergahlar\u0131nda bisiklet yar\u0131\u015flar\u0131 ger\u00e7ekle\u015ftirilecek.<\/p>\n<p>Bisiklet yar\u0131\u015flar\u0131 Lefko\u015fa Atat\u00fcrk Spor Kompleksi\u2019nde ba\u015flayacak. Yar\u0131\u015flar kapsam\u0131nda birinci grup Lefko\u015fa-G\u00fczelyurt-G\u00fczelyurt-Lefke ana yolunu takiben Do\u011fanc\u0131 kav\u015fa\u011f\u0131na gelip geri d\u00f6nerek, ayn\u0131 g\u00fczergah \u00fczerinden Alayk\u00f6y-Metehan \u00c7evre Yolu\u2019ndan Sevgi \u00c7emberi\u2019ndeki biti\u015f noktas\u0131na gelecek.<\/p>\n<p>\u0130kinci grup ise Lefko\u015fa-G\u00fczelyurt ana yolu \u00fczerinden G\u00fczelyurt \u00c7emberine gelip geri d\u00f6nerek, Alayk\u00f6y-Metehan \u00c7evre Yolu g\u00fczergah\u0131n\u0131 takip edecek ve yine Sevgi \u00c7emberi\u2019ndeki biti\u015f noktas\u0131na gelecek.<\/p>\n<p>Belirtilen yol g\u00fczergahlar\u0131 \u00fczerinde, bisikletli sporculara motorlu polis eskortlar\u0131 e\u015flik edece\u011fi ve sporcular\u0131n ge\u00e7ece\u011fi g\u00fczergahtaki t\u00fcm kav\u015fak ve \u00e7emberlerin ge\u00e7ici olarak ara\u00e7 trafi\u011fine kapat\u0131laca\u011f\u0131 belirtildi.<\/p>\n<p>Bisiklet yar\u0131\u015flar\u0131 boyunca, bu yol g\u00fczergahlar\u0131n\u0131 kullanacak s\u00fcr\u00fcc\u00fclerin yava\u015f ve dikkatli seyretmeleri ve trafik i\u015faret ve i\u015faret\u00e7ilerine uymalar\u0131 istendi.<\/p>\n<\/p><\/div>\n<p><script async\n                    defer\n                    crossorigin=\"anonymous\"\n                    src=\"https:\/\/connect.facebook.net\/tr_TR\/sdk.js#xfbml=1&#038;version=v3.3\"\n            ><\/script><\/p>\n","protected":false},"excerpt":{"rendered":"<p>K\u0131br\u0131s T\u00fcrk Bisiklet Federasyonu taraf\u0131ndan pazar g\u00fcn\u00fc Lefko\u015fa-G\u00fczelyurt, G\u00fczelyurt-Lefke ve Alayk\u00f6y-Metehan ana yollar\u0131 g\u00fczergahlar\u0131nda yap\u0131lacak bisiklet yar\u0131\u015flar\u0131 nedeniyle baz\u0131 kav\u015fak ve \u00e7emberler ge\u00e7ici olarak ara\u00e7 trafi\u011fine kapat\u0131lacak. PGM Bas\u0131n Subayl\u0131\u011f\u0131ndan yap\u0131lan a\u00e7\u0131klamaya g\u00f6re 2 \u015eubat Pazar g\u00fcn\u00fc, saat 08.00\u2019de, Lefko\u015fa-G\u00fczelyurt, G\u00fczelyurt-Lefke, Alayk\u00f6y-Metehan ana yollar\u0131 g\u00fczergahlar\u0131nda bisiklet yar\u0131\u015flar\u0131 ger\u00e7ekle\u015ftirilecek. Bisiklet yar\u0131\u015flar\u0131 Lefko\u015fa Atat\u00fcrk Spor Kompleksi\u2019nde ba\u015flayacak.<\/p>\n","protected":false},"author":1,"featured_media":74781,"comment_status":"open","ping_status":"open","sticky":false,"template":"","format":"standard","meta":{"footnotes":""},"categories":[1,101],"tags":[],"class_list":["post-74780","post","type-post","status-publish","format-standard","has-post-thumbnail","hentry","category-gundem","category-manset"],"yoast_head":"<!-- This site is optimized with the Yoast SEO plugin v27.4 - https:\/\/yoast.com\/product\/yoast-seo-wordpress\/ -->\n<title>Pazar g\u00fcn\u00fc bisiklet yar\u0131\u015flar\u0131 nedeniyle baz\u0131 yollar trafi\u011fe ge\u00e7ici olarak kapat\u0131lacak -<\/title>\n<meta name=\"robots\" content=\"index, follow, max-snippet:-1, max-image-preview:large, max-video-preview:-1\" \/>\n<link rel=\"canonical\" href=\"https:\/\/kibrisdakik.com\/?p=74780\" \/>\n<meta property=\"og:locale\" content=\"tr_TR\" \/>\n<meta property=\"og:type\" content=\"article\" \/>\n<meta property=\"og:title\" content=\"Pazar g\u00fcn\u00fc bisiklet yar\u0131\u015flar\u0131 nedeniyle baz\u0131 yollar trafi\u011fe ge\u00e7ici olarak kapat\u0131lacak -\" \/>\n<meta property=\"og:description\" content=\"K\u0131br\u0131s T\u00fcrk Bisiklet Federasyonu taraf\u0131ndan pazar g\u00fcn\u00fc Lefko\u015fa-G\u00fczelyurt, G\u00fczelyurt-Lefke ve Alayk\u00f6y-Metehan ana yollar\u0131 g\u00fczergahlar\u0131nda yap\u0131lacak bisiklet yar\u0131\u015flar\u0131 nedeniyle baz\u0131 kav\u015fak ve \u00e7emberler ge\u00e7ici olarak ara\u00e7 trafi\u011fine kapat\u0131lacak. PGM Bas\u0131n Subayl\u0131\u011f\u0131ndan yap\u0131lan a\u00e7\u0131klamaya g\u00f6re 2 \u015eubat Pazar g\u00fcn\u00fc, saat 08.00\u2019de, Lefko\u015fa-G\u00fczelyurt, G\u00fczelyurt-Lefke, Alayk\u00f6y-Metehan ana yollar\u0131 g\u00fczergahlar\u0131nda bisiklet yar\u0131\u015flar\u0131 ger\u00e7ekle\u015ftirilecek. Bisiklet yar\u0131\u015flar\u0131 Lefko\u015fa Atat\u00fcrk Spor Kompleksi\u2019nde ba\u015flayacak.\" \/>\n<meta property=\"og:url\" content=\"https:\/\/kibrisdakik.com\/?p=74780\" \/>\n<meta property=\"article:published_time\" content=\"2025-01-31T14:08:01+00:00\" \/>\n<meta property=\"og:image\" content=\"https:\/\/kibrisdakik.com\/wp-content\/uploads\/2025\/01\/1738320424505bisiklet-2024-subat-gorseli1-740x420.png\" \/>\n\t<meta property=\"og:image:width\" content=\"1102\" \/>\n\t<meta property=\"og:image:height\" content=\"712\" \/>\n\t<meta property=\"og:image:type\" content=\"image\/png\" \/>\n<meta name=\"author\" content=\"admin\" \/>\n<meta name=\"twitter:card\" content=\"summary_large_image\" \/>\n<meta name=\"twitter:label1\" content=\"Yazan:\" \/>\n\t<meta name=\"twitter:data1\" content=\"admin\" \/>\n\t<meta name=\"twitter:label2\" content=\"Tahmini okuma s\u00fcresi\" \/>\n\t<meta name=\"twitter:data2\" content=\"1 dakika\" \/>\n<script type=\"application\/ld+json\" class=\"yoast-schema-graph\">{\"@context\":\"https:\\\/\\\/schema.org\",\"@graph\":[{\"@type\":\"Article\",\"@id\":\"https:\\\/\\\/kibrisdakik.com\\\/?p=74780#article\",\"isPartOf\":{\"@id\":\"https:\\\/\\\/kibrisdakik.com\\\/?p=74780\"},\"author\":{\"name\":\"admin\",\"@id\":\"https:\\\/\\\/kibrisdakik.com\\\/#\\\/schema\\\/person\\\/9cd9d437bbb44f72b73ba127e06d8e79\"},\"headline\":\"Pazar g\u00fcn\u00fc bisiklet yar\u0131\u015flar\u0131 nedeniyle baz\u0131 yollar trafi\u011fe ge\u00e7ici olarak kapat\u0131lacak\",\"datePublished\":\"2025-01-31T14:08:01+00:00\",\"mainEntityOfPage\":{\"@id\":\"https:\\\/\\\/kibrisdakik.com\\\/?p=74780\"},\"wordCount\":244,\"commentCount\":0,\"image\":{\"@id\":\"https:\\\/\\\/kibrisdakik.com\\\/?p=74780#primaryimage\"},\"thumbnailUrl\":\"https:\\\/\\\/kibrisdakik.com\\\/wp-content\\\/uploads\\\/2025\\\/01\\\/1738320424505bisiklet-2024-subat-gorseli1-740x420.png\",\"articleSection\":[\"G\u00fcndem\",\"Man\u015fet\"],\"inLanguage\":\"tr\",\"potentialAction\":[{\"@type\":\"CommentAction\",\"name\":\"Comment\",\"target\":[\"https:\\\/\\\/kibrisdakik.com\\\/?p=74780#respond\"]}]},{\"@type\":\"WebPage\",\"@id\":\"https:\\\/\\\/kibrisdakik.com\\\/?p=74780\",\"url\":\"https:\\\/\\\/kibrisdakik.com\\\/?p=74780\",\"name\":\"Pazar g\u00fcn\u00fc bisiklet yar\u0131\u015flar\u0131 nedeniyle baz\u0131 yollar trafi\u011fe ge\u00e7ici olarak kapat\u0131lacak -\",\"isPartOf\":{\"@id\":\"https:\\\/\\\/kibrisdakik.com\\\/#website\"},\"primaryImageOfPage\":{\"@id\":\"https:\\\/\\\/kibrisdakik.com\\\/?p=74780#primaryimage\"},\"image\":{\"@id\":\"https:\\\/\\\/kibrisdakik.com\\\/?p=74780#primaryimage\"},\"thumbnailUrl\":\"https:\\\/\\\/kibrisdakik.com\\\/wp-content\\\/uploads\\\/2025\\\/01\\\/1738320424505bisiklet-2024-subat-gorseli1-740x420.png\",\"datePublished\":\"2025-01-31T14:08:01+00:00\",\"author\":{\"@id\":\"https:\\\/\\\/kibrisdakik.com\\\/#\\\/schema\\\/person\\\/9cd9d437bbb44f72b73ba127e06d8e79\"},\"breadcrumb\":{\"@id\":\"https:\\\/\\\/kibrisdakik.com\\\/?p=74780#breadcrumb\"},\"inLanguage\":\"tr\",\"potentialAction\":[{\"@type\":\"ReadAction\",\"target\":[\"https:\\\/\\\/kibrisdakik.com\\\/?p=74780\"]}]},{\"@type\":\"ImageObject\",\"inLanguage\":\"tr\",\"@id\":\"https:\\\/\\\/kibrisdakik.com\\\/?p=74780#primaryimage\",\"url\":\"https:\\\/\\\/kibrisdakik.com\\\/wp-content\\\/uploads\\\/2025\\\/01\\\/1738320424505bisiklet-2024-subat-gorseli1-740x420.png\",\"contentUrl\":\"https:\\\/\\\/kibrisdakik.com\\\/wp-content\\\/uploads\\\/2025\\\/01\\\/1738320424505bisiklet-2024-subat-gorseli1-740x420.png\",\"width\":1102,\"height\":712},{\"@type\":\"BreadcrumbList\",\"@id\":\"https:\\\/\\\/kibrisdakik.com\\\/?p=74780#breadcrumb\",\"itemListElement\":[{\"@type\":\"ListItem\",\"position\":1,\"name\":\"Home\",\"item\":\"https:\\\/\\\/kibrisdakik.com\\\/\"},{\"@type\":\"ListItem\",\"position\":2,\"name\":\"Pazar g\u00fcn\u00fc bisiklet yar\u0131\u015flar\u0131 nedeniyle baz\u0131 yollar trafi\u011fe ge\u00e7ici olarak kapat\u0131lacak\"}]},{\"@type\":\"WebSite\",\"@id\":\"https:\\\/\\\/kibrisdakik.com\\\/#website\",\"url\":\"https:\\\/\\\/kibrisdakik.com\\\/\",\"name\":\"\",\"description\":\"Tam vaktinde haber\",\"potentialAction\":[{\"@type\":\"SearchAction\",\"target\":{\"@type\":\"EntryPoint\",\"urlTemplate\":\"https:\\\/\\\/kibrisdakik.com\\\/?s={search_term_string}\"},\"query-input\":{\"@type\":\"PropertyValueSpecification\",\"valueRequired\":true,\"valueName\":\"search_term_string\"}}],\"inLanguage\":\"tr\"},{\"@type\":\"Person\",\"@id\":\"https:\\\/\\\/kibrisdakik.com\\\/#\\\/schema\\\/person\\\/9cd9d437bbb44f72b73ba127e06d8e79\",\"name\":\"admin\",\"image\":{\"@type\":\"ImageObject\",\"inLanguage\":\"tr\",\"@id\":\"https:\\\/\\\/secure.gravatar.com\\\/avatar\\\/ccc17943b9d660506c869530f897617f7cb1c21a4bf30023f252596d83e1f007?s=96&d=mm&r=g\",\"url\":\"https:\\\/\\\/secure.gravatar.com\\\/avatar\\\/ccc17943b9d660506c869530f897617f7cb1c21a4bf30023f252596d83e1f007?s=96&d=mm&r=g\",\"contentUrl\":\"https:\\\/\\\/secure.gravatar.com\\\/avatar\\\/ccc17943b9d660506c869530f897617f7cb1c21a4bf30023f252596d83e1f007?s=96&d=mm&r=g\",\"caption\":\"admin\"},\"sameAs\":[\"https:\\\/\\\/kibrisdakik.com\"],\"url\":\"https:\\\/\\\/kibrisdakik.com\\\/?author=1\"}]}<\/script>\n<!-- \/ Yoast SEO plugin. -->","yoast_head_json":{"title":"Pazar g\u00fcn\u00fc bisiklet yar\u0131\u015flar\u0131 nedeniyle baz\u0131 yollar trafi\u011fe ge\u00e7ici olarak kapat\u0131lacak -","robots":{"index":"index","follow":"follow","max-snippet":"max-snippet:-1","max-image-preview":"max-image-preview:large","max-video-preview":"max-video-preview:-1"},"canonical":"https:\/\/kibrisdakik.com\/?p=74780","og_locale":"tr_TR","og_type":"article","og_title":"Pazar g\u00fcn\u00fc bisiklet yar\u0131\u015flar\u0131 nedeniyle baz\u0131 yollar trafi\u011fe ge\u00e7ici olarak kapat\u0131lacak -","og_description":"K\u0131br\u0131s T\u00fcrk Bisiklet Federasyonu taraf\u0131ndan pazar g\u00fcn\u00fc Lefko\u015fa-G\u00fczelyurt, G\u00fczelyurt-Lefke ve Alayk\u00f6y-Metehan ana yollar\u0131 g\u00fczergahlar\u0131nda yap\u0131lacak bisiklet yar\u0131\u015flar\u0131 nedeniyle baz\u0131 kav\u015fak ve \u00e7emberler ge\u00e7ici olarak ara\u00e7 trafi\u011fine kapat\u0131lacak. PGM Bas\u0131n Subayl\u0131\u011f\u0131ndan yap\u0131lan a\u00e7\u0131klamaya g\u00f6re 2 \u015eubat Pazar g\u00fcn\u00fc, saat 08.00\u2019de, Lefko\u015fa-G\u00fczelyurt, G\u00fczelyurt-Lefke, Alayk\u00f6y-Metehan ana yollar\u0131 g\u00fczergahlar\u0131nda bisiklet yar\u0131\u015flar\u0131 ger\u00e7ekle\u015ftirilecek. Bisiklet yar\u0131\u015flar\u0131 Lefko\u015fa Atat\u00fcrk Spor Kompleksi\u2019nde ba\u015flayacak.","og_url":"https:\/\/kibrisdakik.com\/?p=74780","article_published_time":"2025-01-31T14:08:01+00:00","og_image":[{"width":1102,"height":712,"url":"https:\/\/kibrisdakik.com\/wp-content\/uploads\/2025\/01\/1738320424505bisiklet-2024-subat-gorseli1-740x420.png","type":"image\/png"}],"author":"admin","twitter_card":"summary_large_image","twitter_misc":{"Yazan:":"admin","Tahmini okuma s\u00fcresi":"1 dakika"},"schema":{"@context":"https:\/\/schema.org","@graph":[{"@type":"Article","@id":"https:\/\/kibrisdakik.com\/?p=74780#article","isPartOf":{"@id":"https:\/\/kibrisdakik.com\/?p=74780"},"author":{"name":"admin","@id":"https:\/\/kibrisdakik.com\/#\/schema\/person\/9cd9d437bbb44f72b73ba127e06d8e79"},"headline":"Pazar g\u00fcn\u00fc bisiklet yar\u0131\u015flar\u0131 nedeniyle baz\u0131 yollar trafi\u011fe ge\u00e7ici olarak kapat\u0131lacak","datePublished":"2025-01-31T14:08:01+00:00","mainEntityOfPage":{"@id":"https:\/\/kibrisdakik.com\/?p=74780"},"wordCount":244,"commentCount":0,"image":{"@id":"https:\/\/kibrisdakik.com\/?p=74780#primaryimage"},"thumbnailUrl":"https:\/\/kibrisdakik.com\/wp-content\/uploads\/2025\/01\/1738320424505bisiklet-2024-subat-gorseli1-740x420.png","articleSection":["G\u00fcndem","Man\u015fet"],"inLanguage":"tr","potentialAction":[{"@type":"CommentAction","name":"Comment","target":["https:\/\/kibrisdakik.com\/?p=74780#respond"]}]},{"@type":"WebPage","@id":"https:\/\/kibrisdakik.com\/?p=74780","url":"https:\/\/kibrisdakik.com\/?p=74780","name":"Pazar g\u00fcn\u00fc bisiklet yar\u0131\u015flar\u0131 nedeniyle baz\u0131 yollar trafi\u011fe ge\u00e7ici olarak kapat\u0131lacak -","isPartOf":{"@id":"https:\/\/kibrisdakik.com\/#website"},"primaryImageOfPage":{"@id":"https:\/\/kibrisdakik.com\/?p=74780#primaryimage"},"image":{"@id":"https:\/\/kibrisdakik.com\/?p=74780#primaryimage"},"thumbnailUrl":"https:\/\/kibrisdakik.com\/wp-content\/uploads\/2025\/01\/1738320424505bisiklet-2024-subat-gorseli1-740x420.png","datePublished":"2025-01-31T14:08:01+00:00","author":{"@id":"https:\/\/kibrisdakik.com\/#\/schema\/person\/9cd9d437bbb44f72b73ba127e06d8e79"},"breadcrumb":{"@id":"https:\/\/kibrisdakik.com\/?p=74780#breadcrumb"},"inLanguage":"tr","potentialAction":[{"@type":"ReadAction","target":["https:\/\/kibrisdakik.com\/?p=74780"]}]},{"@type":"ImageObject","inLanguage":"tr","@id":"https:\/\/kibrisdakik.com\/?p=74780#primaryimage","url":"https:\/\/kibrisdakik.com\/wp-content\/uploads\/2025\/01\/1738320424505bisiklet-2024-subat-gorseli1-740x420.png","contentUrl":"https:\/\/kibrisdakik.com\/wp-content\/uploads\/2025\/01\/1738320424505bisiklet-2024-subat-gorseli1-740x420.png","width":1102,"height":712},{"@type":"BreadcrumbList","@id":"https:\/\/kibrisdakik.com\/?p=74780#breadcrumb","itemListElement":[{"@type":"ListItem","position":1,"name":"Home","item":"https:\/\/kibrisdakik.com\/"},{"@type":"ListItem","position":2,"name":"Pazar g\u00fcn\u00fc bisiklet yar\u0131\u015flar\u0131 nedeniyle baz\u0131 yollar trafi\u011fe ge\u00e7ici olarak kapat\u0131lacak"}]},{"@type":"WebSite","@id":"https:\/\/kibrisdakik.com\/#website","url":"https:\/\/kibrisdakik.com\/","name":"","description":"Tam vaktinde haber","potentialAction":[{"@type":"SearchAction","target":{"@type":"EntryPoint","urlTemplate":"https:\/\/kibrisdakik.com\/?s={search_term_string}"},"query-input":{"@type":"PropertyValueSpecification","valueRequired":true,"valueName":"search_term_string"}}],"inLanguage":"tr"},{"@type":"Person","@id":"https:\/\/kibrisdakik.com\/#\/schema\/person\/9cd9d437bbb44f72b73ba127e06d8e79","name":"admin","image":{"@type":"ImageObject","inLanguage":"tr","@id":"https:\/\/secure.gravatar.com\/avatar\/ccc17943b9d660506c869530f897617f7cb1c21a4bf30023f252596d83e1f007?s=96&d=mm&r=g","url":"https:\/\/secure.gravatar.com\/avatar\/ccc17943b9d660506c869530f897617f7cb1c21a4bf30023f252596d83e1f007?s=96&d=mm&r=g","contentUrl":"https:\/\/secure.gravatar.com\/avatar\/ccc17943b9d660506c869530f897617f7cb1c21a4bf30023f252596d83e1f007?s=96&d=mm&r=g","caption":"admin"},"sameAs":["https:\/\/kibrisdakik.com"],"url":"https:\/\/kibrisdakik.com\/?author=1"}]}},"_links":{"self":[{"href":"https:\/\/kibrisdakik.com\/index.php?rest_route=\/wp\/v2\/posts\/74780","targetHints":{"allow":["GET"]}}],"collection":[{"href":"https:\/\/kibrisdakik.com\/index.php?rest_route=\/wp\/v2\/posts"}],"about":[{"href":"https:\/\/kibrisdakik.com\/index.php?rest_route=\/wp\/v2\/types\/post"}],"author":[{"embeddable":true,"href":"https:\/\/kibrisdakik.com\/index.php?rest_route=\/wp\/v2\/users\/1"}],"replies":[{"embeddable":true,"href":"https:\/\/kibrisdakik.com\/index.php?rest_route=%2Fwp%2Fv2%2Fcomments&post=74780"}],"version-history":[{"count":0,"href":"https:\/\/kibrisdakik.com\/index.php?rest_route=\/wp\/v2\/posts\/74780\/revisions"}],"wp:featuredmedia":[{"embeddable":true,"href":"https:\/\/kibrisdakik.com\/index.php?rest_route=\/wp\/v2\/media\/74781"}],"wp:attachment":[{"href":"https:\/\/kibrisdakik.com\/index.php?rest_route=%2Fwp%2Fv2%2Fmedia&parent=74780"}],"wp:term":[{"taxonomy":"category","embeddable":true,"href":"https:\/\/kibrisdakik.com\/index.php?rest_route=%2Fwp%2Fv2%2Fcategories&post=74780"},{"taxonomy":"post_tag","embeddable":true,"href":"https:\/\/kibrisdakik.com\/index.php?rest_route=%2Fwp%2Fv2%2Ftags&post=74780"}],"curies":[{"name":"wp","href":"https:\/\/api.w.org\/{rel}","templated":true}]}}