{"id":74795,"date":"2025-01-31T19:11:18","date_gmt":"2025-01-31T16:11:18","guid":{"rendered":"https:\/\/kibrisdakik.com\/index.php\/2025\/01\/31\/cavusogluegitime-yapilan-yatirim-gelecege-yapilan-yatirimdir\/"},"modified":"2025-01-31T19:11:18","modified_gmt":"2025-01-31T16:11:18","slug":"cavusogluegitime-yapilan-yatirim-gelecege-yapilan-yatirimdir","status":"publish","type":"post","link":"https:\/\/kibrisdakik.com\/?p=74795","title":{"rendered":"\u00c7avu\u015fo\u011flu:E\u011fitime yap\u0131lan yat\u0131r\u0131m, gelece\u011fe yap\u0131lan yat\u0131r\u0131md\u0131r"},"content":{"rendered":"<div>\n<div class=\"mariselle-image-container center\">\n                                            <\/div>\n<p>Milli E\u011fitim Bakan\u0131 Naz\u0131m \u00c7avu\u015fo\u011flu, geli\u015fen ve de\u011fi\u015fen d\u00fcnyada e\u011fitime yap\u0131lan yat\u0131r\u0131m\u0131n gelece\u011fe yap\u0131lan yat\u0131r\u0131m oldu\u011fu inanc\u0131yla nitelikli bir e\u011fitim i\u00e7in \u00e7abalad\u0131klar\u0131n\u0131 ve \u00f6nceliklerinin nitelikli insan g\u00fcc\u00fcn\u00fcn yeti\u015ftirilmesi oldu\u011funu belirtti.<\/p>\n<p>\u00c7avu\u015fo\u011flu, 2024-2025 e\u011fitim \u00f6\u011fretim y\u0131l\u0131n\u0131n ilk yar\u0131s\u0131n\u0131n sona ermesi dolay\u0131s\u0131yla mesaj yay\u0131mlad\u0131.<\/p>\n<p>E\u011fitimin insan\u0131 de\u011ferli k\u0131lan, toplumu y\u00fccelten ve insanl\u0131\u011fa y\u00f6n veren \u00f6nemli bir s\u00fcre\u00e7 oldu\u011funa i\u015faret eden \u00c7avu\u015fo\u011flu, \u00fclkelerin g\u00fcc\u00fcn\u00fcn iyi e\u011fitime sahip nitelikli insan g\u00fcc\u00fcnden kaynakland\u0131\u011f\u0131n\u0131n s\u00f6yledi.<\/p>\n<p>\u00c7avu\u015fo\u011flu, geli\u015fen ve de\u011fi\u015fen d\u00fcnyada e\u011fitime yap\u0131lan yat\u0131r\u0131m\u0131n gelece\u011fe yap\u0131lan yat\u0131r\u0131m oldu\u011fu inanc\u0131yla nitelikli bir e\u011fitim i\u00e7in \u00e7abalad\u0131klar\u0131n\u0131, \u00f6nceliklerini, nitelikli insan g\u00fcc\u00fcn\u00fcn yeti\u015ftirilmesi olarak belirlediklerini bildirdi.<\/p>\n<p>\u00d6\u011frencilerimizi \u00e7a\u011f\u0131n ihtiya\u00e7lar\u0131na cevap verebilen, donan\u0131ml\u0131, milli ve manevi de\u011ferlerine sahip, sa\u011flam ve g\u00fc\u00e7l\u00fc bireyler olarak yeti\u015ftirmek i\u00e7in \u00e7al\u0131\u015ft\u0131klar\u0131n\u0131 aktaran \u00c7avu\u015fo\u011flu, \u00f6\u011frencilerin her birini ayr\u0131 bir de\u011fer olarak g\u00f6rd\u00fcklerini vurgulad\u0131.<\/p>\n<p>Milli E\u011fitim Bakan\u0131 Naz\u0131m \u00c7avu\u015fo\u011flu, \u00f6\u011fretmenlere de \u015fu sesleni\u015fte bulundu:<\/p>\n<p>\u201cGelecek nesillerimizi yeti\u015ftirmek i\u00e7in \u00f6zveriyle y\u00fcr\u00fctt\u00fc\u011f\u00fcn\u00fcz t\u00fcm \u00e7al\u0131\u015fmalar\u0131n\u0131z\u0131 ve azminizi takdir ediyor, gayretlerinizi y\u00fcrekten destekliyorum. E\u011fitim \u00f6\u011fretim y\u0131l\u0131 boyunca \u00f6\u011frencilerimizi en iyi \u015fekilde yeti\u015ftirmek i\u00e7in g\u00f6sterdi\u011finiz t\u00fcm gayretiniz i\u00e7in de te\u015fekk\u00fcr ediyorum.\u201d<\/p>\n<\/p><\/div>\n<p><script async\n                    defer\n                    crossorigin=\"anonymous\"\n                    src=\"https:\/\/connect.facebook.net\/tr_TR\/sdk.js#xfbml=1&#038;version=v3.3\"\n            ><\/script><\/p>\n","protected":false},"excerpt":{"rendered":"<p>Milli E\u011fitim Bakan\u0131 Naz\u0131m \u00c7avu\u015fo\u011flu, geli\u015fen ve de\u011fi\u015fen d\u00fcnyada e\u011fitime yap\u0131lan yat\u0131r\u0131m\u0131n gelece\u011fe yap\u0131lan yat\u0131r\u0131m oldu\u011fu inanc\u0131yla nitelikli bir e\u011fitim i\u00e7in \u00e7abalad\u0131klar\u0131n\u0131 ve \u00f6nceliklerinin nitelikli insan g\u00fcc\u00fcn\u00fcn yeti\u015ftirilmesi oldu\u011funu belirtti. \u00c7avu\u015fo\u011flu, 2024-2025 e\u011fitim \u00f6\u011fretim y\u0131l\u0131n\u0131n ilk yar\u0131s\u0131n\u0131n sona ermesi dolay\u0131s\u0131yla mesaj yay\u0131mlad\u0131. E\u011fitimin insan\u0131 de\u011ferli k\u0131lan, toplumu y\u00fccelten ve insanl\u0131\u011fa y\u00f6n veren \u00f6nemli bir s\u00fcre\u00e7<\/p>\n","protected":false},"author":1,"featured_media":70892,"comment_status":"open","ping_status":"open","sticky":false,"template":"","format":"standard","meta":{"footnotes":""},"categories":[81,101],"tags":[],"class_list":["post-74795","post","type-post","status-publish","format-standard","has-post-thumbnail","hentry","category-kibris","category-manset"],"yoast_head":"<!-- This site is optimized with the Yoast SEO plugin v27.5 - https:\/\/yoast.com\/product\/yoast-seo-wordpress\/ -->\n<title>\u00c7avu\u015fo\u011flu:E\u011fitime yap\u0131lan yat\u0131r\u0131m, gelece\u011fe yap\u0131lan yat\u0131r\u0131md\u0131r -<\/title>\n<meta name=\"robots\" content=\"index, follow, max-snippet:-1, max-image-preview:large, max-video-preview:-1\" \/>\n<link rel=\"canonical\" href=\"https:\/\/kibrisdakik.com\/?p=74795\" \/>\n<meta property=\"og:locale\" content=\"tr_TR\" \/>\n<meta property=\"og:type\" content=\"article\" \/>\n<meta property=\"og:title\" content=\"\u00c7avu\u015fo\u011flu:E\u011fitime yap\u0131lan yat\u0131r\u0131m, gelece\u011fe yap\u0131lan yat\u0131r\u0131md\u0131r -\" \/>\n<meta property=\"og:description\" content=\"Milli E\u011fitim Bakan\u0131 Naz\u0131m \u00c7avu\u015fo\u011flu, geli\u015fen ve de\u011fi\u015fen d\u00fcnyada e\u011fitime yap\u0131lan yat\u0131r\u0131m\u0131n gelece\u011fe yap\u0131lan yat\u0131r\u0131m oldu\u011fu inanc\u0131yla nitelikli bir e\u011fitim i\u00e7in \u00e7abalad\u0131klar\u0131n\u0131 ve \u00f6nceliklerinin nitelikli insan g\u00fcc\u00fcn\u00fcn yeti\u015ftirilmesi oldu\u011funu belirtti. \u00c7avu\u015fo\u011flu, 2024-2025 e\u011fitim \u00f6\u011fretim y\u0131l\u0131n\u0131n ilk yar\u0131s\u0131n\u0131n sona ermesi dolay\u0131s\u0131yla mesaj yay\u0131mlad\u0131. E\u011fitimin insan\u0131 de\u011ferli k\u0131lan, toplumu y\u00fccelten ve insanl\u0131\u011fa y\u00f6n veren \u00f6nemli bir s\u00fcre\u00e7\" \/>\n<meta property=\"og:url\" content=\"https:\/\/kibrisdakik.com\/?p=74795\" \/>\n<meta property=\"article:published_time\" content=\"2025-01-31T16:11:18+00:00\" \/>\n<meta property=\"og:image\" content=\"https:\/\/kibrisdakik.com\/wp-content\/uploads\/2024\/12\/nazim-cavusoglu-2024-af-scaled-740x420.jpg\" \/>\n\t<meta property=\"og:image:width\" content=\"2560\" \/>\n\t<meta property=\"og:image:height\" content=\"1421\" \/>\n\t<meta property=\"og:image:type\" content=\"image\/jpeg\" \/>\n<meta name=\"author\" content=\"admin\" \/>\n<meta name=\"twitter:card\" content=\"summary_large_image\" \/>\n<meta name=\"twitter:label1\" content=\"Yazan:\" \/>\n\t<meta name=\"twitter:data1\" content=\"admin\" \/>\n\t<meta name=\"twitter:label2\" content=\"Tahmini okuma s\u00fcresi\" \/>\n\t<meta name=\"twitter:data2\" content=\"1 dakika\" \/>\n<script type=\"application\/ld+json\" class=\"yoast-schema-graph\">{\"@context\":\"https:\\\/\\\/schema.org\",\"@graph\":[{\"@type\":\"Article\",\"@id\":\"https:\\\/\\\/kibrisdakik.com\\\/?p=74795#article\",\"isPartOf\":{\"@id\":\"https:\\\/\\\/kibrisdakik.com\\\/?p=74795\"},\"author\":{\"name\":\"admin\",\"@id\":\"https:\\\/\\\/kibrisdakik.com\\\/#\\\/schema\\\/person\\\/9cd9d437bbb44f72b73ba127e06d8e79\"},\"headline\":\"\u00c7avu\u015fo\u011flu:E\u011fitime yap\u0131lan yat\u0131r\u0131m, gelece\u011fe yap\u0131lan yat\u0131r\u0131md\u0131r\",\"datePublished\":\"2025-01-31T16:11:18+00:00\",\"mainEntityOfPage\":{\"@id\":\"https:\\\/\\\/kibrisdakik.com\\\/?p=74795\"},\"wordCount\":313,\"commentCount\":0,\"image\":{\"@id\":\"https:\\\/\\\/kibrisdakik.com\\\/?p=74795#primaryimage\"},\"thumbnailUrl\":\"https:\\\/\\\/kibrisdakik.com\\\/wp-content\\\/uploads\\\/2024\\\/12\\\/nazim-cavusoglu-2024-af-scaled-740x420.jpg\",\"articleSection\":[\"K\u0131br\u0131s\",\"Man\u015fet\"],\"inLanguage\":\"tr\",\"potentialAction\":[{\"@type\":\"CommentAction\",\"name\":\"Comment\",\"target\":[\"https:\\\/\\\/kibrisdakik.com\\\/?p=74795#respond\"]}]},{\"@type\":\"WebPage\",\"@id\":\"https:\\\/\\\/kibrisdakik.com\\\/?p=74795\",\"url\":\"https:\\\/\\\/kibrisdakik.com\\\/?p=74795\",\"name\":\"\u00c7avu\u015fo\u011flu:E\u011fitime yap\u0131lan yat\u0131r\u0131m, gelece\u011fe yap\u0131lan yat\u0131r\u0131md\u0131r -\",\"isPartOf\":{\"@id\":\"https:\\\/\\\/kibrisdakik.com\\\/#website\"},\"primaryImageOfPage\":{\"@id\":\"https:\\\/\\\/kibrisdakik.com\\\/?p=74795#primaryimage\"},\"image\":{\"@id\":\"https:\\\/\\\/kibrisdakik.com\\\/?p=74795#primaryimage\"},\"thumbnailUrl\":\"https:\\\/\\\/kibrisdakik.com\\\/wp-content\\\/uploads\\\/2024\\\/12\\\/nazim-cavusoglu-2024-af-scaled-740x420.jpg\",\"datePublished\":\"2025-01-31T16:11:18+00:00\",\"author\":{\"@id\":\"https:\\\/\\\/kibrisdakik.com\\\/#\\\/schema\\\/person\\\/9cd9d437bbb44f72b73ba127e06d8e79\"},\"breadcrumb\":{\"@id\":\"https:\\\/\\\/kibrisdakik.com\\\/?p=74795#breadcrumb\"},\"inLanguage\":\"tr\",\"potentialAction\":[{\"@type\":\"ReadAction\",\"target\":[\"https:\\\/\\\/kibrisdakik.com\\\/?p=74795\"]}]},{\"@type\":\"ImageObject\",\"inLanguage\":\"tr\",\"@id\":\"https:\\\/\\\/kibrisdakik.com\\\/?p=74795#primaryimage\",\"url\":\"https:\\\/\\\/kibrisdakik.com\\\/wp-content\\\/uploads\\\/2024\\\/12\\\/nazim-cavusoglu-2024-af-scaled-740x420.jpg\",\"contentUrl\":\"https:\\\/\\\/kibrisdakik.com\\\/wp-content\\\/uploads\\\/2024\\\/12\\\/nazim-cavusoglu-2024-af-scaled-740x420.jpg\",\"width\":2560,\"height\":1421},{\"@type\":\"BreadcrumbList\",\"@id\":\"https:\\\/\\\/kibrisdakik.com\\\/?p=74795#breadcrumb\",\"itemListElement\":[{\"@type\":\"ListItem\",\"position\":1,\"name\":\"Home\",\"item\":\"https:\\\/\\\/kibrisdakik.com\\\/\"},{\"@type\":\"ListItem\",\"position\":2,\"name\":\"\u00c7avu\u015fo\u011flu:E\u011fitime yap\u0131lan yat\u0131r\u0131m, gelece\u011fe yap\u0131lan yat\u0131r\u0131md\u0131r\"}]},{\"@type\":\"WebSite\",\"@id\":\"https:\\\/\\\/kibrisdakik.com\\\/#website\",\"url\":\"https:\\\/\\\/kibrisdakik.com\\\/\",\"name\":\"\",\"description\":\"Tam vaktinde haber\",\"potentialAction\":[{\"@type\":\"SearchAction\",\"target\":{\"@type\":\"EntryPoint\",\"urlTemplate\":\"https:\\\/\\\/kibrisdakik.com\\\/?s={search_term_string}\"},\"query-input\":{\"@type\":\"PropertyValueSpecification\",\"valueRequired\":true,\"valueName\":\"search_term_string\"}}],\"inLanguage\":\"tr\"},{\"@type\":\"Person\",\"@id\":\"https:\\\/\\\/kibrisdakik.com\\\/#\\\/schema\\\/person\\\/9cd9d437bbb44f72b73ba127e06d8e79\",\"name\":\"admin\",\"image\":{\"@type\":\"ImageObject\",\"inLanguage\":\"tr\",\"@id\":\"https:\\\/\\\/secure.gravatar.com\\\/avatar\\\/ccc17943b9d660506c869530f897617f7cb1c21a4bf30023f252596d83e1f007?s=96&d=mm&r=g\",\"url\":\"https:\\\/\\\/secure.gravatar.com\\\/avatar\\\/ccc17943b9d660506c869530f897617f7cb1c21a4bf30023f252596d83e1f007?s=96&d=mm&r=g\",\"contentUrl\":\"https:\\\/\\\/secure.gravatar.com\\\/avatar\\\/ccc17943b9d660506c869530f897617f7cb1c21a4bf30023f252596d83e1f007?s=96&d=mm&r=g\",\"caption\":\"admin\"},\"sameAs\":[\"https:\\\/\\\/kibrisdakik.com\"],\"url\":\"https:\\\/\\\/kibrisdakik.com\\\/?author=1\"}]}<\/script>\n<!-- \/ Yoast SEO plugin. -->","yoast_head_json":{"title":"\u00c7avu\u015fo\u011flu:E\u011fitime yap\u0131lan yat\u0131r\u0131m, gelece\u011fe yap\u0131lan yat\u0131r\u0131md\u0131r -","robots":{"index":"index","follow":"follow","max-snippet":"max-snippet:-1","max-image-preview":"max-image-preview:large","max-video-preview":"max-video-preview:-1"},"canonical":"https:\/\/kibrisdakik.com\/?p=74795","og_locale":"tr_TR","og_type":"article","og_title":"\u00c7avu\u015fo\u011flu:E\u011fitime yap\u0131lan yat\u0131r\u0131m, gelece\u011fe yap\u0131lan yat\u0131r\u0131md\u0131r -","og_description":"Milli E\u011fitim Bakan\u0131 Naz\u0131m \u00c7avu\u015fo\u011flu, geli\u015fen ve de\u011fi\u015fen d\u00fcnyada e\u011fitime yap\u0131lan yat\u0131r\u0131m\u0131n gelece\u011fe yap\u0131lan yat\u0131r\u0131m oldu\u011fu inanc\u0131yla nitelikli bir e\u011fitim i\u00e7in \u00e7abalad\u0131klar\u0131n\u0131 ve \u00f6nceliklerinin nitelikli insan g\u00fcc\u00fcn\u00fcn yeti\u015ftirilmesi oldu\u011funu belirtti. \u00c7avu\u015fo\u011flu, 2024-2025 e\u011fitim \u00f6\u011fretim y\u0131l\u0131n\u0131n ilk yar\u0131s\u0131n\u0131n sona ermesi dolay\u0131s\u0131yla mesaj yay\u0131mlad\u0131. E\u011fitimin insan\u0131 de\u011ferli k\u0131lan, toplumu y\u00fccelten ve insanl\u0131\u011fa y\u00f6n veren \u00f6nemli bir s\u00fcre\u00e7","og_url":"https:\/\/kibrisdakik.com\/?p=74795","article_published_time":"2025-01-31T16:11:18+00:00","og_image":[{"width":2560,"height":1421,"url":"https:\/\/kibrisdakik.com\/wp-content\/uploads\/2024\/12\/nazim-cavusoglu-2024-af-scaled-740x420.jpg","type":"image\/jpeg"}],"author":"admin","twitter_card":"summary_large_image","twitter_misc":{"Yazan:":"admin","Tahmini okuma s\u00fcresi":"1 dakika"},"schema":{"@context":"https:\/\/schema.org","@graph":[{"@type":"Article","@id":"https:\/\/kibrisdakik.com\/?p=74795#article","isPartOf":{"@id":"https:\/\/kibrisdakik.com\/?p=74795"},"author":{"name":"admin","@id":"https:\/\/kibrisdakik.com\/#\/schema\/person\/9cd9d437bbb44f72b73ba127e06d8e79"},"headline":"\u00c7avu\u015fo\u011flu:E\u011fitime yap\u0131lan yat\u0131r\u0131m, gelece\u011fe yap\u0131lan yat\u0131r\u0131md\u0131r","datePublished":"2025-01-31T16:11:18+00:00","mainEntityOfPage":{"@id":"https:\/\/kibrisdakik.com\/?p=74795"},"wordCount":313,"commentCount":0,"image":{"@id":"https:\/\/kibrisdakik.com\/?p=74795#primaryimage"},"thumbnailUrl":"https:\/\/kibrisdakik.com\/wp-content\/uploads\/2024\/12\/nazim-cavusoglu-2024-af-scaled-740x420.jpg","articleSection":["K\u0131br\u0131s","Man\u015fet"],"inLanguage":"tr","potentialAction":[{"@type":"CommentAction","name":"Comment","target":["https:\/\/kibrisdakik.com\/?p=74795#respond"]}]},{"@type":"WebPage","@id":"https:\/\/kibrisdakik.com\/?p=74795","url":"https:\/\/kibrisdakik.com\/?p=74795","name":"\u00c7avu\u015fo\u011flu:E\u011fitime yap\u0131lan yat\u0131r\u0131m, gelece\u011fe yap\u0131lan yat\u0131r\u0131md\u0131r -","isPartOf":{"@id":"https:\/\/kibrisdakik.com\/#website"},"primaryImageOfPage":{"@id":"https:\/\/kibrisdakik.com\/?p=74795#primaryimage"},"image":{"@id":"https:\/\/kibrisdakik.com\/?p=74795#primaryimage"},"thumbnailUrl":"https:\/\/kibrisdakik.com\/wp-content\/uploads\/2024\/12\/nazim-cavusoglu-2024-af-scaled-740x420.jpg","datePublished":"2025-01-31T16:11:18+00:00","author":{"@id":"https:\/\/kibrisdakik.com\/#\/schema\/person\/9cd9d437bbb44f72b73ba127e06d8e79"},"breadcrumb":{"@id":"https:\/\/kibrisdakik.com\/?p=74795#breadcrumb"},"inLanguage":"tr","potentialAction":[{"@type":"ReadAction","target":["https:\/\/kibrisdakik.com\/?p=74795"]}]},{"@type":"ImageObject","inLanguage":"tr","@id":"https:\/\/kibrisdakik.com\/?p=74795#primaryimage","url":"https:\/\/kibrisdakik.com\/wp-content\/uploads\/2024\/12\/nazim-cavusoglu-2024-af-scaled-740x420.jpg","contentUrl":"https:\/\/kibrisdakik.com\/wp-content\/uploads\/2024\/12\/nazim-cavusoglu-2024-af-scaled-740x420.jpg","width":2560,"height":1421},{"@type":"BreadcrumbList","@id":"https:\/\/kibrisdakik.com\/?p=74795#breadcrumb","itemListElement":[{"@type":"ListItem","position":1,"name":"Home","item":"https:\/\/kibrisdakik.com\/"},{"@type":"ListItem","position":2,"name":"\u00c7avu\u015fo\u011flu:E\u011fitime yap\u0131lan yat\u0131r\u0131m, gelece\u011fe yap\u0131lan yat\u0131r\u0131md\u0131r"}]},{"@type":"WebSite","@id":"https:\/\/kibrisdakik.com\/#website","url":"https:\/\/kibrisdakik.com\/","name":"","description":"Tam vaktinde haber","potentialAction":[{"@type":"SearchAction","target":{"@type":"EntryPoint","urlTemplate":"https:\/\/kibrisdakik.com\/?s={search_term_string}"},"query-input":{"@type":"PropertyValueSpecification","valueRequired":true,"valueName":"search_term_string"}}],"inLanguage":"tr"},{"@type":"Person","@id":"https:\/\/kibrisdakik.com\/#\/schema\/person\/9cd9d437bbb44f72b73ba127e06d8e79","name":"admin","image":{"@type":"ImageObject","inLanguage":"tr","@id":"https:\/\/secure.gravatar.com\/avatar\/ccc17943b9d660506c869530f897617f7cb1c21a4bf30023f252596d83e1f007?s=96&d=mm&r=g","url":"https:\/\/secure.gravatar.com\/avatar\/ccc17943b9d660506c869530f897617f7cb1c21a4bf30023f252596d83e1f007?s=96&d=mm&r=g","contentUrl":"https:\/\/secure.gravatar.com\/avatar\/ccc17943b9d660506c869530f897617f7cb1c21a4bf30023f252596d83e1f007?s=96&d=mm&r=g","caption":"admin"},"sameAs":["https:\/\/kibrisdakik.com"],"url":"https:\/\/kibrisdakik.com\/?author=1"}]}},"_links":{"self":[{"href":"https:\/\/kibrisdakik.com\/index.php?rest_route=\/wp\/v2\/posts\/74795","targetHints":{"allow":["GET"]}}],"collection":[{"href":"https:\/\/kibrisdakik.com\/index.php?rest_route=\/wp\/v2\/posts"}],"about":[{"href":"https:\/\/kibrisdakik.com\/index.php?rest_route=\/wp\/v2\/types\/post"}],"author":[{"embeddable":true,"href":"https:\/\/kibrisdakik.com\/index.php?rest_route=\/wp\/v2\/users\/1"}],"replies":[{"embeddable":true,"href":"https:\/\/kibrisdakik.com\/index.php?rest_route=%2Fwp%2Fv2%2Fcomments&post=74795"}],"version-history":[{"count":0,"href":"https:\/\/kibrisdakik.com\/index.php?rest_route=\/wp\/v2\/posts\/74795\/revisions"}],"wp:featuredmedia":[{"embeddable":true,"href":"https:\/\/kibrisdakik.com\/index.php?rest_route=\/wp\/v2\/media\/70892"}],"wp:attachment":[{"href":"https:\/\/kibrisdakik.com\/index.php?rest_route=%2Fwp%2Fv2%2Fmedia&parent=74795"}],"wp:term":[{"taxonomy":"category","embeddable":true,"href":"https:\/\/kibrisdakik.com\/index.php?rest_route=%2Fwp%2Fv2%2Fcategories&post=74795"},{"taxonomy":"post_tag","embeddable":true,"href":"https:\/\/kibrisdakik.com\/index.php?rest_route=%2Fwp%2Fv2%2Ftags&post=74795"}],"curies":[{"name":"wp","href":"https:\/\/api.w.org\/{rel}","templated":true}]}}