{"id":74799,"date":"2025-01-31T19:36:19","date_gmt":"2025-01-31T16:36:19","guid":{"rendered":"https:\/\/kibrisdakik.com\/index.php\/2025\/01\/31\/disisleri-bakanligi-bm-baris-gucunun-gorev-suresini-uzatan-karari-kabul-etmiyoruz\/"},"modified":"2025-01-31T19:36:19","modified_gmt":"2025-01-31T16:36:19","slug":"disisleri-bakanligi-bm-baris-gucunun-gorev-suresini-uzatan-karari-kabul-etmiyoruz","status":"publish","type":"post","link":"https:\/\/kibrisdakik.com\/?p=74799","title":{"rendered":"D\u0131\u015fi\u015fleri Bakanl\u0131\u011f\u0131: BM Bar\u0131\u015f G\u00fcc\u00fc\u2019n\u00fcn g\u00f6rev s\u00fcresini uzatan karar\u0131 kabul etmiyoruz"},"content":{"rendered":"<div>\n<div class=\"mariselle-image-container center\">\n                                            <\/div>\n<p>D\u0131\u015fi\u015fleri Bakanl\u0131\u011f\u0131, K\u0131br\u0131s Rum taraf\u0131na gayr\u0131 yasal bir \u015fekilde \u201cdevlet\u201d muamelesi g\u00f6steren Birle\u015fmi\u015f Milletler G\u00fcvenlik Konseyi\u2019nin BM Bar\u0131\u015f G\u00fcc\u00fc\u2019n\u00fcn g\u00f6rev s\u00fcresini uzatan kararlar\u0131n\u0131n KKTC makamlar\u0131nca kabul edilmedi\u011fini a\u00e7\u0131klad\u0131.<\/p>\n<p>Bakanl\u0131k ayr\u0131ca art\u0131k ge\u00e7erlili\u011fini yitirmi\u015f olan \u201ciki toplumlu, iki kesimli federasyon\u201d modeline yap\u0131lan at\u0131flar\u0131n korunmas\u0131 ise talihsiz bir durum olarak nitelendirildi.<\/p>\n<p>D\u0131\u015fi\u015fleri Bakanl\u0131\u011f\u0131 a\u00e7\u0131klamas\u0131nda, \u201cG\u00fcvenlik Konseyi, K\u0131br\u0131s T\u00fcrk taraf\u0131n\u0131n onay\u0131n\u0131 almadan Bar\u0131\u015f G\u00fcc\u00fc\u2019n\u00fcn g\u00f6rev s\u00fcresini uzatarak ayn\u0131 hatay\u0131 tekrar etmi\u015ftir. BMBG\u2019nin g\u00f6rev y\u00f6nergesinin uzat\u0131lmas\u0131na dair s\u00f6zde \u2018K\u0131br\u0131s H\u00fck\u00fcmeti\u2019nden al\u0131nan r\u0131zaya yap\u0131lan at\u0131f kabul edilemezdir. K\u0131br\u0131s T\u00fcrk taraf\u0131n\u0131n iradesini ve varl\u0131\u011f\u0131n\u0131 yok sayan bu yakla\u015f\u0131m\u0131 kesinlikle reddediyoruz.\u201d denildi.<\/p>\n<p>Bakanl\u0131k, K\u0131br\u0131s\u2019ta konu\u015flu Birle\u015fmi\u015f Milletler Bar\u0131\u015f G\u00fcc\u00fc\u2019n\u00fcn (BMBG) g\u00f6rev s\u00fcresinin 31 Ocak 2026 tarihine kadar bir y\u0131l s\u00fcreyle uzat\u0131lmas\u0131na ili\u015fkin 2771 (2025) say\u0131l\u0131 BM G\u00fcvenlik Konseyi karar\u0131n\u0131n bug\u00fcn kabul edilmesiyle ilgili a\u00e7\u0131klama yapt\u0131.<\/p>\n<p>Bar\u0131\u015f G\u00fcc\u00fc\u2019n\u00fcn KKTC s\u0131n\u0131rlar\u0131 i\u00e7inde faaliyet g\u00f6stermesinin en \u00f6nemli nedeninin, KKTC makamlar\u0131n\u0131n al\u0131nan kararlara itirazlar\u0131na ra\u011fmen iyi niyetle i\u015f birli\u011fi yapmas\u0131 oldu\u011funa i\u015faret edilen a\u00e7\u0131klama, \u201cKuzey K\u0131br\u0131s\u2019ta egemenlik, K\u0131br\u0131s T\u00fcrk halk\u0131na ve onun devleti olan Kuzey K\u0131br\u0131s T\u00fcrk Cumhuriyeti\u2019ne aittir. Bar\u0131\u015f G\u00fcc\u00fc\u2019n\u00fcn \u00fclkemizdeki faaliyetlerini yaln\u0131zca me\u015fru bir temele dayand\u0131rarak s\u00fcrd\u00fcrmesi gerekti\u011fini ise bu vesileyle bir kez daha hat\u0131rlatmak isteriz\u201d \u015feklinde devam etti.<\/p>\n<p>BM G\u00fcvenlik Konseyi\u2019nin 4 Mart 1964 tarihli ve 186 say\u0131l\u0131 karar\u0131yla kurulan Bar\u0131\u015f G\u00fcc\u00fc\u2019n\u00fcn K\u0131br\u0131s\u2019taki varl\u0131\u011f\u0131n\u0131n 61. y\u0131la ula\u015ft\u0131\u011f\u0131 ancak Bar\u0131\u015f G\u00fcc\u00fc\u2019n\u00fcn bu s\u00fcre zarf\u0131nda iki tarafa e\u015fit davranma ve anla\u015fmazl\u0131klara adil \u00e7\u00f6z\u00fcm bulma gibi temel g\u00f6revlerini yerine getirememenin yan\u0131 s\u0131ra, s\u00fcrd\u00fcr\u00fclemez olan stat\u00fckonun koruyucusu durumuna geldi\u011fi belirtildi.<\/p>\n<p>A\u00e7\u0131klamada, \u201cNitekim, 15 Ekim 2024 tarihinde ger\u00e7ekle\u015fen gayr\u0131 resmi ak\u015fam yeme\u011fi sonras\u0131nda BM Genel Sekreteri taraf\u0131ndan a\u00e7\u0131k\u00e7a dile getirilmesine ve raporlar\u0131nda belirtilmesine ra\u011fmen, G\u00fcvenlik Konseyi\u2019nin karar\u0131nda iki taraf aras\u0131nda ortak bir zemin bulunmad\u0131\u011f\u0131n\u0131 kayda ge\u00e7irmemesi, Rum taraf\u0131n\u0131n ama\u00e7lar\u0131na hizmet etti\u011finin bir g\u00f6stergesidir\u201d denildi.<\/p>\n<p>-\u201cFederasyon modeline at\u0131flar\u0131n korunmas\u0131 talihsizlik\u201d<\/p>\n<p>D\u0131\u015fi\u015fleri Bakanl\u0131\u011f\u0131 a\u00e7\u0131klamas\u0131nda, art\u0131k ge\u00e7erlili\u011fini yitirmi\u015f olan \u201ciki toplumlu, iki kesimli federasyon\u201d modeline yap\u0131lan at\u0131flar\u0131n korunmas\u0131 ise talihsiz bir durum olarak nitelendirilip, ger\u00e7eklerle ba\u011fda\u015fmayan ve ba\u015far\u0131s\u0131zl\u0131\u011f\u0131 kan\u0131tlanm\u0131\u015f bir modelin dayat\u0131lmas\u0131n\u0131n, K\u0131br\u0131s T\u00fcrk halk\u0131n\u0131n iradesine b\u00fcy\u00fck bir sayg\u0131s\u0131zl\u0131k oldu\u011fu vurguland\u0131.<\/p>\n<p>K\u0131br\u0131s\u2019taki en ger\u00e7ek\u00e7i \u00e7\u00f6z\u00fcm\u00fcn, mevcut iki devletin egemen e\u015fitli\u011fi ve e\u015fit uluslararas\u0131 stat\u00fcs\u00fc temelinde kar\u015f\u0131l\u0131kl\u0131 iyi kom\u015fuluk ili\u015fkileri kurmalar\u0131na dayand\u0131\u011f\u0131na i\u015faret edilerek, \u201cGer\u00e7ekle\u015fmesi \u00f6ng\u00f6r\u00fclen ve garant\u00f6r g\u00fc\u00e7lerin de kat\u0131laca\u011f\u0131 geni\u015fletilmi\u015f gayr\u0131 resmi toplant\u0131 \u00f6ncesinde, Ada\u2019da kal\u0131c\u0131 i\u015fbirli\u011fi ve istikrar\u0131n sa\u011flanabilmesi i\u00e7in BM G\u00fcvenlik Konseyi \u00fcyelerinin, Ada\u2019da iki ayr\u0131 halk ve iki ayr\u0131 Devletin varl\u0131\u011f\u0131n\u0131 kabul etmesi suretiyle yeni bir yakla\u015f\u0131m benimsenmesi elzemdir\u201d denildi.<\/p>\n<p>-\u201c\u0130ki tarafa e\u015fit muamele edilmedi\u201d<\/p>\n<p>Bakanl\u0131k, raporlama d\u00f6neminde Rum polisinin BMBG personeline y\u00f6nelik agresif davran\u0131\u015flar\u0131na ve \u00f6zellikle ara b\u00f6lgede s\u0131k\u0131\u015fan m\u00fcltecilere y\u00f6nelik k\u00f6t\u00fc muamelesine dolayl\u0131 bir \u015fekilde de\u011finilmesi, \u00f6te yandan Rum taraf\u0131n\u0131n bask\u0131lar\u0131 nedeniyle 2023 y\u0131l\u0131nda Pile\u2019de ger\u00e7ekle\u015fen olaya at\u0131fta bulunulmas\u0131n\u0131n iki tarafa e\u015fit muamele edilmedi\u011finin a\u00e7\u0131k bir g\u00f6stergesi oldu\u011fu belirtildi.<\/p>\n<p>D\u0131\u015fi\u015fleri Bakanl\u0131\u011f\u0131 a\u00e7\u0131klamas\u0131 \u015f\u00f6yle devam etti:<\/p>\n<p>\u201cMaalesef s\u00f6z konusu karar, sahadaki son geli\u015fmeleri gerekti\u011fi gibi yans\u0131tmamaktad\u0131r. Rum taraf\u0131n\u0131n son d\u00f6nemlerde Ada\u2019daki ve b\u00f6lgemizdeki hassas dengeleri sarsmak suretiyle sanki bir sava\u015fa haz\u0131rlan\u0131yormu\u015f\u00e7as\u0131na ger\u00e7ekle\u015ftirmekte oldu\u011fu askeri faaliyetleri ve i\u015f birliklerini g\u00f6rmezden gelmekte ve Rum taraf\u0131n\u0131n ara b\u00f6lge ihlallerinin ciddiyetini her zaman oldu\u011fu gibi yans\u0131tmamaktad\u0131r\u201d<\/p>\n<\/p><\/div>\n<p><script async\n                    defer\n                    crossorigin=\"anonymous\"\n                    src=\"https:\/\/connect.facebook.net\/tr_TR\/sdk.js#xfbml=1&#038;version=v3.3\"\n            ><\/script><\/p>\n","protected":false},"excerpt":{"rendered":"<p>D\u0131\u015fi\u015fleri Bakanl\u0131\u011f\u0131, K\u0131br\u0131s Rum taraf\u0131na gayr\u0131 yasal bir \u015fekilde \u201cdevlet\u201d muamelesi g\u00f6steren Birle\u015fmi\u015f Milletler G\u00fcvenlik Konseyi\u2019nin BM Bar\u0131\u015f G\u00fcc\u00fc\u2019n\u00fcn g\u00f6rev s\u00fcresini uzatan kararlar\u0131n\u0131n KKTC makamlar\u0131nca kabul edilmedi\u011fini a\u00e7\u0131klad\u0131. Bakanl\u0131k ayr\u0131ca art\u0131k ge\u00e7erlili\u011fini yitirmi\u015f olan \u201ciki toplumlu, iki kesimli federasyon\u201d modeline yap\u0131lan at\u0131flar\u0131n korunmas\u0131 ise talihsiz bir durum olarak nitelendirildi. D\u0131\u015fi\u015fleri Bakanl\u0131\u011f\u0131 a\u00e7\u0131klamas\u0131nda, \u201cG\u00fcvenlik Konseyi, K\u0131br\u0131s<\/p>\n","protected":false},"author":1,"featured_media":3661,"comment_status":"open","ping_status":"open","sticky":false,"template":"","format":"standard","meta":{"footnotes":""},"categories":[81,101],"tags":[],"class_list":["post-74799","post","type-post","status-publish","format-standard","has-post-thumbnail","hentry","category-kibris","category-manset"],"yoast_head":"<!-- This site is optimized with the Yoast SEO plugin v27.5 - https:\/\/yoast.com\/product\/yoast-seo-wordpress\/ -->\n<title>D\u0131\u015fi\u015fleri Bakanl\u0131\u011f\u0131: BM Bar\u0131\u015f G\u00fcc\u00fc\u2019n\u00fcn g\u00f6rev s\u00fcresini uzatan karar\u0131 kabul etmiyoruz -<\/title>\n<meta name=\"robots\" content=\"index, follow, max-snippet:-1, max-image-preview:large, max-video-preview:-1\" \/>\n<link rel=\"canonical\" href=\"https:\/\/kibrisdakik.com\/?p=74799\" \/>\n<meta property=\"og:locale\" content=\"tr_TR\" \/>\n<meta property=\"og:type\" content=\"article\" \/>\n<meta property=\"og:title\" content=\"D\u0131\u015fi\u015fleri Bakanl\u0131\u011f\u0131: BM Bar\u0131\u015f G\u00fcc\u00fc\u2019n\u00fcn g\u00f6rev s\u00fcresini uzatan karar\u0131 kabul etmiyoruz -\" \/>\n<meta property=\"og:description\" content=\"D\u0131\u015fi\u015fleri Bakanl\u0131\u011f\u0131, K\u0131br\u0131s Rum taraf\u0131na gayr\u0131 yasal bir \u015fekilde \u201cdevlet\u201d muamelesi g\u00f6steren Birle\u015fmi\u015f Milletler G\u00fcvenlik Konseyi\u2019nin BM Bar\u0131\u015f G\u00fcc\u00fc\u2019n\u00fcn g\u00f6rev s\u00fcresini uzatan kararlar\u0131n\u0131n KKTC makamlar\u0131nca kabul edilmedi\u011fini a\u00e7\u0131klad\u0131. Bakanl\u0131k ayr\u0131ca art\u0131k ge\u00e7erlili\u011fini yitirmi\u015f olan \u201ciki toplumlu, iki kesimli federasyon\u201d modeline yap\u0131lan at\u0131flar\u0131n korunmas\u0131 ise talihsiz bir durum olarak nitelendirildi. D\u0131\u015fi\u015fleri Bakanl\u0131\u011f\u0131 a\u00e7\u0131klamas\u0131nda, \u201cG\u00fcvenlik Konseyi, K\u0131br\u0131s\" \/>\n<meta property=\"og:url\" content=\"https:\/\/kibrisdakik.com\/?p=74799\" \/>\n<meta property=\"article:published_time\" content=\"2025-01-31T16:36:19+00:00\" \/>\n<meta property=\"og:image\" content=\"https:\/\/kibrisdakik.com\/wp-content\/uploads\/2023\/03\/disisleri-bakanligi-740x314.jpg\" \/>\n\t<meta property=\"og:image:width\" content=\"851\" \/>\n\t<meta property=\"og:image:height\" content=\"314\" \/>\n\t<meta property=\"og:image:type\" content=\"image\/jpeg\" \/>\n<meta name=\"author\" content=\"admin\" \/>\n<meta name=\"twitter:card\" content=\"summary_large_image\" \/>\n<meta name=\"twitter:label1\" content=\"Yazan:\" \/>\n\t<meta name=\"twitter:data1\" content=\"admin\" \/>\n\t<meta name=\"twitter:label2\" content=\"Tahmini okuma s\u00fcresi\" \/>\n\t<meta name=\"twitter:data2\" content=\"4 dakika\" \/>\n<script type=\"application\/ld+json\" class=\"yoast-schema-graph\">{\"@context\":\"https:\\\/\\\/schema.org\",\"@graph\":[{\"@type\":\"Article\",\"@id\":\"https:\\\/\\\/kibrisdakik.com\\\/?p=74799#article\",\"isPartOf\":{\"@id\":\"https:\\\/\\\/kibrisdakik.com\\\/?p=74799\"},\"author\":{\"name\":\"admin\",\"@id\":\"https:\\\/\\\/kibrisdakik.com\\\/#\\\/schema\\\/person\\\/9cd9d437bbb44f72b73ba127e06d8e79\"},\"headline\":\"D\u0131\u015fi\u015fleri Bakanl\u0131\u011f\u0131: BM Bar\u0131\u015f G\u00fcc\u00fc\u2019n\u00fcn g\u00f6rev s\u00fcresini uzatan karar\u0131 kabul etmiyoruz\",\"datePublished\":\"2025-01-31T16:36:19+00:00\",\"mainEntityOfPage\":{\"@id\":\"https:\\\/\\\/kibrisdakik.com\\\/?p=74799\"},\"wordCount\":805,\"commentCount\":0,\"image\":{\"@id\":\"https:\\\/\\\/kibrisdakik.com\\\/?p=74799#primaryimage\"},\"thumbnailUrl\":\"https:\\\/\\\/kibrisdakik.com\\\/wp-content\\\/uploads\\\/2023\\\/03\\\/disisleri-bakanligi-740x314.jpg\",\"articleSection\":[\"K\u0131br\u0131s\",\"Man\u015fet\"],\"inLanguage\":\"tr\",\"potentialAction\":[{\"@type\":\"CommentAction\",\"name\":\"Comment\",\"target\":[\"https:\\\/\\\/kibrisdakik.com\\\/?p=74799#respond\"]}]},{\"@type\":\"WebPage\",\"@id\":\"https:\\\/\\\/kibrisdakik.com\\\/?p=74799\",\"url\":\"https:\\\/\\\/kibrisdakik.com\\\/?p=74799\",\"name\":\"D\u0131\u015fi\u015fleri Bakanl\u0131\u011f\u0131: BM Bar\u0131\u015f G\u00fcc\u00fc\u2019n\u00fcn g\u00f6rev s\u00fcresini uzatan karar\u0131 kabul etmiyoruz -\",\"isPartOf\":{\"@id\":\"https:\\\/\\\/kibrisdakik.com\\\/#website\"},\"primaryImageOfPage\":{\"@id\":\"https:\\\/\\\/kibrisdakik.com\\\/?p=74799#primaryimage\"},\"image\":{\"@id\":\"https:\\\/\\\/kibrisdakik.com\\\/?p=74799#primaryimage\"},\"thumbnailUrl\":\"https:\\\/\\\/kibrisdakik.com\\\/wp-content\\\/uploads\\\/2023\\\/03\\\/disisleri-bakanligi-740x314.jpg\",\"datePublished\":\"2025-01-31T16:36:19+00:00\",\"author\":{\"@id\":\"https:\\\/\\\/kibrisdakik.com\\\/#\\\/schema\\\/person\\\/9cd9d437bbb44f72b73ba127e06d8e79\"},\"breadcrumb\":{\"@id\":\"https:\\\/\\\/kibrisdakik.com\\\/?p=74799#breadcrumb\"},\"inLanguage\":\"tr\",\"potentialAction\":[{\"@type\":\"ReadAction\",\"target\":[\"https:\\\/\\\/kibrisdakik.com\\\/?p=74799\"]}]},{\"@type\":\"ImageObject\",\"inLanguage\":\"tr\",\"@id\":\"https:\\\/\\\/kibrisdakik.com\\\/?p=74799#primaryimage\",\"url\":\"https:\\\/\\\/kibrisdakik.com\\\/wp-content\\\/uploads\\\/2023\\\/03\\\/disisleri-bakanligi-740x314.jpg\",\"contentUrl\":\"https:\\\/\\\/kibrisdakik.com\\\/wp-content\\\/uploads\\\/2023\\\/03\\\/disisleri-bakanligi-740x314.jpg\",\"width\":851,\"height\":314},{\"@type\":\"BreadcrumbList\",\"@id\":\"https:\\\/\\\/kibrisdakik.com\\\/?p=74799#breadcrumb\",\"itemListElement\":[{\"@type\":\"ListItem\",\"position\":1,\"name\":\"Home\",\"item\":\"https:\\\/\\\/kibrisdakik.com\\\/\"},{\"@type\":\"ListItem\",\"position\":2,\"name\":\"D\u0131\u015fi\u015fleri Bakanl\u0131\u011f\u0131: BM Bar\u0131\u015f G\u00fcc\u00fc\u2019n\u00fcn g\u00f6rev s\u00fcresini uzatan karar\u0131 kabul etmiyoruz\"}]},{\"@type\":\"WebSite\",\"@id\":\"https:\\\/\\\/kibrisdakik.com\\\/#website\",\"url\":\"https:\\\/\\\/kibrisdakik.com\\\/\",\"name\":\"\",\"description\":\"Tam vaktinde haber\",\"potentialAction\":[{\"@type\":\"SearchAction\",\"target\":{\"@type\":\"EntryPoint\",\"urlTemplate\":\"https:\\\/\\\/kibrisdakik.com\\\/?s={search_term_string}\"},\"query-input\":{\"@type\":\"PropertyValueSpecification\",\"valueRequired\":true,\"valueName\":\"search_term_string\"}}],\"inLanguage\":\"tr\"},{\"@type\":\"Person\",\"@id\":\"https:\\\/\\\/kibrisdakik.com\\\/#\\\/schema\\\/person\\\/9cd9d437bbb44f72b73ba127e06d8e79\",\"name\":\"admin\",\"image\":{\"@type\":\"ImageObject\",\"inLanguage\":\"tr\",\"@id\":\"https:\\\/\\\/secure.gravatar.com\\\/avatar\\\/ccc17943b9d660506c869530f897617f7cb1c21a4bf30023f252596d83e1f007?s=96&d=mm&r=g\",\"url\":\"https:\\\/\\\/secure.gravatar.com\\\/avatar\\\/ccc17943b9d660506c869530f897617f7cb1c21a4bf30023f252596d83e1f007?s=96&d=mm&r=g\",\"contentUrl\":\"https:\\\/\\\/secure.gravatar.com\\\/avatar\\\/ccc17943b9d660506c869530f897617f7cb1c21a4bf30023f252596d83e1f007?s=96&d=mm&r=g\",\"caption\":\"admin\"},\"sameAs\":[\"https:\\\/\\\/kibrisdakik.com\"],\"url\":\"https:\\\/\\\/kibrisdakik.com\\\/?author=1\"}]}<\/script>\n<!-- \/ Yoast SEO plugin. -->","yoast_head_json":{"title":"D\u0131\u015fi\u015fleri Bakanl\u0131\u011f\u0131: BM Bar\u0131\u015f G\u00fcc\u00fc\u2019n\u00fcn g\u00f6rev s\u00fcresini uzatan karar\u0131 kabul etmiyoruz -","robots":{"index":"index","follow":"follow","max-snippet":"max-snippet:-1","max-image-preview":"max-image-preview:large","max-video-preview":"max-video-preview:-1"},"canonical":"https:\/\/kibrisdakik.com\/?p=74799","og_locale":"tr_TR","og_type":"article","og_title":"D\u0131\u015fi\u015fleri Bakanl\u0131\u011f\u0131: BM Bar\u0131\u015f G\u00fcc\u00fc\u2019n\u00fcn g\u00f6rev s\u00fcresini uzatan karar\u0131 kabul etmiyoruz -","og_description":"D\u0131\u015fi\u015fleri Bakanl\u0131\u011f\u0131, K\u0131br\u0131s Rum taraf\u0131na gayr\u0131 yasal bir \u015fekilde \u201cdevlet\u201d muamelesi g\u00f6steren Birle\u015fmi\u015f Milletler G\u00fcvenlik Konseyi\u2019nin BM Bar\u0131\u015f G\u00fcc\u00fc\u2019n\u00fcn g\u00f6rev s\u00fcresini uzatan kararlar\u0131n\u0131n KKTC makamlar\u0131nca kabul edilmedi\u011fini a\u00e7\u0131klad\u0131. Bakanl\u0131k ayr\u0131ca art\u0131k ge\u00e7erlili\u011fini yitirmi\u015f olan \u201ciki toplumlu, iki kesimli federasyon\u201d modeline yap\u0131lan at\u0131flar\u0131n korunmas\u0131 ise talihsiz bir durum olarak nitelendirildi. D\u0131\u015fi\u015fleri Bakanl\u0131\u011f\u0131 a\u00e7\u0131klamas\u0131nda, \u201cG\u00fcvenlik Konseyi, K\u0131br\u0131s","og_url":"https:\/\/kibrisdakik.com\/?p=74799","article_published_time":"2025-01-31T16:36:19+00:00","og_image":[{"width":851,"height":314,"url":"https:\/\/kibrisdakik.com\/wp-content\/uploads\/2023\/03\/disisleri-bakanligi-740x314.jpg","type":"image\/jpeg"}],"author":"admin","twitter_card":"summary_large_image","twitter_misc":{"Yazan:":"admin","Tahmini okuma s\u00fcresi":"4 dakika"},"schema":{"@context":"https:\/\/schema.org","@graph":[{"@type":"Article","@id":"https:\/\/kibrisdakik.com\/?p=74799#article","isPartOf":{"@id":"https:\/\/kibrisdakik.com\/?p=74799"},"author":{"name":"admin","@id":"https:\/\/kibrisdakik.com\/#\/schema\/person\/9cd9d437bbb44f72b73ba127e06d8e79"},"headline":"D\u0131\u015fi\u015fleri Bakanl\u0131\u011f\u0131: BM Bar\u0131\u015f G\u00fcc\u00fc\u2019n\u00fcn g\u00f6rev s\u00fcresini uzatan karar\u0131 kabul etmiyoruz","datePublished":"2025-01-31T16:36:19+00:00","mainEntityOfPage":{"@id":"https:\/\/kibrisdakik.com\/?p=74799"},"wordCount":805,"commentCount":0,"image":{"@id":"https:\/\/kibrisdakik.com\/?p=74799#primaryimage"},"thumbnailUrl":"https:\/\/kibrisdakik.com\/wp-content\/uploads\/2023\/03\/disisleri-bakanligi-740x314.jpg","articleSection":["K\u0131br\u0131s","Man\u015fet"],"inLanguage":"tr","potentialAction":[{"@type":"CommentAction","name":"Comment","target":["https:\/\/kibrisdakik.com\/?p=74799#respond"]}]},{"@type":"WebPage","@id":"https:\/\/kibrisdakik.com\/?p=74799","url":"https:\/\/kibrisdakik.com\/?p=74799","name":"D\u0131\u015fi\u015fleri Bakanl\u0131\u011f\u0131: BM Bar\u0131\u015f G\u00fcc\u00fc\u2019n\u00fcn g\u00f6rev s\u00fcresini uzatan karar\u0131 kabul etmiyoruz -","isPartOf":{"@id":"https:\/\/kibrisdakik.com\/#website"},"primaryImageOfPage":{"@id":"https:\/\/kibrisdakik.com\/?p=74799#primaryimage"},"image":{"@id":"https:\/\/kibrisdakik.com\/?p=74799#primaryimage"},"thumbnailUrl":"https:\/\/kibrisdakik.com\/wp-content\/uploads\/2023\/03\/disisleri-bakanligi-740x314.jpg","datePublished":"2025-01-31T16:36:19+00:00","author":{"@id":"https:\/\/kibrisdakik.com\/#\/schema\/person\/9cd9d437bbb44f72b73ba127e06d8e79"},"breadcrumb":{"@id":"https:\/\/kibrisdakik.com\/?p=74799#breadcrumb"},"inLanguage":"tr","potentialAction":[{"@type":"ReadAction","target":["https:\/\/kibrisdakik.com\/?p=74799"]}]},{"@type":"ImageObject","inLanguage":"tr","@id":"https:\/\/kibrisdakik.com\/?p=74799#primaryimage","url":"https:\/\/kibrisdakik.com\/wp-content\/uploads\/2023\/03\/disisleri-bakanligi-740x314.jpg","contentUrl":"https:\/\/kibrisdakik.com\/wp-content\/uploads\/2023\/03\/disisleri-bakanligi-740x314.jpg","width":851,"height":314},{"@type":"BreadcrumbList","@id":"https:\/\/kibrisdakik.com\/?p=74799#breadcrumb","itemListElement":[{"@type":"ListItem","position":1,"name":"Home","item":"https:\/\/kibrisdakik.com\/"},{"@type":"ListItem","position":2,"name":"D\u0131\u015fi\u015fleri Bakanl\u0131\u011f\u0131: BM Bar\u0131\u015f G\u00fcc\u00fc\u2019n\u00fcn g\u00f6rev s\u00fcresini uzatan karar\u0131 kabul etmiyoruz"}]},{"@type":"WebSite","@id":"https:\/\/kibrisdakik.com\/#website","url":"https:\/\/kibrisdakik.com\/","name":"","description":"Tam vaktinde haber","potentialAction":[{"@type":"SearchAction","target":{"@type":"EntryPoint","urlTemplate":"https:\/\/kibrisdakik.com\/?s={search_term_string}"},"query-input":{"@type":"PropertyValueSpecification","valueRequired":true,"valueName":"search_term_string"}}],"inLanguage":"tr"},{"@type":"Person","@id":"https:\/\/kibrisdakik.com\/#\/schema\/person\/9cd9d437bbb44f72b73ba127e06d8e79","name":"admin","image":{"@type":"ImageObject","inLanguage":"tr","@id":"https:\/\/secure.gravatar.com\/avatar\/ccc17943b9d660506c869530f897617f7cb1c21a4bf30023f252596d83e1f007?s=96&d=mm&r=g","url":"https:\/\/secure.gravatar.com\/avatar\/ccc17943b9d660506c869530f897617f7cb1c21a4bf30023f252596d83e1f007?s=96&d=mm&r=g","contentUrl":"https:\/\/secure.gravatar.com\/avatar\/ccc17943b9d660506c869530f897617f7cb1c21a4bf30023f252596d83e1f007?s=96&d=mm&r=g","caption":"admin"},"sameAs":["https:\/\/kibrisdakik.com"],"url":"https:\/\/kibrisdakik.com\/?author=1"}]}},"_links":{"self":[{"href":"https:\/\/kibrisdakik.com\/index.php?rest_route=\/wp\/v2\/posts\/74799","targetHints":{"allow":["GET"]}}],"collection":[{"href":"https:\/\/kibrisdakik.com\/index.php?rest_route=\/wp\/v2\/posts"}],"about":[{"href":"https:\/\/kibrisdakik.com\/index.php?rest_route=\/wp\/v2\/types\/post"}],"author":[{"embeddable":true,"href":"https:\/\/kibrisdakik.com\/index.php?rest_route=\/wp\/v2\/users\/1"}],"replies":[{"embeddable":true,"href":"https:\/\/kibrisdakik.com\/index.php?rest_route=%2Fwp%2Fv2%2Fcomments&post=74799"}],"version-history":[{"count":0,"href":"https:\/\/kibrisdakik.com\/index.php?rest_route=\/wp\/v2\/posts\/74799\/revisions"}],"wp:featuredmedia":[{"embeddable":true,"href":"https:\/\/kibrisdakik.com\/index.php?rest_route=\/wp\/v2\/media\/3661"}],"wp:attachment":[{"href":"https:\/\/kibrisdakik.com\/index.php?rest_route=%2Fwp%2Fv2%2Fmedia&parent=74799"}],"wp:term":[{"taxonomy":"category","embeddable":true,"href":"https:\/\/kibrisdakik.com\/index.php?rest_route=%2Fwp%2Fv2%2Fcategories&post=74799"},{"taxonomy":"post_tag","embeddable":true,"href":"https:\/\/kibrisdakik.com\/index.php?rest_route=%2Fwp%2Fv2%2Ftags&post=74799"}],"curies":[{"name":"wp","href":"https:\/\/api.w.org\/{rel}","templated":true}]}}