{"id":74823,"date":"2025-02-01T13:29:11","date_gmt":"2025-02-01T10:29:11","guid":{"rendered":"https:\/\/kibrisdakik.com\/index.php\/2025\/02\/01\/cumhurbaskanligindan-aciklama-bm-guvenlik-konseyi-statukodan-yana-olan-tavrini-yinelemistir\/"},"modified":"2025-02-01T13:29:11","modified_gmt":"2025-02-01T10:29:11","slug":"cumhurbaskanligindan-aciklama-bm-guvenlik-konseyi-statukodan-yana-olan-tavrini-yinelemistir","status":"publish","type":"post","link":"https:\/\/kibrisdakik.com\/?p=74823","title":{"rendered":"Cumhurba\u015fkanl\u0131\u011f\u0131\u2019ndan a\u00e7\u0131klama \u201cBM G\u00fcvenlik Konseyi stat\u00fckodan yana olan tavr\u0131n\u0131 yinelemi\u015ftir\u201d"},"content":{"rendered":"<div>\n<div class=\"mariselle-image-container center\">\n                                            <\/div>\n<p>Birle\u015fmi\u015f Milletler G\u00fcvenlik Konseyi\u2019nin, K\u0131br\u0131s\u2019taki BM Bar\u0131\u015f G\u00fcc\u00fc\u2019n\u00fcn g\u00f6rev s\u00fcresini bir y\u0131l daha uzatma karar\u0131na hem KKTC\u2019den hem de T\u00fcrkiye Cumhuriyeti\u2019nden tepki geldi. <\/p>\n<p>Konu ile ilgili Cumhurba\u015fkanl\u0131\u011f\u0131ndan yap\u0131lan a\u00e7\u0131klamada Birle\u015fmi\u015f Milletler G\u00fcvenlik Konseyi\u2019nin 31 Ocak 2025 tarihinde ald\u0131\u011f\u0131 kararla s\u00fcrd\u00fcr\u00fclemez dedi\u011fi stat\u00fckonun hamisi oldu\u011funu bir kez daha g\u00f6sterdi\u011fi vurguland\u0131.<\/p>\n<p>A\u00e7\u0131klamada \u201c1963\u2019ten itibaren sarih bir Rum devletine d\u00f6n\u00fc\u015fen \u201cK\u0131br\u0131s Cumhuriyeti\u201dne kararda yap\u0131lan at\u0131flar Devletimizi ba\u011flamamaktad\u0131r. Rum liderli\u011finin, K\u0131br\u0131s Adas\u0131\u2019nda 1974 tarihinde belirlenen kendi s\u0131n\u0131rlar\u0131 d\u0131\u015f\u0131nda fiilen veya yasal olarak otorite ve yetkisi bulunmamaktad\u0131r\u201d denildi.<\/p>\n<\/p><\/div>\n<p><script async\n                    defer\n                    crossorigin=\"anonymous\"\n                    src=\"https:\/\/connect.facebook.net\/tr_TR\/sdk.js#xfbml=1&#038;version=v3.3\"\n            ><\/script><\/p>\n","protected":false},"excerpt":{"rendered":"<p>Birle\u015fmi\u015f Milletler G\u00fcvenlik Konseyi\u2019nin, K\u0131br\u0131s\u2019taki BM Bar\u0131\u015f G\u00fcc\u00fc\u2019n\u00fcn g\u00f6rev s\u00fcresini bir y\u0131l daha uzatma karar\u0131na hem KKTC\u2019den hem de T\u00fcrkiye Cumhuriyeti\u2019nden tepki geldi. Konu ile ilgili Cumhurba\u015fkanl\u0131\u011f\u0131ndan yap\u0131lan a\u00e7\u0131klamada Birle\u015fmi\u015f Milletler G\u00fcvenlik Konseyi\u2019nin 31 Ocak 2025 tarihinde ald\u0131\u011f\u0131 kararla s\u00fcrd\u00fcr\u00fclemez dedi\u011fi stat\u00fckonun hamisi oldu\u011funu bir kez daha g\u00f6sterdi\u011fi vurguland\u0131. A\u00e7\u0131klamada \u201c1963\u2019ten itibaren sarih bir Rum<\/p>\n","protected":false},"author":1,"featured_media":73694,"comment_status":"open","ping_status":"open","sticky":false,"template":"","format":"standard","meta":{"footnotes":""},"categories":[81,101],"tags":[],"class_list":["post-74823","post","type-post","status-publish","format-standard","has-post-thumbnail","hentry","category-kibris","category-manset"],"yoast_head":"<!-- This site is optimized with the Yoast SEO plugin v27.5 - https:\/\/yoast.com\/product\/yoast-seo-wordpress\/ -->\n<title>Cumhurba\u015fkanl\u0131\u011f\u0131\u2019ndan a\u00e7\u0131klama \u201cBM G\u00fcvenlik Konseyi stat\u00fckodan yana olan tavr\u0131n\u0131 yinelemi\u015ftir\u201d -<\/title>\n<meta name=\"robots\" content=\"index, follow, max-snippet:-1, max-image-preview:large, max-video-preview:-1\" \/>\n<link rel=\"canonical\" href=\"https:\/\/kibrisdakik.com\/?p=74823\" \/>\n<meta property=\"og:locale\" content=\"tr_TR\" \/>\n<meta property=\"og:type\" content=\"article\" \/>\n<meta property=\"og:title\" content=\"Cumhurba\u015fkanl\u0131\u011f\u0131\u2019ndan a\u00e7\u0131klama \u201cBM G\u00fcvenlik Konseyi stat\u00fckodan yana olan tavr\u0131n\u0131 yinelemi\u015ftir\u201d -\" \/>\n<meta property=\"og:description\" content=\"Birle\u015fmi\u015f Milletler G\u00fcvenlik Konseyi\u2019nin, K\u0131br\u0131s\u2019taki BM Bar\u0131\u015f G\u00fcc\u00fc\u2019n\u00fcn g\u00f6rev s\u00fcresini bir y\u0131l daha uzatma karar\u0131na hem KKTC\u2019den hem de T\u00fcrkiye Cumhuriyeti\u2019nden tepki geldi. Konu ile ilgili Cumhurba\u015fkanl\u0131\u011f\u0131ndan yap\u0131lan a\u00e7\u0131klamada Birle\u015fmi\u015f Milletler G\u00fcvenlik Konseyi\u2019nin 31 Ocak 2025 tarihinde ald\u0131\u011f\u0131 kararla s\u00fcrd\u00fcr\u00fclemez dedi\u011fi stat\u00fckonun hamisi oldu\u011funu bir kez daha g\u00f6sterdi\u011fi vurguland\u0131. A\u00e7\u0131klamada \u201c1963\u2019ten itibaren sarih bir Rum\" \/>\n<meta property=\"og:url\" content=\"https:\/\/kibrisdakik.com\/?p=74823\" \/>\n<meta property=\"article:published_time\" content=\"2025-02-01T10:29:11+00:00\" \/>\n<meta property=\"og:image\" content=\"https:\/\/kibrisdakik.com\/wp-content\/uploads\/2025\/01\/CUMHURBASKANLIGI-740x400.jpg\" \/>\n\t<meta property=\"og:image:width\" content=\"805\" \/>\n\t<meta property=\"og:image:height\" content=\"400\" \/>\n\t<meta property=\"og:image:type\" content=\"image\/jpeg\" \/>\n<meta name=\"author\" content=\"admin\" \/>\n<meta name=\"twitter:card\" content=\"summary_large_image\" \/>\n<meta name=\"twitter:label1\" content=\"Yazan:\" \/>\n\t<meta name=\"twitter:data1\" content=\"admin\" \/>\n\t<meta name=\"twitter:label2\" content=\"Tahmini okuma s\u00fcresi\" \/>\n\t<meta name=\"twitter:data2\" content=\"1 dakika\" \/>\n<script type=\"application\/ld+json\" class=\"yoast-schema-graph\">{\"@context\":\"https:\\\/\\\/schema.org\",\"@graph\":[{\"@type\":\"Article\",\"@id\":\"https:\\\/\\\/kibrisdakik.com\\\/?p=74823#article\",\"isPartOf\":{\"@id\":\"https:\\\/\\\/kibrisdakik.com\\\/?p=74823\"},\"author\":{\"name\":\"admin\",\"@id\":\"https:\\\/\\\/kibrisdakik.com\\\/#\\\/schema\\\/person\\\/9cd9d437bbb44f72b73ba127e06d8e79\"},\"headline\":\"Cumhurba\u015fkanl\u0131\u011f\u0131\u2019ndan a\u00e7\u0131klama \u201cBM G\u00fcvenlik Konseyi stat\u00fckodan yana olan tavr\u0131n\u0131 yinelemi\u015ftir\u201d\",\"datePublished\":\"2025-02-01T10:29:11+00:00\",\"mainEntityOfPage\":{\"@id\":\"https:\\\/\\\/kibrisdakik.com\\\/?p=74823\"},\"wordCount\":146,\"commentCount\":0,\"image\":{\"@id\":\"https:\\\/\\\/kibrisdakik.com\\\/?p=74823#primaryimage\"},\"thumbnailUrl\":\"https:\\\/\\\/kibrisdakik.com\\\/wp-content\\\/uploads\\\/2025\\\/01\\\/CUMHURBASKANLIGI-740x400.jpg\",\"articleSection\":[\"K\u0131br\u0131s\",\"Man\u015fet\"],\"inLanguage\":\"tr\",\"potentialAction\":[{\"@type\":\"CommentAction\",\"name\":\"Comment\",\"target\":[\"https:\\\/\\\/kibrisdakik.com\\\/?p=74823#respond\"]}]},{\"@type\":\"WebPage\",\"@id\":\"https:\\\/\\\/kibrisdakik.com\\\/?p=74823\",\"url\":\"https:\\\/\\\/kibrisdakik.com\\\/?p=74823\",\"name\":\"Cumhurba\u015fkanl\u0131\u011f\u0131\u2019ndan a\u00e7\u0131klama \u201cBM G\u00fcvenlik Konseyi stat\u00fckodan yana olan tavr\u0131n\u0131 yinelemi\u015ftir\u201d -\",\"isPartOf\":{\"@id\":\"https:\\\/\\\/kibrisdakik.com\\\/#website\"},\"primaryImageOfPage\":{\"@id\":\"https:\\\/\\\/kibrisdakik.com\\\/?p=74823#primaryimage\"},\"image\":{\"@id\":\"https:\\\/\\\/kibrisdakik.com\\\/?p=74823#primaryimage\"},\"thumbnailUrl\":\"https:\\\/\\\/kibrisdakik.com\\\/wp-content\\\/uploads\\\/2025\\\/01\\\/CUMHURBASKANLIGI-740x400.jpg\",\"datePublished\":\"2025-02-01T10:29:11+00:00\",\"author\":{\"@id\":\"https:\\\/\\\/kibrisdakik.com\\\/#\\\/schema\\\/person\\\/9cd9d437bbb44f72b73ba127e06d8e79\"},\"breadcrumb\":{\"@id\":\"https:\\\/\\\/kibrisdakik.com\\\/?p=74823#breadcrumb\"},\"inLanguage\":\"tr\",\"potentialAction\":[{\"@type\":\"ReadAction\",\"target\":[\"https:\\\/\\\/kibrisdakik.com\\\/?p=74823\"]}]},{\"@type\":\"ImageObject\",\"inLanguage\":\"tr\",\"@id\":\"https:\\\/\\\/kibrisdakik.com\\\/?p=74823#primaryimage\",\"url\":\"https:\\\/\\\/kibrisdakik.com\\\/wp-content\\\/uploads\\\/2025\\\/01\\\/CUMHURBASKANLIGI-740x400.jpg\",\"contentUrl\":\"https:\\\/\\\/kibrisdakik.com\\\/wp-content\\\/uploads\\\/2025\\\/01\\\/CUMHURBASKANLIGI-740x400.jpg\",\"width\":805,\"height\":400},{\"@type\":\"BreadcrumbList\",\"@id\":\"https:\\\/\\\/kibrisdakik.com\\\/?p=74823#breadcrumb\",\"itemListElement\":[{\"@type\":\"ListItem\",\"position\":1,\"name\":\"Home\",\"item\":\"https:\\\/\\\/kibrisdakik.com\\\/\"},{\"@type\":\"ListItem\",\"position\":2,\"name\":\"Cumhurba\u015fkanl\u0131\u011f\u0131\u2019ndan a\u00e7\u0131klama \u201cBM G\u00fcvenlik Konseyi stat\u00fckodan yana olan tavr\u0131n\u0131 yinelemi\u015ftir\u201d\"}]},{\"@type\":\"WebSite\",\"@id\":\"https:\\\/\\\/kibrisdakik.com\\\/#website\",\"url\":\"https:\\\/\\\/kibrisdakik.com\\\/\",\"name\":\"\",\"description\":\"Tam vaktinde haber\",\"potentialAction\":[{\"@type\":\"SearchAction\",\"target\":{\"@type\":\"EntryPoint\",\"urlTemplate\":\"https:\\\/\\\/kibrisdakik.com\\\/?s={search_term_string}\"},\"query-input\":{\"@type\":\"PropertyValueSpecification\",\"valueRequired\":true,\"valueName\":\"search_term_string\"}}],\"inLanguage\":\"tr\"},{\"@type\":\"Person\",\"@id\":\"https:\\\/\\\/kibrisdakik.com\\\/#\\\/schema\\\/person\\\/9cd9d437bbb44f72b73ba127e06d8e79\",\"name\":\"admin\",\"image\":{\"@type\":\"ImageObject\",\"inLanguage\":\"tr\",\"@id\":\"https:\\\/\\\/secure.gravatar.com\\\/avatar\\\/ccc17943b9d660506c869530f897617f7cb1c21a4bf30023f252596d83e1f007?s=96&d=mm&r=g\",\"url\":\"https:\\\/\\\/secure.gravatar.com\\\/avatar\\\/ccc17943b9d660506c869530f897617f7cb1c21a4bf30023f252596d83e1f007?s=96&d=mm&r=g\",\"contentUrl\":\"https:\\\/\\\/secure.gravatar.com\\\/avatar\\\/ccc17943b9d660506c869530f897617f7cb1c21a4bf30023f252596d83e1f007?s=96&d=mm&r=g\",\"caption\":\"admin\"},\"sameAs\":[\"https:\\\/\\\/kibrisdakik.com\"],\"url\":\"https:\\\/\\\/kibrisdakik.com\\\/?author=1\"}]}<\/script>\n<!-- \/ Yoast SEO plugin. -->","yoast_head_json":{"title":"Cumhurba\u015fkanl\u0131\u011f\u0131\u2019ndan a\u00e7\u0131klama \u201cBM G\u00fcvenlik Konseyi stat\u00fckodan yana olan tavr\u0131n\u0131 yinelemi\u015ftir\u201d -","robots":{"index":"index","follow":"follow","max-snippet":"max-snippet:-1","max-image-preview":"max-image-preview:large","max-video-preview":"max-video-preview:-1"},"canonical":"https:\/\/kibrisdakik.com\/?p=74823","og_locale":"tr_TR","og_type":"article","og_title":"Cumhurba\u015fkanl\u0131\u011f\u0131\u2019ndan a\u00e7\u0131klama \u201cBM G\u00fcvenlik Konseyi stat\u00fckodan yana olan tavr\u0131n\u0131 yinelemi\u015ftir\u201d -","og_description":"Birle\u015fmi\u015f Milletler G\u00fcvenlik Konseyi\u2019nin, K\u0131br\u0131s\u2019taki BM Bar\u0131\u015f G\u00fcc\u00fc\u2019n\u00fcn g\u00f6rev s\u00fcresini bir y\u0131l daha uzatma karar\u0131na hem KKTC\u2019den hem de T\u00fcrkiye Cumhuriyeti\u2019nden tepki geldi. Konu ile ilgili Cumhurba\u015fkanl\u0131\u011f\u0131ndan yap\u0131lan a\u00e7\u0131klamada Birle\u015fmi\u015f Milletler G\u00fcvenlik Konseyi\u2019nin 31 Ocak 2025 tarihinde ald\u0131\u011f\u0131 kararla s\u00fcrd\u00fcr\u00fclemez dedi\u011fi stat\u00fckonun hamisi oldu\u011funu bir kez daha g\u00f6sterdi\u011fi vurguland\u0131. A\u00e7\u0131klamada \u201c1963\u2019ten itibaren sarih bir Rum","og_url":"https:\/\/kibrisdakik.com\/?p=74823","article_published_time":"2025-02-01T10:29:11+00:00","og_image":[{"width":805,"height":400,"url":"https:\/\/kibrisdakik.com\/wp-content\/uploads\/2025\/01\/CUMHURBASKANLIGI-740x400.jpg","type":"image\/jpeg"}],"author":"admin","twitter_card":"summary_large_image","twitter_misc":{"Yazan:":"admin","Tahmini okuma s\u00fcresi":"1 dakika"},"schema":{"@context":"https:\/\/schema.org","@graph":[{"@type":"Article","@id":"https:\/\/kibrisdakik.com\/?p=74823#article","isPartOf":{"@id":"https:\/\/kibrisdakik.com\/?p=74823"},"author":{"name":"admin","@id":"https:\/\/kibrisdakik.com\/#\/schema\/person\/9cd9d437bbb44f72b73ba127e06d8e79"},"headline":"Cumhurba\u015fkanl\u0131\u011f\u0131\u2019ndan a\u00e7\u0131klama \u201cBM G\u00fcvenlik Konseyi stat\u00fckodan yana olan tavr\u0131n\u0131 yinelemi\u015ftir\u201d","datePublished":"2025-02-01T10:29:11+00:00","mainEntityOfPage":{"@id":"https:\/\/kibrisdakik.com\/?p=74823"},"wordCount":146,"commentCount":0,"image":{"@id":"https:\/\/kibrisdakik.com\/?p=74823#primaryimage"},"thumbnailUrl":"https:\/\/kibrisdakik.com\/wp-content\/uploads\/2025\/01\/CUMHURBASKANLIGI-740x400.jpg","articleSection":["K\u0131br\u0131s","Man\u015fet"],"inLanguage":"tr","potentialAction":[{"@type":"CommentAction","name":"Comment","target":["https:\/\/kibrisdakik.com\/?p=74823#respond"]}]},{"@type":"WebPage","@id":"https:\/\/kibrisdakik.com\/?p=74823","url":"https:\/\/kibrisdakik.com\/?p=74823","name":"Cumhurba\u015fkanl\u0131\u011f\u0131\u2019ndan a\u00e7\u0131klama \u201cBM G\u00fcvenlik Konseyi stat\u00fckodan yana olan tavr\u0131n\u0131 yinelemi\u015ftir\u201d -","isPartOf":{"@id":"https:\/\/kibrisdakik.com\/#website"},"primaryImageOfPage":{"@id":"https:\/\/kibrisdakik.com\/?p=74823#primaryimage"},"image":{"@id":"https:\/\/kibrisdakik.com\/?p=74823#primaryimage"},"thumbnailUrl":"https:\/\/kibrisdakik.com\/wp-content\/uploads\/2025\/01\/CUMHURBASKANLIGI-740x400.jpg","datePublished":"2025-02-01T10:29:11+00:00","author":{"@id":"https:\/\/kibrisdakik.com\/#\/schema\/person\/9cd9d437bbb44f72b73ba127e06d8e79"},"breadcrumb":{"@id":"https:\/\/kibrisdakik.com\/?p=74823#breadcrumb"},"inLanguage":"tr","potentialAction":[{"@type":"ReadAction","target":["https:\/\/kibrisdakik.com\/?p=74823"]}]},{"@type":"ImageObject","inLanguage":"tr","@id":"https:\/\/kibrisdakik.com\/?p=74823#primaryimage","url":"https:\/\/kibrisdakik.com\/wp-content\/uploads\/2025\/01\/CUMHURBASKANLIGI-740x400.jpg","contentUrl":"https:\/\/kibrisdakik.com\/wp-content\/uploads\/2025\/01\/CUMHURBASKANLIGI-740x400.jpg","width":805,"height":400},{"@type":"BreadcrumbList","@id":"https:\/\/kibrisdakik.com\/?p=74823#breadcrumb","itemListElement":[{"@type":"ListItem","position":1,"name":"Home","item":"https:\/\/kibrisdakik.com\/"},{"@type":"ListItem","position":2,"name":"Cumhurba\u015fkanl\u0131\u011f\u0131\u2019ndan a\u00e7\u0131klama \u201cBM G\u00fcvenlik Konseyi stat\u00fckodan yana olan tavr\u0131n\u0131 yinelemi\u015ftir\u201d"}]},{"@type":"WebSite","@id":"https:\/\/kibrisdakik.com\/#website","url":"https:\/\/kibrisdakik.com\/","name":"","description":"Tam vaktinde haber","potentialAction":[{"@type":"SearchAction","target":{"@type":"EntryPoint","urlTemplate":"https:\/\/kibrisdakik.com\/?s={search_term_string}"},"query-input":{"@type":"PropertyValueSpecification","valueRequired":true,"valueName":"search_term_string"}}],"inLanguage":"tr"},{"@type":"Person","@id":"https:\/\/kibrisdakik.com\/#\/schema\/person\/9cd9d437bbb44f72b73ba127e06d8e79","name":"admin","image":{"@type":"ImageObject","inLanguage":"tr","@id":"https:\/\/secure.gravatar.com\/avatar\/ccc17943b9d660506c869530f897617f7cb1c21a4bf30023f252596d83e1f007?s=96&d=mm&r=g","url":"https:\/\/secure.gravatar.com\/avatar\/ccc17943b9d660506c869530f897617f7cb1c21a4bf30023f252596d83e1f007?s=96&d=mm&r=g","contentUrl":"https:\/\/secure.gravatar.com\/avatar\/ccc17943b9d660506c869530f897617f7cb1c21a4bf30023f252596d83e1f007?s=96&d=mm&r=g","caption":"admin"},"sameAs":["https:\/\/kibrisdakik.com"],"url":"https:\/\/kibrisdakik.com\/?author=1"}]}},"_links":{"self":[{"href":"https:\/\/kibrisdakik.com\/index.php?rest_route=\/wp\/v2\/posts\/74823","targetHints":{"allow":["GET"]}}],"collection":[{"href":"https:\/\/kibrisdakik.com\/index.php?rest_route=\/wp\/v2\/posts"}],"about":[{"href":"https:\/\/kibrisdakik.com\/index.php?rest_route=\/wp\/v2\/types\/post"}],"author":[{"embeddable":true,"href":"https:\/\/kibrisdakik.com\/index.php?rest_route=\/wp\/v2\/users\/1"}],"replies":[{"embeddable":true,"href":"https:\/\/kibrisdakik.com\/index.php?rest_route=%2Fwp%2Fv2%2Fcomments&post=74823"}],"version-history":[{"count":0,"href":"https:\/\/kibrisdakik.com\/index.php?rest_route=\/wp\/v2\/posts\/74823\/revisions"}],"wp:featuredmedia":[{"embeddable":true,"href":"https:\/\/kibrisdakik.com\/index.php?rest_route=\/wp\/v2\/media\/73694"}],"wp:attachment":[{"href":"https:\/\/kibrisdakik.com\/index.php?rest_route=%2Fwp%2Fv2%2Fmedia&parent=74823"}],"wp:term":[{"taxonomy":"category","embeddable":true,"href":"https:\/\/kibrisdakik.com\/index.php?rest_route=%2Fwp%2Fv2%2Fcategories&post=74823"},{"taxonomy":"post_tag","embeddable":true,"href":"https:\/\/kibrisdakik.com\/index.php?rest_route=%2Fwp%2Fv2%2Ftags&post=74823"}],"curies":[{"name":"wp","href":"https:\/\/api.w.org\/{rel}","templated":true}]}}