{"id":74831,"date":"2025-02-01T16:07:49","date_gmt":"2025-02-01T13:07:49","guid":{"rendered":"https:\/\/kibrisdakik.com\/index.php\/2025\/02\/01\/basbakan-ustel-ve-bakanlar-yapimina-baslanan-girne-catalkoy-yolundaki-calismalari-yerinde-inceledi-ustel-izdirap-haline-gelen-bu-yola-nihayet-noktayi-koyuyoruz\/"},"modified":"2025-02-01T16:07:49","modified_gmt":"2025-02-01T13:07:49","slug":"basbakan-ustel-ve-bakanlar-yapimina-baslanan-girne-catalkoy-yolundaki-calismalari-yerinde-inceledi-ustel-izdirap-haline-gelen-bu-yola-nihayet-noktayi-koyuyoruz","status":"publish","type":"post","link":"https:\/\/kibrisdakik.com\/?p=74831","title":{"rendered":"Ba\u015fbakan \u00dcstel ve bakanlar, yap\u0131m\u0131na ba\u015flanan Girne \u2013 \u00c7atalk\u00f6y yolundaki \u00e7al\u0131\u015fmalar\u0131 yerinde inceledi\u2026 \u00dcstel: \u201cIzd\u0131rap haline gelen bu yola nihayet noktay\u0131 koyuyoruz\u201d"},"content":{"rendered":"<div>\n<div class=\"mariselle-image-container center\">\n                                            <\/div>\n<p>\nBa\u015fbakan \u00dcnal \u00dcstel, d\u00fcn yap\u0131m\u0131na ba\u015flanan ve yolu \u00e7ift gidi\u015f-geli\u015f haline getirecek olan Girne \u2013 \u00c7atalk\u00f6y Yol Geni\u015fletme Projesi\u2019ni bu sabah yerinde inceledi. \u00dcstel, Girne-\u00c7atalk\u00f6y yol \u00e7al\u0131\u015fmas\u0131nda \u0131zd\u0131rap halen gelen sorunu \u00e7\u00f6zmek i\u00e7in noktay\u0131 koymak \u00fczere olduklar\u0131n\u0131 vurgulad\u0131.<\/p>\n<p>\u00dcstel\u2019e ziyaretinde Bay\u0131nd\u0131rl\u0131k ve Ula\u015ft\u0131rma Bakan\u0131 Erhan Ar\u0131kl\u0131, Maliye Bakan\u0131 \u00d6zdemir Berova ve \u00c7atalk\u00f6y \u2013 Esentepe Belediye Ba\u015fkan\u0131 Ceyhun K\u0131rok e\u015flik etti. Uzun s\u00fcredir istimlak sorunundan dolay\u0131 yap\u0131m\u0131na bir t\u00fcrl\u00fc ba\u015flanamayan ve vatanda\u015flar\u0131n trafikte zaman kaybetmesine sebep olan yol, proje tamamland\u0131ktan sonra \u00e7ift \u015ferit (\u00e7ift gidi\u015f-geli\u015f) olacak.<\/p>\n<div class=\"mariselle-image-container center\">\n                <img loading=\"lazy\" decoding=\"async\" width=\"2560\" height=\"1709\" class=\"lazy-image\" alt=\"\" sizes=\"auto, (max-width: 2560px) 100vw, 2560px\" src=\"https:\/\/brtk.net\/wp-content\/uploads\/2025\/02\/01\/1738406866711GIRNE-CATALKOY-YOLU-TIM-5-scaled.jpg?ver=cc00c932f0d933502c4adbd20eeb421d\" srcset=\"https:\/\/brtk.net\/wp-content\/uploads\/2025\/02\/01\/1738406866711GIRNE-CATALKOY-YOLU-TIM-5-scaled.jpg?ver=cc00c932f0d933502c4adbd20eeb421d 2560w, https:\/\/brtk.net\/wp-content\/uploads\/2025\/02\/01\/1738406866711GIRNE-CATALKOY-YOLU-TIM-5-300x200.jpg?ver=cc00c932f0d933502c4adbd20eeb421d 300w, https:\/\/brtk.net\/wp-content\/uploads\/2025\/02\/01\/1738406866711GIRNE-CATALKOY-YOLU-TIM-5-1024x684.jpg?ver=70ef29c663c8faed605da04d2588a135 1024w, https:\/\/brtk.net\/wp-content\/uploads\/2025\/02\/01\/1738406866711GIRNE-CATALKOY-YOLU-TIM-5-768x513.jpg?ver=da9dd5d4d0a870ca2c563752d3ae7c81 768w, https:\/\/brtk.net\/wp-content\/uploads\/2025\/02\/01\/1738406866711GIRNE-CATALKOY-YOLU-TIM-5-1536x1025.jpg?ver=98a82cd3caed3a1213a4f7d382e8d088 1536w, https:\/\/brtk.net\/wp-content\/uploads\/2025\/02\/01\/1738406866711GIRNE-CATALKOY-YOLU-TIM-5-2048x1367.jpg?ver=057f125175ce75e7238383596ac6e199 2048w\"\/>                            <\/div>\n<p>Girne \u2013 \u00c7atalk\u00f6y yolunun \u00e7ift \u015ferit haline getirilme projesi \u00e7al\u0131\u015fmalar\u0131n\u0131 yerinde inceleyen Ba\u015fbakan \u00dcnal \u00dcstel, \u201cyine verdikleri s\u00f6z\u00fc tuttuklar\u0131 bir g\u00fcne ba\u015flad\u0131klar\u0131n\u0131\u201d s\u00f6yledi. H\u00fck\u00fcmete geldikleri g\u00fcn \u201c\u00f6nceliklerinin ge\u00e7mi\u015ften kalan yar\u0131m projeleri tamamlamak\u201d oldu\u011funu kaydettiklerini, bunu hedef olarak koyduklar\u0131n\u0131 belirten \u00dcstel, \u201cD\u00fcn ba\u015flayan ve s\u00fcratli bir \u015fekilde devam edecek olan Girne \u2013 \u00c7atalk\u00f6y ve Da\u011fyolu b\u00f6lgesindeki \u00e7al\u0131\u015fmalar resmen start ald\u0131\u201d dedi. 2025 y\u0131l\u0131n\u0131n ba\u015flamas\u0131yla birlikte b\u00fct\u00e7enin de a\u00e7\u0131ld\u0131\u011f\u0131n\u0131 dile getiren \u00dcstel, projenin bu \u015fekilde ba\u015flad\u0131\u011f\u0131n\u0131 vurgulad\u0131.<\/p>\n<p>14 y\u0131ldan beridir istimlak ve altyap\u0131 sorunlar\u0131 gerek\u00e7esiyle bu projenin bekletildi\u011fini kaydeden \u00dcstel, \u201cIzd\u0131rap haline gelen bu yola nihayet noktay\u0131 koyuyoruz\u201d dedi. Projenin ba\u015flat\u0131l\u0131p yolun \u00e7ift \u015ferit haline getirilmesi i\u00e7in istimlak edilen yerlerde duvarlar\u0131n y\u0131k\u0131ld\u0131\u011f\u0131n\u0131 belirten Ba\u015fbakan \u00dcnal \u00dcstel, \u00c7atalk\u00f6y \u2013 Esentepe Belediye Ba\u015fkan\u0131 Ceyhun K\u0131rok\u2019la da isti\u015fare ederek bu y\u0131k\u0131lan duvarlar\u0131n yerine yenisini yapacaklar\u0131n\u0131 a\u00e7\u0131klad\u0131.<\/p>\n<p>Projenin tamamlanmas\u0131n\u0131n ard\u0131ndan \u00c7atalk\u00f6y \u2013 Girne yolunu Ozank\u00f6y i\u00e7erisinden de ge\u00e7irerek yeni yap\u0131lacak olan Lefko\u015fa \u2013 Girne anayoluna ba\u011flayacaklar\u0131n\u0131 ve trafi\u011fi daha da rahatlatacaklar\u0131n\u0131 dile getiren \u00dcstel, \u201cHalk\u0131m\u0131z\u0131n daha g\u00fcvenli yollarda seyahat etmesi ve trafik kazalar\u0131n\u0131 asgariye indirmek i\u00e7in biz h\u00fck\u00fcmet olarak \u00fczerimize ne d\u00fc\u015ferse yapaca\u011f\u0131z. Polis te\u015fkilat\u0131m\u0131z\u0131n trafikte daha s\u0131k\u0131 denetimler yapmas\u0131 i\u00e7in eksik olan ara\u00e7lar\u0131n\u0131, aletlerini 2025 y\u0131l\u0131 i\u00e7erisinde giderece\u011fiz\u201d dedi. <\/p>\n<p>\u00dcstel, istimlak i\u00e7in mallar\u0131ndan feragat eden b\u00f6lge sakinlerine de te\u015fekk\u00fcr ederek \u201cB\u00fcy\u00fck fedakarl\u0131k yapt\u0131lar. Uzun s\u00fcredir bekleyen istimlak problemlerini, kendileriyle isti\u015fare ettikten sonra bu konu \u00e7\u00f6z\u00fcld\u00fc. \u00dclkemize hay\u0131rl\u0131 ve u\u011furlu olsun\u201d ifadelerini kulland\u0131.<\/p>\n<div class=\"mariselle-image-container center\">\n                <img loading=\"lazy\" decoding=\"async\" width=\"2560\" height=\"1709\" class=\"lazy-image\" alt=\"\" sizes=\"auto, (max-width: 2560px) 100vw, 2560px\" src=\"https:\/\/brtk.net\/wp-content\/uploads\/2025\/02\/01\/1738406866711GIRNE-CATALKOY-YOLU-TIM-4-scaled.jpg?ver=839b77c23891fad2cbaecfec60df6a6b\" srcset=\"https:\/\/brtk.net\/wp-content\/uploads\/2025\/02\/01\/1738406866711GIRNE-CATALKOY-YOLU-TIM-4-scaled.jpg?ver=839b77c23891fad2cbaecfec60df6a6b 2560w, https:\/\/brtk.net\/wp-content\/uploads\/2025\/02\/01\/1738406866711GIRNE-CATALKOY-YOLU-TIM-4-300x200.jpg?ver=839b77c23891fad2cbaecfec60df6a6b 300w, https:\/\/brtk.net\/wp-content\/uploads\/2025\/02\/01\/1738406866711GIRNE-CATALKOY-YOLU-TIM-4-1024x684.jpg?ver=cb3d4a260473bb544134fadc7e179d1c 1024w, https:\/\/brtk.net\/wp-content\/uploads\/2025\/02\/01\/1738406866711GIRNE-CATALKOY-YOLU-TIM-4-768x513.jpg?ver=ba9acab45e1931e9b5af2d5a91733027 768w, https:\/\/brtk.net\/wp-content\/uploads\/2025\/02\/01\/1738406866711GIRNE-CATALKOY-YOLU-TIM-4-1536x1025.jpg?ver=77f38a162b6dee427de545279cbb9814 1536w, https:\/\/brtk.net\/wp-content\/uploads\/2025\/02\/01\/1738406866711GIRNE-CATALKOY-YOLU-TIM-4-2048x1367.jpg?ver=32faff19ecd5aa21be4f3ca0bbb20325 2048w\"\/>                            <\/div>\n<p>Bay\u0131nd\u0131rl\u0131k ve Ula\u015ft\u0131rma Bakan\u0131 Erhan Ar\u0131kl\u0131 da Girne \u2013 \u00c7atalk\u00f6y yolu projesinde en \u00f6nemli a\u015famalardan birisine geldiklerini a\u00e7\u0131klad\u0131. Bug\u00fcn iki tane istimlak problemini, mal sahiplerinin fedakarl\u0131\u011f\u0131 ve anlay\u0131\u015f\u0131, \u00c7atalk\u00f6y \u2013 Esentepe Belediye Ba\u015fkan\u0131 Ceyhun K\u0131rok\u2019un da giri\u015fimleriyle a\u015ft\u0131klar\u0131n\u0131 ifade eden Ar\u0131kl\u0131, \u201c\u0130n\u015fallah di\u011fer yollarda istimlak problemi \u00e7\u0131kar\u0131p da \u00e7al\u0131\u015fmalar\u0131 durduranlara bir \u00f6rnek olur\u201d dedi.<\/p>\n<p>Bu \u00e7al\u0131\u015fman\u0131n \u00f6nemli bir \u00e7al\u0131\u015fma olaca\u011f\u0131n\u0131 ve trafi\u011fi b\u00fcy\u00fck \u00f6l\u00e7\u00fcde rahatlataca\u011f\u0131n\u0131 aktaran Ar\u0131kl\u0131, \u201cGer\u00e7ekten g\u00f6r\u00fcld\u00fc\u011f\u00fc gibi i\u015fkence haline gelmi\u015f bir yol buras\u0131. Bir saate ula\u015fan zaman s\u0131k\u0131nt\u0131s\u0131yla ula\u015f\u0131m sa\u011flanmaya \u00e7al\u0131\u015f\u0131l\u0131yor. \u0130nsanlar ciddi \u015fekilde ekonomik ve psikolojik olarak y\u0131pran\u0131yor. Zaman \u00e7ok \u00f6nemli. Bu \u00e7al\u0131\u015fma, yerel idare ve merkezi h\u00fck\u00fcmetin ortak hareket etmesinin bir \u00fcr\u00fcnd\u00fcr. Eme\u011fi ge\u00e7enlere te\u015fekk\u00fcr ederim\u201d dedi.<\/p>\n<div class=\"mariselle-image-container center\">\n                <img loading=\"lazy\" decoding=\"async\" width=\"2560\" height=\"1709\" class=\"lazy-image\" alt=\"\" sizes=\"auto, (max-width: 2560px) 100vw, 2560px\" src=\"https:\/\/brtk.net\/wp-content\/uploads\/2025\/02\/01\/1738406866712GIRNE-CATALKOY-YOLU-TIM-6-scaled.jpg?ver=9eb02f92514ca856e8e8d892a1bce2a6\" srcset=\"https:\/\/brtk.net\/wp-content\/uploads\/2025\/02\/01\/1738406866712GIRNE-CATALKOY-YOLU-TIM-6-scaled.jpg?ver=9eb02f92514ca856e8e8d892a1bce2a6 2560w, https:\/\/brtk.net\/wp-content\/uploads\/2025\/02\/01\/1738406866712GIRNE-CATALKOY-YOLU-TIM-6-300x200.jpg?ver=9eb02f92514ca856e8e8d892a1bce2a6 300w, https:\/\/brtk.net\/wp-content\/uploads\/2025\/02\/01\/1738406866712GIRNE-CATALKOY-YOLU-TIM-6-1024x684.jpg?ver=b4c48d145e216f5bb81b4559d53b06ca 1024w, https:\/\/brtk.net\/wp-content\/uploads\/2025\/02\/01\/1738406866712GIRNE-CATALKOY-YOLU-TIM-6-768x513.jpg?ver=295a97c213c7fbffe76a3644173c3079 768w, https:\/\/brtk.net\/wp-content\/uploads\/2025\/02\/01\/1738406866712GIRNE-CATALKOY-YOLU-TIM-6-1536x1025.jpg?ver=a5b86fa5a5916ba4e368846772291c87 1536w, https:\/\/brtk.net\/wp-content\/uploads\/2025\/02\/01\/1738406866712GIRNE-CATALKOY-YOLU-TIM-6-2048x1367.jpg?ver=7b4eae8f29a23c60a830505e3786d41e 2048w\"\/>                            <\/div>\n<p>\u00c7atalk\u00f6y \u2013 Esentepe Belediye Ba\u015fkan\u0131 Ceyhun K\u0131rok da, uzun y\u0131llard\u0131r yap\u0131m\u0131na ba\u015flan\u0131laca\u011f\u0131 konu\u015fulan Girne \u2013 \u00c7atalk\u00f6y yolunun \u00e7ift \u015ferit projesiyle do\u011fu \u00e7evre yolunun \u00e7al\u0131\u015fmalar\u0131n\u0131n d\u00fcn itibariyle ba\u015flad\u0131\u011f\u0131n\u0131 a\u00e7\u0131klad\u0131. Daha \u00f6nce bunu Ba\u015fbakan, Ula\u015ft\u0131rma Bakan\u0131 ve Karayollar\u0131 Dairesi M\u00fcd\u00fcr\u00fc ile duyurduklar\u0131n\u0131 dile getiren K\u0131rok, \u201cBen burada b\u00f6lge halk\u0131m\u0131za ve yol \u00fczerindeki esnaf\u0131m\u0131za \u00e7ok te\u015fekk\u00fcr ederim. Ma\u011fduriyetlerini gidermek i\u00e7in verdi\u011fimiz s\u00f6zleri yerine getirece\u011fimizden hi\u00e7 kimsenin \u015f\u00fcphesi olmas\u0131n\u201d dedi. Hem g\u00fcvenlik hem de ula\u015f\u0131m\u0131n s\u00fcratlenmesi a\u00e7\u0131s\u0131ndan bu yolun bir an \u00f6nce yap\u0131lmas\u0131 gerekti\u011fini ifade eden K\u0131rok, \u201cBen tekrardan Ba\u015fbakan\u0131m\u0131za, Ula\u015ft\u0131rma Bakan\u0131m\u0131za, Maliye Bakan\u0131m\u0131za ve di\u011fer bakanlar\u0131m\u0131za te\u015fekk\u00fcr ederim\u201d diye konu\u015ftu.<\/p>\n<\/p><\/div>\n<p><script async\n                    defer\n                    crossorigin=\"anonymous\"\n                    src=\"https:\/\/connect.facebook.net\/tr_TR\/sdk.js#xfbml=1&#038;version=v3.3\"\n            ><\/script><\/p>\n","protected":false},"excerpt":{"rendered":"<p>Ba\u015fbakan \u00dcnal \u00dcstel, d\u00fcn yap\u0131m\u0131na ba\u015flanan ve yolu \u00e7ift gidi\u015f-geli\u015f haline getirecek olan Girne \u2013 \u00c7atalk\u00f6y Yol Geni\u015fletme Projesi\u2019ni bu sabah yerinde inceledi. \u00dcstel, Girne-\u00c7atalk\u00f6y yol \u00e7al\u0131\u015fmas\u0131nda \u0131zd\u0131rap halen gelen sorunu \u00e7\u00f6zmek i\u00e7in noktay\u0131 koymak \u00fczere olduklar\u0131n\u0131 vurgulad\u0131. \u00dcstel\u2019e ziyaretinde Bay\u0131nd\u0131rl\u0131k ve Ula\u015ft\u0131rma Bakan\u0131 Erhan Ar\u0131kl\u0131, Maliye Bakan\u0131 \u00d6zdemir Berova ve \u00c7atalk\u00f6y \u2013 Esentepe Belediye<\/p>\n","protected":false},"author":1,"featured_media":74832,"comment_status":"open","ping_status":"open","sticky":false,"template":"","format":"standard","meta":{"footnotes":""},"categories":[81,101],"tags":[],"class_list":["post-74831","post","type-post","status-publish","format-standard","has-post-thumbnail","hentry","category-kibris","category-manset"],"yoast_head":"<!-- This site is optimized with the Yoast SEO plugin v27.5 - https:\/\/yoast.com\/product\/yoast-seo-wordpress\/ -->\n<title>Ba\u015fbakan \u00dcstel ve bakanlar, yap\u0131m\u0131na ba\u015flanan Girne \u2013 \u00c7atalk\u00f6y yolundaki \u00e7al\u0131\u015fmalar\u0131 yerinde inceledi\u2026 \u00dcstel: \u201cIzd\u0131rap haline gelen bu yola nihayet noktay\u0131 koyuyoruz\u201d -<\/title>\n<meta name=\"robots\" content=\"index, follow, max-snippet:-1, max-image-preview:large, max-video-preview:-1\" \/>\n<link rel=\"canonical\" href=\"https:\/\/kibrisdakik.com\/?p=74831\" \/>\n<meta property=\"og:locale\" content=\"tr_TR\" \/>\n<meta property=\"og:type\" content=\"article\" \/>\n<meta property=\"og:title\" content=\"Ba\u015fbakan \u00dcstel ve bakanlar, yap\u0131m\u0131na ba\u015flanan Girne \u2013 \u00c7atalk\u00f6y yolundaki \u00e7al\u0131\u015fmalar\u0131 yerinde inceledi\u2026 \u00dcstel: \u201cIzd\u0131rap haline gelen bu yola nihayet noktay\u0131 koyuyoruz\u201d -\" \/>\n<meta property=\"og:description\" content=\"Ba\u015fbakan \u00dcnal \u00dcstel, d\u00fcn yap\u0131m\u0131na ba\u015flanan ve yolu \u00e7ift gidi\u015f-geli\u015f haline getirecek olan Girne \u2013 \u00c7atalk\u00f6y Yol Geni\u015fletme Projesi\u2019ni bu sabah yerinde inceledi. \u00dcstel, Girne-\u00c7atalk\u00f6y yol \u00e7al\u0131\u015fmas\u0131nda \u0131zd\u0131rap halen gelen sorunu \u00e7\u00f6zmek i\u00e7in noktay\u0131 koymak \u00fczere olduklar\u0131n\u0131 vurgulad\u0131. \u00dcstel\u2019e ziyaretinde Bay\u0131nd\u0131rl\u0131k ve Ula\u015ft\u0131rma Bakan\u0131 Erhan Ar\u0131kl\u0131, Maliye Bakan\u0131 \u00d6zdemir Berova ve \u00c7atalk\u00f6y \u2013 Esentepe Belediye\" \/>\n<meta property=\"og:url\" content=\"https:\/\/kibrisdakik.com\/?p=74831\" \/>\n<meta property=\"article:published_time\" content=\"2025-02-01T13:07:49+00:00\" \/>\n<meta property=\"og:image\" content=\"https:\/\/kibrisdakik.com\/wp-content\/uploads\/2025\/02\/1738406866708GIRNE-CATALKOY-YOLU-TIM-1-scaled-740x420.jpg\" \/>\n\t<meta property=\"og:image:width\" content=\"2560\" \/>\n\t<meta property=\"og:image:height\" content=\"1709\" \/>\n\t<meta property=\"og:image:type\" content=\"image\/jpeg\" \/>\n<meta name=\"author\" content=\"admin\" \/>\n<meta name=\"twitter:card\" content=\"summary_large_image\" \/>\n<meta name=\"twitter:label1\" content=\"Yazan:\" \/>\n\t<meta name=\"twitter:data1\" content=\"admin\" \/>\n\t<meta name=\"twitter:label2\" content=\"Tahmini okuma s\u00fcresi\" \/>\n\t<meta name=\"twitter:data2\" content=\"4 dakika\" \/>\n<script type=\"application\/ld+json\" class=\"yoast-schema-graph\">{\"@context\":\"https:\\\/\\\/schema.org\",\"@graph\":[{\"@type\":\"Article\",\"@id\":\"https:\\\/\\\/kibrisdakik.com\\\/?p=74831#article\",\"isPartOf\":{\"@id\":\"https:\\\/\\\/kibrisdakik.com\\\/?p=74831\"},\"author\":{\"name\":\"admin\",\"@id\":\"https:\\\/\\\/kibrisdakik.com\\\/#\\\/schema\\\/person\\\/9cd9d437bbb44f72b73ba127e06d8e79\"},\"headline\":\"Ba\u015fbakan \u00dcstel ve bakanlar, yap\u0131m\u0131na ba\u015flanan Girne \u2013 \u00c7atalk\u00f6y yolundaki \u00e7al\u0131\u015fmalar\u0131 yerinde inceledi\u2026 \u00dcstel: \u201cIzd\u0131rap haline gelen bu yola nihayet noktay\u0131 koyuyoruz\u201d\",\"datePublished\":\"2025-02-01T13:07:49+00:00\",\"mainEntityOfPage\":{\"@id\":\"https:\\\/\\\/kibrisdakik.com\\\/?p=74831\"},\"wordCount\":798,\"commentCount\":0,\"image\":{\"@id\":\"https:\\\/\\\/kibrisdakik.com\\\/?p=74831#primaryimage\"},\"thumbnailUrl\":\"https:\\\/\\\/kibrisdakik.com\\\/wp-content\\\/uploads\\\/2025\\\/02\\\/1738406866708GIRNE-CATALKOY-YOLU-TIM-1-scaled-740x420.jpg\",\"articleSection\":[\"K\u0131br\u0131s\",\"Man\u015fet\"],\"inLanguage\":\"tr\",\"potentialAction\":[{\"@type\":\"CommentAction\",\"name\":\"Comment\",\"target\":[\"https:\\\/\\\/kibrisdakik.com\\\/?p=74831#respond\"]}]},{\"@type\":\"WebPage\",\"@id\":\"https:\\\/\\\/kibrisdakik.com\\\/?p=74831\",\"url\":\"https:\\\/\\\/kibrisdakik.com\\\/?p=74831\",\"name\":\"Ba\u015fbakan \u00dcstel ve bakanlar, yap\u0131m\u0131na ba\u015flanan Girne \u2013 \u00c7atalk\u00f6y yolundaki \u00e7al\u0131\u015fmalar\u0131 yerinde inceledi\u2026 \u00dcstel: \u201cIzd\u0131rap haline gelen bu yola nihayet noktay\u0131 koyuyoruz\u201d -\",\"isPartOf\":{\"@id\":\"https:\\\/\\\/kibrisdakik.com\\\/#website\"},\"primaryImageOfPage\":{\"@id\":\"https:\\\/\\\/kibrisdakik.com\\\/?p=74831#primaryimage\"},\"image\":{\"@id\":\"https:\\\/\\\/kibrisdakik.com\\\/?p=74831#primaryimage\"},\"thumbnailUrl\":\"https:\\\/\\\/kibrisdakik.com\\\/wp-content\\\/uploads\\\/2025\\\/02\\\/1738406866708GIRNE-CATALKOY-YOLU-TIM-1-scaled-740x420.jpg\",\"datePublished\":\"2025-02-01T13:07:49+00:00\",\"author\":{\"@id\":\"https:\\\/\\\/kibrisdakik.com\\\/#\\\/schema\\\/person\\\/9cd9d437bbb44f72b73ba127e06d8e79\"},\"breadcrumb\":{\"@id\":\"https:\\\/\\\/kibrisdakik.com\\\/?p=74831#breadcrumb\"},\"inLanguage\":\"tr\",\"potentialAction\":[{\"@type\":\"ReadAction\",\"target\":[\"https:\\\/\\\/kibrisdakik.com\\\/?p=74831\"]}]},{\"@type\":\"ImageObject\",\"inLanguage\":\"tr\",\"@id\":\"https:\\\/\\\/kibrisdakik.com\\\/?p=74831#primaryimage\",\"url\":\"https:\\\/\\\/kibrisdakik.com\\\/wp-content\\\/uploads\\\/2025\\\/02\\\/1738406866708GIRNE-CATALKOY-YOLU-TIM-1-scaled-740x420.jpg\",\"contentUrl\":\"https:\\\/\\\/kibrisdakik.com\\\/wp-content\\\/uploads\\\/2025\\\/02\\\/1738406866708GIRNE-CATALKOY-YOLU-TIM-1-scaled-740x420.jpg\",\"width\":2560,\"height\":1709},{\"@type\":\"BreadcrumbList\",\"@id\":\"https:\\\/\\\/kibrisdakik.com\\\/?p=74831#breadcrumb\",\"itemListElement\":[{\"@type\":\"ListItem\",\"position\":1,\"name\":\"Home\",\"item\":\"https:\\\/\\\/kibrisdakik.com\\\/\"},{\"@type\":\"ListItem\",\"position\":2,\"name\":\"Ba\u015fbakan \u00dcstel ve bakanlar, yap\u0131m\u0131na ba\u015flanan Girne \u2013 \u00c7atalk\u00f6y yolundaki \u00e7al\u0131\u015fmalar\u0131 yerinde inceledi\u2026 \u00dcstel: \u201cIzd\u0131rap haline gelen bu yola nihayet noktay\u0131 koyuyoruz\u201d\"}]},{\"@type\":\"WebSite\",\"@id\":\"https:\\\/\\\/kibrisdakik.com\\\/#website\",\"url\":\"https:\\\/\\\/kibrisdakik.com\\\/\",\"name\":\"\",\"description\":\"Tam vaktinde haber\",\"potentialAction\":[{\"@type\":\"SearchAction\",\"target\":{\"@type\":\"EntryPoint\",\"urlTemplate\":\"https:\\\/\\\/kibrisdakik.com\\\/?s={search_term_string}\"},\"query-input\":{\"@type\":\"PropertyValueSpecification\",\"valueRequired\":true,\"valueName\":\"search_term_string\"}}],\"inLanguage\":\"tr\"},{\"@type\":\"Person\",\"@id\":\"https:\\\/\\\/kibrisdakik.com\\\/#\\\/schema\\\/person\\\/9cd9d437bbb44f72b73ba127e06d8e79\",\"name\":\"admin\",\"image\":{\"@type\":\"ImageObject\",\"inLanguage\":\"tr\",\"@id\":\"https:\\\/\\\/secure.gravatar.com\\\/avatar\\\/ccc17943b9d660506c869530f897617f7cb1c21a4bf30023f252596d83e1f007?s=96&d=mm&r=g\",\"url\":\"https:\\\/\\\/secure.gravatar.com\\\/avatar\\\/ccc17943b9d660506c869530f897617f7cb1c21a4bf30023f252596d83e1f007?s=96&d=mm&r=g\",\"contentUrl\":\"https:\\\/\\\/secure.gravatar.com\\\/avatar\\\/ccc17943b9d660506c869530f897617f7cb1c21a4bf30023f252596d83e1f007?s=96&d=mm&r=g\",\"caption\":\"admin\"},\"sameAs\":[\"https:\\\/\\\/kibrisdakik.com\"],\"url\":\"https:\\\/\\\/kibrisdakik.com\\\/?author=1\"}]}<\/script>\n<!-- \/ Yoast SEO plugin. -->","yoast_head_json":{"title":"Ba\u015fbakan \u00dcstel ve bakanlar, yap\u0131m\u0131na ba\u015flanan Girne \u2013 \u00c7atalk\u00f6y yolundaki \u00e7al\u0131\u015fmalar\u0131 yerinde inceledi\u2026 \u00dcstel: \u201cIzd\u0131rap haline gelen bu yola nihayet noktay\u0131 koyuyoruz\u201d -","robots":{"index":"index","follow":"follow","max-snippet":"max-snippet:-1","max-image-preview":"max-image-preview:large","max-video-preview":"max-video-preview:-1"},"canonical":"https:\/\/kibrisdakik.com\/?p=74831","og_locale":"tr_TR","og_type":"article","og_title":"Ba\u015fbakan \u00dcstel ve bakanlar, yap\u0131m\u0131na ba\u015flanan Girne \u2013 \u00c7atalk\u00f6y yolundaki \u00e7al\u0131\u015fmalar\u0131 yerinde inceledi\u2026 \u00dcstel: \u201cIzd\u0131rap haline gelen bu yola nihayet noktay\u0131 koyuyoruz\u201d -","og_description":"Ba\u015fbakan \u00dcnal \u00dcstel, d\u00fcn yap\u0131m\u0131na ba\u015flanan ve yolu \u00e7ift gidi\u015f-geli\u015f haline getirecek olan Girne \u2013 \u00c7atalk\u00f6y Yol Geni\u015fletme Projesi\u2019ni bu sabah yerinde inceledi. \u00dcstel, Girne-\u00c7atalk\u00f6y yol \u00e7al\u0131\u015fmas\u0131nda \u0131zd\u0131rap halen gelen sorunu \u00e7\u00f6zmek i\u00e7in noktay\u0131 koymak \u00fczere olduklar\u0131n\u0131 vurgulad\u0131. \u00dcstel\u2019e ziyaretinde Bay\u0131nd\u0131rl\u0131k ve Ula\u015ft\u0131rma Bakan\u0131 Erhan Ar\u0131kl\u0131, Maliye Bakan\u0131 \u00d6zdemir Berova ve \u00c7atalk\u00f6y \u2013 Esentepe Belediye","og_url":"https:\/\/kibrisdakik.com\/?p=74831","article_published_time":"2025-02-01T13:07:49+00:00","og_image":[{"width":2560,"height":1709,"url":"https:\/\/kibrisdakik.com\/wp-content\/uploads\/2025\/02\/1738406866708GIRNE-CATALKOY-YOLU-TIM-1-scaled-740x420.jpg","type":"image\/jpeg"}],"author":"admin","twitter_card":"summary_large_image","twitter_misc":{"Yazan:":"admin","Tahmini okuma s\u00fcresi":"4 dakika"},"schema":{"@context":"https:\/\/schema.org","@graph":[{"@type":"Article","@id":"https:\/\/kibrisdakik.com\/?p=74831#article","isPartOf":{"@id":"https:\/\/kibrisdakik.com\/?p=74831"},"author":{"name":"admin","@id":"https:\/\/kibrisdakik.com\/#\/schema\/person\/9cd9d437bbb44f72b73ba127e06d8e79"},"headline":"Ba\u015fbakan \u00dcstel ve bakanlar, yap\u0131m\u0131na ba\u015flanan Girne \u2013 \u00c7atalk\u00f6y yolundaki \u00e7al\u0131\u015fmalar\u0131 yerinde inceledi\u2026 \u00dcstel: \u201cIzd\u0131rap haline gelen bu yola nihayet noktay\u0131 koyuyoruz\u201d","datePublished":"2025-02-01T13:07:49+00:00","mainEntityOfPage":{"@id":"https:\/\/kibrisdakik.com\/?p=74831"},"wordCount":798,"commentCount":0,"image":{"@id":"https:\/\/kibrisdakik.com\/?p=74831#primaryimage"},"thumbnailUrl":"https:\/\/kibrisdakik.com\/wp-content\/uploads\/2025\/02\/1738406866708GIRNE-CATALKOY-YOLU-TIM-1-scaled-740x420.jpg","articleSection":["K\u0131br\u0131s","Man\u015fet"],"inLanguage":"tr","potentialAction":[{"@type":"CommentAction","name":"Comment","target":["https:\/\/kibrisdakik.com\/?p=74831#respond"]}]},{"@type":"WebPage","@id":"https:\/\/kibrisdakik.com\/?p=74831","url":"https:\/\/kibrisdakik.com\/?p=74831","name":"Ba\u015fbakan \u00dcstel ve bakanlar, yap\u0131m\u0131na ba\u015flanan Girne \u2013 \u00c7atalk\u00f6y yolundaki \u00e7al\u0131\u015fmalar\u0131 yerinde inceledi\u2026 \u00dcstel: \u201cIzd\u0131rap haline gelen bu yola nihayet noktay\u0131 koyuyoruz\u201d -","isPartOf":{"@id":"https:\/\/kibrisdakik.com\/#website"},"primaryImageOfPage":{"@id":"https:\/\/kibrisdakik.com\/?p=74831#primaryimage"},"image":{"@id":"https:\/\/kibrisdakik.com\/?p=74831#primaryimage"},"thumbnailUrl":"https:\/\/kibrisdakik.com\/wp-content\/uploads\/2025\/02\/1738406866708GIRNE-CATALKOY-YOLU-TIM-1-scaled-740x420.jpg","datePublished":"2025-02-01T13:07:49+00:00","author":{"@id":"https:\/\/kibrisdakik.com\/#\/schema\/person\/9cd9d437bbb44f72b73ba127e06d8e79"},"breadcrumb":{"@id":"https:\/\/kibrisdakik.com\/?p=74831#breadcrumb"},"inLanguage":"tr","potentialAction":[{"@type":"ReadAction","target":["https:\/\/kibrisdakik.com\/?p=74831"]}]},{"@type":"ImageObject","inLanguage":"tr","@id":"https:\/\/kibrisdakik.com\/?p=74831#primaryimage","url":"https:\/\/kibrisdakik.com\/wp-content\/uploads\/2025\/02\/1738406866708GIRNE-CATALKOY-YOLU-TIM-1-scaled-740x420.jpg","contentUrl":"https:\/\/kibrisdakik.com\/wp-content\/uploads\/2025\/02\/1738406866708GIRNE-CATALKOY-YOLU-TIM-1-scaled-740x420.jpg","width":2560,"height":1709},{"@type":"BreadcrumbList","@id":"https:\/\/kibrisdakik.com\/?p=74831#breadcrumb","itemListElement":[{"@type":"ListItem","position":1,"name":"Home","item":"https:\/\/kibrisdakik.com\/"},{"@type":"ListItem","position":2,"name":"Ba\u015fbakan \u00dcstel ve bakanlar, yap\u0131m\u0131na ba\u015flanan Girne \u2013 \u00c7atalk\u00f6y yolundaki \u00e7al\u0131\u015fmalar\u0131 yerinde inceledi\u2026 \u00dcstel: \u201cIzd\u0131rap haline gelen bu yola nihayet noktay\u0131 koyuyoruz\u201d"}]},{"@type":"WebSite","@id":"https:\/\/kibrisdakik.com\/#website","url":"https:\/\/kibrisdakik.com\/","name":"","description":"Tam vaktinde haber","potentialAction":[{"@type":"SearchAction","target":{"@type":"EntryPoint","urlTemplate":"https:\/\/kibrisdakik.com\/?s={search_term_string}"},"query-input":{"@type":"PropertyValueSpecification","valueRequired":true,"valueName":"search_term_string"}}],"inLanguage":"tr"},{"@type":"Person","@id":"https:\/\/kibrisdakik.com\/#\/schema\/person\/9cd9d437bbb44f72b73ba127e06d8e79","name":"admin","image":{"@type":"ImageObject","inLanguage":"tr","@id":"https:\/\/secure.gravatar.com\/avatar\/ccc17943b9d660506c869530f897617f7cb1c21a4bf30023f252596d83e1f007?s=96&d=mm&r=g","url":"https:\/\/secure.gravatar.com\/avatar\/ccc17943b9d660506c869530f897617f7cb1c21a4bf30023f252596d83e1f007?s=96&d=mm&r=g","contentUrl":"https:\/\/secure.gravatar.com\/avatar\/ccc17943b9d660506c869530f897617f7cb1c21a4bf30023f252596d83e1f007?s=96&d=mm&r=g","caption":"admin"},"sameAs":["https:\/\/kibrisdakik.com"],"url":"https:\/\/kibrisdakik.com\/?author=1"}]}},"_links":{"self":[{"href":"https:\/\/kibrisdakik.com\/index.php?rest_route=\/wp\/v2\/posts\/74831","targetHints":{"allow":["GET"]}}],"collection":[{"href":"https:\/\/kibrisdakik.com\/index.php?rest_route=\/wp\/v2\/posts"}],"about":[{"href":"https:\/\/kibrisdakik.com\/index.php?rest_route=\/wp\/v2\/types\/post"}],"author":[{"embeddable":true,"href":"https:\/\/kibrisdakik.com\/index.php?rest_route=\/wp\/v2\/users\/1"}],"replies":[{"embeddable":true,"href":"https:\/\/kibrisdakik.com\/index.php?rest_route=%2Fwp%2Fv2%2Fcomments&post=74831"}],"version-history":[{"count":0,"href":"https:\/\/kibrisdakik.com\/index.php?rest_route=\/wp\/v2\/posts\/74831\/revisions"}],"wp:featuredmedia":[{"embeddable":true,"href":"https:\/\/kibrisdakik.com\/index.php?rest_route=\/wp\/v2\/media\/74832"}],"wp:attachment":[{"href":"https:\/\/kibrisdakik.com\/index.php?rest_route=%2Fwp%2Fv2%2Fmedia&parent=74831"}],"wp:term":[{"taxonomy":"category","embeddable":true,"href":"https:\/\/kibrisdakik.com\/index.php?rest_route=%2Fwp%2Fv2%2Fcategories&post=74831"},{"taxonomy":"post_tag","embeddable":true,"href":"https:\/\/kibrisdakik.com\/index.php?rest_route=%2Fwp%2Fv2%2Ftags&post=74831"}],"curies":[{"name":"wp","href":"https:\/\/api.w.org\/{rel}","templated":true}]}}