{"id":74833,"date":"2025-02-01T16:00:56","date_gmt":"2025-02-01T13:00:56","guid":{"rendered":"https:\/\/kibrisdakik.com\/index.php\/2025\/02\/01\/alaykoy-ve-karaoglanoglunda-ani-olum-59-ve-75-yaslarindaki-iki-kisi-hayatini-kaybetti\/"},"modified":"2025-02-01T16:00:56","modified_gmt":"2025-02-01T13:00:56","slug":"alaykoy-ve-karaoglanoglunda-ani-olum-59-ve-75-yaslarindaki-iki-kisi-hayatini-kaybetti","status":"publish","type":"post","link":"https:\/\/kibrisdakik.com\/?p=74833","title":{"rendered":"Alayk\u00f6y ve Karao\u011flano\u011flu\u2019nda ani \u00f6l\u00fcm\u2026 59 ve 75 ya\u015flar\u0131ndaki iki ki\u015fi hayat\u0131n\u0131 kaybetti"},"content":{"rendered":"<p><\/p>\n<div>\n<div class=\"mariselle-image-container center\">\n                <img loading=\"lazy\" decoding=\"async\" width=\"600\" height=\"277\" class=\"lazy-image\" alt=\"\" sizes=\"auto, (max-width: 600px) 100vw, 600px\" src=\"https:\/\/brtk.net\/wp-content\/uploads\/2025\/02\/01\/1738404624398POLIS-OLAY-YERI.jpg?ver=245064a5e9f00124cf0153ad342f2f26\" srcset=\"https:\/\/brtk.net\/wp-content\/uploads\/2025\/02\/01\/1738404624398POLIS-OLAY-YERI.jpg?ver=245064a5e9f00124cf0153ad342f2f26 600w, https:\/\/brtk.net\/wp-content\/uploads\/2025\/02\/01\/1738404624398POLIS-OLAY-YERI-300x139.jpg?ver=bb9655539440aacd95b75a5339428f70 300w\"\/>                            <\/div>\n<p>Alayk\u00f6y ve Karao\u011flano\u011flu\u2019nda ani \u00f6l\u00fcm\u2026 59 ve 75 ya\u015flar\u0131ndaki iki ki\u015fi hayat\u0131n\u0131 kaybetti<\/p>\n<p>Alayk\u00f6y ve Karao\u011flano\u011flu\u2019nda aniden rahats\u0131zlanan 59 ve 75 ya\u015flar\u0131ndaki iki ki\u015fi hayat\u0131n\u0131 kaybetti. <\/p>\n<p>Polis Bas\u0131n Subayl\u0131\u011f\u0131\u2019ndan verilen bilgiye g\u00f6re, d\u00fcn ak\u015fam 23.00 s\u0131ralar\u0131nda, Alayk\u00f6y\u2019deki bir e\u011flence mekan\u0131nda aniden rahats\u0131zlanan Halil \u00c7ukurlu (E-59) kald\u0131r\u0131ld\u0131\u011f\u0131 Lefko\u015fa Dr. Burhan Nalbanto\u011flu Devlet Hastanesi\u2019nde yap\u0131lan t\u00fcm m\u00fcdahalelere ra\u011fmen kurtar\u0131lmad\u0131. \u00c7ukurlu\u2019nun \u00fclkede turist olarak bulundu\u011fu belirtildi. <\/p>\n<p>\u00d6te yandan d\u00fcn \u00f6\u011fle saatlerinde Karao\u011flano\u011flu\u2019nda bah\u00e7esinde odun keserken rahats\u0131zlanan Ad\u0131l Amirjanov (E-75) da hayat\u0131n\u0131 kaybetti. 59 ya\u015f\u0131ndaki \u00c7ukurlu ile 75 ya\u015f\u0131ndaki Amirjanov\u2019nun \u00f6l\u00fcm sebepleri otopsiyle belirlenecek<\/p>\n<\/p><\/div>\n<p><script async\n                    defer\n                    crossorigin=\"anonymous\"\n                    src=\"https:\/\/connect.facebook.net\/tr_TR\/sdk.js#xfbml=1&#038;version=v3.3\"\n            ><\/script><\/p>\n","protected":false},"excerpt":{"rendered":"<p>Alayk\u00f6y ve Karao\u011flano\u011flu\u2019nda ani \u00f6l\u00fcm\u2026 59 ve 75 ya\u015flar\u0131ndaki iki ki\u015fi hayat\u0131n\u0131 kaybetti Alayk\u00f6y ve Karao\u011flano\u011flu\u2019nda aniden rahats\u0131zlanan 59 ve 75 ya\u015flar\u0131ndaki iki ki\u015fi hayat\u0131n\u0131 kaybetti. Polis Bas\u0131n Subayl\u0131\u011f\u0131\u2019ndan verilen bilgiye g\u00f6re, d\u00fcn ak\u015fam 23.00 s\u0131ralar\u0131nda, Alayk\u00f6y\u2019deki bir e\u011flence mekan\u0131nda aniden rahats\u0131zlanan Halil \u00c7ukurlu (E-59) kald\u0131r\u0131ld\u0131\u011f\u0131 Lefko\u015fa Dr. Burhan Nalbanto\u011flu Devlet Hastanesi\u2019nde yap\u0131lan t\u00fcm m\u00fcdahalelere<\/p>\n","protected":false},"author":1,"featured_media":74834,"comment_status":"open","ping_status":"open","sticky":false,"template":"","format":"standard","meta":{"footnotes":""},"categories":[1,101],"tags":[],"class_list":["post-74833","post","type-post","status-publish","format-standard","has-post-thumbnail","hentry","category-gundem","category-manset"],"yoast_head":"<!-- This site is optimized with the Yoast SEO plugin v27.4 - https:\/\/yoast.com\/product\/yoast-seo-wordpress\/ -->\n<title>Alayk\u00f6y ve Karao\u011flano\u011flu\u2019nda ani \u00f6l\u00fcm\u2026 59 ve 75 ya\u015flar\u0131ndaki iki ki\u015fi hayat\u0131n\u0131 kaybetti -<\/title>\n<meta name=\"robots\" content=\"index, follow, max-snippet:-1, max-image-preview:large, max-video-preview:-1\" \/>\n<link rel=\"canonical\" href=\"https:\/\/kibrisdakik.com\/?p=74833\" \/>\n<meta property=\"og:locale\" content=\"tr_TR\" \/>\n<meta property=\"og:type\" content=\"article\" \/>\n<meta property=\"og:title\" content=\"Alayk\u00f6y ve Karao\u011flano\u011flu\u2019nda ani \u00f6l\u00fcm\u2026 59 ve 75 ya\u015flar\u0131ndaki iki ki\u015fi hayat\u0131n\u0131 kaybetti -\" \/>\n<meta property=\"og:description\" content=\"Alayk\u00f6y ve Karao\u011flano\u011flu\u2019nda ani \u00f6l\u00fcm\u2026 59 ve 75 ya\u015flar\u0131ndaki iki ki\u015fi hayat\u0131n\u0131 kaybetti Alayk\u00f6y ve Karao\u011flano\u011flu\u2019nda aniden rahats\u0131zlanan 59 ve 75 ya\u015flar\u0131ndaki iki ki\u015fi hayat\u0131n\u0131 kaybetti. Polis Bas\u0131n Subayl\u0131\u011f\u0131\u2019ndan verilen bilgiye g\u00f6re, d\u00fcn ak\u015fam 23.00 s\u0131ralar\u0131nda, Alayk\u00f6y\u2019deki bir e\u011flence mekan\u0131nda aniden rahats\u0131zlanan Halil \u00c7ukurlu (E-59) kald\u0131r\u0131ld\u0131\u011f\u0131 Lefko\u015fa Dr. Burhan Nalbanto\u011flu Devlet Hastanesi\u2019nde yap\u0131lan t\u00fcm m\u00fcdahalelere\" \/>\n<meta property=\"og:url\" content=\"https:\/\/kibrisdakik.com\/?p=74833\" \/>\n<meta property=\"article:published_time\" content=\"2025-02-01T13:00:56+00:00\" \/>\n<meta property=\"og:image\" content=\"https:\/\/kibrisdakik.com\/wp-content\/uploads\/2025\/02\/1738404624398POLIS-OLAY-YERI.jpg\" \/>\n\t<meta property=\"og:image:width\" content=\"600\" \/>\n\t<meta property=\"og:image:height\" content=\"277\" \/>\n\t<meta property=\"og:image:type\" content=\"image\/jpeg\" \/>\n<meta name=\"author\" content=\"admin\" \/>\n<meta name=\"twitter:card\" content=\"summary_large_image\" \/>\n<meta name=\"twitter:label1\" content=\"Yazan:\" \/>\n\t<meta name=\"twitter:data1\" content=\"admin\" \/>\n\t<meta name=\"twitter:label2\" content=\"Tahmini okuma s\u00fcresi\" \/>\n\t<meta name=\"twitter:data2\" content=\"1 dakika\" \/>\n<script type=\"application\/ld+json\" class=\"yoast-schema-graph\">{\"@context\":\"https:\\\/\\\/schema.org\",\"@graph\":[{\"@type\":\"Article\",\"@id\":\"https:\\\/\\\/kibrisdakik.com\\\/?p=74833#article\",\"isPartOf\":{\"@id\":\"https:\\\/\\\/kibrisdakik.com\\\/?p=74833\"},\"author\":{\"name\":\"admin\",\"@id\":\"https:\\\/\\\/kibrisdakik.com\\\/#\\\/schema\\\/person\\\/9cd9d437bbb44f72b73ba127e06d8e79\"},\"headline\":\"Alayk\u00f6y ve Karao\u011flano\u011flu\u2019nda ani \u00f6l\u00fcm\u2026 59 ve 75 ya\u015flar\u0131ndaki iki ki\u015fi hayat\u0131n\u0131 kaybetti\",\"datePublished\":\"2025-02-01T13:00:56+00:00\",\"mainEntityOfPage\":{\"@id\":\"https:\\\/\\\/kibrisdakik.com\\\/?p=74833\"},\"wordCount\":157,\"commentCount\":0,\"image\":{\"@id\":\"https:\\\/\\\/kibrisdakik.com\\\/?p=74833#primaryimage\"},\"thumbnailUrl\":\"https:\\\/\\\/kibrisdakik.com\\\/wp-content\\\/uploads\\\/2025\\\/02\\\/1738404624398POLIS-OLAY-YERI.jpg\",\"articleSection\":[\"G\u00fcndem\",\"Man\u015fet\"],\"inLanguage\":\"tr\",\"potentialAction\":[{\"@type\":\"CommentAction\",\"name\":\"Comment\",\"target\":[\"https:\\\/\\\/kibrisdakik.com\\\/?p=74833#respond\"]}]},{\"@type\":\"WebPage\",\"@id\":\"https:\\\/\\\/kibrisdakik.com\\\/?p=74833\",\"url\":\"https:\\\/\\\/kibrisdakik.com\\\/?p=74833\",\"name\":\"Alayk\u00f6y ve Karao\u011flano\u011flu\u2019nda ani \u00f6l\u00fcm\u2026 59 ve 75 ya\u015flar\u0131ndaki iki ki\u015fi hayat\u0131n\u0131 kaybetti -\",\"isPartOf\":{\"@id\":\"https:\\\/\\\/kibrisdakik.com\\\/#website\"},\"primaryImageOfPage\":{\"@id\":\"https:\\\/\\\/kibrisdakik.com\\\/?p=74833#primaryimage\"},\"image\":{\"@id\":\"https:\\\/\\\/kibrisdakik.com\\\/?p=74833#primaryimage\"},\"thumbnailUrl\":\"https:\\\/\\\/kibrisdakik.com\\\/wp-content\\\/uploads\\\/2025\\\/02\\\/1738404624398POLIS-OLAY-YERI.jpg\",\"datePublished\":\"2025-02-01T13:00:56+00:00\",\"author\":{\"@id\":\"https:\\\/\\\/kibrisdakik.com\\\/#\\\/schema\\\/person\\\/9cd9d437bbb44f72b73ba127e06d8e79\"},\"breadcrumb\":{\"@id\":\"https:\\\/\\\/kibrisdakik.com\\\/?p=74833#breadcrumb\"},\"inLanguage\":\"tr\",\"potentialAction\":[{\"@type\":\"ReadAction\",\"target\":[\"https:\\\/\\\/kibrisdakik.com\\\/?p=74833\"]}]},{\"@type\":\"ImageObject\",\"inLanguage\":\"tr\",\"@id\":\"https:\\\/\\\/kibrisdakik.com\\\/?p=74833#primaryimage\",\"url\":\"https:\\\/\\\/kibrisdakik.com\\\/wp-content\\\/uploads\\\/2025\\\/02\\\/1738404624398POLIS-OLAY-YERI.jpg\",\"contentUrl\":\"https:\\\/\\\/kibrisdakik.com\\\/wp-content\\\/uploads\\\/2025\\\/02\\\/1738404624398POLIS-OLAY-YERI.jpg\",\"width\":600,\"height\":277},{\"@type\":\"BreadcrumbList\",\"@id\":\"https:\\\/\\\/kibrisdakik.com\\\/?p=74833#breadcrumb\",\"itemListElement\":[{\"@type\":\"ListItem\",\"position\":1,\"name\":\"Home\",\"item\":\"https:\\\/\\\/kibrisdakik.com\\\/\"},{\"@type\":\"ListItem\",\"position\":2,\"name\":\"Alayk\u00f6y ve Karao\u011flano\u011flu\u2019nda ani \u00f6l\u00fcm\u2026 59 ve 75 ya\u015flar\u0131ndaki iki ki\u015fi hayat\u0131n\u0131 kaybetti\"}]},{\"@type\":\"WebSite\",\"@id\":\"https:\\\/\\\/kibrisdakik.com\\\/#website\",\"url\":\"https:\\\/\\\/kibrisdakik.com\\\/\",\"name\":\"\",\"description\":\"Tam vaktinde haber\",\"potentialAction\":[{\"@type\":\"SearchAction\",\"target\":{\"@type\":\"EntryPoint\",\"urlTemplate\":\"https:\\\/\\\/kibrisdakik.com\\\/?s={search_term_string}\"},\"query-input\":{\"@type\":\"PropertyValueSpecification\",\"valueRequired\":true,\"valueName\":\"search_term_string\"}}],\"inLanguage\":\"tr\"},{\"@type\":\"Person\",\"@id\":\"https:\\\/\\\/kibrisdakik.com\\\/#\\\/schema\\\/person\\\/9cd9d437bbb44f72b73ba127e06d8e79\",\"name\":\"admin\",\"image\":{\"@type\":\"ImageObject\",\"inLanguage\":\"tr\",\"@id\":\"https:\\\/\\\/secure.gravatar.com\\\/avatar\\\/ccc17943b9d660506c869530f897617f7cb1c21a4bf30023f252596d83e1f007?s=96&d=mm&r=g\",\"url\":\"https:\\\/\\\/secure.gravatar.com\\\/avatar\\\/ccc17943b9d660506c869530f897617f7cb1c21a4bf30023f252596d83e1f007?s=96&d=mm&r=g\",\"contentUrl\":\"https:\\\/\\\/secure.gravatar.com\\\/avatar\\\/ccc17943b9d660506c869530f897617f7cb1c21a4bf30023f252596d83e1f007?s=96&d=mm&r=g\",\"caption\":\"admin\"},\"sameAs\":[\"https:\\\/\\\/kibrisdakik.com\"],\"url\":\"https:\\\/\\\/kibrisdakik.com\\\/?author=1\"}]}<\/script>\n<!-- \/ Yoast SEO plugin. -->","yoast_head_json":{"title":"Alayk\u00f6y ve Karao\u011flano\u011flu\u2019nda ani \u00f6l\u00fcm\u2026 59 ve 75 ya\u015flar\u0131ndaki iki ki\u015fi hayat\u0131n\u0131 kaybetti -","robots":{"index":"index","follow":"follow","max-snippet":"max-snippet:-1","max-image-preview":"max-image-preview:large","max-video-preview":"max-video-preview:-1"},"canonical":"https:\/\/kibrisdakik.com\/?p=74833","og_locale":"tr_TR","og_type":"article","og_title":"Alayk\u00f6y ve Karao\u011flano\u011flu\u2019nda ani \u00f6l\u00fcm\u2026 59 ve 75 ya\u015flar\u0131ndaki iki ki\u015fi hayat\u0131n\u0131 kaybetti -","og_description":"Alayk\u00f6y ve Karao\u011flano\u011flu\u2019nda ani \u00f6l\u00fcm\u2026 59 ve 75 ya\u015flar\u0131ndaki iki ki\u015fi hayat\u0131n\u0131 kaybetti Alayk\u00f6y ve Karao\u011flano\u011flu\u2019nda aniden rahats\u0131zlanan 59 ve 75 ya\u015flar\u0131ndaki iki ki\u015fi hayat\u0131n\u0131 kaybetti. Polis Bas\u0131n Subayl\u0131\u011f\u0131\u2019ndan verilen bilgiye g\u00f6re, d\u00fcn ak\u015fam 23.00 s\u0131ralar\u0131nda, Alayk\u00f6y\u2019deki bir e\u011flence mekan\u0131nda aniden rahats\u0131zlanan Halil \u00c7ukurlu (E-59) kald\u0131r\u0131ld\u0131\u011f\u0131 Lefko\u015fa Dr. Burhan Nalbanto\u011flu Devlet Hastanesi\u2019nde yap\u0131lan t\u00fcm m\u00fcdahalelere","og_url":"https:\/\/kibrisdakik.com\/?p=74833","article_published_time":"2025-02-01T13:00:56+00:00","og_image":[{"width":600,"height":277,"url":"https:\/\/kibrisdakik.com\/wp-content\/uploads\/2025\/02\/1738404624398POLIS-OLAY-YERI.jpg","type":"image\/jpeg"}],"author":"admin","twitter_card":"summary_large_image","twitter_misc":{"Yazan:":"admin","Tahmini okuma s\u00fcresi":"1 dakika"},"schema":{"@context":"https:\/\/schema.org","@graph":[{"@type":"Article","@id":"https:\/\/kibrisdakik.com\/?p=74833#article","isPartOf":{"@id":"https:\/\/kibrisdakik.com\/?p=74833"},"author":{"name":"admin","@id":"https:\/\/kibrisdakik.com\/#\/schema\/person\/9cd9d437bbb44f72b73ba127e06d8e79"},"headline":"Alayk\u00f6y ve Karao\u011flano\u011flu\u2019nda ani \u00f6l\u00fcm\u2026 59 ve 75 ya\u015flar\u0131ndaki iki ki\u015fi hayat\u0131n\u0131 kaybetti","datePublished":"2025-02-01T13:00:56+00:00","mainEntityOfPage":{"@id":"https:\/\/kibrisdakik.com\/?p=74833"},"wordCount":157,"commentCount":0,"image":{"@id":"https:\/\/kibrisdakik.com\/?p=74833#primaryimage"},"thumbnailUrl":"https:\/\/kibrisdakik.com\/wp-content\/uploads\/2025\/02\/1738404624398POLIS-OLAY-YERI.jpg","articleSection":["G\u00fcndem","Man\u015fet"],"inLanguage":"tr","potentialAction":[{"@type":"CommentAction","name":"Comment","target":["https:\/\/kibrisdakik.com\/?p=74833#respond"]}]},{"@type":"WebPage","@id":"https:\/\/kibrisdakik.com\/?p=74833","url":"https:\/\/kibrisdakik.com\/?p=74833","name":"Alayk\u00f6y ve Karao\u011flano\u011flu\u2019nda ani \u00f6l\u00fcm\u2026 59 ve 75 ya\u015flar\u0131ndaki iki ki\u015fi hayat\u0131n\u0131 kaybetti -","isPartOf":{"@id":"https:\/\/kibrisdakik.com\/#website"},"primaryImageOfPage":{"@id":"https:\/\/kibrisdakik.com\/?p=74833#primaryimage"},"image":{"@id":"https:\/\/kibrisdakik.com\/?p=74833#primaryimage"},"thumbnailUrl":"https:\/\/kibrisdakik.com\/wp-content\/uploads\/2025\/02\/1738404624398POLIS-OLAY-YERI.jpg","datePublished":"2025-02-01T13:00:56+00:00","author":{"@id":"https:\/\/kibrisdakik.com\/#\/schema\/person\/9cd9d437bbb44f72b73ba127e06d8e79"},"breadcrumb":{"@id":"https:\/\/kibrisdakik.com\/?p=74833#breadcrumb"},"inLanguage":"tr","potentialAction":[{"@type":"ReadAction","target":["https:\/\/kibrisdakik.com\/?p=74833"]}]},{"@type":"ImageObject","inLanguage":"tr","@id":"https:\/\/kibrisdakik.com\/?p=74833#primaryimage","url":"https:\/\/kibrisdakik.com\/wp-content\/uploads\/2025\/02\/1738404624398POLIS-OLAY-YERI.jpg","contentUrl":"https:\/\/kibrisdakik.com\/wp-content\/uploads\/2025\/02\/1738404624398POLIS-OLAY-YERI.jpg","width":600,"height":277},{"@type":"BreadcrumbList","@id":"https:\/\/kibrisdakik.com\/?p=74833#breadcrumb","itemListElement":[{"@type":"ListItem","position":1,"name":"Home","item":"https:\/\/kibrisdakik.com\/"},{"@type":"ListItem","position":2,"name":"Alayk\u00f6y ve Karao\u011flano\u011flu\u2019nda ani \u00f6l\u00fcm\u2026 59 ve 75 ya\u015flar\u0131ndaki iki ki\u015fi hayat\u0131n\u0131 kaybetti"}]},{"@type":"WebSite","@id":"https:\/\/kibrisdakik.com\/#website","url":"https:\/\/kibrisdakik.com\/","name":"","description":"Tam vaktinde haber","potentialAction":[{"@type":"SearchAction","target":{"@type":"EntryPoint","urlTemplate":"https:\/\/kibrisdakik.com\/?s={search_term_string}"},"query-input":{"@type":"PropertyValueSpecification","valueRequired":true,"valueName":"search_term_string"}}],"inLanguage":"tr"},{"@type":"Person","@id":"https:\/\/kibrisdakik.com\/#\/schema\/person\/9cd9d437bbb44f72b73ba127e06d8e79","name":"admin","image":{"@type":"ImageObject","inLanguage":"tr","@id":"https:\/\/secure.gravatar.com\/avatar\/ccc17943b9d660506c869530f897617f7cb1c21a4bf30023f252596d83e1f007?s=96&d=mm&r=g","url":"https:\/\/secure.gravatar.com\/avatar\/ccc17943b9d660506c869530f897617f7cb1c21a4bf30023f252596d83e1f007?s=96&d=mm&r=g","contentUrl":"https:\/\/secure.gravatar.com\/avatar\/ccc17943b9d660506c869530f897617f7cb1c21a4bf30023f252596d83e1f007?s=96&d=mm&r=g","caption":"admin"},"sameAs":["https:\/\/kibrisdakik.com"],"url":"https:\/\/kibrisdakik.com\/?author=1"}]}},"_links":{"self":[{"href":"https:\/\/kibrisdakik.com\/index.php?rest_route=\/wp\/v2\/posts\/74833","targetHints":{"allow":["GET"]}}],"collection":[{"href":"https:\/\/kibrisdakik.com\/index.php?rest_route=\/wp\/v2\/posts"}],"about":[{"href":"https:\/\/kibrisdakik.com\/index.php?rest_route=\/wp\/v2\/types\/post"}],"author":[{"embeddable":true,"href":"https:\/\/kibrisdakik.com\/index.php?rest_route=\/wp\/v2\/users\/1"}],"replies":[{"embeddable":true,"href":"https:\/\/kibrisdakik.com\/index.php?rest_route=%2Fwp%2Fv2%2Fcomments&post=74833"}],"version-history":[{"count":0,"href":"https:\/\/kibrisdakik.com\/index.php?rest_route=\/wp\/v2\/posts\/74833\/revisions"}],"wp:featuredmedia":[{"embeddable":true,"href":"https:\/\/kibrisdakik.com\/index.php?rest_route=\/wp\/v2\/media\/74834"}],"wp:attachment":[{"href":"https:\/\/kibrisdakik.com\/index.php?rest_route=%2Fwp%2Fv2%2Fmedia&parent=74833"}],"wp:term":[{"taxonomy":"category","embeddable":true,"href":"https:\/\/kibrisdakik.com\/index.php?rest_route=%2Fwp%2Fv2%2Fcategories&post=74833"},{"taxonomy":"post_tag","embeddable":true,"href":"https:\/\/kibrisdakik.com\/index.php?rest_route=%2Fwp%2Fv2%2Ftags&post=74833"}],"curies":[{"name":"wp","href":"https:\/\/api.w.org\/{rel}","templated":true}]}}