{"id":74856,"date":"2025-02-01T22:53:05","date_gmt":"2025-02-01T19:53:05","guid":{"rendered":"https:\/\/kibrisdakik.com\/index.php\/2025\/02\/01\/kibris-turkunun-davasi-tum-turk-dunyasinin-davasidir\/"},"modified":"2025-02-01T22:53:05","modified_gmt":"2025-02-01T19:53:05","slug":"kibris-turkunun-davasi-tum-turk-dunyasinin-davasidir","status":"publish","type":"post","link":"https:\/\/kibrisdakik.com\/?p=74856","title":{"rendered":"\u201cK\u0131br\u0131s T\u00fcrk\u00fc\u2019n\u00fcn davas\u0131, t\u00fcm T\u00fcrk D\u00fcnyas\u0131\u2019n\u0131n davas\u0131d\u0131r\u201d"},"content":{"rendered":"<div>\n<div class=\"mariselle-image-container center\">\n                                            <\/div>\n<p>Cumhurba\u015fkan\u0131 Ersin Tatar, Rauf Raif Denkta\u015f ve Dr. Faz\u0131l K\u00fc\u00e7\u00fck 2. Uluslararas\u0131 K\u0131br\u0131s Ara\u015ft\u0131rmalar\u0131 Sempozyumu\u2019na kat\u0131ld\u0131.<\/p>\n<p>Haydar Aliyev Uluslararas\u0131 K\u00fclt\u00fcr Merkezinde ger\u00e7ekle\u015fen sempozyumda konu\u015fmas\u0131na Azerbaycan\u2019dan gelen milletvekillerine \u201cho\u015f geldiniz\u201d diyerek s\u00f6zlerine ba\u015flayan Cumhurba\u015fkan\u0131 Tatar, sempozyuma kat\u0131lanlara ve sempozyumu d\u00fczenleyenlere te\u015fekk\u00fcr etti.<\/p>\n<p>K\u0131br\u0131s T\u00fcrk\u00fc\u2019n\u00fcn as\u0131rlard\u0131r manevi de\u011ferlerine sahip \u00e7\u0131karak K\u0131br\u0131s\u2019ta var oldu\u011funu belirten Cumhurba\u015fkan\u0131 Tatar, Rum-Yunan ikilisinin sald\u0131r\u0131lar\u0131na direndi\u011fini, K\u0131br\u0131s Bar\u0131\u015f Harekat\u0131 ile \u00f6zg\u00fcrl\u00fc\u011f\u00fcne, ba\u011f\u0131ms\u0131zl\u0131\u011f\u0131na, refah\u0131na ve devletine kavu\u015ftu\u011funu s\u00f6yledi.<\/p>\n<p>K\u0131br\u0131s T\u00fcrk\u00fc merhum Alparslan T\u00fcrke\u015f\u2019in T\u00fcrk D\u00fcnyas\u0131\u2019na \u00e7ok \u00f6nem verdi\u011fini anlatan Cumhurba\u015fkan\u0131 Tatar, T\u00fcrk Devletleri\u2019nin Sovyetler Birli\u011fi\u2019nden ayr\u0131l\u0131p ba\u011f\u0131ms\u0131zl\u0131\u011f\u0131na kavu\u015ftu\u011funu, Kuzey K\u0131br\u0131s T\u00fcrk Cumhuriyeti\u2019nin kuruldu\u011funu ve T\u00fcrkiye Cumhuriyeti ile birlikte i\u015fbirli\u011fi yapmas\u0131yla, Alparslan T\u00fcrke\u015f\u2019in hayalleri ve \u00f6ng\u00f6r\u00fclerinin ger\u00e7ek oldu\u011funu vurgulad\u0131.<\/p>\n<p>K\u0131br\u0131s T\u00fcrk\u00fc\u2019n\u00fc az\u0131nl\u0131\u011f\u0131 d\u00fc\u015f\u00fcr\u00fcp, asimile edecek federasyon defterinin kapand\u0131\u011f\u0131n\u0131 belirten Cumhurba\u015fkan\u0131 Tatar, K\u0131br\u0131s\u2019ta K\u0131br\u0131s\u2019ta bir antla\u015fman\u0131n ger\u00e7ekle\u015fmesi i\u00e7in ayr\u0131 iki e\u015fit egemen devlet siyasetinin y\u00fcr\u00fct\u00fcld\u00fc\u011f\u00fcn\u00fc ifade etti.<\/p>\n<p>K\u0131br\u0131s T\u00fcrk\u00fc\u2019n\u00fcn davas\u0131n\u0131n t\u00fcm T\u00fcrk D\u00fcnyas\u0131\u2019n\u0131n davas\u0131 oldu\u011funa i\u015faret eden Cumhurba\u015fkan\u0131 Tatar, 300 milyona yak\u0131n T\u00fcrk D\u00fcnyas\u0131\u2019n\u0131n birbirine verece\u011fi deste\u011finin \u00f6nemli oldu\u011funa dikkat \u00e7ekti.<\/p>\n<p>T\u00fcrk D\u00fcnyas\u0131\u2019nda alfabe ve dil birli\u011finin peki\u015fmesiyle daha sa\u011fl\u0131k ileti\u015fim kurulaca\u011f\u0131n\u0131 anlatan Cumhurba\u015fkan\u0131 Tatar, gelecek nesillerin; ekonomi, ticari k\u00fclt\u00fcrel ve milli ba\u011flar\u0131n\u0131n daha iyi olaca\u011f\u0131na dair inan\u00e7 belirtti.<\/p>\n<p>Kuzey K\u0131br\u0131s T\u00fcrk Cumhuriyeti\u2019nin anayasal ad\u0131 ve bayra\u011f\u0131yla g\u00f6zlemci \u00fcye oldu\u011fu T\u00fcrk Devletler Te\u015fkilat\u0131\u2019ndaki toplant\u0131larda yer almas\u0131n\u0131n tan\u0131nma yolunda \u00f6nemli bir ad\u0131m oldu\u011funu kaydetti.<\/p>\n<\/p><\/div>\n<p><script async\n                    defer\n                    crossorigin=\"anonymous\"\n                    src=\"https:\/\/connect.facebook.net\/tr_TR\/sdk.js#xfbml=1&#038;version=v3.3\"\n            ><\/script><\/p>\n","protected":false},"excerpt":{"rendered":"<p>Cumhurba\u015fkan\u0131 Ersin Tatar, Rauf Raif Denkta\u015f ve Dr. Faz\u0131l K\u00fc\u00e7\u00fck 2. Uluslararas\u0131 K\u0131br\u0131s Ara\u015ft\u0131rmalar\u0131 Sempozyumu\u2019na kat\u0131ld\u0131. Haydar Aliyev Uluslararas\u0131 K\u00fclt\u00fcr Merkezinde ger\u00e7ekle\u015fen sempozyumda konu\u015fmas\u0131na Azerbaycan\u2019dan gelen milletvekillerine \u201cho\u015f geldiniz\u201d diyerek s\u00f6zlerine ba\u015flayan Cumhurba\u015fkan\u0131 Tatar, sempozyuma kat\u0131lanlara ve sempozyumu d\u00fczenleyenlere te\u015fekk\u00fcr etti. K\u0131br\u0131s T\u00fcrk\u00fc\u2019n\u00fcn as\u0131rlard\u0131r manevi de\u011ferlerine sahip \u00e7\u0131karak K\u0131br\u0131s\u2019ta var oldu\u011funu belirten Cumhurba\u015fkan\u0131 Tatar, Rum-Yunan<\/p>\n","protected":false},"author":1,"featured_media":74857,"comment_status":"open","ping_status":"open","sticky":false,"template":"","format":"standard","meta":{"footnotes":""},"categories":[81,101],"tags":[],"class_list":["post-74856","post","type-post","status-publish","format-standard","has-post-thumbnail","hentry","category-kibris","category-manset"],"yoast_head":"<!-- This site is optimized with the Yoast SEO plugin v27.5 - https:\/\/yoast.com\/product\/yoast-seo-wordpress\/ -->\n<title>\u201cK\u0131br\u0131s T\u00fcrk\u00fc\u2019n\u00fcn davas\u0131, t\u00fcm T\u00fcrk D\u00fcnyas\u0131\u2019n\u0131n davas\u0131d\u0131r\u201d -<\/title>\n<meta name=\"robots\" content=\"index, follow, max-snippet:-1, max-image-preview:large, max-video-preview:-1\" \/>\n<link rel=\"canonical\" href=\"https:\/\/kibrisdakik.com\/?p=74856\" \/>\n<meta property=\"og:locale\" content=\"tr_TR\" \/>\n<meta property=\"og:type\" content=\"article\" \/>\n<meta property=\"og:title\" content=\"\u201cK\u0131br\u0131s T\u00fcrk\u00fc\u2019n\u00fcn davas\u0131, t\u00fcm T\u00fcrk D\u00fcnyas\u0131\u2019n\u0131n davas\u0131d\u0131r\u201d -\" \/>\n<meta property=\"og:description\" content=\"Cumhurba\u015fkan\u0131 Ersin Tatar, Rauf Raif Denkta\u015f ve Dr. Faz\u0131l K\u00fc\u00e7\u00fck 2. Uluslararas\u0131 K\u0131br\u0131s Ara\u015ft\u0131rmalar\u0131 Sempozyumu\u2019na kat\u0131ld\u0131. Haydar Aliyev Uluslararas\u0131 K\u00fclt\u00fcr Merkezinde ger\u00e7ekle\u015fen sempozyumda konu\u015fmas\u0131na Azerbaycan\u2019dan gelen milletvekillerine \u201cho\u015f geldiniz\u201d diyerek s\u00f6zlerine ba\u015flayan Cumhurba\u015fkan\u0131 Tatar, sempozyuma kat\u0131lanlara ve sempozyumu d\u00fczenleyenlere te\u015fekk\u00fcr etti. K\u0131br\u0131s T\u00fcrk\u00fc\u2019n\u00fcn as\u0131rlard\u0131r manevi de\u011ferlerine sahip \u00e7\u0131karak K\u0131br\u0131s\u2019ta var oldu\u011funu belirten Cumhurba\u015fkan\u0131 Tatar, Rum-Yunan\" \/>\n<meta property=\"og:url\" content=\"https:\/\/kibrisdakik.com\/?p=74856\" \/>\n<meta property=\"article:published_time\" content=\"2025-02-01T19:53:05+00:00\" \/>\n<meta property=\"og:image\" content=\"https:\/\/kibrisdakik.com\/wp-content\/uploads\/2025\/02\/Screenshot_20250201_220237_X-740x420.jpg\" \/>\n\t<meta property=\"og:image:width\" content=\"981\" \/>\n\t<meta property=\"og:image:height\" content=\"562\" \/>\n\t<meta property=\"og:image:type\" content=\"image\/jpeg\" \/>\n<meta name=\"author\" content=\"admin\" \/>\n<meta name=\"twitter:card\" content=\"summary_large_image\" \/>\n<meta name=\"twitter:label1\" content=\"Yazan:\" \/>\n\t<meta name=\"twitter:data1\" content=\"admin\" \/>\n\t<meta name=\"twitter:label2\" content=\"Tahmini okuma s\u00fcresi\" \/>\n\t<meta name=\"twitter:data2\" content=\"2 dakika\" \/>\n<script type=\"application\/ld+json\" class=\"yoast-schema-graph\">{\"@context\":\"https:\\\/\\\/schema.org\",\"@graph\":[{\"@type\":\"Article\",\"@id\":\"https:\\\/\\\/kibrisdakik.com\\\/?p=74856#article\",\"isPartOf\":{\"@id\":\"https:\\\/\\\/kibrisdakik.com\\\/?p=74856\"},\"author\":{\"name\":\"admin\",\"@id\":\"https:\\\/\\\/kibrisdakik.com\\\/#\\\/schema\\\/person\\\/9cd9d437bbb44f72b73ba127e06d8e79\"},\"headline\":\"\u201cK\u0131br\u0131s T\u00fcrk\u00fc\u2019n\u00fcn davas\u0131, t\u00fcm T\u00fcrk D\u00fcnyas\u0131\u2019n\u0131n davas\u0131d\u0131r\u201d\",\"datePublished\":\"2025-02-01T19:53:05+00:00\",\"mainEntityOfPage\":{\"@id\":\"https:\\\/\\\/kibrisdakik.com\\\/?p=74856\"},\"wordCount\":396,\"commentCount\":0,\"image\":{\"@id\":\"https:\\\/\\\/kibrisdakik.com\\\/?p=74856#primaryimage\"},\"thumbnailUrl\":\"https:\\\/\\\/kibrisdakik.com\\\/wp-content\\\/uploads\\\/2025\\\/02\\\/Screenshot_20250201_220237_X-740x420.jpg\",\"articleSection\":[\"K\u0131br\u0131s\",\"Man\u015fet\"],\"inLanguage\":\"tr\",\"potentialAction\":[{\"@type\":\"CommentAction\",\"name\":\"Comment\",\"target\":[\"https:\\\/\\\/kibrisdakik.com\\\/?p=74856#respond\"]}]},{\"@type\":\"WebPage\",\"@id\":\"https:\\\/\\\/kibrisdakik.com\\\/?p=74856\",\"url\":\"https:\\\/\\\/kibrisdakik.com\\\/?p=74856\",\"name\":\"\u201cK\u0131br\u0131s T\u00fcrk\u00fc\u2019n\u00fcn davas\u0131, t\u00fcm T\u00fcrk D\u00fcnyas\u0131\u2019n\u0131n davas\u0131d\u0131r\u201d -\",\"isPartOf\":{\"@id\":\"https:\\\/\\\/kibrisdakik.com\\\/#website\"},\"primaryImageOfPage\":{\"@id\":\"https:\\\/\\\/kibrisdakik.com\\\/?p=74856#primaryimage\"},\"image\":{\"@id\":\"https:\\\/\\\/kibrisdakik.com\\\/?p=74856#primaryimage\"},\"thumbnailUrl\":\"https:\\\/\\\/kibrisdakik.com\\\/wp-content\\\/uploads\\\/2025\\\/02\\\/Screenshot_20250201_220237_X-740x420.jpg\",\"datePublished\":\"2025-02-01T19:53:05+00:00\",\"author\":{\"@id\":\"https:\\\/\\\/kibrisdakik.com\\\/#\\\/schema\\\/person\\\/9cd9d437bbb44f72b73ba127e06d8e79\"},\"breadcrumb\":{\"@id\":\"https:\\\/\\\/kibrisdakik.com\\\/?p=74856#breadcrumb\"},\"inLanguage\":\"tr\",\"potentialAction\":[{\"@type\":\"ReadAction\",\"target\":[\"https:\\\/\\\/kibrisdakik.com\\\/?p=74856\"]}]},{\"@type\":\"ImageObject\",\"inLanguage\":\"tr\",\"@id\":\"https:\\\/\\\/kibrisdakik.com\\\/?p=74856#primaryimage\",\"url\":\"https:\\\/\\\/kibrisdakik.com\\\/wp-content\\\/uploads\\\/2025\\\/02\\\/Screenshot_20250201_220237_X-740x420.jpg\",\"contentUrl\":\"https:\\\/\\\/kibrisdakik.com\\\/wp-content\\\/uploads\\\/2025\\\/02\\\/Screenshot_20250201_220237_X-740x420.jpg\",\"width\":981,\"height\":562},{\"@type\":\"BreadcrumbList\",\"@id\":\"https:\\\/\\\/kibrisdakik.com\\\/?p=74856#breadcrumb\",\"itemListElement\":[{\"@type\":\"ListItem\",\"position\":1,\"name\":\"Home\",\"item\":\"https:\\\/\\\/kibrisdakik.com\\\/\"},{\"@type\":\"ListItem\",\"position\":2,\"name\":\"\u201cK\u0131br\u0131s T\u00fcrk\u00fc\u2019n\u00fcn davas\u0131, t\u00fcm T\u00fcrk D\u00fcnyas\u0131\u2019n\u0131n davas\u0131d\u0131r\u201d\"}]},{\"@type\":\"WebSite\",\"@id\":\"https:\\\/\\\/kibrisdakik.com\\\/#website\",\"url\":\"https:\\\/\\\/kibrisdakik.com\\\/\",\"name\":\"\",\"description\":\"Tam vaktinde haber\",\"potentialAction\":[{\"@type\":\"SearchAction\",\"target\":{\"@type\":\"EntryPoint\",\"urlTemplate\":\"https:\\\/\\\/kibrisdakik.com\\\/?s={search_term_string}\"},\"query-input\":{\"@type\":\"PropertyValueSpecification\",\"valueRequired\":true,\"valueName\":\"search_term_string\"}}],\"inLanguage\":\"tr\"},{\"@type\":\"Person\",\"@id\":\"https:\\\/\\\/kibrisdakik.com\\\/#\\\/schema\\\/person\\\/9cd9d437bbb44f72b73ba127e06d8e79\",\"name\":\"admin\",\"image\":{\"@type\":\"ImageObject\",\"inLanguage\":\"tr\",\"@id\":\"https:\\\/\\\/secure.gravatar.com\\\/avatar\\\/ccc17943b9d660506c869530f897617f7cb1c21a4bf30023f252596d83e1f007?s=96&d=mm&r=g\",\"url\":\"https:\\\/\\\/secure.gravatar.com\\\/avatar\\\/ccc17943b9d660506c869530f897617f7cb1c21a4bf30023f252596d83e1f007?s=96&d=mm&r=g\",\"contentUrl\":\"https:\\\/\\\/secure.gravatar.com\\\/avatar\\\/ccc17943b9d660506c869530f897617f7cb1c21a4bf30023f252596d83e1f007?s=96&d=mm&r=g\",\"caption\":\"admin\"},\"sameAs\":[\"https:\\\/\\\/kibrisdakik.com\"],\"url\":\"https:\\\/\\\/kibrisdakik.com\\\/?author=1\"}]}<\/script>\n<!-- \/ Yoast SEO plugin. -->","yoast_head_json":{"title":"\u201cK\u0131br\u0131s T\u00fcrk\u00fc\u2019n\u00fcn davas\u0131, t\u00fcm T\u00fcrk D\u00fcnyas\u0131\u2019n\u0131n davas\u0131d\u0131r\u201d -","robots":{"index":"index","follow":"follow","max-snippet":"max-snippet:-1","max-image-preview":"max-image-preview:large","max-video-preview":"max-video-preview:-1"},"canonical":"https:\/\/kibrisdakik.com\/?p=74856","og_locale":"tr_TR","og_type":"article","og_title":"\u201cK\u0131br\u0131s T\u00fcrk\u00fc\u2019n\u00fcn davas\u0131, t\u00fcm T\u00fcrk D\u00fcnyas\u0131\u2019n\u0131n davas\u0131d\u0131r\u201d -","og_description":"Cumhurba\u015fkan\u0131 Ersin Tatar, Rauf Raif Denkta\u015f ve Dr. Faz\u0131l K\u00fc\u00e7\u00fck 2. Uluslararas\u0131 K\u0131br\u0131s Ara\u015ft\u0131rmalar\u0131 Sempozyumu\u2019na kat\u0131ld\u0131. Haydar Aliyev Uluslararas\u0131 K\u00fclt\u00fcr Merkezinde ger\u00e7ekle\u015fen sempozyumda konu\u015fmas\u0131na Azerbaycan\u2019dan gelen milletvekillerine \u201cho\u015f geldiniz\u201d diyerek s\u00f6zlerine ba\u015flayan Cumhurba\u015fkan\u0131 Tatar, sempozyuma kat\u0131lanlara ve sempozyumu d\u00fczenleyenlere te\u015fekk\u00fcr etti. K\u0131br\u0131s T\u00fcrk\u00fc\u2019n\u00fcn as\u0131rlard\u0131r manevi de\u011ferlerine sahip \u00e7\u0131karak K\u0131br\u0131s\u2019ta var oldu\u011funu belirten Cumhurba\u015fkan\u0131 Tatar, Rum-Yunan","og_url":"https:\/\/kibrisdakik.com\/?p=74856","article_published_time":"2025-02-01T19:53:05+00:00","og_image":[{"width":981,"height":562,"url":"https:\/\/kibrisdakik.com\/wp-content\/uploads\/2025\/02\/Screenshot_20250201_220237_X-740x420.jpg","type":"image\/jpeg"}],"author":"admin","twitter_card":"summary_large_image","twitter_misc":{"Yazan:":"admin","Tahmini okuma s\u00fcresi":"2 dakika"},"schema":{"@context":"https:\/\/schema.org","@graph":[{"@type":"Article","@id":"https:\/\/kibrisdakik.com\/?p=74856#article","isPartOf":{"@id":"https:\/\/kibrisdakik.com\/?p=74856"},"author":{"name":"admin","@id":"https:\/\/kibrisdakik.com\/#\/schema\/person\/9cd9d437bbb44f72b73ba127e06d8e79"},"headline":"\u201cK\u0131br\u0131s T\u00fcrk\u00fc\u2019n\u00fcn davas\u0131, t\u00fcm T\u00fcrk D\u00fcnyas\u0131\u2019n\u0131n davas\u0131d\u0131r\u201d","datePublished":"2025-02-01T19:53:05+00:00","mainEntityOfPage":{"@id":"https:\/\/kibrisdakik.com\/?p=74856"},"wordCount":396,"commentCount":0,"image":{"@id":"https:\/\/kibrisdakik.com\/?p=74856#primaryimage"},"thumbnailUrl":"https:\/\/kibrisdakik.com\/wp-content\/uploads\/2025\/02\/Screenshot_20250201_220237_X-740x420.jpg","articleSection":["K\u0131br\u0131s","Man\u015fet"],"inLanguage":"tr","potentialAction":[{"@type":"CommentAction","name":"Comment","target":["https:\/\/kibrisdakik.com\/?p=74856#respond"]}]},{"@type":"WebPage","@id":"https:\/\/kibrisdakik.com\/?p=74856","url":"https:\/\/kibrisdakik.com\/?p=74856","name":"\u201cK\u0131br\u0131s T\u00fcrk\u00fc\u2019n\u00fcn davas\u0131, t\u00fcm T\u00fcrk D\u00fcnyas\u0131\u2019n\u0131n davas\u0131d\u0131r\u201d -","isPartOf":{"@id":"https:\/\/kibrisdakik.com\/#website"},"primaryImageOfPage":{"@id":"https:\/\/kibrisdakik.com\/?p=74856#primaryimage"},"image":{"@id":"https:\/\/kibrisdakik.com\/?p=74856#primaryimage"},"thumbnailUrl":"https:\/\/kibrisdakik.com\/wp-content\/uploads\/2025\/02\/Screenshot_20250201_220237_X-740x420.jpg","datePublished":"2025-02-01T19:53:05+00:00","author":{"@id":"https:\/\/kibrisdakik.com\/#\/schema\/person\/9cd9d437bbb44f72b73ba127e06d8e79"},"breadcrumb":{"@id":"https:\/\/kibrisdakik.com\/?p=74856#breadcrumb"},"inLanguage":"tr","potentialAction":[{"@type":"ReadAction","target":["https:\/\/kibrisdakik.com\/?p=74856"]}]},{"@type":"ImageObject","inLanguage":"tr","@id":"https:\/\/kibrisdakik.com\/?p=74856#primaryimage","url":"https:\/\/kibrisdakik.com\/wp-content\/uploads\/2025\/02\/Screenshot_20250201_220237_X-740x420.jpg","contentUrl":"https:\/\/kibrisdakik.com\/wp-content\/uploads\/2025\/02\/Screenshot_20250201_220237_X-740x420.jpg","width":981,"height":562},{"@type":"BreadcrumbList","@id":"https:\/\/kibrisdakik.com\/?p=74856#breadcrumb","itemListElement":[{"@type":"ListItem","position":1,"name":"Home","item":"https:\/\/kibrisdakik.com\/"},{"@type":"ListItem","position":2,"name":"\u201cK\u0131br\u0131s T\u00fcrk\u00fc\u2019n\u00fcn davas\u0131, t\u00fcm T\u00fcrk D\u00fcnyas\u0131\u2019n\u0131n davas\u0131d\u0131r\u201d"}]},{"@type":"WebSite","@id":"https:\/\/kibrisdakik.com\/#website","url":"https:\/\/kibrisdakik.com\/","name":"","description":"Tam vaktinde haber","potentialAction":[{"@type":"SearchAction","target":{"@type":"EntryPoint","urlTemplate":"https:\/\/kibrisdakik.com\/?s={search_term_string}"},"query-input":{"@type":"PropertyValueSpecification","valueRequired":true,"valueName":"search_term_string"}}],"inLanguage":"tr"},{"@type":"Person","@id":"https:\/\/kibrisdakik.com\/#\/schema\/person\/9cd9d437bbb44f72b73ba127e06d8e79","name":"admin","image":{"@type":"ImageObject","inLanguage":"tr","@id":"https:\/\/secure.gravatar.com\/avatar\/ccc17943b9d660506c869530f897617f7cb1c21a4bf30023f252596d83e1f007?s=96&d=mm&r=g","url":"https:\/\/secure.gravatar.com\/avatar\/ccc17943b9d660506c869530f897617f7cb1c21a4bf30023f252596d83e1f007?s=96&d=mm&r=g","contentUrl":"https:\/\/secure.gravatar.com\/avatar\/ccc17943b9d660506c869530f897617f7cb1c21a4bf30023f252596d83e1f007?s=96&d=mm&r=g","caption":"admin"},"sameAs":["https:\/\/kibrisdakik.com"],"url":"https:\/\/kibrisdakik.com\/?author=1"}]}},"_links":{"self":[{"href":"https:\/\/kibrisdakik.com\/index.php?rest_route=\/wp\/v2\/posts\/74856","targetHints":{"allow":["GET"]}}],"collection":[{"href":"https:\/\/kibrisdakik.com\/index.php?rest_route=\/wp\/v2\/posts"}],"about":[{"href":"https:\/\/kibrisdakik.com\/index.php?rest_route=\/wp\/v2\/types\/post"}],"author":[{"embeddable":true,"href":"https:\/\/kibrisdakik.com\/index.php?rest_route=\/wp\/v2\/users\/1"}],"replies":[{"embeddable":true,"href":"https:\/\/kibrisdakik.com\/index.php?rest_route=%2Fwp%2Fv2%2Fcomments&post=74856"}],"version-history":[{"count":0,"href":"https:\/\/kibrisdakik.com\/index.php?rest_route=\/wp\/v2\/posts\/74856\/revisions"}],"wp:featuredmedia":[{"embeddable":true,"href":"https:\/\/kibrisdakik.com\/index.php?rest_route=\/wp\/v2\/media\/74857"}],"wp:attachment":[{"href":"https:\/\/kibrisdakik.com\/index.php?rest_route=%2Fwp%2Fv2%2Fmedia&parent=74856"}],"wp:term":[{"taxonomy":"category","embeddable":true,"href":"https:\/\/kibrisdakik.com\/index.php?rest_route=%2Fwp%2Fv2%2Fcategories&post=74856"},{"taxonomy":"post_tag","embeddable":true,"href":"https:\/\/kibrisdakik.com\/index.php?rest_route=%2Fwp%2Fv2%2Ftags&post=74856"}],"curies":[{"name":"wp","href":"https:\/\/api.w.org\/{rel}","templated":true}]}}