{"id":74876,"date":"2025-02-02T17:19:39","date_gmt":"2025-02-02T14:19:39","guid":{"rendered":"https:\/\/kibrisdakik.com\/index.php\/2025\/02\/02\/akpa-gazzedeki-insani-krize-acilen-son-verilmesi-cagrisinda-bulundu\/"},"modified":"2025-02-02T17:19:39","modified_gmt":"2025-02-02T14:19:39","slug":"akpa-gazzedeki-insani-krize-acilen-son-verilmesi-cagrisinda-bulundu","status":"publish","type":"post","link":"https:\/\/kibrisdakik.com\/?p=74876","title":{"rendered":"AKPA, Gazze\u2019deki insani krize acilen son verilmesi \u00e7a\u011fr\u0131s\u0131nda bulundu"},"content":{"rendered":"<div>\n<div class=\"mariselle-image-container center\">\n                                            <\/div>\n<p>AKPA 28 Ocak 2025 tarihli Genel Kurul oturumunda Hollandal\u0131 Raport\u00f6r Saskia Kluit\u2019in haz\u0131rlad\u0131\u011f\u0131 \u201cGazze\u2019deki kad\u0131n, \u00e7ocuk ve rehineler i\u00e7in insani krizin mutlak ve acilen durdurulmas\u0131 ihtiyac\u0131\u201d konulu rapor ve karar\u0131 kabul etti.<\/p>\n<p>Karar\u2019da \u0130srail\u2019in Gazze\u2019ye 7 Ekim 2023 sonras\u0131 ba\u015flatt\u0131\u011f\u0131 ve 15 ay devam eden sald\u0131r\u0131lar\u0131n hayal edilemez bir insani krize neden oldu\u011fu, \u00f6zellikle masum kad\u0131n ve \u00e7ocuklar\u0131n Gazze\u2019deki en b\u00fcy\u00fck kurbanlar oldu\u011fu kaydedildi.<\/p>\n<p>AKPA \u0130srail ve Hamas aras\u0131nda var\u0131lan ate\u015fkes anla\u015fmas\u0131ndan memnuniyet duyuldu\u011funu ifadeyle, t\u00fcm taraflara kal\u0131c\u0131 bar\u0131\u015fa ula\u015f\u0131labilmesi i\u00e7in gerekli ad\u0131mlar\u0131 atma \u00e7a\u011fr\u0131s\u0131nda bulundu.<\/p>\n<p> AKPA Heyet Ba\u015fkan\u0131 UBP  Milletvekili O\u011fuzhan Hasipo\u011flu, Gazze Raporunun g\u00f6r\u00fc\u015f\u00fclmesi ve oylanmas\u0131 s\u0131ras\u0131nda Filistinli Milletvekili ve Diplomat, Bernard Sabella ve Ahmed Abuhashish ile birlikte Filistin i\u00e7in g\u00f6r\u00fc\u015fme ve oylama s\u00fcrecini Avrupa konseyi s\u0131ralar\u0131nda yanyana oturarak takip etti.<\/p>\n<p>Gazze\u2019de \u00e7ocuk, kad\u0131n ve esirlere y\u00f6nelik insani krize acilen son verilmesini talep eden \u00f6nerge 90 evet, 18 hay\u0131r oyuyla  meclis kabul edildi.<\/p>\n<p>Yap\u0131lan konu\u015fmalarda ve b\u00f6lgeye yap\u0131lan ziyaretlerde \u2013 \u201cHer g\u00fcn 10 \u00e7ocuk bir veya iki baca\u011f\u0131n\u0131 kaybetti\u011fini, 480 g\u00fcn boyunca b\u00fcy\u00fck ac\u0131 ve i\u015fkenceye tan\u0131k olundu\u011funu, 15 ayd\u0131r b\u00f6lgenin her g\u00fcn bombaland\u0131\u011f\u0131n\u0131, y\u00fczde 70\u2019i kad\u0131n ve \u00e7ocuklardan olu\u015fan 47 binden fazla ki\u015finin \u00f6ld\u00fc\u011f\u00fc belgelerle ortaya konuldu .<\/p>\n<p>Raporun onaylanmas\u0131 sonras\u0131 a\u00e7\u0131klama yapan Hasipo\u011flu \u015f\u00f6yle konu\u015ftu: <\/p>\n<p>\u0130srail ve yanda\u015f\u0131 baz\u0131 \u00fclkelerin \u015fiddetli itirazlar\u0131na ra\u011fmen, raporun oy \u00e7oklu\u011fu ile onaylanmas\u0131n\u0131n ard\u0131ndan, \u0130ki Filistinli vekilin heyecan\u0131 ve mutlulu\u011fu g\u00f6r\u00fclmeye de\u011ferdi. iki Filistinli vekille birlikte  mecliste yan yan oturarak onlar\u0131n heyecan\u0131na ortak oldum.  Art\u0131k Filistin\u2019de iki devletli \u00e7\u00f6z\u00fcm modelinde yeni bir d\u00f6nem ba\u015fl\u0131yor.  Filistinlilerin hayatlar\u0131n\u0131 ve evlerini yeniden in\u015fa etmek i\u00e7in ger\u00e7ek bar\u0131\u015fa ve ba\u015fta Anavatan\u0131m\u0131z T\u00fcrkiye  olmak \u00fczere hakkaniyete inanan \u00fclkelerin deste\u011fine ihtiya\u00e7 duyduklar\u0131n\u0131 biliyorum. Filistin\u2019li kad\u0131nlar\u0131n\u0131n ve \u00e7ocuklar\u0131n art\u0131k g\u00f6\u00e7ebe hayatlar\u0131n\u0131n son bulup bar\u0131\u015f  i\u00e7inde ya\u015fama hakklar\u0131 ger\u00e7ekle\u015fmelidir. Avrupa Konseyi\u2019nde Gazze Raporunun g\u00f6r\u00fc\u015f\u00fclmesi ve oylanmas\u0131 s\u0131ras\u0131nda Filistinli karde\u015flerimiz, KKTC ve T\u00fcrkiye Cumhuriyeti AKPA heyetlerine verdi\u011fimiz  desteklerden dolay\u0131 bizlere te\u015fekk\u00fcr ettiler. Yollar\u0131 a\u00e7\u0131k olsun \u2026<\/p>\n<\/p><\/div>\n<p><script async\n                    defer\n                    crossorigin=\"anonymous\"\n                    src=\"https:\/\/connect.facebook.net\/tr_TR\/sdk.js#xfbml=1&#038;version=v3.3\"\n            ><\/script><\/p>\n","protected":false},"excerpt":{"rendered":"<p>AKPA 28 Ocak 2025 tarihli Genel Kurul oturumunda Hollandal\u0131 Raport\u00f6r Saskia Kluit\u2019in haz\u0131rlad\u0131\u011f\u0131 \u201cGazze\u2019deki kad\u0131n, \u00e7ocuk ve rehineler i\u00e7in insani krizin mutlak ve acilen durdurulmas\u0131 ihtiyac\u0131\u201d konulu rapor ve karar\u0131 kabul etti. Karar\u2019da \u0130srail\u2019in Gazze\u2019ye 7 Ekim 2023 sonras\u0131 ba\u015flatt\u0131\u011f\u0131 ve 15 ay devam eden sald\u0131r\u0131lar\u0131n hayal edilemez bir insani krize neden oldu\u011fu, \u00f6zellikle masum<\/p>\n","protected":false},"author":1,"featured_media":74877,"comment_status":"open","ping_status":"open","sticky":false,"template":"","format":"standard","meta":{"footnotes":""},"categories":[81,101],"tags":[],"class_list":["post-74876","post","type-post","status-publish","format-standard","has-post-thumbnail","hentry","category-kibris","category-manset"],"yoast_head":"<!-- This site is optimized with the Yoast SEO plugin v27.5 - https:\/\/yoast.com\/product\/yoast-seo-wordpress\/ -->\n<title>AKPA, Gazze\u2019deki insani krize acilen son verilmesi \u00e7a\u011fr\u0131s\u0131nda bulundu -<\/title>\n<meta name=\"robots\" content=\"index, follow, max-snippet:-1, max-image-preview:large, max-video-preview:-1\" \/>\n<link rel=\"canonical\" href=\"https:\/\/kibrisdakik.com\/?p=74876\" \/>\n<meta property=\"og:locale\" content=\"tr_TR\" \/>\n<meta property=\"og:type\" content=\"article\" \/>\n<meta property=\"og:title\" content=\"AKPA, Gazze\u2019deki insani krize acilen son verilmesi \u00e7a\u011fr\u0131s\u0131nda bulundu -\" \/>\n<meta property=\"og:description\" content=\"AKPA 28 Ocak 2025 tarihli Genel Kurul oturumunda Hollandal\u0131 Raport\u00f6r Saskia Kluit\u2019in haz\u0131rlad\u0131\u011f\u0131 \u201cGazze\u2019deki kad\u0131n, \u00e7ocuk ve rehineler i\u00e7in insani krizin mutlak ve acilen durdurulmas\u0131 ihtiyac\u0131\u201d konulu rapor ve karar\u0131 kabul etti. Karar\u2019da \u0130srail\u2019in Gazze\u2019ye 7 Ekim 2023 sonras\u0131 ba\u015flatt\u0131\u011f\u0131 ve 15 ay devam eden sald\u0131r\u0131lar\u0131n hayal edilemez bir insani krize neden oldu\u011fu, \u00f6zellikle masum\" \/>\n<meta property=\"og:url\" content=\"https:\/\/kibrisdakik.com\/?p=74876\" \/>\n<meta property=\"article:published_time\" content=\"2025-02-02T14:19:39+00:00\" \/>\n<meta property=\"og:image\" content=\"https:\/\/kibrisdakik.com\/wp-content\/uploads\/2025\/02\/InShot_20250202_163037529-scaled-740x420.jpg\" \/>\n\t<meta property=\"og:image:width\" content=\"2560\" \/>\n\t<meta property=\"og:image:height\" content=\"1439\" \/>\n\t<meta property=\"og:image:type\" content=\"image\/jpeg\" \/>\n<meta name=\"author\" content=\"admin\" \/>\n<meta name=\"twitter:card\" content=\"summary_large_image\" \/>\n<meta name=\"twitter:label1\" content=\"Yazan:\" \/>\n\t<meta name=\"twitter:data1\" content=\"admin\" \/>\n\t<meta name=\"twitter:label2\" content=\"Tahmini okuma s\u00fcresi\" \/>\n\t<meta name=\"twitter:data2\" content=\"2 dakika\" \/>\n<script type=\"application\/ld+json\" class=\"yoast-schema-graph\">{\"@context\":\"https:\\\/\\\/schema.org\",\"@graph\":[{\"@type\":\"Article\",\"@id\":\"https:\\\/\\\/kibrisdakik.com\\\/?p=74876#article\",\"isPartOf\":{\"@id\":\"https:\\\/\\\/kibrisdakik.com\\\/?p=74876\"},\"author\":{\"name\":\"admin\",\"@id\":\"https:\\\/\\\/kibrisdakik.com\\\/#\\\/schema\\\/person\\\/9cd9d437bbb44f72b73ba127e06d8e79\"},\"headline\":\"AKPA, Gazze\u2019deki insani krize acilen son verilmesi \u00e7a\u011fr\u0131s\u0131nda bulundu\",\"datePublished\":\"2025-02-02T14:19:39+00:00\",\"mainEntityOfPage\":{\"@id\":\"https:\\\/\\\/kibrisdakik.com\\\/?p=74876\"},\"wordCount\":434,\"commentCount\":0,\"image\":{\"@id\":\"https:\\\/\\\/kibrisdakik.com\\\/?p=74876#primaryimage\"},\"thumbnailUrl\":\"https:\\\/\\\/kibrisdakik.com\\\/wp-content\\\/uploads\\\/2025\\\/02\\\/InShot_20250202_163037529-scaled-740x420.jpg\",\"articleSection\":[\"K\u0131br\u0131s\",\"Man\u015fet\"],\"inLanguage\":\"tr\",\"potentialAction\":[{\"@type\":\"CommentAction\",\"name\":\"Comment\",\"target\":[\"https:\\\/\\\/kibrisdakik.com\\\/?p=74876#respond\"]}]},{\"@type\":\"WebPage\",\"@id\":\"https:\\\/\\\/kibrisdakik.com\\\/?p=74876\",\"url\":\"https:\\\/\\\/kibrisdakik.com\\\/?p=74876\",\"name\":\"AKPA, Gazze\u2019deki insani krize acilen son verilmesi \u00e7a\u011fr\u0131s\u0131nda bulundu -\",\"isPartOf\":{\"@id\":\"https:\\\/\\\/kibrisdakik.com\\\/#website\"},\"primaryImageOfPage\":{\"@id\":\"https:\\\/\\\/kibrisdakik.com\\\/?p=74876#primaryimage\"},\"image\":{\"@id\":\"https:\\\/\\\/kibrisdakik.com\\\/?p=74876#primaryimage\"},\"thumbnailUrl\":\"https:\\\/\\\/kibrisdakik.com\\\/wp-content\\\/uploads\\\/2025\\\/02\\\/InShot_20250202_163037529-scaled-740x420.jpg\",\"datePublished\":\"2025-02-02T14:19:39+00:00\",\"author\":{\"@id\":\"https:\\\/\\\/kibrisdakik.com\\\/#\\\/schema\\\/person\\\/9cd9d437bbb44f72b73ba127e06d8e79\"},\"breadcrumb\":{\"@id\":\"https:\\\/\\\/kibrisdakik.com\\\/?p=74876#breadcrumb\"},\"inLanguage\":\"tr\",\"potentialAction\":[{\"@type\":\"ReadAction\",\"target\":[\"https:\\\/\\\/kibrisdakik.com\\\/?p=74876\"]}]},{\"@type\":\"ImageObject\",\"inLanguage\":\"tr\",\"@id\":\"https:\\\/\\\/kibrisdakik.com\\\/?p=74876#primaryimage\",\"url\":\"https:\\\/\\\/kibrisdakik.com\\\/wp-content\\\/uploads\\\/2025\\\/02\\\/InShot_20250202_163037529-scaled-740x420.jpg\",\"contentUrl\":\"https:\\\/\\\/kibrisdakik.com\\\/wp-content\\\/uploads\\\/2025\\\/02\\\/InShot_20250202_163037529-scaled-740x420.jpg\",\"width\":2560,\"height\":1439},{\"@type\":\"BreadcrumbList\",\"@id\":\"https:\\\/\\\/kibrisdakik.com\\\/?p=74876#breadcrumb\",\"itemListElement\":[{\"@type\":\"ListItem\",\"position\":1,\"name\":\"Home\",\"item\":\"https:\\\/\\\/kibrisdakik.com\\\/\"},{\"@type\":\"ListItem\",\"position\":2,\"name\":\"AKPA, Gazze\u2019deki insani krize acilen son verilmesi \u00e7a\u011fr\u0131s\u0131nda bulundu\"}]},{\"@type\":\"WebSite\",\"@id\":\"https:\\\/\\\/kibrisdakik.com\\\/#website\",\"url\":\"https:\\\/\\\/kibrisdakik.com\\\/\",\"name\":\"\",\"description\":\"Tam vaktinde haber\",\"potentialAction\":[{\"@type\":\"SearchAction\",\"target\":{\"@type\":\"EntryPoint\",\"urlTemplate\":\"https:\\\/\\\/kibrisdakik.com\\\/?s={search_term_string}\"},\"query-input\":{\"@type\":\"PropertyValueSpecification\",\"valueRequired\":true,\"valueName\":\"search_term_string\"}}],\"inLanguage\":\"tr\"},{\"@type\":\"Person\",\"@id\":\"https:\\\/\\\/kibrisdakik.com\\\/#\\\/schema\\\/person\\\/9cd9d437bbb44f72b73ba127e06d8e79\",\"name\":\"admin\",\"image\":{\"@type\":\"ImageObject\",\"inLanguage\":\"tr\",\"@id\":\"https:\\\/\\\/secure.gravatar.com\\\/avatar\\\/ccc17943b9d660506c869530f897617f7cb1c21a4bf30023f252596d83e1f007?s=96&d=mm&r=g\",\"url\":\"https:\\\/\\\/secure.gravatar.com\\\/avatar\\\/ccc17943b9d660506c869530f897617f7cb1c21a4bf30023f252596d83e1f007?s=96&d=mm&r=g\",\"contentUrl\":\"https:\\\/\\\/secure.gravatar.com\\\/avatar\\\/ccc17943b9d660506c869530f897617f7cb1c21a4bf30023f252596d83e1f007?s=96&d=mm&r=g\",\"caption\":\"admin\"},\"sameAs\":[\"https:\\\/\\\/kibrisdakik.com\"],\"url\":\"https:\\\/\\\/kibrisdakik.com\\\/?author=1\"}]}<\/script>\n<!-- \/ Yoast SEO plugin. -->","yoast_head_json":{"title":"AKPA, Gazze\u2019deki insani krize acilen son verilmesi \u00e7a\u011fr\u0131s\u0131nda bulundu -","robots":{"index":"index","follow":"follow","max-snippet":"max-snippet:-1","max-image-preview":"max-image-preview:large","max-video-preview":"max-video-preview:-1"},"canonical":"https:\/\/kibrisdakik.com\/?p=74876","og_locale":"tr_TR","og_type":"article","og_title":"AKPA, Gazze\u2019deki insani krize acilen son verilmesi \u00e7a\u011fr\u0131s\u0131nda bulundu -","og_description":"AKPA 28 Ocak 2025 tarihli Genel Kurul oturumunda Hollandal\u0131 Raport\u00f6r Saskia Kluit\u2019in haz\u0131rlad\u0131\u011f\u0131 \u201cGazze\u2019deki kad\u0131n, \u00e7ocuk ve rehineler i\u00e7in insani krizin mutlak ve acilen durdurulmas\u0131 ihtiyac\u0131\u201d konulu rapor ve karar\u0131 kabul etti. Karar\u2019da \u0130srail\u2019in Gazze\u2019ye 7 Ekim 2023 sonras\u0131 ba\u015flatt\u0131\u011f\u0131 ve 15 ay devam eden sald\u0131r\u0131lar\u0131n hayal edilemez bir insani krize neden oldu\u011fu, \u00f6zellikle masum","og_url":"https:\/\/kibrisdakik.com\/?p=74876","article_published_time":"2025-02-02T14:19:39+00:00","og_image":[{"width":2560,"height":1439,"url":"https:\/\/kibrisdakik.com\/wp-content\/uploads\/2025\/02\/InShot_20250202_163037529-scaled-740x420.jpg","type":"image\/jpeg"}],"author":"admin","twitter_card":"summary_large_image","twitter_misc":{"Yazan:":"admin","Tahmini okuma s\u00fcresi":"2 dakika"},"schema":{"@context":"https:\/\/schema.org","@graph":[{"@type":"Article","@id":"https:\/\/kibrisdakik.com\/?p=74876#article","isPartOf":{"@id":"https:\/\/kibrisdakik.com\/?p=74876"},"author":{"name":"admin","@id":"https:\/\/kibrisdakik.com\/#\/schema\/person\/9cd9d437bbb44f72b73ba127e06d8e79"},"headline":"AKPA, Gazze\u2019deki insani krize acilen son verilmesi \u00e7a\u011fr\u0131s\u0131nda bulundu","datePublished":"2025-02-02T14:19:39+00:00","mainEntityOfPage":{"@id":"https:\/\/kibrisdakik.com\/?p=74876"},"wordCount":434,"commentCount":0,"image":{"@id":"https:\/\/kibrisdakik.com\/?p=74876#primaryimage"},"thumbnailUrl":"https:\/\/kibrisdakik.com\/wp-content\/uploads\/2025\/02\/InShot_20250202_163037529-scaled-740x420.jpg","articleSection":["K\u0131br\u0131s","Man\u015fet"],"inLanguage":"tr","potentialAction":[{"@type":"CommentAction","name":"Comment","target":["https:\/\/kibrisdakik.com\/?p=74876#respond"]}]},{"@type":"WebPage","@id":"https:\/\/kibrisdakik.com\/?p=74876","url":"https:\/\/kibrisdakik.com\/?p=74876","name":"AKPA, Gazze\u2019deki insani krize acilen son verilmesi \u00e7a\u011fr\u0131s\u0131nda bulundu -","isPartOf":{"@id":"https:\/\/kibrisdakik.com\/#website"},"primaryImageOfPage":{"@id":"https:\/\/kibrisdakik.com\/?p=74876#primaryimage"},"image":{"@id":"https:\/\/kibrisdakik.com\/?p=74876#primaryimage"},"thumbnailUrl":"https:\/\/kibrisdakik.com\/wp-content\/uploads\/2025\/02\/InShot_20250202_163037529-scaled-740x420.jpg","datePublished":"2025-02-02T14:19:39+00:00","author":{"@id":"https:\/\/kibrisdakik.com\/#\/schema\/person\/9cd9d437bbb44f72b73ba127e06d8e79"},"breadcrumb":{"@id":"https:\/\/kibrisdakik.com\/?p=74876#breadcrumb"},"inLanguage":"tr","potentialAction":[{"@type":"ReadAction","target":["https:\/\/kibrisdakik.com\/?p=74876"]}]},{"@type":"ImageObject","inLanguage":"tr","@id":"https:\/\/kibrisdakik.com\/?p=74876#primaryimage","url":"https:\/\/kibrisdakik.com\/wp-content\/uploads\/2025\/02\/InShot_20250202_163037529-scaled-740x420.jpg","contentUrl":"https:\/\/kibrisdakik.com\/wp-content\/uploads\/2025\/02\/InShot_20250202_163037529-scaled-740x420.jpg","width":2560,"height":1439},{"@type":"BreadcrumbList","@id":"https:\/\/kibrisdakik.com\/?p=74876#breadcrumb","itemListElement":[{"@type":"ListItem","position":1,"name":"Home","item":"https:\/\/kibrisdakik.com\/"},{"@type":"ListItem","position":2,"name":"AKPA, Gazze\u2019deki insani krize acilen son verilmesi \u00e7a\u011fr\u0131s\u0131nda bulundu"}]},{"@type":"WebSite","@id":"https:\/\/kibrisdakik.com\/#website","url":"https:\/\/kibrisdakik.com\/","name":"","description":"Tam vaktinde haber","potentialAction":[{"@type":"SearchAction","target":{"@type":"EntryPoint","urlTemplate":"https:\/\/kibrisdakik.com\/?s={search_term_string}"},"query-input":{"@type":"PropertyValueSpecification","valueRequired":true,"valueName":"search_term_string"}}],"inLanguage":"tr"},{"@type":"Person","@id":"https:\/\/kibrisdakik.com\/#\/schema\/person\/9cd9d437bbb44f72b73ba127e06d8e79","name":"admin","image":{"@type":"ImageObject","inLanguage":"tr","@id":"https:\/\/secure.gravatar.com\/avatar\/ccc17943b9d660506c869530f897617f7cb1c21a4bf30023f252596d83e1f007?s=96&d=mm&r=g","url":"https:\/\/secure.gravatar.com\/avatar\/ccc17943b9d660506c869530f897617f7cb1c21a4bf30023f252596d83e1f007?s=96&d=mm&r=g","contentUrl":"https:\/\/secure.gravatar.com\/avatar\/ccc17943b9d660506c869530f897617f7cb1c21a4bf30023f252596d83e1f007?s=96&d=mm&r=g","caption":"admin"},"sameAs":["https:\/\/kibrisdakik.com"],"url":"https:\/\/kibrisdakik.com\/?author=1"}]}},"_links":{"self":[{"href":"https:\/\/kibrisdakik.com\/index.php?rest_route=\/wp\/v2\/posts\/74876","targetHints":{"allow":["GET"]}}],"collection":[{"href":"https:\/\/kibrisdakik.com\/index.php?rest_route=\/wp\/v2\/posts"}],"about":[{"href":"https:\/\/kibrisdakik.com\/index.php?rest_route=\/wp\/v2\/types\/post"}],"author":[{"embeddable":true,"href":"https:\/\/kibrisdakik.com\/index.php?rest_route=\/wp\/v2\/users\/1"}],"replies":[{"embeddable":true,"href":"https:\/\/kibrisdakik.com\/index.php?rest_route=%2Fwp%2Fv2%2Fcomments&post=74876"}],"version-history":[{"count":0,"href":"https:\/\/kibrisdakik.com\/index.php?rest_route=\/wp\/v2\/posts\/74876\/revisions"}],"wp:featuredmedia":[{"embeddable":true,"href":"https:\/\/kibrisdakik.com\/index.php?rest_route=\/wp\/v2\/media\/74877"}],"wp:attachment":[{"href":"https:\/\/kibrisdakik.com\/index.php?rest_route=%2Fwp%2Fv2%2Fmedia&parent=74876"}],"wp:term":[{"taxonomy":"category","embeddable":true,"href":"https:\/\/kibrisdakik.com\/index.php?rest_route=%2Fwp%2Fv2%2Fcategories&post=74876"},{"taxonomy":"post_tag","embeddable":true,"href":"https:\/\/kibrisdakik.com\/index.php?rest_route=%2Fwp%2Fv2%2Ftags&post=74876"}],"curies":[{"name":"wp","href":"https:\/\/api.w.org\/{rel}","templated":true}]}}