{"id":74896,"date":"2025-02-03T13:14:36","date_gmt":"2025-02-03T10:14:36","guid":{"rendered":"https:\/\/kibrisdakik.com\/index.php\/2025\/02\/03\/kktcden-turkiyeye-ilk-granul-lastik-ihracati-yapildi\/"},"modified":"2025-02-03T13:14:36","modified_gmt":"2025-02-03T10:14:36","slug":"kktcden-turkiyeye-ilk-granul-lastik-ihracati-yapildi","status":"publish","type":"post","link":"https:\/\/kibrisdakik.com\/?p=74896","title":{"rendered":"KKTC\u2019den T\u00fcrkiye\u2019ye ilk gran\u00fcl lastik ihracat\u0131 yap\u0131ld\u0131"},"content":{"rendered":"<div>\n<div class=\"mariselle-image-container center\">\n                                            <\/div>\n<p>\u00c7evre Koruma Dairesi\u2019nin yetkilendirdi\u011fi G\u00fcrda\u011f Entegre Geri D\u00f6n\u00fc\u015f\u00fcm Ltd, KKTC\u2019den T\u00fcrkiye\u2019ye ilk gran\u00fcl lastik ihracat\u0131n\u0131 ger\u00e7ekle\u015ftirdi.<\/p>\n<p>\u00c7evre Koruma Dairesi\u2019nin \u00f6nc\u00fcl\u00fc\u011f\u00fcnde \u00fclkede uzun s\u00fcredir biriken \u00f6mr\u00fcn\u00fc tamamlam\u0131\u015f ara\u00e7 lastikleri, G\u00fcrda\u011f Entegre Geri D\u00f6n\u00fc\u015f\u00fcm Ltd. taraf\u0131ndan i\u015flenerek metalsiz gran\u00fcl hammaddeye d\u00f6n\u00fc\u015ft\u00fcr\u00fcld\u00fc.<\/p>\n<p>Ba\u015fbakan Yard\u0131mc\u0131l\u0131\u011f\u0131 Turizm K\u00fclt\u00fcr Gen\u00e7lik ve \u00c7evre Bakanl\u0131\u011f\u0131 taraf\u0131ndan verilen bilgiye g\u00f6re, hammaddeye d\u00f6n\u00fc\u015fen gran\u00fcl lastikler T\u00fcrkiye\u2019deki \u00e7imento \u00fcreticilerinden \u00c7imsa\u2019ya ihra\u00e7 edildi. Yakla\u015f\u0131k 1600 ton gran\u00fcl lastik ge\u00e7ti\u011fimiz g\u00fcn Ma\u011fusa Liman\u0131\u2019ndan gemiye y\u00fcklenerek T\u00fcrkiye\u2019ye gitti.<\/p>\n<p>-Atao\u011flu: \u201cKKTC i\u00e7in \u00f6nemli bir d\u00f6n\u00fcm noktas\u0131\u201d<\/p>\n<p>Ba\u015fbakan Yard\u0131mc\u0131s\u0131 Turizm K\u00fclt\u00fcr Gen\u00e7lik ve \u00c7evre Bakan\u0131 Fikri Atao\u011flu, ihracat\u0131n hem \u00e7evreyi koruma hem de ekonomik de\u011fer yaratma a\u00e7\u0131s\u0131ndan KKTC i\u00e7in \u00f6nemli bir d\u00f6n\u00fcm noktas\u0131 oldu\u011funu vurgulad\u0131 ve \u201c\u00dclkede biriken at\u0131k lastiklerin \u00e7evreye zarar vermeden geri d\u00f6n\u00fc\u015ft\u00fcr\u00fclerek ekonomiye kazand\u0131r\u0131lmas\u0131 b\u00fcy\u00fck bir ba\u015far\u0131d\u0131r\u201d dedi.<\/p>\n<p>Geri d\u00f6n\u00fc\u015f\u00fcm s\u00fcreci sayesinde, do\u011faya zarar verebilecek at\u0131k lastikler bertaraf edilirken, ekonomiye de katk\u0131 sa\u011flanm\u0131\u015f oldu\u011funu kaydeden Atao\u011flu, \u201d KKTC\u2019nin at\u0131k y\u00f6netimi ve s\u00fcrd\u00fcr\u00fclebilir \u00e7evre politikalar\u0131 kapsam\u0131nda ilerleyen d\u00f6nemlerde benzer projelerin hayata ge\u00e7irilmesini de planl\u0131yoruz.\u201d diye konu\u015ftu.<\/p>\n<\/p><\/div>\n<p><script async\n                    defer\n                    crossorigin=\"anonymous\"\n                    src=\"https:\/\/connect.facebook.net\/tr_TR\/sdk.js#xfbml=1&#038;version=v3.3\"\n            ><\/script><\/p>\n","protected":false},"excerpt":{"rendered":"<p>\u00c7evre Koruma Dairesi\u2019nin yetkilendirdi\u011fi G\u00fcrda\u011f Entegre Geri D\u00f6n\u00fc\u015f\u00fcm Ltd, KKTC\u2019den T\u00fcrkiye\u2019ye ilk gran\u00fcl lastik ihracat\u0131n\u0131 ger\u00e7ekle\u015ftirdi. \u00c7evre Koruma Dairesi\u2019nin \u00f6nc\u00fcl\u00fc\u011f\u00fcnde \u00fclkede uzun s\u00fcredir biriken \u00f6mr\u00fcn\u00fc tamamlam\u0131\u015f ara\u00e7 lastikleri, G\u00fcrda\u011f Entegre Geri D\u00f6n\u00fc\u015f\u00fcm Ltd. taraf\u0131ndan i\u015flenerek metalsiz gran\u00fcl hammaddeye d\u00f6n\u00fc\u015ft\u00fcr\u00fcld\u00fc. Ba\u015fbakan Yard\u0131mc\u0131l\u0131\u011f\u0131 Turizm K\u00fclt\u00fcr Gen\u00e7lik ve \u00c7evre Bakanl\u0131\u011f\u0131 taraf\u0131ndan verilen bilgiye g\u00f6re, hammaddeye d\u00f6n\u00fc\u015fen gran\u00fcl lastikler<\/p>\n","protected":false},"author":1,"featured_media":74897,"comment_status":"open","ping_status":"open","sticky":false,"template":"","format":"standard","meta":{"footnotes":""},"categories":[81,101],"tags":[],"class_list":["post-74896","post","type-post","status-publish","format-standard","has-post-thumbnail","hentry","category-kibris","category-manset"],"yoast_head":"<!-- This site is optimized with the Yoast SEO plugin v27.5 - https:\/\/yoast.com\/product\/yoast-seo-wordpress\/ -->\n<title>KKTC\u2019den T\u00fcrkiye\u2019ye ilk gran\u00fcl lastik ihracat\u0131 yap\u0131ld\u0131 -<\/title>\n<meta name=\"robots\" content=\"index, follow, max-snippet:-1, max-image-preview:large, max-video-preview:-1\" \/>\n<link rel=\"canonical\" href=\"https:\/\/kibrisdakik.com\/?p=74896\" \/>\n<meta property=\"og:locale\" content=\"tr_TR\" \/>\n<meta property=\"og:type\" content=\"article\" \/>\n<meta property=\"og:title\" content=\"KKTC\u2019den T\u00fcrkiye\u2019ye ilk gran\u00fcl lastik ihracat\u0131 yap\u0131ld\u0131 -\" \/>\n<meta property=\"og:description\" content=\"\u00c7evre Koruma Dairesi\u2019nin yetkilendirdi\u011fi G\u00fcrda\u011f Entegre Geri D\u00f6n\u00fc\u015f\u00fcm Ltd, KKTC\u2019den T\u00fcrkiye\u2019ye ilk gran\u00fcl lastik ihracat\u0131n\u0131 ger\u00e7ekle\u015ftirdi. \u00c7evre Koruma Dairesi\u2019nin \u00f6nc\u00fcl\u00fc\u011f\u00fcnde \u00fclkede uzun s\u00fcredir biriken \u00f6mr\u00fcn\u00fc tamamlam\u0131\u015f ara\u00e7 lastikleri, G\u00fcrda\u011f Entegre Geri D\u00f6n\u00fc\u015f\u00fcm Ltd. taraf\u0131ndan i\u015flenerek metalsiz gran\u00fcl hammaddeye d\u00f6n\u00fc\u015ft\u00fcr\u00fcld\u00fc. Ba\u015fbakan Yard\u0131mc\u0131l\u0131\u011f\u0131 Turizm K\u00fclt\u00fcr Gen\u00e7lik ve \u00c7evre Bakanl\u0131\u011f\u0131 taraf\u0131ndan verilen bilgiye g\u00f6re, hammaddeye d\u00f6n\u00fc\u015fen gran\u00fcl lastikler\" \/>\n<meta property=\"og:url\" content=\"https:\/\/kibrisdakik.com\/?p=74896\" \/>\n<meta property=\"article:published_time\" content=\"2025-02-03T10:14:36+00:00\" \/>\n<meta property=\"og:image\" content=\"https:\/\/kibrisdakik.com\/wp-content\/uploads\/2025\/02\/1738572354579TURIZM-BAKANLIGI-LASTIK-2-740x420.jpg\" \/>\n\t<meta property=\"og:image:width\" content=\"1783\" \/>\n\t<meta property=\"og:image:height\" content=\"997\" \/>\n\t<meta property=\"og:image:type\" content=\"image\/jpeg\" \/>\n<meta name=\"author\" content=\"admin\" \/>\n<meta name=\"twitter:card\" content=\"summary_large_image\" \/>\n<meta name=\"twitter:label1\" content=\"Yazan:\" \/>\n\t<meta name=\"twitter:data1\" content=\"admin\" \/>\n\t<meta name=\"twitter:label2\" content=\"Tahmini okuma s\u00fcresi\" \/>\n\t<meta name=\"twitter:data2\" content=\"1 dakika\" \/>\n<script type=\"application\/ld+json\" class=\"yoast-schema-graph\">{\"@context\":\"https:\\\/\\\/schema.org\",\"@graph\":[{\"@type\":\"Article\",\"@id\":\"https:\\\/\\\/kibrisdakik.com\\\/?p=74896#article\",\"isPartOf\":{\"@id\":\"https:\\\/\\\/kibrisdakik.com\\\/?p=74896\"},\"author\":{\"name\":\"admin\",\"@id\":\"https:\\\/\\\/kibrisdakik.com\\\/#\\\/schema\\\/person\\\/9cd9d437bbb44f72b73ba127e06d8e79\"},\"headline\":\"KKTC\u2019den T\u00fcrkiye\u2019ye ilk gran\u00fcl lastik ihracat\u0131 yap\u0131ld\u0131\",\"datePublished\":\"2025-02-03T10:14:36+00:00\",\"mainEntityOfPage\":{\"@id\":\"https:\\\/\\\/kibrisdakik.com\\\/?p=74896\"},\"wordCount\":273,\"commentCount\":0,\"image\":{\"@id\":\"https:\\\/\\\/kibrisdakik.com\\\/?p=74896#primaryimage\"},\"thumbnailUrl\":\"https:\\\/\\\/kibrisdakik.com\\\/wp-content\\\/uploads\\\/2025\\\/02\\\/1738572354579TURIZM-BAKANLIGI-LASTIK-2-740x420.jpg\",\"articleSection\":[\"K\u0131br\u0131s\",\"Man\u015fet\"],\"inLanguage\":\"tr\",\"potentialAction\":[{\"@type\":\"CommentAction\",\"name\":\"Comment\",\"target\":[\"https:\\\/\\\/kibrisdakik.com\\\/?p=74896#respond\"]}]},{\"@type\":\"WebPage\",\"@id\":\"https:\\\/\\\/kibrisdakik.com\\\/?p=74896\",\"url\":\"https:\\\/\\\/kibrisdakik.com\\\/?p=74896\",\"name\":\"KKTC\u2019den T\u00fcrkiye\u2019ye ilk gran\u00fcl lastik ihracat\u0131 yap\u0131ld\u0131 -\",\"isPartOf\":{\"@id\":\"https:\\\/\\\/kibrisdakik.com\\\/#website\"},\"primaryImageOfPage\":{\"@id\":\"https:\\\/\\\/kibrisdakik.com\\\/?p=74896#primaryimage\"},\"image\":{\"@id\":\"https:\\\/\\\/kibrisdakik.com\\\/?p=74896#primaryimage\"},\"thumbnailUrl\":\"https:\\\/\\\/kibrisdakik.com\\\/wp-content\\\/uploads\\\/2025\\\/02\\\/1738572354579TURIZM-BAKANLIGI-LASTIK-2-740x420.jpg\",\"datePublished\":\"2025-02-03T10:14:36+00:00\",\"author\":{\"@id\":\"https:\\\/\\\/kibrisdakik.com\\\/#\\\/schema\\\/person\\\/9cd9d437bbb44f72b73ba127e06d8e79\"},\"breadcrumb\":{\"@id\":\"https:\\\/\\\/kibrisdakik.com\\\/?p=74896#breadcrumb\"},\"inLanguage\":\"tr\",\"potentialAction\":[{\"@type\":\"ReadAction\",\"target\":[\"https:\\\/\\\/kibrisdakik.com\\\/?p=74896\"]}]},{\"@type\":\"ImageObject\",\"inLanguage\":\"tr\",\"@id\":\"https:\\\/\\\/kibrisdakik.com\\\/?p=74896#primaryimage\",\"url\":\"https:\\\/\\\/kibrisdakik.com\\\/wp-content\\\/uploads\\\/2025\\\/02\\\/1738572354579TURIZM-BAKANLIGI-LASTIK-2-740x420.jpg\",\"contentUrl\":\"https:\\\/\\\/kibrisdakik.com\\\/wp-content\\\/uploads\\\/2025\\\/02\\\/1738572354579TURIZM-BAKANLIGI-LASTIK-2-740x420.jpg\",\"width\":1783,\"height\":997},{\"@type\":\"BreadcrumbList\",\"@id\":\"https:\\\/\\\/kibrisdakik.com\\\/?p=74896#breadcrumb\",\"itemListElement\":[{\"@type\":\"ListItem\",\"position\":1,\"name\":\"Home\",\"item\":\"https:\\\/\\\/kibrisdakik.com\\\/\"},{\"@type\":\"ListItem\",\"position\":2,\"name\":\"KKTC\u2019den T\u00fcrkiye\u2019ye ilk gran\u00fcl lastik ihracat\u0131 yap\u0131ld\u0131\"}]},{\"@type\":\"WebSite\",\"@id\":\"https:\\\/\\\/kibrisdakik.com\\\/#website\",\"url\":\"https:\\\/\\\/kibrisdakik.com\\\/\",\"name\":\"\",\"description\":\"Tam vaktinde haber\",\"potentialAction\":[{\"@type\":\"SearchAction\",\"target\":{\"@type\":\"EntryPoint\",\"urlTemplate\":\"https:\\\/\\\/kibrisdakik.com\\\/?s={search_term_string}\"},\"query-input\":{\"@type\":\"PropertyValueSpecification\",\"valueRequired\":true,\"valueName\":\"search_term_string\"}}],\"inLanguage\":\"tr\"},{\"@type\":\"Person\",\"@id\":\"https:\\\/\\\/kibrisdakik.com\\\/#\\\/schema\\\/person\\\/9cd9d437bbb44f72b73ba127e06d8e79\",\"name\":\"admin\",\"image\":{\"@type\":\"ImageObject\",\"inLanguage\":\"tr\",\"@id\":\"https:\\\/\\\/secure.gravatar.com\\\/avatar\\\/ccc17943b9d660506c869530f897617f7cb1c21a4bf30023f252596d83e1f007?s=96&d=mm&r=g\",\"url\":\"https:\\\/\\\/secure.gravatar.com\\\/avatar\\\/ccc17943b9d660506c869530f897617f7cb1c21a4bf30023f252596d83e1f007?s=96&d=mm&r=g\",\"contentUrl\":\"https:\\\/\\\/secure.gravatar.com\\\/avatar\\\/ccc17943b9d660506c869530f897617f7cb1c21a4bf30023f252596d83e1f007?s=96&d=mm&r=g\",\"caption\":\"admin\"},\"sameAs\":[\"https:\\\/\\\/kibrisdakik.com\"],\"url\":\"https:\\\/\\\/kibrisdakik.com\\\/?author=1\"}]}<\/script>\n<!-- \/ Yoast SEO plugin. -->","yoast_head_json":{"title":"KKTC\u2019den T\u00fcrkiye\u2019ye ilk gran\u00fcl lastik ihracat\u0131 yap\u0131ld\u0131 -","robots":{"index":"index","follow":"follow","max-snippet":"max-snippet:-1","max-image-preview":"max-image-preview:large","max-video-preview":"max-video-preview:-1"},"canonical":"https:\/\/kibrisdakik.com\/?p=74896","og_locale":"tr_TR","og_type":"article","og_title":"KKTC\u2019den T\u00fcrkiye\u2019ye ilk gran\u00fcl lastik ihracat\u0131 yap\u0131ld\u0131 -","og_description":"\u00c7evre Koruma Dairesi\u2019nin yetkilendirdi\u011fi G\u00fcrda\u011f Entegre Geri D\u00f6n\u00fc\u015f\u00fcm Ltd, KKTC\u2019den T\u00fcrkiye\u2019ye ilk gran\u00fcl lastik ihracat\u0131n\u0131 ger\u00e7ekle\u015ftirdi. \u00c7evre Koruma Dairesi\u2019nin \u00f6nc\u00fcl\u00fc\u011f\u00fcnde \u00fclkede uzun s\u00fcredir biriken \u00f6mr\u00fcn\u00fc tamamlam\u0131\u015f ara\u00e7 lastikleri, G\u00fcrda\u011f Entegre Geri D\u00f6n\u00fc\u015f\u00fcm Ltd. taraf\u0131ndan i\u015flenerek metalsiz gran\u00fcl hammaddeye d\u00f6n\u00fc\u015ft\u00fcr\u00fcld\u00fc. Ba\u015fbakan Yard\u0131mc\u0131l\u0131\u011f\u0131 Turizm K\u00fclt\u00fcr Gen\u00e7lik ve \u00c7evre Bakanl\u0131\u011f\u0131 taraf\u0131ndan verilen bilgiye g\u00f6re, hammaddeye d\u00f6n\u00fc\u015fen gran\u00fcl lastikler","og_url":"https:\/\/kibrisdakik.com\/?p=74896","article_published_time":"2025-02-03T10:14:36+00:00","og_image":[{"width":1783,"height":997,"url":"https:\/\/kibrisdakik.com\/wp-content\/uploads\/2025\/02\/1738572354579TURIZM-BAKANLIGI-LASTIK-2-740x420.jpg","type":"image\/jpeg"}],"author":"admin","twitter_card":"summary_large_image","twitter_misc":{"Yazan:":"admin","Tahmini okuma s\u00fcresi":"1 dakika"},"schema":{"@context":"https:\/\/schema.org","@graph":[{"@type":"Article","@id":"https:\/\/kibrisdakik.com\/?p=74896#article","isPartOf":{"@id":"https:\/\/kibrisdakik.com\/?p=74896"},"author":{"name":"admin","@id":"https:\/\/kibrisdakik.com\/#\/schema\/person\/9cd9d437bbb44f72b73ba127e06d8e79"},"headline":"KKTC\u2019den T\u00fcrkiye\u2019ye ilk gran\u00fcl lastik ihracat\u0131 yap\u0131ld\u0131","datePublished":"2025-02-03T10:14:36+00:00","mainEntityOfPage":{"@id":"https:\/\/kibrisdakik.com\/?p=74896"},"wordCount":273,"commentCount":0,"image":{"@id":"https:\/\/kibrisdakik.com\/?p=74896#primaryimage"},"thumbnailUrl":"https:\/\/kibrisdakik.com\/wp-content\/uploads\/2025\/02\/1738572354579TURIZM-BAKANLIGI-LASTIK-2-740x420.jpg","articleSection":["K\u0131br\u0131s","Man\u015fet"],"inLanguage":"tr","potentialAction":[{"@type":"CommentAction","name":"Comment","target":["https:\/\/kibrisdakik.com\/?p=74896#respond"]}]},{"@type":"WebPage","@id":"https:\/\/kibrisdakik.com\/?p=74896","url":"https:\/\/kibrisdakik.com\/?p=74896","name":"KKTC\u2019den T\u00fcrkiye\u2019ye ilk gran\u00fcl lastik ihracat\u0131 yap\u0131ld\u0131 -","isPartOf":{"@id":"https:\/\/kibrisdakik.com\/#website"},"primaryImageOfPage":{"@id":"https:\/\/kibrisdakik.com\/?p=74896#primaryimage"},"image":{"@id":"https:\/\/kibrisdakik.com\/?p=74896#primaryimage"},"thumbnailUrl":"https:\/\/kibrisdakik.com\/wp-content\/uploads\/2025\/02\/1738572354579TURIZM-BAKANLIGI-LASTIK-2-740x420.jpg","datePublished":"2025-02-03T10:14:36+00:00","author":{"@id":"https:\/\/kibrisdakik.com\/#\/schema\/person\/9cd9d437bbb44f72b73ba127e06d8e79"},"breadcrumb":{"@id":"https:\/\/kibrisdakik.com\/?p=74896#breadcrumb"},"inLanguage":"tr","potentialAction":[{"@type":"ReadAction","target":["https:\/\/kibrisdakik.com\/?p=74896"]}]},{"@type":"ImageObject","inLanguage":"tr","@id":"https:\/\/kibrisdakik.com\/?p=74896#primaryimage","url":"https:\/\/kibrisdakik.com\/wp-content\/uploads\/2025\/02\/1738572354579TURIZM-BAKANLIGI-LASTIK-2-740x420.jpg","contentUrl":"https:\/\/kibrisdakik.com\/wp-content\/uploads\/2025\/02\/1738572354579TURIZM-BAKANLIGI-LASTIK-2-740x420.jpg","width":1783,"height":997},{"@type":"BreadcrumbList","@id":"https:\/\/kibrisdakik.com\/?p=74896#breadcrumb","itemListElement":[{"@type":"ListItem","position":1,"name":"Home","item":"https:\/\/kibrisdakik.com\/"},{"@type":"ListItem","position":2,"name":"KKTC\u2019den T\u00fcrkiye\u2019ye ilk gran\u00fcl lastik ihracat\u0131 yap\u0131ld\u0131"}]},{"@type":"WebSite","@id":"https:\/\/kibrisdakik.com\/#website","url":"https:\/\/kibrisdakik.com\/","name":"","description":"Tam vaktinde haber","potentialAction":[{"@type":"SearchAction","target":{"@type":"EntryPoint","urlTemplate":"https:\/\/kibrisdakik.com\/?s={search_term_string}"},"query-input":{"@type":"PropertyValueSpecification","valueRequired":true,"valueName":"search_term_string"}}],"inLanguage":"tr"},{"@type":"Person","@id":"https:\/\/kibrisdakik.com\/#\/schema\/person\/9cd9d437bbb44f72b73ba127e06d8e79","name":"admin","image":{"@type":"ImageObject","inLanguage":"tr","@id":"https:\/\/secure.gravatar.com\/avatar\/ccc17943b9d660506c869530f897617f7cb1c21a4bf30023f252596d83e1f007?s=96&d=mm&r=g","url":"https:\/\/secure.gravatar.com\/avatar\/ccc17943b9d660506c869530f897617f7cb1c21a4bf30023f252596d83e1f007?s=96&d=mm&r=g","contentUrl":"https:\/\/secure.gravatar.com\/avatar\/ccc17943b9d660506c869530f897617f7cb1c21a4bf30023f252596d83e1f007?s=96&d=mm&r=g","caption":"admin"},"sameAs":["https:\/\/kibrisdakik.com"],"url":"https:\/\/kibrisdakik.com\/?author=1"}]}},"_links":{"self":[{"href":"https:\/\/kibrisdakik.com\/index.php?rest_route=\/wp\/v2\/posts\/74896","targetHints":{"allow":["GET"]}}],"collection":[{"href":"https:\/\/kibrisdakik.com\/index.php?rest_route=\/wp\/v2\/posts"}],"about":[{"href":"https:\/\/kibrisdakik.com\/index.php?rest_route=\/wp\/v2\/types\/post"}],"author":[{"embeddable":true,"href":"https:\/\/kibrisdakik.com\/index.php?rest_route=\/wp\/v2\/users\/1"}],"replies":[{"embeddable":true,"href":"https:\/\/kibrisdakik.com\/index.php?rest_route=%2Fwp%2Fv2%2Fcomments&post=74896"}],"version-history":[{"count":0,"href":"https:\/\/kibrisdakik.com\/index.php?rest_route=\/wp\/v2\/posts\/74896\/revisions"}],"wp:featuredmedia":[{"embeddable":true,"href":"https:\/\/kibrisdakik.com\/index.php?rest_route=\/wp\/v2\/media\/74897"}],"wp:attachment":[{"href":"https:\/\/kibrisdakik.com\/index.php?rest_route=%2Fwp%2Fv2%2Fmedia&parent=74896"}],"wp:term":[{"taxonomy":"category","embeddable":true,"href":"https:\/\/kibrisdakik.com\/index.php?rest_route=%2Fwp%2Fv2%2Fcategories&post=74896"},{"taxonomy":"post_tag","embeddable":true,"href":"https:\/\/kibrisdakik.com\/index.php?rest_route=%2Fwp%2Fv2%2Ftags&post=74896"}],"curies":[{"name":"wp","href":"https:\/\/api.w.org\/{rel}","templated":true}]}}