{"id":74938,"date":"2025-02-03T19:44:56","date_gmt":"2025-02-03T16:44:56","guid":{"rendered":"https:\/\/kibrisdakik.com\/index.php\/2025\/02\/03\/ltb-bugunden-itibaren-5-subat-tarihine-kadar-ortakoydeki-ogretmenler-caddesinde-su-altyapi-calismasi-gerceklestiriyor\/"},"modified":"2025-02-03T19:44:56","modified_gmt":"2025-02-03T16:44:56","slug":"ltb-bugunden-itibaren-5-subat-tarihine-kadar-ortakoydeki-ogretmenler-caddesinde-su-altyapi-calismasi-gerceklestiriyor","status":"publish","type":"post","link":"https:\/\/kibrisdakik.com\/?p=74938","title":{"rendered":"LTB, bug\u00fcnden itibaren 5 \u015eubat tarihine kadar Ortak\u00f6y\u2019deki \u00d6\u011fretmenler Caddesi\u2019nde su altyap\u0131 \u00e7al\u0131\u015fmas\u0131 ger\u00e7ekle\u015ftiriyor"},"content":{"rendered":"<div>\n<div class=\"mariselle-image-container center\">\n                                            <\/div>\n<p>\nLefko\u015fa T\u00fcrk Belediyesi (LTB), Ortak\u00f6y\u2019deki \u00d6\u011fretmenler Caddesi\u2019nde bug\u00fcnden itibaren 5 \u015eubat tarihine kadar su altyap\u0131 \u00e7al\u0131\u015fmas\u0131 ger\u00e7ekle\u015ftirilece\u011fini a\u00e7\u0131klad\u0131.<\/p>\n<p>LTB\u2019den yap\u0131lan yaz\u0131l\u0131 a\u00e7\u0131klamaya g\u00f6re, Kaymakl\u0131, K\u0131z\u0131lba\u015f, Gelibolu, Yeni\u015fehir, \u00c7a\u011flayan, Kumsal, Metehan, Kermiya b\u00f6lgeleri ve Yavuz Gonnolu Sokak civar\u0131nda yap\u0131lacak \u00e7al\u0131\u015fmalar nedeniyle bug\u00fcnden itibaren 5 \u015eubat tarihine kadar su kesintisi olacak.<\/p>\n<p>A\u00e7\u0131klamada, bu b\u00f6lgelerde ikamet eden yurtta\u015flar\u0131n \u00e7al\u0131\u015fmalar boyunca suyu idareli kullanmalar\u0131 istendi.<\/p>\n<\/p><\/div>\n<p><script async\n                    defer\n                    crossorigin=\"anonymous\"\n                    src=\"https:\/\/connect.facebook.net\/tr_TR\/sdk.js#xfbml=1&#038;version=v3.3\"\n            ><\/script><\/p>\n","protected":false},"excerpt":{"rendered":"<p>Lefko\u015fa T\u00fcrk Belediyesi (LTB), Ortak\u00f6y\u2019deki \u00d6\u011fretmenler Caddesi\u2019nde bug\u00fcnden itibaren 5 \u015eubat tarihine kadar su altyap\u0131 \u00e7al\u0131\u015fmas\u0131 ger\u00e7ekle\u015ftirilece\u011fini a\u00e7\u0131klad\u0131. LTB\u2019den yap\u0131lan yaz\u0131l\u0131 a\u00e7\u0131klamaya g\u00f6re, Kaymakl\u0131, K\u0131z\u0131lba\u015f, Gelibolu, Yeni\u015fehir, \u00c7a\u011flayan, Kumsal, Metehan, Kermiya b\u00f6lgeleri ve Yavuz Gonnolu Sokak civar\u0131nda yap\u0131lacak \u00e7al\u0131\u015fmalar nedeniyle bug\u00fcnden itibaren 5 \u015eubat tarihine kadar su kesintisi olacak. A\u00e7\u0131klamada, bu b\u00f6lgelerde ikamet eden yurtta\u015flar\u0131n<\/p>\n","protected":false},"author":1,"featured_media":74939,"comment_status":"open","ping_status":"open","sticky":false,"template":"","format":"standard","meta":{"footnotes":""},"categories":[81,101],"tags":[],"class_list":["post-74938","post","type-post","status-publish","format-standard","has-post-thumbnail","hentry","category-kibris","category-manset"],"yoast_head":"<!-- This site is optimized with the Yoast SEO plugin v27.5 - https:\/\/yoast.com\/product\/yoast-seo-wordpress\/ -->\n<title>LTB, bug\u00fcnden itibaren 5 \u015eubat tarihine kadar Ortak\u00f6y\u2019deki \u00d6\u011fretmenler Caddesi\u2019nde su altyap\u0131 \u00e7al\u0131\u015fmas\u0131 ger\u00e7ekle\u015ftiriyor -<\/title>\n<meta name=\"robots\" content=\"index, follow, max-snippet:-1, max-image-preview:large, max-video-preview:-1\" \/>\n<link rel=\"canonical\" href=\"https:\/\/kibrisdakik.com\/?p=74938\" \/>\n<meta property=\"og:locale\" content=\"tr_TR\" \/>\n<meta property=\"og:type\" content=\"article\" \/>\n<meta property=\"og:title\" content=\"LTB, bug\u00fcnden itibaren 5 \u015eubat tarihine kadar Ortak\u00f6y\u2019deki \u00d6\u011fretmenler Caddesi\u2019nde su altyap\u0131 \u00e7al\u0131\u015fmas\u0131 ger\u00e7ekle\u015ftiriyor -\" \/>\n<meta property=\"og:description\" content=\"Lefko\u015fa T\u00fcrk Belediyesi (LTB), Ortak\u00f6y\u2019deki \u00d6\u011fretmenler Caddesi\u2019nde bug\u00fcnden itibaren 5 \u015eubat tarihine kadar su altyap\u0131 \u00e7al\u0131\u015fmas\u0131 ger\u00e7ekle\u015ftirilece\u011fini a\u00e7\u0131klad\u0131. LTB\u2019den yap\u0131lan yaz\u0131l\u0131 a\u00e7\u0131klamaya g\u00f6re, Kaymakl\u0131, K\u0131z\u0131lba\u015f, Gelibolu, Yeni\u015fehir, \u00c7a\u011flayan, Kumsal, Metehan, Kermiya b\u00f6lgeleri ve Yavuz Gonnolu Sokak civar\u0131nda yap\u0131lacak \u00e7al\u0131\u015fmalar nedeniyle bug\u00fcnden itibaren 5 \u015eubat tarihine kadar su kesintisi olacak. A\u00e7\u0131klamada, bu b\u00f6lgelerde ikamet eden yurtta\u015flar\u0131n\" \/>\n<meta property=\"og:url\" content=\"https:\/\/kibrisdakik.com\/?p=74938\" \/>\n<meta property=\"article:published_time\" content=\"2025-02-03T16:44:56+00:00\" \/>\n<meta property=\"og:image\" content=\"https:\/\/kibrisdakik.com\/wp-content\/uploads\/2025\/02\/1738580442815LTB-duyuru-740x418.jpg\" \/>\n\t<meta property=\"og:image:width\" content=\"800\" \/>\n\t<meta property=\"og:image:height\" content=\"418\" \/>\n\t<meta property=\"og:image:type\" content=\"image\/jpeg\" \/>\n<meta name=\"author\" content=\"admin\" \/>\n<meta name=\"twitter:card\" content=\"summary_large_image\" \/>\n<meta name=\"twitter:label1\" content=\"Yazan:\" \/>\n\t<meta name=\"twitter:data1\" content=\"admin\" \/>\n<script type=\"application\/ld+json\" class=\"yoast-schema-graph\">{\"@context\":\"https:\\\/\\\/schema.org\",\"@graph\":[{\"@type\":\"Article\",\"@id\":\"https:\\\/\\\/kibrisdakik.com\\\/?p=74938#article\",\"isPartOf\":{\"@id\":\"https:\\\/\\\/kibrisdakik.com\\\/?p=74938\"},\"author\":{\"name\":\"admin\",\"@id\":\"https:\\\/\\\/kibrisdakik.com\\\/#\\\/schema\\\/person\\\/9cd9d437bbb44f72b73ba127e06d8e79\"},\"headline\":\"LTB, bug\u00fcnden itibaren 5 \u015eubat tarihine kadar Ortak\u00f6y\u2019deki \u00d6\u011fretmenler Caddesi\u2019nde su altyap\u0131 \u00e7al\u0131\u015fmas\u0131 ger\u00e7ekle\u015ftiriyor\",\"datePublished\":\"2025-02-03T16:44:56+00:00\",\"mainEntityOfPage\":{\"@id\":\"https:\\\/\\\/kibrisdakik.com\\\/?p=74938\"},\"wordCount\":109,\"commentCount\":0,\"image\":{\"@id\":\"https:\\\/\\\/kibrisdakik.com\\\/?p=74938#primaryimage\"},\"thumbnailUrl\":\"https:\\\/\\\/kibrisdakik.com\\\/wp-content\\\/uploads\\\/2025\\\/02\\\/1738580442815LTB-duyuru-740x418.jpg\",\"articleSection\":[\"K\u0131br\u0131s\",\"Man\u015fet\"],\"inLanguage\":\"tr\",\"potentialAction\":[{\"@type\":\"CommentAction\",\"name\":\"Comment\",\"target\":[\"https:\\\/\\\/kibrisdakik.com\\\/?p=74938#respond\"]}]},{\"@type\":\"WebPage\",\"@id\":\"https:\\\/\\\/kibrisdakik.com\\\/?p=74938\",\"url\":\"https:\\\/\\\/kibrisdakik.com\\\/?p=74938\",\"name\":\"LTB, bug\u00fcnden itibaren 5 \u015eubat tarihine kadar Ortak\u00f6y\u2019deki \u00d6\u011fretmenler Caddesi\u2019nde su altyap\u0131 \u00e7al\u0131\u015fmas\u0131 ger\u00e7ekle\u015ftiriyor -\",\"isPartOf\":{\"@id\":\"https:\\\/\\\/kibrisdakik.com\\\/#website\"},\"primaryImageOfPage\":{\"@id\":\"https:\\\/\\\/kibrisdakik.com\\\/?p=74938#primaryimage\"},\"image\":{\"@id\":\"https:\\\/\\\/kibrisdakik.com\\\/?p=74938#primaryimage\"},\"thumbnailUrl\":\"https:\\\/\\\/kibrisdakik.com\\\/wp-content\\\/uploads\\\/2025\\\/02\\\/1738580442815LTB-duyuru-740x418.jpg\",\"datePublished\":\"2025-02-03T16:44:56+00:00\",\"author\":{\"@id\":\"https:\\\/\\\/kibrisdakik.com\\\/#\\\/schema\\\/person\\\/9cd9d437bbb44f72b73ba127e06d8e79\"},\"breadcrumb\":{\"@id\":\"https:\\\/\\\/kibrisdakik.com\\\/?p=74938#breadcrumb\"},\"inLanguage\":\"tr\",\"potentialAction\":[{\"@type\":\"ReadAction\",\"target\":[\"https:\\\/\\\/kibrisdakik.com\\\/?p=74938\"]}]},{\"@type\":\"ImageObject\",\"inLanguage\":\"tr\",\"@id\":\"https:\\\/\\\/kibrisdakik.com\\\/?p=74938#primaryimage\",\"url\":\"https:\\\/\\\/kibrisdakik.com\\\/wp-content\\\/uploads\\\/2025\\\/02\\\/1738580442815LTB-duyuru-740x418.jpg\",\"contentUrl\":\"https:\\\/\\\/kibrisdakik.com\\\/wp-content\\\/uploads\\\/2025\\\/02\\\/1738580442815LTB-duyuru-740x418.jpg\",\"width\":800,\"height\":418},{\"@type\":\"BreadcrumbList\",\"@id\":\"https:\\\/\\\/kibrisdakik.com\\\/?p=74938#breadcrumb\",\"itemListElement\":[{\"@type\":\"ListItem\",\"position\":1,\"name\":\"Home\",\"item\":\"https:\\\/\\\/kibrisdakik.com\\\/\"},{\"@type\":\"ListItem\",\"position\":2,\"name\":\"LTB, bug\u00fcnden itibaren 5 \u015eubat tarihine kadar Ortak\u00f6y\u2019deki \u00d6\u011fretmenler Caddesi\u2019nde su altyap\u0131 \u00e7al\u0131\u015fmas\u0131 ger\u00e7ekle\u015ftiriyor\"}]},{\"@type\":\"WebSite\",\"@id\":\"https:\\\/\\\/kibrisdakik.com\\\/#website\",\"url\":\"https:\\\/\\\/kibrisdakik.com\\\/\",\"name\":\"\",\"description\":\"Tam vaktinde haber\",\"potentialAction\":[{\"@type\":\"SearchAction\",\"target\":{\"@type\":\"EntryPoint\",\"urlTemplate\":\"https:\\\/\\\/kibrisdakik.com\\\/?s={search_term_string}\"},\"query-input\":{\"@type\":\"PropertyValueSpecification\",\"valueRequired\":true,\"valueName\":\"search_term_string\"}}],\"inLanguage\":\"tr\"},{\"@type\":\"Person\",\"@id\":\"https:\\\/\\\/kibrisdakik.com\\\/#\\\/schema\\\/person\\\/9cd9d437bbb44f72b73ba127e06d8e79\",\"name\":\"admin\",\"image\":{\"@type\":\"ImageObject\",\"inLanguage\":\"tr\",\"@id\":\"https:\\\/\\\/secure.gravatar.com\\\/avatar\\\/ccc17943b9d660506c869530f897617f7cb1c21a4bf30023f252596d83e1f007?s=96&d=mm&r=g\",\"url\":\"https:\\\/\\\/secure.gravatar.com\\\/avatar\\\/ccc17943b9d660506c869530f897617f7cb1c21a4bf30023f252596d83e1f007?s=96&d=mm&r=g\",\"contentUrl\":\"https:\\\/\\\/secure.gravatar.com\\\/avatar\\\/ccc17943b9d660506c869530f897617f7cb1c21a4bf30023f252596d83e1f007?s=96&d=mm&r=g\",\"caption\":\"admin\"},\"sameAs\":[\"https:\\\/\\\/kibrisdakik.com\"],\"url\":\"https:\\\/\\\/kibrisdakik.com\\\/?author=1\"}]}<\/script>\n<!-- \/ Yoast SEO plugin. -->","yoast_head_json":{"title":"LTB, bug\u00fcnden itibaren 5 \u015eubat tarihine kadar Ortak\u00f6y\u2019deki \u00d6\u011fretmenler Caddesi\u2019nde su altyap\u0131 \u00e7al\u0131\u015fmas\u0131 ger\u00e7ekle\u015ftiriyor -","robots":{"index":"index","follow":"follow","max-snippet":"max-snippet:-1","max-image-preview":"max-image-preview:large","max-video-preview":"max-video-preview:-1"},"canonical":"https:\/\/kibrisdakik.com\/?p=74938","og_locale":"tr_TR","og_type":"article","og_title":"LTB, bug\u00fcnden itibaren 5 \u015eubat tarihine kadar Ortak\u00f6y\u2019deki \u00d6\u011fretmenler Caddesi\u2019nde su altyap\u0131 \u00e7al\u0131\u015fmas\u0131 ger\u00e7ekle\u015ftiriyor -","og_description":"Lefko\u015fa T\u00fcrk Belediyesi (LTB), Ortak\u00f6y\u2019deki \u00d6\u011fretmenler Caddesi\u2019nde bug\u00fcnden itibaren 5 \u015eubat tarihine kadar su altyap\u0131 \u00e7al\u0131\u015fmas\u0131 ger\u00e7ekle\u015ftirilece\u011fini a\u00e7\u0131klad\u0131. LTB\u2019den yap\u0131lan yaz\u0131l\u0131 a\u00e7\u0131klamaya g\u00f6re, Kaymakl\u0131, K\u0131z\u0131lba\u015f, Gelibolu, Yeni\u015fehir, \u00c7a\u011flayan, Kumsal, Metehan, Kermiya b\u00f6lgeleri ve Yavuz Gonnolu Sokak civar\u0131nda yap\u0131lacak \u00e7al\u0131\u015fmalar nedeniyle bug\u00fcnden itibaren 5 \u015eubat tarihine kadar su kesintisi olacak. A\u00e7\u0131klamada, bu b\u00f6lgelerde ikamet eden yurtta\u015flar\u0131n","og_url":"https:\/\/kibrisdakik.com\/?p=74938","article_published_time":"2025-02-03T16:44:56+00:00","og_image":[{"width":800,"height":418,"url":"https:\/\/kibrisdakik.com\/wp-content\/uploads\/2025\/02\/1738580442815LTB-duyuru-740x418.jpg","type":"image\/jpeg"}],"author":"admin","twitter_card":"summary_large_image","twitter_misc":{"Yazan:":"admin"},"schema":{"@context":"https:\/\/schema.org","@graph":[{"@type":"Article","@id":"https:\/\/kibrisdakik.com\/?p=74938#article","isPartOf":{"@id":"https:\/\/kibrisdakik.com\/?p=74938"},"author":{"name":"admin","@id":"https:\/\/kibrisdakik.com\/#\/schema\/person\/9cd9d437bbb44f72b73ba127e06d8e79"},"headline":"LTB, bug\u00fcnden itibaren 5 \u015eubat tarihine kadar Ortak\u00f6y\u2019deki \u00d6\u011fretmenler Caddesi\u2019nde su altyap\u0131 \u00e7al\u0131\u015fmas\u0131 ger\u00e7ekle\u015ftiriyor","datePublished":"2025-02-03T16:44:56+00:00","mainEntityOfPage":{"@id":"https:\/\/kibrisdakik.com\/?p=74938"},"wordCount":109,"commentCount":0,"image":{"@id":"https:\/\/kibrisdakik.com\/?p=74938#primaryimage"},"thumbnailUrl":"https:\/\/kibrisdakik.com\/wp-content\/uploads\/2025\/02\/1738580442815LTB-duyuru-740x418.jpg","articleSection":["K\u0131br\u0131s","Man\u015fet"],"inLanguage":"tr","potentialAction":[{"@type":"CommentAction","name":"Comment","target":["https:\/\/kibrisdakik.com\/?p=74938#respond"]}]},{"@type":"WebPage","@id":"https:\/\/kibrisdakik.com\/?p=74938","url":"https:\/\/kibrisdakik.com\/?p=74938","name":"LTB, bug\u00fcnden itibaren 5 \u015eubat tarihine kadar Ortak\u00f6y\u2019deki \u00d6\u011fretmenler Caddesi\u2019nde su altyap\u0131 \u00e7al\u0131\u015fmas\u0131 ger\u00e7ekle\u015ftiriyor -","isPartOf":{"@id":"https:\/\/kibrisdakik.com\/#website"},"primaryImageOfPage":{"@id":"https:\/\/kibrisdakik.com\/?p=74938#primaryimage"},"image":{"@id":"https:\/\/kibrisdakik.com\/?p=74938#primaryimage"},"thumbnailUrl":"https:\/\/kibrisdakik.com\/wp-content\/uploads\/2025\/02\/1738580442815LTB-duyuru-740x418.jpg","datePublished":"2025-02-03T16:44:56+00:00","author":{"@id":"https:\/\/kibrisdakik.com\/#\/schema\/person\/9cd9d437bbb44f72b73ba127e06d8e79"},"breadcrumb":{"@id":"https:\/\/kibrisdakik.com\/?p=74938#breadcrumb"},"inLanguage":"tr","potentialAction":[{"@type":"ReadAction","target":["https:\/\/kibrisdakik.com\/?p=74938"]}]},{"@type":"ImageObject","inLanguage":"tr","@id":"https:\/\/kibrisdakik.com\/?p=74938#primaryimage","url":"https:\/\/kibrisdakik.com\/wp-content\/uploads\/2025\/02\/1738580442815LTB-duyuru-740x418.jpg","contentUrl":"https:\/\/kibrisdakik.com\/wp-content\/uploads\/2025\/02\/1738580442815LTB-duyuru-740x418.jpg","width":800,"height":418},{"@type":"BreadcrumbList","@id":"https:\/\/kibrisdakik.com\/?p=74938#breadcrumb","itemListElement":[{"@type":"ListItem","position":1,"name":"Home","item":"https:\/\/kibrisdakik.com\/"},{"@type":"ListItem","position":2,"name":"LTB, bug\u00fcnden itibaren 5 \u015eubat tarihine kadar Ortak\u00f6y\u2019deki \u00d6\u011fretmenler Caddesi\u2019nde su altyap\u0131 \u00e7al\u0131\u015fmas\u0131 ger\u00e7ekle\u015ftiriyor"}]},{"@type":"WebSite","@id":"https:\/\/kibrisdakik.com\/#website","url":"https:\/\/kibrisdakik.com\/","name":"","description":"Tam vaktinde haber","potentialAction":[{"@type":"SearchAction","target":{"@type":"EntryPoint","urlTemplate":"https:\/\/kibrisdakik.com\/?s={search_term_string}"},"query-input":{"@type":"PropertyValueSpecification","valueRequired":true,"valueName":"search_term_string"}}],"inLanguage":"tr"},{"@type":"Person","@id":"https:\/\/kibrisdakik.com\/#\/schema\/person\/9cd9d437bbb44f72b73ba127e06d8e79","name":"admin","image":{"@type":"ImageObject","inLanguage":"tr","@id":"https:\/\/secure.gravatar.com\/avatar\/ccc17943b9d660506c869530f897617f7cb1c21a4bf30023f252596d83e1f007?s=96&d=mm&r=g","url":"https:\/\/secure.gravatar.com\/avatar\/ccc17943b9d660506c869530f897617f7cb1c21a4bf30023f252596d83e1f007?s=96&d=mm&r=g","contentUrl":"https:\/\/secure.gravatar.com\/avatar\/ccc17943b9d660506c869530f897617f7cb1c21a4bf30023f252596d83e1f007?s=96&d=mm&r=g","caption":"admin"},"sameAs":["https:\/\/kibrisdakik.com"],"url":"https:\/\/kibrisdakik.com\/?author=1"}]}},"_links":{"self":[{"href":"https:\/\/kibrisdakik.com\/index.php?rest_route=\/wp\/v2\/posts\/74938","targetHints":{"allow":["GET"]}}],"collection":[{"href":"https:\/\/kibrisdakik.com\/index.php?rest_route=\/wp\/v2\/posts"}],"about":[{"href":"https:\/\/kibrisdakik.com\/index.php?rest_route=\/wp\/v2\/types\/post"}],"author":[{"embeddable":true,"href":"https:\/\/kibrisdakik.com\/index.php?rest_route=\/wp\/v2\/users\/1"}],"replies":[{"embeddable":true,"href":"https:\/\/kibrisdakik.com\/index.php?rest_route=%2Fwp%2Fv2%2Fcomments&post=74938"}],"version-history":[{"count":0,"href":"https:\/\/kibrisdakik.com\/index.php?rest_route=\/wp\/v2\/posts\/74938\/revisions"}],"wp:featuredmedia":[{"embeddable":true,"href":"https:\/\/kibrisdakik.com\/index.php?rest_route=\/wp\/v2\/media\/74939"}],"wp:attachment":[{"href":"https:\/\/kibrisdakik.com\/index.php?rest_route=%2Fwp%2Fv2%2Fmedia&parent=74938"}],"wp:term":[{"taxonomy":"category","embeddable":true,"href":"https:\/\/kibrisdakik.com\/index.php?rest_route=%2Fwp%2Fv2%2Fcategories&post=74938"},{"taxonomy":"post_tag","embeddable":true,"href":"https:\/\/kibrisdakik.com\/index.php?rest_route=%2Fwp%2Fv2%2Ftags&post=74938"}],"curies":[{"name":"wp","href":"https:\/\/api.w.org\/{rel}","templated":true}]}}