{"id":75024,"date":"2025-02-04T17:17:40","date_gmt":"2025-02-04T14:17:40","guid":{"rendered":"https:\/\/kibrisdakik.com\/index.php\/2025\/02\/04\/polis-dipkarpazda-ele-gecirilen-fisek-guney-kibris-menseli-degil\/"},"modified":"2025-02-04T17:17:40","modified_gmt":"2025-02-04T14:17:40","slug":"polis-dipkarpazda-ele-gecirilen-fisek-guney-kibris-menseli-degil","status":"publish","type":"post","link":"https:\/\/kibrisdakik.com\/?p=75024","title":{"rendered":"Polis: \u201cDipkarpaz\u2019da ele ge\u00e7irilen fi\u015fek G\u00fcney K\u0131br\u0131s men\u015feli de\u011fil\u201d"},"content":{"rendered":"<p><\/p>\n<div>\n<div class=\"mariselle-image-container center\">\n                <img loading=\"lazy\" decoding=\"async\" width=\"407\" height=\"413\" class=\"lazy-image\" alt=\"\" sizes=\"auto, (max-width: 407px) 100vw, 407px\" src=\"https:\/\/brtk.net\/wp-content\/uploads\/2025\/02\/04\/1738673295112POLIS-POLIS.jpg?ver=4da84dcc90b20bbaaf517f8553a432eb\" srcset=\"https:\/\/brtk.net\/wp-content\/uploads\/2025\/02\/04\/1738673295112POLIS-POLIS.jpg?ver=4da84dcc90b20bbaaf517f8553a432eb 407w, https:\/\/brtk.net\/wp-content\/uploads\/2025\/02\/04\/1738673295112POLIS-POLIS-296x300.jpg?ver=12b3f001a07f255f85934d947a281390 296w\"\/>                            <\/div>\n<p>Polis, Dipkarpaz\u2019da iki ki\u015finin tutukland\u0131\u011f\u0131 ithali yasak fi\u015feklerle ilgili yeni a\u00e7\u0131klama yaparak mermilerin G\u00fcney K\u0131br\u0131s Rum Y\u00f6netimi men\u015feli olmad\u0131\u011f\u0131n\u0131n saptand\u0131\u011f\u0131n\u0131 bildirdi.<\/p>\n<p>Polis Bas\u0131n Subayl\u0131\u011f\u0131ndan verilen bilgiye g\u00f6re, pazar g\u00fcn\u00fc, Dipkarpaz\u2019da 1 numaral\u0131 av b\u00f6lgesinde bu sebeple tutuklanan E.B.(E-39) ve E.Y.\u2019nin (E-46) tasarrufundaki 19 av t\u00fcfe\u011fi fi\u015fe\u011finin G\u00fcney K\u0131br\u0131s men\u015feli olmad\u0131\u011f\u0131ndan s\u00f6z konusu ki\u015filer hakk\u0131nda yasal i\u015fleme gidilmedi.<\/p>\n<p>Ancak E.B.(E-39) ve E.Y.\u2019ye (E-46) av t\u00fcfeklerini bagajda k\u0131r\u0131k \u015fekilde ta\u015f\u0131malar\u0131 gerekirken kurulu \u015fekilde ara\u00e7ta ta\u015f\u0131d\u0131klar\u0131 i\u00e7in yasal i\u015flem yap\u0131ld\u0131.<\/p>\n<\/p><\/div>\n<p><script async\n                    defer\n                    crossorigin=\"anonymous\"\n                    src=\"https:\/\/connect.facebook.net\/tr_TR\/sdk.js#xfbml=1&#038;version=v3.3\"\n            ><\/script><\/p>\n","protected":false},"excerpt":{"rendered":"<p>Polis, Dipkarpaz\u2019da iki ki\u015finin tutukland\u0131\u011f\u0131 ithali yasak fi\u015feklerle ilgili yeni a\u00e7\u0131klama yaparak mermilerin G\u00fcney K\u0131br\u0131s Rum Y\u00f6netimi men\u015feli olmad\u0131\u011f\u0131n\u0131n saptand\u0131\u011f\u0131n\u0131 bildirdi. Polis Bas\u0131n Subayl\u0131\u011f\u0131ndan verilen bilgiye g\u00f6re, pazar g\u00fcn\u00fc, Dipkarpaz\u2019da 1 numaral\u0131 av b\u00f6lgesinde bu sebeple tutuklanan E.B.(E-39) ve E.Y.\u2019nin (E-46) tasarrufundaki 19 av t\u00fcfe\u011fi fi\u015fe\u011finin G\u00fcney K\u0131br\u0131s men\u015feli olmad\u0131\u011f\u0131ndan s\u00f6z konusu ki\u015filer hakk\u0131nda yasal<\/p>\n","protected":false},"author":1,"featured_media":70130,"comment_status":"open","ping_status":"open","sticky":false,"template":"","format":"standard","meta":{"footnotes":""},"categories":[1,101],"tags":[],"class_list":["post-75024","post","type-post","status-publish","format-standard","has-post-thumbnail","hentry","category-gundem","category-manset"],"yoast_head":"<!-- This site is optimized with the Yoast SEO plugin v27.5 - https:\/\/yoast.com\/product\/yoast-seo-wordpress\/ -->\n<title>Polis: \u201cDipkarpaz\u2019da ele ge\u00e7irilen fi\u015fek G\u00fcney K\u0131br\u0131s men\u015feli de\u011fil\u201d -<\/title>\n<meta name=\"robots\" content=\"index, follow, max-snippet:-1, max-image-preview:large, max-video-preview:-1\" \/>\n<link rel=\"canonical\" href=\"https:\/\/kibrisdakik.com\/?p=75024\" \/>\n<meta property=\"og:locale\" content=\"tr_TR\" \/>\n<meta property=\"og:type\" content=\"article\" \/>\n<meta property=\"og:title\" content=\"Polis: \u201cDipkarpaz\u2019da ele ge\u00e7irilen fi\u015fek G\u00fcney K\u0131br\u0131s men\u015feli de\u011fil\u201d -\" \/>\n<meta property=\"og:description\" content=\"Polis, Dipkarpaz\u2019da iki ki\u015finin tutukland\u0131\u011f\u0131 ithali yasak fi\u015feklerle ilgili yeni a\u00e7\u0131klama yaparak mermilerin G\u00fcney K\u0131br\u0131s Rum Y\u00f6netimi men\u015feli olmad\u0131\u011f\u0131n\u0131n saptand\u0131\u011f\u0131n\u0131 bildirdi. Polis Bas\u0131n Subayl\u0131\u011f\u0131ndan verilen bilgiye g\u00f6re, pazar g\u00fcn\u00fc, Dipkarpaz\u2019da 1 numaral\u0131 av b\u00f6lgesinde bu sebeple tutuklanan E.B.(E-39) ve E.Y.\u2019nin (E-46) tasarrufundaki 19 av t\u00fcfe\u011fi fi\u015fe\u011finin G\u00fcney K\u0131br\u0131s men\u015feli olmad\u0131\u011f\u0131ndan s\u00f6z konusu ki\u015filer hakk\u0131nda yasal\" \/>\n<meta property=\"og:url\" content=\"https:\/\/kibrisdakik.com\/?p=75024\" \/>\n<meta property=\"article:published_time\" content=\"2025-02-04T14:17:40+00:00\" \/>\n<meta property=\"og:image\" content=\"https:\/\/kibrisdakik.com\/wp-content\/uploads\/2024\/11\/renkli-polis.jpg\" \/>\n\t<meta property=\"og:image:width\" content=\"512\" \/>\n\t<meta property=\"og:image:height\" content=\"237\" \/>\n\t<meta property=\"og:image:type\" content=\"image\/jpeg\" \/>\n<meta name=\"author\" content=\"admin\" \/>\n<meta name=\"twitter:card\" content=\"summary_large_image\" \/>\n<meta name=\"twitter:label1\" content=\"Yazan:\" \/>\n\t<meta name=\"twitter:data1\" content=\"admin\" \/>\n\t<meta name=\"twitter:label2\" content=\"Tahmini okuma s\u00fcresi\" \/>\n\t<meta name=\"twitter:data2\" content=\"1 dakika\" \/>\n<script type=\"application\/ld+json\" class=\"yoast-schema-graph\">{\"@context\":\"https:\\\/\\\/schema.org\",\"@graph\":[{\"@type\":\"Article\",\"@id\":\"https:\\\/\\\/kibrisdakik.com\\\/?p=75024#article\",\"isPartOf\":{\"@id\":\"https:\\\/\\\/kibrisdakik.com\\\/?p=75024\"},\"author\":{\"name\":\"admin\",\"@id\":\"https:\\\/\\\/kibrisdakik.com\\\/#\\\/schema\\\/person\\\/9cd9d437bbb44f72b73ba127e06d8e79\"},\"headline\":\"Polis: \u201cDipkarpaz\u2019da ele ge\u00e7irilen fi\u015fek G\u00fcney K\u0131br\u0131s men\u015feli de\u011fil\u201d\",\"datePublished\":\"2025-02-04T14:17:40+00:00\",\"mainEntityOfPage\":{\"@id\":\"https:\\\/\\\/kibrisdakik.com\\\/?p=75024\"},\"wordCount\":141,\"commentCount\":0,\"image\":{\"@id\":\"https:\\\/\\\/kibrisdakik.com\\\/?p=75024#primaryimage\"},\"thumbnailUrl\":\"https:\\\/\\\/kibrisdakik.com\\\/wp-content\\\/uploads\\\/2024\\\/11\\\/renkli-polis.jpg\",\"articleSection\":[\"G\u00fcndem\",\"Man\u015fet\"],\"inLanguage\":\"tr\",\"potentialAction\":[{\"@type\":\"CommentAction\",\"name\":\"Comment\",\"target\":[\"https:\\\/\\\/kibrisdakik.com\\\/?p=75024#respond\"]}]},{\"@type\":\"WebPage\",\"@id\":\"https:\\\/\\\/kibrisdakik.com\\\/?p=75024\",\"url\":\"https:\\\/\\\/kibrisdakik.com\\\/?p=75024\",\"name\":\"Polis: \u201cDipkarpaz\u2019da ele ge\u00e7irilen fi\u015fek G\u00fcney K\u0131br\u0131s men\u015feli de\u011fil\u201d -\",\"isPartOf\":{\"@id\":\"https:\\\/\\\/kibrisdakik.com\\\/#website\"},\"primaryImageOfPage\":{\"@id\":\"https:\\\/\\\/kibrisdakik.com\\\/?p=75024#primaryimage\"},\"image\":{\"@id\":\"https:\\\/\\\/kibrisdakik.com\\\/?p=75024#primaryimage\"},\"thumbnailUrl\":\"https:\\\/\\\/kibrisdakik.com\\\/wp-content\\\/uploads\\\/2024\\\/11\\\/renkli-polis.jpg\",\"datePublished\":\"2025-02-04T14:17:40+00:00\",\"author\":{\"@id\":\"https:\\\/\\\/kibrisdakik.com\\\/#\\\/schema\\\/person\\\/9cd9d437bbb44f72b73ba127e06d8e79\"},\"breadcrumb\":{\"@id\":\"https:\\\/\\\/kibrisdakik.com\\\/?p=75024#breadcrumb\"},\"inLanguage\":\"tr\",\"potentialAction\":[{\"@type\":\"ReadAction\",\"target\":[\"https:\\\/\\\/kibrisdakik.com\\\/?p=75024\"]}]},{\"@type\":\"ImageObject\",\"inLanguage\":\"tr\",\"@id\":\"https:\\\/\\\/kibrisdakik.com\\\/?p=75024#primaryimage\",\"url\":\"https:\\\/\\\/kibrisdakik.com\\\/wp-content\\\/uploads\\\/2024\\\/11\\\/renkli-polis.jpg\",\"contentUrl\":\"https:\\\/\\\/kibrisdakik.com\\\/wp-content\\\/uploads\\\/2024\\\/11\\\/renkli-polis.jpg\",\"width\":512,\"height\":237},{\"@type\":\"BreadcrumbList\",\"@id\":\"https:\\\/\\\/kibrisdakik.com\\\/?p=75024#breadcrumb\",\"itemListElement\":[{\"@type\":\"ListItem\",\"position\":1,\"name\":\"Home\",\"item\":\"https:\\\/\\\/kibrisdakik.com\\\/\"},{\"@type\":\"ListItem\",\"position\":2,\"name\":\"Polis: \u201cDipkarpaz\u2019da ele ge\u00e7irilen fi\u015fek G\u00fcney K\u0131br\u0131s men\u015feli de\u011fil\u201d\"}]},{\"@type\":\"WebSite\",\"@id\":\"https:\\\/\\\/kibrisdakik.com\\\/#website\",\"url\":\"https:\\\/\\\/kibrisdakik.com\\\/\",\"name\":\"\",\"description\":\"Tam vaktinde haber\",\"potentialAction\":[{\"@type\":\"SearchAction\",\"target\":{\"@type\":\"EntryPoint\",\"urlTemplate\":\"https:\\\/\\\/kibrisdakik.com\\\/?s={search_term_string}\"},\"query-input\":{\"@type\":\"PropertyValueSpecification\",\"valueRequired\":true,\"valueName\":\"search_term_string\"}}],\"inLanguage\":\"tr\"},{\"@type\":\"Person\",\"@id\":\"https:\\\/\\\/kibrisdakik.com\\\/#\\\/schema\\\/person\\\/9cd9d437bbb44f72b73ba127e06d8e79\",\"name\":\"admin\",\"image\":{\"@type\":\"ImageObject\",\"inLanguage\":\"tr\",\"@id\":\"https:\\\/\\\/secure.gravatar.com\\\/avatar\\\/ccc17943b9d660506c869530f897617f7cb1c21a4bf30023f252596d83e1f007?s=96&d=mm&r=g\",\"url\":\"https:\\\/\\\/secure.gravatar.com\\\/avatar\\\/ccc17943b9d660506c869530f897617f7cb1c21a4bf30023f252596d83e1f007?s=96&d=mm&r=g\",\"contentUrl\":\"https:\\\/\\\/secure.gravatar.com\\\/avatar\\\/ccc17943b9d660506c869530f897617f7cb1c21a4bf30023f252596d83e1f007?s=96&d=mm&r=g\",\"caption\":\"admin\"},\"sameAs\":[\"https:\\\/\\\/kibrisdakik.com\"],\"url\":\"https:\\\/\\\/kibrisdakik.com\\\/?author=1\"}]}<\/script>\n<!-- \/ Yoast SEO plugin. -->","yoast_head_json":{"title":"Polis: \u201cDipkarpaz\u2019da ele ge\u00e7irilen fi\u015fek G\u00fcney K\u0131br\u0131s men\u015feli de\u011fil\u201d -","robots":{"index":"index","follow":"follow","max-snippet":"max-snippet:-1","max-image-preview":"max-image-preview:large","max-video-preview":"max-video-preview:-1"},"canonical":"https:\/\/kibrisdakik.com\/?p=75024","og_locale":"tr_TR","og_type":"article","og_title":"Polis: \u201cDipkarpaz\u2019da ele ge\u00e7irilen fi\u015fek G\u00fcney K\u0131br\u0131s men\u015feli de\u011fil\u201d -","og_description":"Polis, Dipkarpaz\u2019da iki ki\u015finin tutukland\u0131\u011f\u0131 ithali yasak fi\u015feklerle ilgili yeni a\u00e7\u0131klama yaparak mermilerin G\u00fcney K\u0131br\u0131s Rum Y\u00f6netimi men\u015feli olmad\u0131\u011f\u0131n\u0131n saptand\u0131\u011f\u0131n\u0131 bildirdi. Polis Bas\u0131n Subayl\u0131\u011f\u0131ndan verilen bilgiye g\u00f6re, pazar g\u00fcn\u00fc, Dipkarpaz\u2019da 1 numaral\u0131 av b\u00f6lgesinde bu sebeple tutuklanan E.B.(E-39) ve E.Y.\u2019nin (E-46) tasarrufundaki 19 av t\u00fcfe\u011fi fi\u015fe\u011finin G\u00fcney K\u0131br\u0131s men\u015feli olmad\u0131\u011f\u0131ndan s\u00f6z konusu ki\u015filer hakk\u0131nda yasal","og_url":"https:\/\/kibrisdakik.com\/?p=75024","article_published_time":"2025-02-04T14:17:40+00:00","og_image":[{"width":512,"height":237,"url":"https:\/\/kibrisdakik.com\/wp-content\/uploads\/2024\/11\/renkli-polis.jpg","type":"image\/jpeg"}],"author":"admin","twitter_card":"summary_large_image","twitter_misc":{"Yazan:":"admin","Tahmini okuma s\u00fcresi":"1 dakika"},"schema":{"@context":"https:\/\/schema.org","@graph":[{"@type":"Article","@id":"https:\/\/kibrisdakik.com\/?p=75024#article","isPartOf":{"@id":"https:\/\/kibrisdakik.com\/?p=75024"},"author":{"name":"admin","@id":"https:\/\/kibrisdakik.com\/#\/schema\/person\/9cd9d437bbb44f72b73ba127e06d8e79"},"headline":"Polis: \u201cDipkarpaz\u2019da ele ge\u00e7irilen fi\u015fek G\u00fcney K\u0131br\u0131s men\u015feli de\u011fil\u201d","datePublished":"2025-02-04T14:17:40+00:00","mainEntityOfPage":{"@id":"https:\/\/kibrisdakik.com\/?p=75024"},"wordCount":141,"commentCount":0,"image":{"@id":"https:\/\/kibrisdakik.com\/?p=75024#primaryimage"},"thumbnailUrl":"https:\/\/kibrisdakik.com\/wp-content\/uploads\/2024\/11\/renkli-polis.jpg","articleSection":["G\u00fcndem","Man\u015fet"],"inLanguage":"tr","potentialAction":[{"@type":"CommentAction","name":"Comment","target":["https:\/\/kibrisdakik.com\/?p=75024#respond"]}]},{"@type":"WebPage","@id":"https:\/\/kibrisdakik.com\/?p=75024","url":"https:\/\/kibrisdakik.com\/?p=75024","name":"Polis: \u201cDipkarpaz\u2019da ele ge\u00e7irilen fi\u015fek G\u00fcney K\u0131br\u0131s men\u015feli de\u011fil\u201d -","isPartOf":{"@id":"https:\/\/kibrisdakik.com\/#website"},"primaryImageOfPage":{"@id":"https:\/\/kibrisdakik.com\/?p=75024#primaryimage"},"image":{"@id":"https:\/\/kibrisdakik.com\/?p=75024#primaryimage"},"thumbnailUrl":"https:\/\/kibrisdakik.com\/wp-content\/uploads\/2024\/11\/renkli-polis.jpg","datePublished":"2025-02-04T14:17:40+00:00","author":{"@id":"https:\/\/kibrisdakik.com\/#\/schema\/person\/9cd9d437bbb44f72b73ba127e06d8e79"},"breadcrumb":{"@id":"https:\/\/kibrisdakik.com\/?p=75024#breadcrumb"},"inLanguage":"tr","potentialAction":[{"@type":"ReadAction","target":["https:\/\/kibrisdakik.com\/?p=75024"]}]},{"@type":"ImageObject","inLanguage":"tr","@id":"https:\/\/kibrisdakik.com\/?p=75024#primaryimage","url":"https:\/\/kibrisdakik.com\/wp-content\/uploads\/2024\/11\/renkli-polis.jpg","contentUrl":"https:\/\/kibrisdakik.com\/wp-content\/uploads\/2024\/11\/renkli-polis.jpg","width":512,"height":237},{"@type":"BreadcrumbList","@id":"https:\/\/kibrisdakik.com\/?p=75024#breadcrumb","itemListElement":[{"@type":"ListItem","position":1,"name":"Home","item":"https:\/\/kibrisdakik.com\/"},{"@type":"ListItem","position":2,"name":"Polis: \u201cDipkarpaz\u2019da ele ge\u00e7irilen fi\u015fek G\u00fcney K\u0131br\u0131s men\u015feli de\u011fil\u201d"}]},{"@type":"WebSite","@id":"https:\/\/kibrisdakik.com\/#website","url":"https:\/\/kibrisdakik.com\/","name":"","description":"Tam vaktinde haber","potentialAction":[{"@type":"SearchAction","target":{"@type":"EntryPoint","urlTemplate":"https:\/\/kibrisdakik.com\/?s={search_term_string}"},"query-input":{"@type":"PropertyValueSpecification","valueRequired":true,"valueName":"search_term_string"}}],"inLanguage":"tr"},{"@type":"Person","@id":"https:\/\/kibrisdakik.com\/#\/schema\/person\/9cd9d437bbb44f72b73ba127e06d8e79","name":"admin","image":{"@type":"ImageObject","inLanguage":"tr","@id":"https:\/\/secure.gravatar.com\/avatar\/ccc17943b9d660506c869530f897617f7cb1c21a4bf30023f252596d83e1f007?s=96&d=mm&r=g","url":"https:\/\/secure.gravatar.com\/avatar\/ccc17943b9d660506c869530f897617f7cb1c21a4bf30023f252596d83e1f007?s=96&d=mm&r=g","contentUrl":"https:\/\/secure.gravatar.com\/avatar\/ccc17943b9d660506c869530f897617f7cb1c21a4bf30023f252596d83e1f007?s=96&d=mm&r=g","caption":"admin"},"sameAs":["https:\/\/kibrisdakik.com"],"url":"https:\/\/kibrisdakik.com\/?author=1"}]}},"_links":{"self":[{"href":"https:\/\/kibrisdakik.com\/index.php?rest_route=\/wp\/v2\/posts\/75024","targetHints":{"allow":["GET"]}}],"collection":[{"href":"https:\/\/kibrisdakik.com\/index.php?rest_route=\/wp\/v2\/posts"}],"about":[{"href":"https:\/\/kibrisdakik.com\/index.php?rest_route=\/wp\/v2\/types\/post"}],"author":[{"embeddable":true,"href":"https:\/\/kibrisdakik.com\/index.php?rest_route=\/wp\/v2\/users\/1"}],"replies":[{"embeddable":true,"href":"https:\/\/kibrisdakik.com\/index.php?rest_route=%2Fwp%2Fv2%2Fcomments&post=75024"}],"version-history":[{"count":0,"href":"https:\/\/kibrisdakik.com\/index.php?rest_route=\/wp\/v2\/posts\/75024\/revisions"}],"wp:featuredmedia":[{"embeddable":true,"href":"https:\/\/kibrisdakik.com\/index.php?rest_route=\/wp\/v2\/media\/70130"}],"wp:attachment":[{"href":"https:\/\/kibrisdakik.com\/index.php?rest_route=%2Fwp%2Fv2%2Fmedia&parent=75024"}],"wp:term":[{"taxonomy":"category","embeddable":true,"href":"https:\/\/kibrisdakik.com\/index.php?rest_route=%2Fwp%2Fv2%2Fcategories&post=75024"},{"taxonomy":"post_tag","embeddable":true,"href":"https:\/\/kibrisdakik.com\/index.php?rest_route=%2Fwp%2Fv2%2Ftags&post=75024"}],"curies":[{"name":"wp","href":"https:\/\/api.w.org\/{rel}","templated":true}]}}