{"id":75047,"date":"2025-02-04T14:03:38","date_gmt":"2025-02-04T11:03:38","guid":{"rendered":"https:\/\/kibrisdakik.com\/index.php\/2025\/02\/04\/2025-dunya-hukumetler-zirvesi-dubaide-yapilacak\/"},"modified":"2025-02-04T14:03:38","modified_gmt":"2025-02-04T11:03:38","slug":"2025-dunya-hukumetler-zirvesi-dubaide-yapilacak","status":"publish","type":"post","link":"https:\/\/kibrisdakik.com\/?p=75047","title":{"rendered":"2025 D\u00fcnya H\u00fck\u00fcmetler Zirvesi Dubai\u2019de yap\u0131lacak"},"content":{"rendered":"<p><\/p>\n<div>\n<div class=\"mariselle-image-container center\">\n                <img loading=\"lazy\" decoding=\"async\" width=\"1600\" height=\"884\" class=\"lazy-image\" alt=\"\" sizes=\"auto, (max-width: 1600px) 100vw, 1600px\" src=\"https:\/\/brtk.net\/wp-content\/uploads\/2025\/02\/04\/1738689131394WGS-Event-roundup.webp?ver=5b1ab4f947970ce7ddc4ef0002ef24b7\" srcset=\"https:\/\/brtk.net\/wp-content\/uploads\/2025\/02\/04\/1738689131394WGS-Event-roundup.webp?ver=5b1ab4f947970ce7ddc4ef0002ef24b7 1600w, https:\/\/brtk.net\/wp-content\/uploads\/2025\/02\/04\/1738689131394WGS-Event-roundup-300x166.webp?ver=c71af55d02965cdf172b14448cc261e6 300w, https:\/\/brtk.net\/wp-content\/uploads\/2025\/02\/04\/1738689131394WGS-Event-roundup-1024x566.webp?ver=c71af55d02965cdf172b14448cc261e6 1024w, https:\/\/brtk.net\/wp-content\/uploads\/2025\/02\/04\/1738689131394WGS-Event-roundup-768x424.webp?ver=5ba3f3cbb90805d2a43dad5279bf9107 768w, https:\/\/brtk.net\/wp-content\/uploads\/2025\/02\/04\/1738689131394WGS-Event-roundup-1536x849.webp?ver=5ba3f3cbb90805d2a43dad5279bf9107 1536w\"\/>                            <\/div>\n<p>D\u00fcnya H\u00fck\u00fcmetler Zirvesi (WGS 2025), 12. edisyonunda, devlet ba\u015fkanlar\u0131ndan teknoloji d\u00fcnyas\u0131n\u0131n \u00f6nde gelen isimlerine kadar d\u00fcnyan\u0131n en etkili liderlerini, 11-13 \u015eubat\u2019ta Dubai\u2019de bir araya getirecek.<\/p>\n<p>Zirveden yap\u0131lan a\u00e7\u0131klamaya g\u00f6re 30\u2019u a\u015fk\u0131n devlet ba\u015fkan\u0131, 400\u2019den fazla bakan, 80 uluslararas\u0131 kurulu\u015f, 140 h\u00fck\u00fcmet delegasyonu ve 6 binden fazla kat\u0131l\u0131mc\u0131 Dubai\u2019de bir araya gelerek ekonomik istikrar, dijital d\u00f6n\u00fc\u015f\u00fcm ve kamu-\u00f6zel sekt\u00f6r i\u015fbirli\u011finin anlaml\u0131 bir de\u011fi\u015fim yaratabilece\u011fine dair \u00e7\u00f6z\u00fcmleri belirleyecek.<\/p>\n<p>A\u00e7\u0131klamada g\u00f6r\u00fc\u015flerine yer verilen Birle\u015fik Arap Emirlikleri Kabine \u0130\u015fleri Bakan\u0131 ve D\u00fcnya H\u00fck\u00fcmetler Zirvesi Ba\u015fkan\u0131 Muhammed el-Karkavi, teknolojik de\u011fi\u015fimin h\u0131zland\u0131\u011f\u0131 ve jeopolitik d\u00f6n\u00fc\u015f\u00fcmlerin ya\u015fand\u0131\u011f\u0131 bir ortamda zirvenin h\u00fck\u00fcmetlerin, end\u00fcstrilerin ve k\u00fcresel kurumlar\u0131n etkili de\u011fi\u015fimi y\u00f6nlendirdi\u011fi \u00f6nde gelen bir platform oldu\u011funu belirtti.<\/p>\n<p>Zirvenin 2013\u2019teki ba\u015flang\u0131c\u0131ndan bu yana gelece\u011fi \u00f6ng\u00f6rmek ve \u015fekillendirmek i\u00e7in liderleri, uzmanlar\u0131 ve giri\u015fimcileri bir araya getiren gelecek odakl\u0131 bir d\u00fc\u015f\u00fcnce platformu oldu\u011funu vurgulayan Muhammed el-Karkavi, \u201cZirve bu y\u0131l da h\u00fck\u00fcmetlerin ve toplumlar\u0131n kar\u015f\u0131 kar\u015f\u0131ya kald\u0131\u011f\u0131 h\u0131zl\u0131 de\u011fi\u015fimleri ve ortaya \u00e7\u0131kan zorluklar\u0131 ele alan k\u00fcresel bir diyalo\u011fu te\u015fvik ediyor. Amac\u0131m\u0131z, insanl\u0131\u011f\u0131n kaydetti\u011fi ilerlemeyi de\u011ferlendirmek, ko\u015fullar\u0131 iyile\u015ftirme f\u0131rsatlar\u0131n\u0131 belirlemek ve s\u00fcrd\u00fcr\u00fclebilir bir gelecek in\u015fa ederek, gelecek nesilleri g\u00fc\u00e7lendirmektir.\u201d a\u00e7\u0131klamas\u0131nda bulundu.<\/p>\n<p>\u2013 Yapay zeka uzmanlar\u0131 bir araya gelecek<\/p>\n<p>Zirve kapsam\u0131nda ger\u00e7ekle\u015ftirilecek oturumlara 300\u2019den fazla k\u00fcresel uzman kat\u0131lacak ve zirve 30 stratejik raporun haz\u0131rlanmas\u0131yla sona erecek.<\/p>\n<p>Yapay zekan\u0131n y\u00f6neti\u015fimdeki rol\u00fc, mobilitenin gelece\u011fi, ekonomik dayan\u0131kl\u0131l\u0131k, iklim adaptasyonu, k\u00fcresel sa\u011fl\u0131k d\u00f6n\u00fc\u015f\u00fcm\u00fc, ortaya \u00e7\u0131kan s\u0131n\u0131rlar ve n\u00fcfus azalmas\u0131 gibi konular, 21 forum ve 200\u2019\u00fcn \u00fczerinde interaktif oturumda ele al\u0131nacak.<\/p>\n<p>Yapay zekan\u0131n gelece\u011fi nas\u0131l d\u00f6n\u00fc\u015ft\u00fcrd\u00fc\u011f\u00fcn\u00fc ke\u015ffetmek \u00fczere d\u00fcnyan\u0131n \u00f6nde gelen 100 yapay zeka uzman\u0131n\u0131 bir araya getiren TIME 100 AI toplant\u0131s\u0131 da zirve kapsam\u0131nda ger\u00e7ekle\u015ftirilecek.<\/p>\n<\/p><\/div>\n<p><script async\n                    defer\n                    crossorigin=\"anonymous\"\n                    src=\"https:\/\/connect.facebook.net\/tr_TR\/sdk.js#xfbml=1&#038;version=v3.3\"\n            ><\/script><\/p>\n","protected":false},"excerpt":{"rendered":"<p>D\u00fcnya H\u00fck\u00fcmetler Zirvesi (WGS 2025), 12. edisyonunda, devlet ba\u015fkanlar\u0131ndan teknoloji d\u00fcnyas\u0131n\u0131n \u00f6nde gelen isimlerine kadar d\u00fcnyan\u0131n en etkili liderlerini, 11-13 \u015eubat\u2019ta Dubai\u2019de bir araya getirecek. Zirveden yap\u0131lan a\u00e7\u0131klamaya g\u00f6re 30\u2019u a\u015fk\u0131n devlet ba\u015fkan\u0131, 400\u2019den fazla bakan, 80 uluslararas\u0131 kurulu\u015f, 140 h\u00fck\u00fcmet delegasyonu ve 6 binden fazla kat\u0131l\u0131mc\u0131 Dubai\u2019de bir araya gelerek ekonomik istikrar, dijital d\u00f6n\u00fc\u015f\u00fcm<\/p>\n","protected":false},"author":1,"featured_media":75048,"comment_status":"open","ping_status":"open","sticky":false,"template":"","format":"standard","meta":{"footnotes":""},"categories":[1],"tags":[],"class_list":["post-75047","post","type-post","status-publish","format-standard","has-post-thumbnail","hentry","category-gundem"],"yoast_head":"<!-- This site is optimized with the Yoast SEO plugin v27.4 - https:\/\/yoast.com\/product\/yoast-seo-wordpress\/ -->\n<title>2025 D\u00fcnya H\u00fck\u00fcmetler Zirvesi Dubai\u2019de yap\u0131lacak -<\/title>\n<meta name=\"robots\" content=\"index, follow, max-snippet:-1, max-image-preview:large, max-video-preview:-1\" \/>\n<link rel=\"canonical\" href=\"https:\/\/kibrisdakik.com\/?p=75047\" \/>\n<meta property=\"og:locale\" content=\"tr_TR\" \/>\n<meta property=\"og:type\" content=\"article\" \/>\n<meta property=\"og:title\" content=\"2025 D\u00fcnya H\u00fck\u00fcmetler Zirvesi Dubai\u2019de yap\u0131lacak -\" \/>\n<meta property=\"og:description\" content=\"D\u00fcnya H\u00fck\u00fcmetler Zirvesi (WGS 2025), 12. edisyonunda, devlet ba\u015fkanlar\u0131ndan teknoloji d\u00fcnyas\u0131n\u0131n \u00f6nde gelen isimlerine kadar d\u00fcnyan\u0131n en etkili liderlerini, 11-13 \u015eubat\u2019ta Dubai\u2019de bir araya getirecek. Zirveden yap\u0131lan a\u00e7\u0131klamaya g\u00f6re 30\u2019u a\u015fk\u0131n devlet ba\u015fkan\u0131, 400\u2019den fazla bakan, 80 uluslararas\u0131 kurulu\u015f, 140 h\u00fck\u00fcmet delegasyonu ve 6 binden fazla kat\u0131l\u0131mc\u0131 Dubai\u2019de bir araya gelerek ekonomik istikrar, dijital d\u00f6n\u00fc\u015f\u00fcm\" \/>\n<meta property=\"og:url\" content=\"https:\/\/kibrisdakik.com\/?p=75047\" \/>\n<meta property=\"article:published_time\" content=\"2025-02-04T11:03:38+00:00\" \/>\n<meta property=\"og:image\" content=\"https:\/\/kibrisdakik.com\/wp-content\/uploads\/2025\/02\/1738689131394WGS-Event-roundup.webp-740x420.webp\" \/>\n\t<meta property=\"og:image:width\" content=\"1600\" \/>\n\t<meta property=\"og:image:height\" content=\"884\" \/>\n\t<meta property=\"og:image:type\" content=\"image\/webp\" \/>\n<meta name=\"author\" content=\"admin\" \/>\n<meta name=\"twitter:card\" content=\"summary_large_image\" \/>\n<meta name=\"twitter:label1\" content=\"Yazan:\" \/>\n\t<meta name=\"twitter:data1\" content=\"admin\" \/>\n\t<meta name=\"twitter:label2\" content=\"Tahmini okuma s\u00fcresi\" \/>\n\t<meta name=\"twitter:data2\" content=\"2 dakika\" \/>\n<script type=\"application\/ld+json\" class=\"yoast-schema-graph\">{\"@context\":\"https:\\\/\\\/schema.org\",\"@graph\":[{\"@type\":\"Article\",\"@id\":\"https:\\\/\\\/kibrisdakik.com\\\/?p=75047#article\",\"isPartOf\":{\"@id\":\"https:\\\/\\\/kibrisdakik.com\\\/?p=75047\"},\"author\":{\"name\":\"admin\",\"@id\":\"https:\\\/\\\/kibrisdakik.com\\\/#\\\/schema\\\/person\\\/9cd9d437bbb44f72b73ba127e06d8e79\"},\"headline\":\"2025 D\u00fcnya H\u00fck\u00fcmetler Zirvesi Dubai\u2019de yap\u0131lacak\",\"datePublished\":\"2025-02-04T11:03:38+00:00\",\"mainEntityOfPage\":{\"@id\":\"https:\\\/\\\/kibrisdakik.com\\\/?p=75047\"},\"wordCount\":386,\"commentCount\":0,\"image\":{\"@id\":\"https:\\\/\\\/kibrisdakik.com\\\/?p=75047#primaryimage\"},\"thumbnailUrl\":\"https:\\\/\\\/kibrisdakik.com\\\/wp-content\\\/uploads\\\/2025\\\/02\\\/1738689131394WGS-Event-roundup.webp-740x420.webp\",\"articleSection\":[\"G\u00fcndem\"],\"inLanguage\":\"tr\",\"potentialAction\":[{\"@type\":\"CommentAction\",\"name\":\"Comment\",\"target\":[\"https:\\\/\\\/kibrisdakik.com\\\/?p=75047#respond\"]}]},{\"@type\":\"WebPage\",\"@id\":\"https:\\\/\\\/kibrisdakik.com\\\/?p=75047\",\"url\":\"https:\\\/\\\/kibrisdakik.com\\\/?p=75047\",\"name\":\"2025 D\u00fcnya H\u00fck\u00fcmetler Zirvesi Dubai\u2019de yap\u0131lacak -\",\"isPartOf\":{\"@id\":\"https:\\\/\\\/kibrisdakik.com\\\/#website\"},\"primaryImageOfPage\":{\"@id\":\"https:\\\/\\\/kibrisdakik.com\\\/?p=75047#primaryimage\"},\"image\":{\"@id\":\"https:\\\/\\\/kibrisdakik.com\\\/?p=75047#primaryimage\"},\"thumbnailUrl\":\"https:\\\/\\\/kibrisdakik.com\\\/wp-content\\\/uploads\\\/2025\\\/02\\\/1738689131394WGS-Event-roundup.webp-740x420.webp\",\"datePublished\":\"2025-02-04T11:03:38+00:00\",\"author\":{\"@id\":\"https:\\\/\\\/kibrisdakik.com\\\/#\\\/schema\\\/person\\\/9cd9d437bbb44f72b73ba127e06d8e79\"},\"breadcrumb\":{\"@id\":\"https:\\\/\\\/kibrisdakik.com\\\/?p=75047#breadcrumb\"},\"inLanguage\":\"tr\",\"potentialAction\":[{\"@type\":\"ReadAction\",\"target\":[\"https:\\\/\\\/kibrisdakik.com\\\/?p=75047\"]}]},{\"@type\":\"ImageObject\",\"inLanguage\":\"tr\",\"@id\":\"https:\\\/\\\/kibrisdakik.com\\\/?p=75047#primaryimage\",\"url\":\"https:\\\/\\\/kibrisdakik.com\\\/wp-content\\\/uploads\\\/2025\\\/02\\\/1738689131394WGS-Event-roundup.webp-740x420.webp\",\"contentUrl\":\"https:\\\/\\\/kibrisdakik.com\\\/wp-content\\\/uploads\\\/2025\\\/02\\\/1738689131394WGS-Event-roundup.webp-740x420.webp\",\"width\":1600,\"height\":884},{\"@type\":\"BreadcrumbList\",\"@id\":\"https:\\\/\\\/kibrisdakik.com\\\/?p=75047#breadcrumb\",\"itemListElement\":[{\"@type\":\"ListItem\",\"position\":1,\"name\":\"Home\",\"item\":\"https:\\\/\\\/kibrisdakik.com\\\/\"},{\"@type\":\"ListItem\",\"position\":2,\"name\":\"2025 D\u00fcnya H\u00fck\u00fcmetler Zirvesi Dubai\u2019de yap\u0131lacak\"}]},{\"@type\":\"WebSite\",\"@id\":\"https:\\\/\\\/kibrisdakik.com\\\/#website\",\"url\":\"https:\\\/\\\/kibrisdakik.com\\\/\",\"name\":\"\",\"description\":\"Tam vaktinde haber\",\"potentialAction\":[{\"@type\":\"SearchAction\",\"target\":{\"@type\":\"EntryPoint\",\"urlTemplate\":\"https:\\\/\\\/kibrisdakik.com\\\/?s={search_term_string}\"},\"query-input\":{\"@type\":\"PropertyValueSpecification\",\"valueRequired\":true,\"valueName\":\"search_term_string\"}}],\"inLanguage\":\"tr\"},{\"@type\":\"Person\",\"@id\":\"https:\\\/\\\/kibrisdakik.com\\\/#\\\/schema\\\/person\\\/9cd9d437bbb44f72b73ba127e06d8e79\",\"name\":\"admin\",\"image\":{\"@type\":\"ImageObject\",\"inLanguage\":\"tr\",\"@id\":\"https:\\\/\\\/secure.gravatar.com\\\/avatar\\\/ccc17943b9d660506c869530f897617f7cb1c21a4bf30023f252596d83e1f007?s=96&d=mm&r=g\",\"url\":\"https:\\\/\\\/secure.gravatar.com\\\/avatar\\\/ccc17943b9d660506c869530f897617f7cb1c21a4bf30023f252596d83e1f007?s=96&d=mm&r=g\",\"contentUrl\":\"https:\\\/\\\/secure.gravatar.com\\\/avatar\\\/ccc17943b9d660506c869530f897617f7cb1c21a4bf30023f252596d83e1f007?s=96&d=mm&r=g\",\"caption\":\"admin\"},\"sameAs\":[\"https:\\\/\\\/kibrisdakik.com\"],\"url\":\"https:\\\/\\\/kibrisdakik.com\\\/?author=1\"}]}<\/script>\n<!-- \/ Yoast SEO plugin. -->","yoast_head_json":{"title":"2025 D\u00fcnya H\u00fck\u00fcmetler Zirvesi Dubai\u2019de yap\u0131lacak -","robots":{"index":"index","follow":"follow","max-snippet":"max-snippet:-1","max-image-preview":"max-image-preview:large","max-video-preview":"max-video-preview:-1"},"canonical":"https:\/\/kibrisdakik.com\/?p=75047","og_locale":"tr_TR","og_type":"article","og_title":"2025 D\u00fcnya H\u00fck\u00fcmetler Zirvesi Dubai\u2019de yap\u0131lacak -","og_description":"D\u00fcnya H\u00fck\u00fcmetler Zirvesi (WGS 2025), 12. edisyonunda, devlet ba\u015fkanlar\u0131ndan teknoloji d\u00fcnyas\u0131n\u0131n \u00f6nde gelen isimlerine kadar d\u00fcnyan\u0131n en etkili liderlerini, 11-13 \u015eubat\u2019ta Dubai\u2019de bir araya getirecek. Zirveden yap\u0131lan a\u00e7\u0131klamaya g\u00f6re 30\u2019u a\u015fk\u0131n devlet ba\u015fkan\u0131, 400\u2019den fazla bakan, 80 uluslararas\u0131 kurulu\u015f, 140 h\u00fck\u00fcmet delegasyonu ve 6 binden fazla kat\u0131l\u0131mc\u0131 Dubai\u2019de bir araya gelerek ekonomik istikrar, dijital d\u00f6n\u00fc\u015f\u00fcm","og_url":"https:\/\/kibrisdakik.com\/?p=75047","article_published_time":"2025-02-04T11:03:38+00:00","og_image":[{"width":1600,"height":884,"url":"https:\/\/kibrisdakik.com\/wp-content\/uploads\/2025\/02\/1738689131394WGS-Event-roundup.webp-740x420.webp","type":"image\/webp"}],"author":"admin","twitter_card":"summary_large_image","twitter_misc":{"Yazan:":"admin","Tahmini okuma s\u00fcresi":"2 dakika"},"schema":{"@context":"https:\/\/schema.org","@graph":[{"@type":"Article","@id":"https:\/\/kibrisdakik.com\/?p=75047#article","isPartOf":{"@id":"https:\/\/kibrisdakik.com\/?p=75047"},"author":{"name":"admin","@id":"https:\/\/kibrisdakik.com\/#\/schema\/person\/9cd9d437bbb44f72b73ba127e06d8e79"},"headline":"2025 D\u00fcnya H\u00fck\u00fcmetler Zirvesi Dubai\u2019de yap\u0131lacak","datePublished":"2025-02-04T11:03:38+00:00","mainEntityOfPage":{"@id":"https:\/\/kibrisdakik.com\/?p=75047"},"wordCount":386,"commentCount":0,"image":{"@id":"https:\/\/kibrisdakik.com\/?p=75047#primaryimage"},"thumbnailUrl":"https:\/\/kibrisdakik.com\/wp-content\/uploads\/2025\/02\/1738689131394WGS-Event-roundup.webp-740x420.webp","articleSection":["G\u00fcndem"],"inLanguage":"tr","potentialAction":[{"@type":"CommentAction","name":"Comment","target":["https:\/\/kibrisdakik.com\/?p=75047#respond"]}]},{"@type":"WebPage","@id":"https:\/\/kibrisdakik.com\/?p=75047","url":"https:\/\/kibrisdakik.com\/?p=75047","name":"2025 D\u00fcnya H\u00fck\u00fcmetler Zirvesi Dubai\u2019de yap\u0131lacak -","isPartOf":{"@id":"https:\/\/kibrisdakik.com\/#website"},"primaryImageOfPage":{"@id":"https:\/\/kibrisdakik.com\/?p=75047#primaryimage"},"image":{"@id":"https:\/\/kibrisdakik.com\/?p=75047#primaryimage"},"thumbnailUrl":"https:\/\/kibrisdakik.com\/wp-content\/uploads\/2025\/02\/1738689131394WGS-Event-roundup.webp-740x420.webp","datePublished":"2025-02-04T11:03:38+00:00","author":{"@id":"https:\/\/kibrisdakik.com\/#\/schema\/person\/9cd9d437bbb44f72b73ba127e06d8e79"},"breadcrumb":{"@id":"https:\/\/kibrisdakik.com\/?p=75047#breadcrumb"},"inLanguage":"tr","potentialAction":[{"@type":"ReadAction","target":["https:\/\/kibrisdakik.com\/?p=75047"]}]},{"@type":"ImageObject","inLanguage":"tr","@id":"https:\/\/kibrisdakik.com\/?p=75047#primaryimage","url":"https:\/\/kibrisdakik.com\/wp-content\/uploads\/2025\/02\/1738689131394WGS-Event-roundup.webp-740x420.webp","contentUrl":"https:\/\/kibrisdakik.com\/wp-content\/uploads\/2025\/02\/1738689131394WGS-Event-roundup.webp-740x420.webp","width":1600,"height":884},{"@type":"BreadcrumbList","@id":"https:\/\/kibrisdakik.com\/?p=75047#breadcrumb","itemListElement":[{"@type":"ListItem","position":1,"name":"Home","item":"https:\/\/kibrisdakik.com\/"},{"@type":"ListItem","position":2,"name":"2025 D\u00fcnya H\u00fck\u00fcmetler Zirvesi Dubai\u2019de yap\u0131lacak"}]},{"@type":"WebSite","@id":"https:\/\/kibrisdakik.com\/#website","url":"https:\/\/kibrisdakik.com\/","name":"","description":"Tam vaktinde haber","potentialAction":[{"@type":"SearchAction","target":{"@type":"EntryPoint","urlTemplate":"https:\/\/kibrisdakik.com\/?s={search_term_string}"},"query-input":{"@type":"PropertyValueSpecification","valueRequired":true,"valueName":"search_term_string"}}],"inLanguage":"tr"},{"@type":"Person","@id":"https:\/\/kibrisdakik.com\/#\/schema\/person\/9cd9d437bbb44f72b73ba127e06d8e79","name":"admin","image":{"@type":"ImageObject","inLanguage":"tr","@id":"https:\/\/secure.gravatar.com\/avatar\/ccc17943b9d660506c869530f897617f7cb1c21a4bf30023f252596d83e1f007?s=96&d=mm&r=g","url":"https:\/\/secure.gravatar.com\/avatar\/ccc17943b9d660506c869530f897617f7cb1c21a4bf30023f252596d83e1f007?s=96&d=mm&r=g","contentUrl":"https:\/\/secure.gravatar.com\/avatar\/ccc17943b9d660506c869530f897617f7cb1c21a4bf30023f252596d83e1f007?s=96&d=mm&r=g","caption":"admin"},"sameAs":["https:\/\/kibrisdakik.com"],"url":"https:\/\/kibrisdakik.com\/?author=1"}]}},"_links":{"self":[{"href":"https:\/\/kibrisdakik.com\/index.php?rest_route=\/wp\/v2\/posts\/75047","targetHints":{"allow":["GET"]}}],"collection":[{"href":"https:\/\/kibrisdakik.com\/index.php?rest_route=\/wp\/v2\/posts"}],"about":[{"href":"https:\/\/kibrisdakik.com\/index.php?rest_route=\/wp\/v2\/types\/post"}],"author":[{"embeddable":true,"href":"https:\/\/kibrisdakik.com\/index.php?rest_route=\/wp\/v2\/users\/1"}],"replies":[{"embeddable":true,"href":"https:\/\/kibrisdakik.com\/index.php?rest_route=%2Fwp%2Fv2%2Fcomments&post=75047"}],"version-history":[{"count":0,"href":"https:\/\/kibrisdakik.com\/index.php?rest_route=\/wp\/v2\/posts\/75047\/revisions"}],"wp:featuredmedia":[{"embeddable":true,"href":"https:\/\/kibrisdakik.com\/index.php?rest_route=\/wp\/v2\/media\/75048"}],"wp:attachment":[{"href":"https:\/\/kibrisdakik.com\/index.php?rest_route=%2Fwp%2Fv2%2Fmedia&parent=75047"}],"wp:term":[{"taxonomy":"category","embeddable":true,"href":"https:\/\/kibrisdakik.com\/index.php?rest_route=%2Fwp%2Fv2%2Fcategories&post=75047"},{"taxonomy":"post_tag","embeddable":true,"href":"https:\/\/kibrisdakik.com\/index.php?rest_route=%2Fwp%2Fv2%2Ftags&post=75047"}],"curies":[{"name":"wp","href":"https:\/\/api.w.org\/{rel}","templated":true}]}}