{"id":75053,"date":"2025-02-05T10:32:37","date_gmt":"2025-02-05T07:32:37","guid":{"rendered":"https:\/\/kibrisdakik.com\/index.php\/2025\/02\/05\/simon-aykutun-ailesinden-aciklama-saglik-raporlari-hapishanede-tutulmamasi-gerektigini-acikca-gostermektedir\/"},"modified":"2025-02-05T10:32:37","modified_gmt":"2025-02-05T07:32:37","slug":"simon-aykutun-ailesinden-aciklama-saglik-raporlari-hapishanede-tutulmamasi-gerektigini-acikca-gostermektedir","status":"publish","type":"post","link":"https:\/\/kibrisdakik.com\/?p=75053","title":{"rendered":"Simon Aykut\u2019un ailesinden a\u00e7\u0131klama: \u201cSa\u011fl\u0131k raporlar\u0131, hapishanede tutulmamas\u0131 gerekti\u011fini a\u00e7\u0131k\u00e7a g\u00f6stermektedir\u201d"},"content":{"rendered":"<div>\n<div class=\"mariselle-image-container center\">\n                                            <\/div>\n<p>\u00a0<\/p>\n<p>G\u00fcney K\u0131br\u0131s\u2019ta hapishanede bulunan Simon Mistel Aykut\u2019un ailesi, Aykut\u2019un sa\u011fl\u0131\u011f\u0131yla ilgili durumunun has\u0131ralt\u0131 edilmesinin K\u0131br\u0131s demokrasi ve hukuk tarihine kara leke olarak ge\u00e7ecek bir skandal oldu\u011funu kaydederek, sa\u011fl\u0131k raporlar\u0131n\u0131n hapishanede tutulmamas\u0131 gerekti\u011fini g\u00f6sterdi\u011fini belirtti.<\/p>\n<p>Aykut\u2019un ailesi taraf\u0131ndan yap\u0131lan yaz\u0131l\u0131 a\u00e7\u0131klamada, Simon Mistel Aykut\u2019un, Rum lider Hristodulidis\u2019i sosyal medya arac\u0131l\u0131\u011f\u0131 ile tehdit etti\u011fi iddialar\u0131 da yalanlanarak,  tehdit iddias\u0131 siyasi bir oyun olarak nitelendirildi.<\/p>\n<p>A\u00e7\u0131klamada, \u201cK\u0131br\u0131s Cumhuriyeti makamlar\u0131\u201d Simon Aykut\u2019un sa\u011fl\u0131k sorunlar\u0131 oldu\u011funun gizlenmi\u015f olmas\u0131n\u0131n a\u00e7\u0131klanamaz kabahatini \u00f6rtmek i\u00e7in \u201coyun oynamakla\u201d su\u00e7land\u0131.<\/p>\n<p>Simon Aykut\u2019un h\u00fccresinde telefon bulundu\u011fu iddias\u0131na da de\u011finilen a\u00e7\u0131klamada, \u201cDaha sonra \u2018hapishane koridorunda bulundu\u2019 haberi en son da \u2018telefon bulunmad\u0131\u2019 noktas\u0131na gelmi\u015ftir.\u201d denildi.<\/p>\n<p>\u201cSimon Aykut, tutukland\u0131\u011f\u0131 g\u00fcnden beri masum oldu\u011funu vurgulamaktad\u0131r ve bundan hem kendisi hem de konuya yak\u0131nl\u0131\u011f\u0131 olan herkes emindir. Masum olu\u015fu bir yana, kendisiyle ilgili sa\u011fl\u0131k raporlar\u0131, hapishanede tutulmamas\u0131 gerekti\u011fini a\u00e7\u0131k\u00e7a g\u00f6stermektedir.\u201d ifadelerinin kullan\u0131ld\u0131\u011f\u0131 a\u00e7\u0131klamada, Aykut\u2019un sa\u011fl\u0131k durumuna ili\u015fkin uyar\u0131lar ve tetkik taleplerinin defalarca ilgili mahkeme \u00f6n\u00fcnde reddedildi\u011fi, ba\u011f\u0131ms\u0131z hekimin kontrolleri sonucunda ise kanser hastas\u0131 oldu\u011funun ortaya \u00e7\u0131kt\u0131\u011f\u0131 kaydedildi.<\/p>\n<p>A\u00e7\u0131klamada, \u201cBabam\u0131z Simon Aykut\u2019un Rum lider Hristodulidis\u2019i tehdit etti\u011fi iddias\u0131, kendisi hakk\u0131nda s\u00fcrd\u00fcr\u00fclen davan\u0131n esas\u0131 gibi siyasi bir oyundan ibarettir. Sa\u011fl\u0131\u011f\u0131yla ilgili durumunun has\u0131ralt\u0131 edilmesi K\u0131br\u0131s demokrasi ve hukuk tarihine kara leke olarak ge\u00e7ecek bir skandald\u0131r.\u201d ifadelerine yer verildi.<\/p>\n<\/p><\/div>\n<p><script async\n                    defer\n                    crossorigin=\"anonymous\"\n                    src=\"https:\/\/connect.facebook.net\/tr_TR\/sdk.js#xfbml=1&#038;version=v3.3\"\n            ><\/script><\/p>\n","protected":false},"excerpt":{"rendered":"<p>\u00a0 G\u00fcney K\u0131br\u0131s\u2019ta hapishanede bulunan Simon Mistel Aykut\u2019un ailesi, Aykut\u2019un sa\u011fl\u0131\u011f\u0131yla ilgili durumunun has\u0131ralt\u0131 edilmesinin K\u0131br\u0131s demokrasi ve hukuk tarihine kara leke olarak ge\u00e7ecek bir skandal oldu\u011funu kaydederek, sa\u011fl\u0131k raporlar\u0131n\u0131n hapishanede tutulmamas\u0131 gerekti\u011fini g\u00f6sterdi\u011fini belirtti. Aykut\u2019un ailesi taraf\u0131ndan yap\u0131lan yaz\u0131l\u0131 a\u00e7\u0131klamada, Simon Mistel Aykut\u2019un, Rum lider Hristodulidis\u2019i sosyal medya arac\u0131l\u0131\u011f\u0131 ile tehdit etti\u011fi iddialar\u0131 da<\/p>\n","protected":false},"author":1,"featured_media":74527,"comment_status":"open","ping_status":"open","sticky":false,"template":"","format":"standard","meta":{"footnotes":""},"categories":[81,101],"tags":[],"class_list":["post-75053","post","type-post","status-publish","format-standard","has-post-thumbnail","hentry","category-kibris","category-manset"],"yoast_head":"<!-- This site is optimized with the Yoast SEO plugin v27.4 - https:\/\/yoast.com\/product\/yoast-seo-wordpress\/ -->\n<title>Simon Aykut\u2019un ailesinden a\u00e7\u0131klama: \u201cSa\u011fl\u0131k raporlar\u0131, hapishanede tutulmamas\u0131 gerekti\u011fini a\u00e7\u0131k\u00e7a g\u00f6stermektedir\u201d -<\/title>\n<meta name=\"robots\" content=\"index, follow, max-snippet:-1, max-image-preview:large, max-video-preview:-1\" \/>\n<link rel=\"canonical\" href=\"https:\/\/kibrisdakik.com\/?p=75053\" \/>\n<meta property=\"og:locale\" content=\"tr_TR\" \/>\n<meta property=\"og:type\" content=\"article\" \/>\n<meta property=\"og:title\" content=\"Simon Aykut\u2019un ailesinden a\u00e7\u0131klama: \u201cSa\u011fl\u0131k raporlar\u0131, hapishanede tutulmamas\u0131 gerekti\u011fini a\u00e7\u0131k\u00e7a g\u00f6stermektedir\u201d -\" \/>\n<meta property=\"og:description\" content=\"\u00a0 G\u00fcney K\u0131br\u0131s\u2019ta hapishanede bulunan Simon Mistel Aykut\u2019un ailesi, Aykut\u2019un sa\u011fl\u0131\u011f\u0131yla ilgili durumunun has\u0131ralt\u0131 edilmesinin K\u0131br\u0131s demokrasi ve hukuk tarihine kara leke olarak ge\u00e7ecek bir skandal oldu\u011funu kaydederek, sa\u011fl\u0131k raporlar\u0131n\u0131n hapishanede tutulmamas\u0131 gerekti\u011fini g\u00f6sterdi\u011fini belirtti. Aykut\u2019un ailesi taraf\u0131ndan yap\u0131lan yaz\u0131l\u0131 a\u00e7\u0131klamada, Simon Mistel Aykut\u2019un, Rum lider Hristodulidis\u2019i sosyal medya arac\u0131l\u0131\u011f\u0131 ile tehdit etti\u011fi iddialar\u0131 da\" \/>\n<meta property=\"og:url\" content=\"https:\/\/kibrisdakik.com\/?p=75053\" \/>\n<meta property=\"article:published_time\" content=\"2025-02-05T07:32:37+00:00\" \/>\n<meta property=\"og:image\" content=\"https:\/\/kibrisdakik.com\/wp-content\/uploads\/2025\/01\/simon.webp-740x420.webp\" \/>\n\t<meta property=\"og:image:width\" content=\"971\" \/>\n\t<meta property=\"og:image:height\" content=\"551\" \/>\n\t<meta property=\"og:image:type\" content=\"image\/webp\" \/>\n<meta name=\"author\" content=\"admin\" \/>\n<meta name=\"twitter:card\" content=\"summary_large_image\" \/>\n<meta name=\"twitter:label1\" content=\"Yazan:\" \/>\n\t<meta name=\"twitter:data1\" content=\"admin\" \/>\n\t<meta name=\"twitter:label2\" content=\"Tahmini okuma s\u00fcresi\" \/>\n\t<meta name=\"twitter:data2\" content=\"1 dakika\" \/>\n<script type=\"application\/ld+json\" class=\"yoast-schema-graph\">{\"@context\":\"https:\\\/\\\/schema.org\",\"@graph\":[{\"@type\":\"Article\",\"@id\":\"https:\\\/\\\/kibrisdakik.com\\\/?p=75053#article\",\"isPartOf\":{\"@id\":\"https:\\\/\\\/kibrisdakik.com\\\/?p=75053\"},\"author\":{\"name\":\"admin\",\"@id\":\"https:\\\/\\\/kibrisdakik.com\\\/#\\\/schema\\\/person\\\/9cd9d437bbb44f72b73ba127e06d8e79\"},\"headline\":\"Simon Aykut\u2019un ailesinden a\u00e7\u0131klama: \u201cSa\u011fl\u0131k raporlar\u0131, hapishanede tutulmamas\u0131 gerekti\u011fini a\u00e7\u0131k\u00e7a g\u00f6stermektedir\u201d\",\"datePublished\":\"2025-02-05T07:32:37+00:00\",\"mainEntityOfPage\":{\"@id\":\"https:\\\/\\\/kibrisdakik.com\\\/?p=75053\"},\"wordCount\":309,\"commentCount\":0,\"image\":{\"@id\":\"https:\\\/\\\/kibrisdakik.com\\\/?p=75053#primaryimage\"},\"thumbnailUrl\":\"https:\\\/\\\/kibrisdakik.com\\\/wp-content\\\/uploads\\\/2025\\\/01\\\/simon.webp-740x420.webp\",\"articleSection\":[\"K\u0131br\u0131s\",\"Man\u015fet\"],\"inLanguage\":\"tr\",\"potentialAction\":[{\"@type\":\"CommentAction\",\"name\":\"Comment\",\"target\":[\"https:\\\/\\\/kibrisdakik.com\\\/?p=75053#respond\"]}]},{\"@type\":\"WebPage\",\"@id\":\"https:\\\/\\\/kibrisdakik.com\\\/?p=75053\",\"url\":\"https:\\\/\\\/kibrisdakik.com\\\/?p=75053\",\"name\":\"Simon Aykut\u2019un ailesinden a\u00e7\u0131klama: \u201cSa\u011fl\u0131k raporlar\u0131, hapishanede tutulmamas\u0131 gerekti\u011fini a\u00e7\u0131k\u00e7a g\u00f6stermektedir\u201d -\",\"isPartOf\":{\"@id\":\"https:\\\/\\\/kibrisdakik.com\\\/#website\"},\"primaryImageOfPage\":{\"@id\":\"https:\\\/\\\/kibrisdakik.com\\\/?p=75053#primaryimage\"},\"image\":{\"@id\":\"https:\\\/\\\/kibrisdakik.com\\\/?p=75053#primaryimage\"},\"thumbnailUrl\":\"https:\\\/\\\/kibrisdakik.com\\\/wp-content\\\/uploads\\\/2025\\\/01\\\/simon.webp-740x420.webp\",\"datePublished\":\"2025-02-05T07:32:37+00:00\",\"author\":{\"@id\":\"https:\\\/\\\/kibrisdakik.com\\\/#\\\/schema\\\/person\\\/9cd9d437bbb44f72b73ba127e06d8e79\"},\"breadcrumb\":{\"@id\":\"https:\\\/\\\/kibrisdakik.com\\\/?p=75053#breadcrumb\"},\"inLanguage\":\"tr\",\"potentialAction\":[{\"@type\":\"ReadAction\",\"target\":[\"https:\\\/\\\/kibrisdakik.com\\\/?p=75053\"]}]},{\"@type\":\"ImageObject\",\"inLanguage\":\"tr\",\"@id\":\"https:\\\/\\\/kibrisdakik.com\\\/?p=75053#primaryimage\",\"url\":\"https:\\\/\\\/kibrisdakik.com\\\/wp-content\\\/uploads\\\/2025\\\/01\\\/simon.webp-740x420.webp\",\"contentUrl\":\"https:\\\/\\\/kibrisdakik.com\\\/wp-content\\\/uploads\\\/2025\\\/01\\\/simon.webp-740x420.webp\",\"width\":971,\"height\":551},{\"@type\":\"BreadcrumbList\",\"@id\":\"https:\\\/\\\/kibrisdakik.com\\\/?p=75053#breadcrumb\",\"itemListElement\":[{\"@type\":\"ListItem\",\"position\":1,\"name\":\"Home\",\"item\":\"https:\\\/\\\/kibrisdakik.com\\\/\"},{\"@type\":\"ListItem\",\"position\":2,\"name\":\"Simon Aykut\u2019un ailesinden a\u00e7\u0131klama: \u201cSa\u011fl\u0131k raporlar\u0131, hapishanede tutulmamas\u0131 gerekti\u011fini a\u00e7\u0131k\u00e7a g\u00f6stermektedir\u201d\"}]},{\"@type\":\"WebSite\",\"@id\":\"https:\\\/\\\/kibrisdakik.com\\\/#website\",\"url\":\"https:\\\/\\\/kibrisdakik.com\\\/\",\"name\":\"\",\"description\":\"Tam vaktinde haber\",\"potentialAction\":[{\"@type\":\"SearchAction\",\"target\":{\"@type\":\"EntryPoint\",\"urlTemplate\":\"https:\\\/\\\/kibrisdakik.com\\\/?s={search_term_string}\"},\"query-input\":{\"@type\":\"PropertyValueSpecification\",\"valueRequired\":true,\"valueName\":\"search_term_string\"}}],\"inLanguage\":\"tr\"},{\"@type\":\"Person\",\"@id\":\"https:\\\/\\\/kibrisdakik.com\\\/#\\\/schema\\\/person\\\/9cd9d437bbb44f72b73ba127e06d8e79\",\"name\":\"admin\",\"image\":{\"@type\":\"ImageObject\",\"inLanguage\":\"tr\",\"@id\":\"https:\\\/\\\/secure.gravatar.com\\\/avatar\\\/ccc17943b9d660506c869530f897617f7cb1c21a4bf30023f252596d83e1f007?s=96&d=mm&r=g\",\"url\":\"https:\\\/\\\/secure.gravatar.com\\\/avatar\\\/ccc17943b9d660506c869530f897617f7cb1c21a4bf30023f252596d83e1f007?s=96&d=mm&r=g\",\"contentUrl\":\"https:\\\/\\\/secure.gravatar.com\\\/avatar\\\/ccc17943b9d660506c869530f897617f7cb1c21a4bf30023f252596d83e1f007?s=96&d=mm&r=g\",\"caption\":\"admin\"},\"sameAs\":[\"https:\\\/\\\/kibrisdakik.com\"],\"url\":\"https:\\\/\\\/kibrisdakik.com\\\/?author=1\"}]}<\/script>\n<!-- \/ Yoast SEO plugin. -->","yoast_head_json":{"title":"Simon Aykut\u2019un ailesinden a\u00e7\u0131klama: \u201cSa\u011fl\u0131k raporlar\u0131, hapishanede tutulmamas\u0131 gerekti\u011fini a\u00e7\u0131k\u00e7a g\u00f6stermektedir\u201d -","robots":{"index":"index","follow":"follow","max-snippet":"max-snippet:-1","max-image-preview":"max-image-preview:large","max-video-preview":"max-video-preview:-1"},"canonical":"https:\/\/kibrisdakik.com\/?p=75053","og_locale":"tr_TR","og_type":"article","og_title":"Simon Aykut\u2019un ailesinden a\u00e7\u0131klama: \u201cSa\u011fl\u0131k raporlar\u0131, hapishanede tutulmamas\u0131 gerekti\u011fini a\u00e7\u0131k\u00e7a g\u00f6stermektedir\u201d -","og_description":"\u00a0 G\u00fcney K\u0131br\u0131s\u2019ta hapishanede bulunan Simon Mistel Aykut\u2019un ailesi, Aykut\u2019un sa\u011fl\u0131\u011f\u0131yla ilgili durumunun has\u0131ralt\u0131 edilmesinin K\u0131br\u0131s demokrasi ve hukuk tarihine kara leke olarak ge\u00e7ecek bir skandal oldu\u011funu kaydederek, sa\u011fl\u0131k raporlar\u0131n\u0131n hapishanede tutulmamas\u0131 gerekti\u011fini g\u00f6sterdi\u011fini belirtti. Aykut\u2019un ailesi taraf\u0131ndan yap\u0131lan yaz\u0131l\u0131 a\u00e7\u0131klamada, Simon Mistel Aykut\u2019un, Rum lider Hristodulidis\u2019i sosyal medya arac\u0131l\u0131\u011f\u0131 ile tehdit etti\u011fi iddialar\u0131 da","og_url":"https:\/\/kibrisdakik.com\/?p=75053","article_published_time":"2025-02-05T07:32:37+00:00","og_image":[{"width":971,"height":551,"url":"https:\/\/kibrisdakik.com\/wp-content\/uploads\/2025\/01\/simon.webp-740x420.webp","type":"image\/webp"}],"author":"admin","twitter_card":"summary_large_image","twitter_misc":{"Yazan:":"admin","Tahmini okuma s\u00fcresi":"1 dakika"},"schema":{"@context":"https:\/\/schema.org","@graph":[{"@type":"Article","@id":"https:\/\/kibrisdakik.com\/?p=75053#article","isPartOf":{"@id":"https:\/\/kibrisdakik.com\/?p=75053"},"author":{"name":"admin","@id":"https:\/\/kibrisdakik.com\/#\/schema\/person\/9cd9d437bbb44f72b73ba127e06d8e79"},"headline":"Simon Aykut\u2019un ailesinden a\u00e7\u0131klama: \u201cSa\u011fl\u0131k raporlar\u0131, hapishanede tutulmamas\u0131 gerekti\u011fini a\u00e7\u0131k\u00e7a g\u00f6stermektedir\u201d","datePublished":"2025-02-05T07:32:37+00:00","mainEntityOfPage":{"@id":"https:\/\/kibrisdakik.com\/?p=75053"},"wordCount":309,"commentCount":0,"image":{"@id":"https:\/\/kibrisdakik.com\/?p=75053#primaryimage"},"thumbnailUrl":"https:\/\/kibrisdakik.com\/wp-content\/uploads\/2025\/01\/simon.webp-740x420.webp","articleSection":["K\u0131br\u0131s","Man\u015fet"],"inLanguage":"tr","potentialAction":[{"@type":"CommentAction","name":"Comment","target":["https:\/\/kibrisdakik.com\/?p=75053#respond"]}]},{"@type":"WebPage","@id":"https:\/\/kibrisdakik.com\/?p=75053","url":"https:\/\/kibrisdakik.com\/?p=75053","name":"Simon Aykut\u2019un ailesinden a\u00e7\u0131klama: \u201cSa\u011fl\u0131k raporlar\u0131, hapishanede tutulmamas\u0131 gerekti\u011fini a\u00e7\u0131k\u00e7a g\u00f6stermektedir\u201d -","isPartOf":{"@id":"https:\/\/kibrisdakik.com\/#website"},"primaryImageOfPage":{"@id":"https:\/\/kibrisdakik.com\/?p=75053#primaryimage"},"image":{"@id":"https:\/\/kibrisdakik.com\/?p=75053#primaryimage"},"thumbnailUrl":"https:\/\/kibrisdakik.com\/wp-content\/uploads\/2025\/01\/simon.webp-740x420.webp","datePublished":"2025-02-05T07:32:37+00:00","author":{"@id":"https:\/\/kibrisdakik.com\/#\/schema\/person\/9cd9d437bbb44f72b73ba127e06d8e79"},"breadcrumb":{"@id":"https:\/\/kibrisdakik.com\/?p=75053#breadcrumb"},"inLanguage":"tr","potentialAction":[{"@type":"ReadAction","target":["https:\/\/kibrisdakik.com\/?p=75053"]}]},{"@type":"ImageObject","inLanguage":"tr","@id":"https:\/\/kibrisdakik.com\/?p=75053#primaryimage","url":"https:\/\/kibrisdakik.com\/wp-content\/uploads\/2025\/01\/simon.webp-740x420.webp","contentUrl":"https:\/\/kibrisdakik.com\/wp-content\/uploads\/2025\/01\/simon.webp-740x420.webp","width":971,"height":551},{"@type":"BreadcrumbList","@id":"https:\/\/kibrisdakik.com\/?p=75053#breadcrumb","itemListElement":[{"@type":"ListItem","position":1,"name":"Home","item":"https:\/\/kibrisdakik.com\/"},{"@type":"ListItem","position":2,"name":"Simon Aykut\u2019un ailesinden a\u00e7\u0131klama: \u201cSa\u011fl\u0131k raporlar\u0131, hapishanede tutulmamas\u0131 gerekti\u011fini a\u00e7\u0131k\u00e7a g\u00f6stermektedir\u201d"}]},{"@type":"WebSite","@id":"https:\/\/kibrisdakik.com\/#website","url":"https:\/\/kibrisdakik.com\/","name":"","description":"Tam vaktinde haber","potentialAction":[{"@type":"SearchAction","target":{"@type":"EntryPoint","urlTemplate":"https:\/\/kibrisdakik.com\/?s={search_term_string}"},"query-input":{"@type":"PropertyValueSpecification","valueRequired":true,"valueName":"search_term_string"}}],"inLanguage":"tr"},{"@type":"Person","@id":"https:\/\/kibrisdakik.com\/#\/schema\/person\/9cd9d437bbb44f72b73ba127e06d8e79","name":"admin","image":{"@type":"ImageObject","inLanguage":"tr","@id":"https:\/\/secure.gravatar.com\/avatar\/ccc17943b9d660506c869530f897617f7cb1c21a4bf30023f252596d83e1f007?s=96&d=mm&r=g","url":"https:\/\/secure.gravatar.com\/avatar\/ccc17943b9d660506c869530f897617f7cb1c21a4bf30023f252596d83e1f007?s=96&d=mm&r=g","contentUrl":"https:\/\/secure.gravatar.com\/avatar\/ccc17943b9d660506c869530f897617f7cb1c21a4bf30023f252596d83e1f007?s=96&d=mm&r=g","caption":"admin"},"sameAs":["https:\/\/kibrisdakik.com"],"url":"https:\/\/kibrisdakik.com\/?author=1"}]}},"_links":{"self":[{"href":"https:\/\/kibrisdakik.com\/index.php?rest_route=\/wp\/v2\/posts\/75053","targetHints":{"allow":["GET"]}}],"collection":[{"href":"https:\/\/kibrisdakik.com\/index.php?rest_route=\/wp\/v2\/posts"}],"about":[{"href":"https:\/\/kibrisdakik.com\/index.php?rest_route=\/wp\/v2\/types\/post"}],"author":[{"embeddable":true,"href":"https:\/\/kibrisdakik.com\/index.php?rest_route=\/wp\/v2\/users\/1"}],"replies":[{"embeddable":true,"href":"https:\/\/kibrisdakik.com\/index.php?rest_route=%2Fwp%2Fv2%2Fcomments&post=75053"}],"version-history":[{"count":0,"href":"https:\/\/kibrisdakik.com\/index.php?rest_route=\/wp\/v2\/posts\/75053\/revisions"}],"wp:featuredmedia":[{"embeddable":true,"href":"https:\/\/kibrisdakik.com\/index.php?rest_route=\/wp\/v2\/media\/74527"}],"wp:attachment":[{"href":"https:\/\/kibrisdakik.com\/index.php?rest_route=%2Fwp%2Fv2%2Fmedia&parent=75053"}],"wp:term":[{"taxonomy":"category","embeddable":true,"href":"https:\/\/kibrisdakik.com\/index.php?rest_route=%2Fwp%2Fv2%2Fcategories&post=75053"},{"taxonomy":"post_tag","embeddable":true,"href":"https:\/\/kibrisdakik.com\/index.php?rest_route=%2Fwp%2Fv2%2Ftags&post=75053"}],"curies":[{"name":"wp","href":"https:\/\/api.w.org\/{rel}","templated":true}]}}