{"id":75066,"date":"2025-02-05T14:01:30","date_gmt":"2025-02-05T11:01:30","guid":{"rendered":"https:\/\/kibrisdakik.com\/index.php\/2025\/02\/05\/kar-yagisi-hava-ulasimini-olumsuz-etkiledi-iptal-edilen-ucuslardan-kktc-ucuslari-da-etkilendi\/"},"modified":"2025-02-05T14:01:30","modified_gmt":"2025-02-05T11:01:30","slug":"kar-yagisi-hava-ulasimini-olumsuz-etkiledi-iptal-edilen-ucuslardan-kktc-ucuslari-da-etkilendi","status":"publish","type":"post","link":"https:\/\/kibrisdakik.com\/?p=75066","title":{"rendered":"Kar ya\u011f\u0131\u015f\u0131 hava ula\u015f\u0131m\u0131n\u0131 olumsuz etkiledi..\u0130ptal edilen u\u00e7u\u015flardan KKTC u\u00e7u\u015flar\u0131 da etkilendi"},"content":{"rendered":"<div>\n<div class=\"mariselle-image-container center\">\n                                            <\/div>\n<p>\u0130stanbul\u2019da ba\u015flayan kar ya\u011f\u0131\u015f\u0131 hava ula\u015f\u0131m\u0131n\u0131 olumsuz etkiledi.<\/p>\n<p>\u00d6zellikle Sabiha G\u00f6k\u00e7en Havaliman\u0131\u2019nda bir\u00e7ok u\u00e7u\u015f olumsuz hava ko\u015fullar\u0131 nedeniyle iptal edildi.<\/p>\n<p>\u0130ptallerden KKTC u\u00e7u\u015flar\u0131 da etkilendi.<\/p>\n<p>Sivil Havac\u0131l\u0131k Dairesi M\u00fcd\u00fcr\u00fc Mustafa Sofi\u2019den al\u0131nan bilgiye g\u00f6re; Pegasus Havayollar\u0131\u2019na ait 1920 sefer say\u0131l\u0131 Sabiha G\u00f6k\u00e7en-Ercan ile 1921 sefer say\u0131l\u0131 Ercan-Sabiha G\u00f6k\u00e7en u\u00e7u\u015flar\u0131 iptal edildi\u2026<\/p>\n<p>Sofi, Pegasus Havayollar\u0131n\u0131n yar\u0131nki 1912, 1913 ve 1924,1925 ile T\u00fcrk Hava Yollar\u0131\u2019n\u0131n 962 ve 963 sefer say\u0131l\u0131 Sabiha G\u00f6k\u00e7en-Ercan kar\u015f\u0131l\u0131kl\u0131 u\u00e7u\u015flar\u0131n\u0131n iptal edildi\u011fini kaydetti.<\/p>\n<p>7,8 ve 9 \u015eubat tarihlerinde ger\u00e7ekle\u015ftirilmesi planlanan baz\u0131 u\u00e7u\u00e7lar da iptal oldu. <\/p>\n<p>Mustafa Sofi, \u201c7 \u015eubat Cuma g\u00fcn\u00fc Pegasus Havayollar\u0131\u2019na ait 1930 ve 1929;<br \/>8 \u015eubat Cumartesi g\u00fcn\u00fc 1926, 1927 ve 1884, 1885 ve 9 \u015eubat Pazar g\u00fcn\u00fc ise 1893, 1894 ve 1860,1861 sefer say\u0131l\u0131 u\u00e7u\u015flar iptal edildi\u201d dedi. <\/p>\n<p>Bu arada Ajet\u2019in da Sabiha G\u00f6k\u00e7en-Ercan u\u00e7u\u015flar\u0131nda iptaller var\u2026<\/p>\n<p>Ajet\u2019in internet sitesinde yer alan bilgilere g\u00f6re; bug\u00fcn ger\u00e7ekle\u015ftirilmesi planlanan 169, 161,162 ve 165 sefer say\u0131l\u0131 u\u00e7u\u015flar iptal edildi\u2026<\/p>\n<\/p><\/div>\n<p><script async\n                    defer\n                    crossorigin=\"anonymous\"\n                    src=\"https:\/\/connect.facebook.net\/tr_TR\/sdk.js#xfbml=1&#038;version=v3.3\"\n            ><\/script><\/p>\n","protected":false},"excerpt":{"rendered":"<p>\u0130stanbul\u2019da ba\u015flayan kar ya\u011f\u0131\u015f\u0131 hava ula\u015f\u0131m\u0131n\u0131 olumsuz etkiledi. \u00d6zellikle Sabiha G\u00f6k\u00e7en Havaliman\u0131\u2019nda bir\u00e7ok u\u00e7u\u015f olumsuz hava ko\u015fullar\u0131 nedeniyle iptal edildi. \u0130ptallerden KKTC u\u00e7u\u015flar\u0131 da etkilendi. Sivil Havac\u0131l\u0131k Dairesi M\u00fcd\u00fcr\u00fc Mustafa Sofi\u2019den al\u0131nan bilgiye g\u00f6re; Pegasus Havayollar\u0131\u2019na ait 1920 sefer say\u0131l\u0131 Sabiha G\u00f6k\u00e7en-Ercan ile 1921 sefer say\u0131l\u0131 Ercan-Sabiha G\u00f6k\u00e7en u\u00e7u\u015flar\u0131 iptal edildi\u2026 Sofi, Pegasus Havayollar\u0131n\u0131n yar\u0131nki<\/p>\n","protected":false},"author":1,"featured_media":75067,"comment_status":"open","ping_status":"open","sticky":false,"template":"","format":"standard","meta":{"footnotes":""},"categories":[81,101],"tags":[],"class_list":["post-75066","post","type-post","status-publish","format-standard","has-post-thumbnail","hentry","category-kibris","category-manset"],"yoast_head":"<!-- This site is optimized with the Yoast SEO plugin v27.5 - https:\/\/yoast.com\/product\/yoast-seo-wordpress\/ -->\n<title>Kar ya\u011f\u0131\u015f\u0131 hava ula\u015f\u0131m\u0131n\u0131 olumsuz etkiledi..\u0130ptal edilen u\u00e7u\u015flardan KKTC u\u00e7u\u015flar\u0131 da etkilendi -<\/title>\n<meta name=\"robots\" content=\"index, follow, max-snippet:-1, max-image-preview:large, max-video-preview:-1\" \/>\n<link rel=\"canonical\" href=\"https:\/\/kibrisdakik.com\/?p=75066\" \/>\n<meta property=\"og:locale\" content=\"tr_TR\" \/>\n<meta property=\"og:type\" content=\"article\" \/>\n<meta property=\"og:title\" content=\"Kar ya\u011f\u0131\u015f\u0131 hava ula\u015f\u0131m\u0131n\u0131 olumsuz etkiledi..\u0130ptal edilen u\u00e7u\u015flardan KKTC u\u00e7u\u015flar\u0131 da etkilendi -\" \/>\n<meta property=\"og:description\" content=\"\u0130stanbul\u2019da ba\u015flayan kar ya\u011f\u0131\u015f\u0131 hava ula\u015f\u0131m\u0131n\u0131 olumsuz etkiledi. \u00d6zellikle Sabiha G\u00f6k\u00e7en Havaliman\u0131\u2019nda bir\u00e7ok u\u00e7u\u015f olumsuz hava ko\u015fullar\u0131 nedeniyle iptal edildi. \u0130ptallerden KKTC u\u00e7u\u015flar\u0131 da etkilendi. Sivil Havac\u0131l\u0131k Dairesi M\u00fcd\u00fcr\u00fc Mustafa Sofi\u2019den al\u0131nan bilgiye g\u00f6re; Pegasus Havayollar\u0131\u2019na ait 1920 sefer say\u0131l\u0131 Sabiha G\u00f6k\u00e7en-Ercan ile 1921 sefer say\u0131l\u0131 Ercan-Sabiha G\u00f6k\u00e7en u\u00e7u\u015flar\u0131 iptal edildi\u2026 Sofi, Pegasus Havayollar\u0131n\u0131n yar\u0131nki\" \/>\n<meta property=\"og:url\" content=\"https:\/\/kibrisdakik.com\/?p=75066\" \/>\n<meta property=\"article:published_time\" content=\"2025-02-05T11:01:30+00:00\" \/>\n<meta property=\"og:image\" content=\"https:\/\/kibrisdakik.com\/wp-content\/uploads\/2025\/02\/istanbul-havalimani-ve-sa-961_2-41-740x420.jpg\" \/>\n\t<meta property=\"og:image:width\" content=\"1200\" \/>\n\t<meta property=\"og:image:height\" content=\"675\" \/>\n\t<meta property=\"og:image:type\" content=\"image\/jpeg\" \/>\n<meta name=\"author\" content=\"admin\" \/>\n<meta name=\"twitter:card\" content=\"summary_large_image\" \/>\n<meta name=\"twitter:label1\" content=\"Yazan:\" \/>\n\t<meta name=\"twitter:data1\" content=\"admin\" \/>\n\t<meta name=\"twitter:label2\" content=\"Tahmini okuma s\u00fcresi\" \/>\n\t<meta name=\"twitter:data2\" content=\"1 dakika\" \/>\n<script type=\"application\/ld+json\" class=\"yoast-schema-graph\">{\"@context\":\"https:\\\/\\\/schema.org\",\"@graph\":[{\"@type\":\"Article\",\"@id\":\"https:\\\/\\\/kibrisdakik.com\\\/?p=75066#article\",\"isPartOf\":{\"@id\":\"https:\\\/\\\/kibrisdakik.com\\\/?p=75066\"},\"author\":{\"name\":\"admin\",\"@id\":\"https:\\\/\\\/kibrisdakik.com\\\/#\\\/schema\\\/person\\\/9cd9d437bbb44f72b73ba127e06d8e79\"},\"headline\":\"Kar ya\u011f\u0131\u015f\u0131 hava ula\u015f\u0131m\u0131n\u0131 olumsuz etkiledi..\u0130ptal edilen u\u00e7u\u015flardan KKTC u\u00e7u\u015flar\u0131 da etkilendi\",\"datePublished\":\"2025-02-05T11:01:30+00:00\",\"mainEntityOfPage\":{\"@id\":\"https:\\\/\\\/kibrisdakik.com\\\/?p=75066\"},\"wordCount\":216,\"commentCount\":0,\"image\":{\"@id\":\"https:\\\/\\\/kibrisdakik.com\\\/?p=75066#primaryimage\"},\"thumbnailUrl\":\"https:\\\/\\\/kibrisdakik.com\\\/wp-content\\\/uploads\\\/2025\\\/02\\\/istanbul-havalimani-ve-sa-961_2-41-740x420.jpg\",\"articleSection\":[\"K\u0131br\u0131s\",\"Man\u015fet\"],\"inLanguage\":\"tr\",\"potentialAction\":[{\"@type\":\"CommentAction\",\"name\":\"Comment\",\"target\":[\"https:\\\/\\\/kibrisdakik.com\\\/?p=75066#respond\"]}]},{\"@type\":\"WebPage\",\"@id\":\"https:\\\/\\\/kibrisdakik.com\\\/?p=75066\",\"url\":\"https:\\\/\\\/kibrisdakik.com\\\/?p=75066\",\"name\":\"Kar ya\u011f\u0131\u015f\u0131 hava ula\u015f\u0131m\u0131n\u0131 olumsuz etkiledi..\u0130ptal edilen u\u00e7u\u015flardan KKTC u\u00e7u\u015flar\u0131 da etkilendi -\",\"isPartOf\":{\"@id\":\"https:\\\/\\\/kibrisdakik.com\\\/#website\"},\"primaryImageOfPage\":{\"@id\":\"https:\\\/\\\/kibrisdakik.com\\\/?p=75066#primaryimage\"},\"image\":{\"@id\":\"https:\\\/\\\/kibrisdakik.com\\\/?p=75066#primaryimage\"},\"thumbnailUrl\":\"https:\\\/\\\/kibrisdakik.com\\\/wp-content\\\/uploads\\\/2025\\\/02\\\/istanbul-havalimani-ve-sa-961_2-41-740x420.jpg\",\"datePublished\":\"2025-02-05T11:01:30+00:00\",\"author\":{\"@id\":\"https:\\\/\\\/kibrisdakik.com\\\/#\\\/schema\\\/person\\\/9cd9d437bbb44f72b73ba127e06d8e79\"},\"breadcrumb\":{\"@id\":\"https:\\\/\\\/kibrisdakik.com\\\/?p=75066#breadcrumb\"},\"inLanguage\":\"tr\",\"potentialAction\":[{\"@type\":\"ReadAction\",\"target\":[\"https:\\\/\\\/kibrisdakik.com\\\/?p=75066\"]}]},{\"@type\":\"ImageObject\",\"inLanguage\":\"tr\",\"@id\":\"https:\\\/\\\/kibrisdakik.com\\\/?p=75066#primaryimage\",\"url\":\"https:\\\/\\\/kibrisdakik.com\\\/wp-content\\\/uploads\\\/2025\\\/02\\\/istanbul-havalimani-ve-sa-961_2-41-740x420.jpg\",\"contentUrl\":\"https:\\\/\\\/kibrisdakik.com\\\/wp-content\\\/uploads\\\/2025\\\/02\\\/istanbul-havalimani-ve-sa-961_2-41-740x420.jpg\",\"width\":1200,\"height\":675},{\"@type\":\"BreadcrumbList\",\"@id\":\"https:\\\/\\\/kibrisdakik.com\\\/?p=75066#breadcrumb\",\"itemListElement\":[{\"@type\":\"ListItem\",\"position\":1,\"name\":\"Home\",\"item\":\"https:\\\/\\\/kibrisdakik.com\\\/\"},{\"@type\":\"ListItem\",\"position\":2,\"name\":\"Kar ya\u011f\u0131\u015f\u0131 hava ula\u015f\u0131m\u0131n\u0131 olumsuz etkiledi..\u0130ptal edilen u\u00e7u\u015flardan KKTC u\u00e7u\u015flar\u0131 da etkilendi\"}]},{\"@type\":\"WebSite\",\"@id\":\"https:\\\/\\\/kibrisdakik.com\\\/#website\",\"url\":\"https:\\\/\\\/kibrisdakik.com\\\/\",\"name\":\"\",\"description\":\"Tam vaktinde haber\",\"potentialAction\":[{\"@type\":\"SearchAction\",\"target\":{\"@type\":\"EntryPoint\",\"urlTemplate\":\"https:\\\/\\\/kibrisdakik.com\\\/?s={search_term_string}\"},\"query-input\":{\"@type\":\"PropertyValueSpecification\",\"valueRequired\":true,\"valueName\":\"search_term_string\"}}],\"inLanguage\":\"tr\"},{\"@type\":\"Person\",\"@id\":\"https:\\\/\\\/kibrisdakik.com\\\/#\\\/schema\\\/person\\\/9cd9d437bbb44f72b73ba127e06d8e79\",\"name\":\"admin\",\"image\":{\"@type\":\"ImageObject\",\"inLanguage\":\"tr\",\"@id\":\"https:\\\/\\\/secure.gravatar.com\\\/avatar\\\/ccc17943b9d660506c869530f897617f7cb1c21a4bf30023f252596d83e1f007?s=96&d=mm&r=g\",\"url\":\"https:\\\/\\\/secure.gravatar.com\\\/avatar\\\/ccc17943b9d660506c869530f897617f7cb1c21a4bf30023f252596d83e1f007?s=96&d=mm&r=g\",\"contentUrl\":\"https:\\\/\\\/secure.gravatar.com\\\/avatar\\\/ccc17943b9d660506c869530f897617f7cb1c21a4bf30023f252596d83e1f007?s=96&d=mm&r=g\",\"caption\":\"admin\"},\"sameAs\":[\"https:\\\/\\\/kibrisdakik.com\"],\"url\":\"https:\\\/\\\/kibrisdakik.com\\\/?author=1\"}]}<\/script>\n<!-- \/ Yoast SEO plugin. -->","yoast_head_json":{"title":"Kar ya\u011f\u0131\u015f\u0131 hava ula\u015f\u0131m\u0131n\u0131 olumsuz etkiledi..\u0130ptal edilen u\u00e7u\u015flardan KKTC u\u00e7u\u015flar\u0131 da etkilendi -","robots":{"index":"index","follow":"follow","max-snippet":"max-snippet:-1","max-image-preview":"max-image-preview:large","max-video-preview":"max-video-preview:-1"},"canonical":"https:\/\/kibrisdakik.com\/?p=75066","og_locale":"tr_TR","og_type":"article","og_title":"Kar ya\u011f\u0131\u015f\u0131 hava ula\u015f\u0131m\u0131n\u0131 olumsuz etkiledi..\u0130ptal edilen u\u00e7u\u015flardan KKTC u\u00e7u\u015flar\u0131 da etkilendi -","og_description":"\u0130stanbul\u2019da ba\u015flayan kar ya\u011f\u0131\u015f\u0131 hava ula\u015f\u0131m\u0131n\u0131 olumsuz etkiledi. \u00d6zellikle Sabiha G\u00f6k\u00e7en Havaliman\u0131\u2019nda bir\u00e7ok u\u00e7u\u015f olumsuz hava ko\u015fullar\u0131 nedeniyle iptal edildi. \u0130ptallerden KKTC u\u00e7u\u015flar\u0131 da etkilendi. Sivil Havac\u0131l\u0131k Dairesi M\u00fcd\u00fcr\u00fc Mustafa Sofi\u2019den al\u0131nan bilgiye g\u00f6re; Pegasus Havayollar\u0131\u2019na ait 1920 sefer say\u0131l\u0131 Sabiha G\u00f6k\u00e7en-Ercan ile 1921 sefer say\u0131l\u0131 Ercan-Sabiha G\u00f6k\u00e7en u\u00e7u\u015flar\u0131 iptal edildi\u2026 Sofi, Pegasus Havayollar\u0131n\u0131n yar\u0131nki","og_url":"https:\/\/kibrisdakik.com\/?p=75066","article_published_time":"2025-02-05T11:01:30+00:00","og_image":[{"width":1200,"height":675,"url":"https:\/\/kibrisdakik.com\/wp-content\/uploads\/2025\/02\/istanbul-havalimani-ve-sa-961_2-41-740x420.jpg","type":"image\/jpeg"}],"author":"admin","twitter_card":"summary_large_image","twitter_misc":{"Yazan:":"admin","Tahmini okuma s\u00fcresi":"1 dakika"},"schema":{"@context":"https:\/\/schema.org","@graph":[{"@type":"Article","@id":"https:\/\/kibrisdakik.com\/?p=75066#article","isPartOf":{"@id":"https:\/\/kibrisdakik.com\/?p=75066"},"author":{"name":"admin","@id":"https:\/\/kibrisdakik.com\/#\/schema\/person\/9cd9d437bbb44f72b73ba127e06d8e79"},"headline":"Kar ya\u011f\u0131\u015f\u0131 hava ula\u015f\u0131m\u0131n\u0131 olumsuz etkiledi..\u0130ptal edilen u\u00e7u\u015flardan KKTC u\u00e7u\u015flar\u0131 da etkilendi","datePublished":"2025-02-05T11:01:30+00:00","mainEntityOfPage":{"@id":"https:\/\/kibrisdakik.com\/?p=75066"},"wordCount":216,"commentCount":0,"image":{"@id":"https:\/\/kibrisdakik.com\/?p=75066#primaryimage"},"thumbnailUrl":"https:\/\/kibrisdakik.com\/wp-content\/uploads\/2025\/02\/istanbul-havalimani-ve-sa-961_2-41-740x420.jpg","articleSection":["K\u0131br\u0131s","Man\u015fet"],"inLanguage":"tr","potentialAction":[{"@type":"CommentAction","name":"Comment","target":["https:\/\/kibrisdakik.com\/?p=75066#respond"]}]},{"@type":"WebPage","@id":"https:\/\/kibrisdakik.com\/?p=75066","url":"https:\/\/kibrisdakik.com\/?p=75066","name":"Kar ya\u011f\u0131\u015f\u0131 hava ula\u015f\u0131m\u0131n\u0131 olumsuz etkiledi..\u0130ptal edilen u\u00e7u\u015flardan KKTC u\u00e7u\u015flar\u0131 da etkilendi -","isPartOf":{"@id":"https:\/\/kibrisdakik.com\/#website"},"primaryImageOfPage":{"@id":"https:\/\/kibrisdakik.com\/?p=75066#primaryimage"},"image":{"@id":"https:\/\/kibrisdakik.com\/?p=75066#primaryimage"},"thumbnailUrl":"https:\/\/kibrisdakik.com\/wp-content\/uploads\/2025\/02\/istanbul-havalimani-ve-sa-961_2-41-740x420.jpg","datePublished":"2025-02-05T11:01:30+00:00","author":{"@id":"https:\/\/kibrisdakik.com\/#\/schema\/person\/9cd9d437bbb44f72b73ba127e06d8e79"},"breadcrumb":{"@id":"https:\/\/kibrisdakik.com\/?p=75066#breadcrumb"},"inLanguage":"tr","potentialAction":[{"@type":"ReadAction","target":["https:\/\/kibrisdakik.com\/?p=75066"]}]},{"@type":"ImageObject","inLanguage":"tr","@id":"https:\/\/kibrisdakik.com\/?p=75066#primaryimage","url":"https:\/\/kibrisdakik.com\/wp-content\/uploads\/2025\/02\/istanbul-havalimani-ve-sa-961_2-41-740x420.jpg","contentUrl":"https:\/\/kibrisdakik.com\/wp-content\/uploads\/2025\/02\/istanbul-havalimani-ve-sa-961_2-41-740x420.jpg","width":1200,"height":675},{"@type":"BreadcrumbList","@id":"https:\/\/kibrisdakik.com\/?p=75066#breadcrumb","itemListElement":[{"@type":"ListItem","position":1,"name":"Home","item":"https:\/\/kibrisdakik.com\/"},{"@type":"ListItem","position":2,"name":"Kar ya\u011f\u0131\u015f\u0131 hava ula\u015f\u0131m\u0131n\u0131 olumsuz etkiledi..\u0130ptal edilen u\u00e7u\u015flardan KKTC u\u00e7u\u015flar\u0131 da etkilendi"}]},{"@type":"WebSite","@id":"https:\/\/kibrisdakik.com\/#website","url":"https:\/\/kibrisdakik.com\/","name":"","description":"Tam vaktinde haber","potentialAction":[{"@type":"SearchAction","target":{"@type":"EntryPoint","urlTemplate":"https:\/\/kibrisdakik.com\/?s={search_term_string}"},"query-input":{"@type":"PropertyValueSpecification","valueRequired":true,"valueName":"search_term_string"}}],"inLanguage":"tr"},{"@type":"Person","@id":"https:\/\/kibrisdakik.com\/#\/schema\/person\/9cd9d437bbb44f72b73ba127e06d8e79","name":"admin","image":{"@type":"ImageObject","inLanguage":"tr","@id":"https:\/\/secure.gravatar.com\/avatar\/ccc17943b9d660506c869530f897617f7cb1c21a4bf30023f252596d83e1f007?s=96&d=mm&r=g","url":"https:\/\/secure.gravatar.com\/avatar\/ccc17943b9d660506c869530f897617f7cb1c21a4bf30023f252596d83e1f007?s=96&d=mm&r=g","contentUrl":"https:\/\/secure.gravatar.com\/avatar\/ccc17943b9d660506c869530f897617f7cb1c21a4bf30023f252596d83e1f007?s=96&d=mm&r=g","caption":"admin"},"sameAs":["https:\/\/kibrisdakik.com"],"url":"https:\/\/kibrisdakik.com\/?author=1"}]}},"_links":{"self":[{"href":"https:\/\/kibrisdakik.com\/index.php?rest_route=\/wp\/v2\/posts\/75066","targetHints":{"allow":["GET"]}}],"collection":[{"href":"https:\/\/kibrisdakik.com\/index.php?rest_route=\/wp\/v2\/posts"}],"about":[{"href":"https:\/\/kibrisdakik.com\/index.php?rest_route=\/wp\/v2\/types\/post"}],"author":[{"embeddable":true,"href":"https:\/\/kibrisdakik.com\/index.php?rest_route=\/wp\/v2\/users\/1"}],"replies":[{"embeddable":true,"href":"https:\/\/kibrisdakik.com\/index.php?rest_route=%2Fwp%2Fv2%2Fcomments&post=75066"}],"version-history":[{"count":0,"href":"https:\/\/kibrisdakik.com\/index.php?rest_route=\/wp\/v2\/posts\/75066\/revisions"}],"wp:featuredmedia":[{"embeddable":true,"href":"https:\/\/kibrisdakik.com\/index.php?rest_route=\/wp\/v2\/media\/75067"}],"wp:attachment":[{"href":"https:\/\/kibrisdakik.com\/index.php?rest_route=%2Fwp%2Fv2%2Fmedia&parent=75066"}],"wp:term":[{"taxonomy":"category","embeddable":true,"href":"https:\/\/kibrisdakik.com\/index.php?rest_route=%2Fwp%2Fv2%2Fcategories&post=75066"},{"taxonomy":"post_tag","embeddable":true,"href":"https:\/\/kibrisdakik.com\/index.php?rest_route=%2Fwp%2Fv2%2Ftags&post=75066"}],"curies":[{"name":"wp","href":"https:\/\/api.w.org\/{rel}","templated":true}]}}