{"id":75090,"date":"2025-02-05T19:32:06","date_gmt":"2025-02-05T16:32:06","guid":{"rendered":"https:\/\/kibrisdakik.com\/index.php\/2025\/02\/05\/fidan-yunanistan-basbakani-micotakisle-tc-cumhurbaskani-erdogan-nisan-ayinda-bir-araya-gelecek\/"},"modified":"2025-02-05T19:32:06","modified_gmt":"2025-02-05T16:32:06","slug":"fidan-yunanistan-basbakani-micotakisle-tc-cumhurbaskani-erdogan-nisan-ayinda-bir-araya-gelecek","status":"publish","type":"post","link":"https:\/\/kibrisdakik.com\/?p=75090","title":{"rendered":"Fidan: Yunanistan Ba\u015fbakan\u0131 Mi\u00e7otakis\u2019le  TC Cumhurba\u015fkan\u0131 Erdo\u011fan nisan ay\u0131nda bir araya gelecek"},"content":{"rendered":"<p><\/p>\n<div>\n<div class=\"mariselle-image-container center\">\n                <img loading=\"lazy\" decoding=\"async\" width=\"1600\" height=\"1066\" class=\"lazy-image\" alt=\"\" sizes=\"auto, (max-width: 1600px) 100vw, 1600px\" src=\"https:\/\/brtk.net\/wp-content\/uploads\/2025\/01\/08\/fidan333.jpg?ver=d69845da83158b859a195a40a8cbe122\" srcset=\"https:\/\/brtk.net\/wp-content\/uploads\/2025\/01\/08\/fidan333.jpg?ver=d69845da83158b859a195a40a8cbe122 1600w, https:\/\/brtk.net\/wp-content\/uploads\/2025\/01\/08\/fidan333-300x200.jpg?ver=06752d9a2432a005dec6b4e00970ba29 300w, https:\/\/brtk.net\/wp-content\/uploads\/2025\/01\/08\/fidan333-1024x682.jpg?ver=f3970f340e6e3d6701c2184cf7962b7c 1024w, https:\/\/brtk.net\/wp-content\/uploads\/2025\/01\/08\/fidan333-768x512.jpg?ver=f3970f340e6e3d6701c2184cf7962b7c 768w, https:\/\/brtk.net\/wp-content\/uploads\/2025\/01\/08\/fidan333-1536x1023.jpg?ver=f3970f340e6e3d6701c2184cf7962b7c 1536w\"\/>                            <\/div>\n<p>T\u00fcrkiye D\u0131\u015fi\u015fleri Bakan\u0131 Hakan Fidan, Cumhurba\u015fkan\u0131 Recep Tayyip Erdo\u011fan ile Yunanistan Ba\u015fbakan\u0131 Kiryakos Mi\u00e7otakis\u2019in nisanda T\u00fcrkiye\u2019de g\u00f6r\u00fc\u015fece\u011fini a\u00e7\u0131klad\u0131.<\/p>\n<p>AAt\u00f6lye\u2019de Anadolu Ajans\u0131 (AA) Edit\u00f6r Masas\u0131\u2019na konuk olan Fidan, g\u00fcndeme ili\u015fkin sorular\u0131 yan\u0131tlad\u0131, de\u011ferlendirmelerde bulundu.<\/p>\n<p>Fidan, Avrupa Birli\u011fi (AB) Komisyonu Ba\u015fkan\u0131 Ursula von der Leyen\u2019in tekrar se\u00e7ilmesinin ard\u0131ndan Cumhurba\u015fkan\u0131 Erdo\u011fan ile yapt\u0131\u011f\u0131 g\u00f6r\u00fc\u015fmede, taraflar\u0131n mevcut sorunlar\u0131 \u00e7\u00f6zme konusunda bir irade ortaya koyma \u00e7abas\u0131 g\u00f6sterdi\u011fini s\u00f6yledi.<\/p>\n<p>Erdo\u011fan\u2019\u0131n sorunlar\u0131 \u00e7\u00f6zmeye odakland\u0131\u011f\u0131n\u0131 belirten Fidan, von der Leyen\u2019in de T\u00fcrkiye ile ili\u015fkilerin iyile\u015ftirilmesi konusunda genel s\u00f6ylemi oldu\u011funu aktard\u0131.<\/p>\n<p>Fidan, AB D\u0131\u015f \u0130li\u015fkiler ve G\u00fcvenlik Politikas\u0131 Y\u00fcksek Temsilcisi Kaja Kallas\u2019\u0131 T\u00fcrkiye\u2019de a\u011f\u0131rlad\u0131\u011f\u0131n\u0131 an\u0131msatarak, AB kurumlar\u0131n\u0131n T\u00fcrkiye ile i\u015fbirli\u011finin ilerletilmesine \u00f6nem verdi\u011fini aktard\u0131.<\/p>\n<p>AB yetkilileriyle yapt\u0131klar\u0131 g\u00f6r\u00fc\u015fmelerde sorunlar\u0131n tan\u0131m\u0131nda ve \u00e7\u00f6z\u00fcm\u00fcnde hemfikir olundu\u011funu g\u00f6rd\u00fcklerini payla\u015fan Fidan, AB\u2019de karar alma mekanizmalar\u0131n\u0131n oyda\u015fmaya dayand\u0131\u011f\u0131na ve bunun sorun olu\u015fturdu\u011funa dikkati \u00e7ekti.<\/p>\n<p>Fidan, AB \u00fcyesi baz\u0131 \u00fclkelerin T\u00fcrkiye konusunda engellemeleri oldu\u011funa i\u015faret ederek, \u201cAB\u2019de bunu a\u015facak bir mekanizma yok. Eskiden bu \u015f\u00f6yle a\u015f\u0131l\u0131rd\u0131, AB\u2019nin birka\u00e7 tane b\u00fcy\u00fck \u00fclkesi bunu kendisine mesele edinirdi, \u00f6b\u00fcr \u00fclkelere ikna yoluna giderdi. Ama \u015fimdi bak\u0131yoruz, bu konuda bir \u00e7aba yok. Di\u011fer \u00fclkelerde de bir fark\u0131ndal\u0131k yok. Asl\u0131nda AB\u2019nin i\u00e7indeki b\u00f6l\u00fcnm\u00fc\u015fl\u00fck de \u00e7ok fazla.\u201d dedi.<\/p>\n<p>AB\u2019deki merkez \u00fclkelerin i\u00e7 siyaset meselesi yapt\u0131klar\u0131 bir konu olan T\u00fcrkiye\u2019nin AB\u2019ye \u00fcyeli\u011fi konusunda bir g\u00f6r\u00fc\u015f de\u011fi\u015fikli\u011fi g\u00f6rmedikleri dile getiren Fidan, AB kurumlar\u0131n\u0131n G\u00fcmr\u00fck Birli\u011finin g\u00fcncellenmesi, vize serbestisi ve yat\u0131r\u0131m gibi bir\u00e7ok konuda istekli oldu\u011funu fakat baz\u0131 \u00fclkelerin bunu engelledi\u011fini s\u00f6yledi.<\/p>\n<p>\u2013 \u201cKar\u015f\u0131 taraf negatif ad\u0131mla yakla\u015f\u0131yorsa, belli tedbirleri hayata ge\u00e7irmeliyiz\u201d<\/p>\n<p>Fidan, T\u00fcrkiye\u2019nin AB ile ili\u015fkilerde hi\u00e7bir zaman sorun \u00e7\u0131karan taraf olmad\u0131\u011f\u0131n\u0131, problem \u00e7\u00f6zme tekni\u011fiyle yakla\u015ft\u0131\u011f\u0131n\u0131 vurgulayarak, \u201cAma kar\u015f\u0131 taraf negatif ad\u0131mla yakla\u015f\u0131yorsa, bizim de belli tedbirleri hayata ge\u00e7irmemiz gerekiyor.\u201d ifadesini kulland\u0131.<\/p>\n<p>Avrupa \u00fclkelerinin T\u00fcrkiye\u2019ye yakla\u015f\u0131m\u0131nda \u00e7ok ciddi de\u011fi\u015fiklik olurken Avrupa Birli\u011fi d\u00fczeyine bunun yans\u0131mad\u0131\u011f\u0131n\u0131 belirten Fidan, G\u00fcney K\u0131br\u0131s Rum Y\u00f6netimi (GKRY) gibi AB \u00fcyelerinin g\u00fcndemi ele ge\u00e7irerek ilerlemenin \u00f6n\u00fcne ge\u00e7ebildi\u011fini anlatt\u0131.<\/p>\n<p>Fidan, AB reform paketinde en fazla tart\u0131\u015f\u0131lan konunun karar alma mekanizmas\u0131n\u0131n g\u00f6zden ge\u00e7irilmesi oldu\u011funu belirterek, \u201c27 \u00fclkenin s\u00fcrekli oyda\u015fmas\u0131n\u0131 esas alan bir y\u00fcr\u00fctme tekni\u011fiyle bir yere var\u0131lmas\u0131 m\u00fcmk\u00fcn olmuyor. Dolay\u0131s\u0131yla uluslararas\u0131 krizler kar\u015f\u0131s\u0131nda dayan\u0131kl\u0131 olmayan, yeterli esnekli\u011fi g\u00f6steremeyen bir AB ile kar\u015f\u0131 kar\u015f\u0131yas\u0131n\u0131z ve AB\u2019nin uluslararas\u0131 duru\u015fu giderek geriliyor.\u201d ifadelerini kulland\u0131.<\/p>\n<p>\u2013 \u201cT\u00fcrk-Yunan sorunlar\u0131n\u0131n diyalog yoluyla \u00e7\u00f6z\u00fclmesi \u00f6nemli\u201d<\/p>\n<p>T\u00fcrk-Yunan ili\u015fkilerinin mevcut durumuna ili\u015fkin soruya yan\u0131t veren Fidan, \u201cDurdu\u011fumuz yerde duruyoruz. Cumhurba\u015fkan\u0131m\u0131z\u0131n iradesi orada, ayn\u0131. Diyalog yoluyla T\u00fcrk-Yunan sorunlar\u0131n\u0131n \u00e7\u00f6z\u00fclmesi \u00f6nemli. \u00c7\u00fcnk\u00fc bizden \u00f6nceki nesillerden devrald\u0131\u011f\u0131m\u0131z bir sorunlar k\u00fcmesi var. Her iki taraf i\u00e7inde tart\u0131\u015fmal\u0131 konular var.\u201d ifadelerini kulland\u0131.<\/p>\n<p>Bakan Fidan, bu konular\u0131n m\u00fczakere ve diyalog yoluyla \u00e7\u00f6z\u00fclmesinin \u00f6nemine i\u015faret ederek, \u201cBunu yaparken de k\u0131\u015fk\u0131rt\u0131c\u0131 ve provoke edici ad\u0131mlardan ka\u00e7\u0131n\u0131lmas\u0131 da \u00f6nemli.\u201d dedi.<\/p>\n<p>Yunan i\u00e7 siyasetinde T\u00fcrkiye meselesinin zaman zaman baz\u0131 siyasiler i\u00e7in \u201ch\u0131zl\u0131 kredi kazanma alan\u0131\u201d oldu\u011funu kaydeden Fidan, \u201cT\u00fcrkiye\u2019nin ortaya koydu\u011fu ger\u00e7ekten sorumlu ve olgun davran\u0131\u015f, bir noktadan sonra kar\u015f\u0131 tarafta da bu t\u00fcrden i\u00e7 politik ama\u00e7lara hizmet eden provokasyonlar\u0131 anlams\u0131z hale getirebiliyor.\u201d de\u011ferlendirmesini yapt\u0131.<\/p>\n<p>\u2013 Yunanistan Ba\u015fbakan\u0131 Mi\u00e7otakis ile Cumhurba\u015fkan\u0131 Erdo\u011fan T\u00fcrkiye\u2019de bir araya gelecek<\/p>\n<p>Fidan, \u201cSay\u0131n (Yunanistan Ba\u015fbakan\u0131 Kiryakos) Mi\u00e7otakis\u2019le Say\u0131n Cumhurba\u015fkan\u0131m\u0131z\u0131n nisan ay\u0131nda bir araya gelecek. Y\u00fcksek D\u00fczeyli \u0130\u015fbirli\u011fi Konseyi toplanacak T\u00fcrkiye\u2019de. Bu g\u00f6r\u00fc\u015fmeyi yapaca\u011f\u0131z.\u201d ifadelerini kulland\u0131.<\/p>\n<p>Ge\u00e7en hafta Yunanistan D\u0131\u015fi\u015fleri Bakan\u0131 Yorgos Yerapetritis ile Doha\u2019da g\u00f6r\u00fc\u015ft\u00fc\u011f\u00fcn\u00fc kaydeden Fidan, bu g\u00f6r\u00fc\u015fmede nisanda yap\u0131lacak toplant\u0131n\u0131n haz\u0131rl\u0131\u011f\u0131n\u0131 yapt\u0131klar\u0131n\u0131 ve at\u0131lacak ad\u0131mlar\u0131n \u00fczerinden ge\u00e7tiklerini belirtti.<\/p>\n<p>Bakan Fidan, T\u00fcrkiye ve Yunanistan\u2019\u0131n \u201csorunlar\u0131n m\u00fczakere yoluyla \u00e7\u00f6z\u00fclmesi konusunda emek harcanmas\u0131 ve sahici irade konulmas\u0131 konusunda hemfikir\u201d oldu\u011funu belirterek, bu konuda d\u0131\u015fi\u015fleri bakanlar\u0131na verilmi\u015f g\u00f6revler oldu\u011funu ve bu konuda \u00e7al\u0131\u015fmaya devam ettiklerini vurgulad\u0131.<\/p>\n<p>Konuyla ilgili cumhurba\u015fkanlar\u0131n\u0131 da d\u00fczenli aral\u0131klarla bilgilendirdiklerini ve talimatlar\u0131n\u0131 ald\u0131klar\u0131n\u0131 ifade eden Fidan, \u201cAma ifade etti\u011fim gibi Yunanistan\u2019daki i\u00e7 politik sistem biraz daha bize nazaran \u00e7ok daha farkl\u0131 hassasiyet arz edebiliyor.\u201d dedi.<\/p>\n<p>\u2013 TDT \u00fcyeleri ile savunma sanayi alan\u0131nda i\u015fbirli\u011fi<\/p>\n<p>Bir soru \u00fczerine, T\u00fcrk Devletleri Te\u015fkilat\u0131\u2019n\u0131n (TDT) \u00fcyelerinin aras\u0131nda savunma sanayi alan\u0131nda da ba\u015flam\u0131\u015f bir i\u015fbirli\u011finin oldu\u011funu ifade eden Fidan, \u201cSavunma sanayi i\u015fbirli\u011fi g\u00fczel giden bir alan. Burada \u00f6zellikle T\u00fcrk Cumhuriyetleri T\u00fcrkiye\u2019nin geli\u015ftirdi\u011fi savunma yeteneklerinin fark\u0131ndalar. Bundan istifade ediyorlar.\u201d dedi.<\/p>\n<p>Fidan, ikili d\u00fczeyde farkl\u0131 bakanl\u0131klar aras\u0131nda temaslar\u0131n ve i\u015fbirliklerinin de s\u00fcrd\u00fc\u011f\u00fcn\u00fc kaydederek, Milli Savunma Bakanl\u0131\u011f\u0131n\u0131n y\u00fcr\u00fctt\u00fc\u011f\u00fc nitelikli i\u015fbirliklerinin oldu\u011funu vurgulad\u0131.<\/p>\n<p>T\u00fcrk d\u00fcnyas\u0131 birli\u011fi fikrini prati\u011fe d\u00f6n\u00fc\u015ft\u00fcr\u00fcp modern zamanlarda bunun temelini olu\u015fturan alanlarda somut ad\u0131mlar at\u0131lmas\u0131 i\u00e7in \u00e7aba g\u00f6sterildi\u011fine i\u015faret eden Fidan, \u201cOrtak lojistik koridorlar, g\u00fcmr\u00fck ge\u00e7i\u015flerinin iyile\u015ftirilmesi, e\u011fitim uyumla\u015ft\u0131rmas\u0131n\u0131n sa\u011flanmas\u0131 gibi \u00e7ok fazla konu var.\u201d ifadesini kulland\u0131.<\/p>\n<p>TDT Genel Sekreterli\u011finin bu konuda giderek daha da fazla kurumsalla\u015ft\u0131\u011f\u0131n\u0131 aktaran Fidan, TDT\u2019nin kurumsalla\u015fmas\u0131n\u0131n \u00f6nemli oldu\u011funu bu nedenle de kaynak ay\u0131r\u0131ld\u0131\u011f\u0131 ve imkan sa\u011fland\u0131\u011f\u0131n\u0131 vurgulad\u0131.<\/p>\n<p>Bakan Fidan, s\u00f6zlerine \u015f\u00f6yle devam etti:<\/p>\n<p>\u201cBizim d\u0131\u015f politikam\u0131z\u0131n en \u00f6nemli \u00f6zelli\u011fi bir vizyonumuz var ama o vizyonu hayata ge\u00e7irecek bir profesyonellik, bir sistem kuruculuk da var. Onu bizim payda\u015flar\u0131m\u0131zla payla\u015farak yolumuza devam ediyoruz.\u201d<\/p>\n<p>Bulunduklar\u0131 co\u011frafyadan dolay\u0131 her \u00fclkenin g\u00fcvenlik ihtiyac\u0131n\u0131n farkl\u0131la\u015fabilece\u011fine dikkati \u00e7eken Fidan, baz\u0131 \u00fclkelerin ter\u00f6rle m\u00fccadeleye y\u00f6nelik ihtiya\u00e7lar\u0131n\u0131n \u00f6ncelikli olabilece\u011fini, baz\u0131s\u0131n\u0131n da s\u0131n\u0131r g\u00fcvenli\u011fine y\u00f6nelik ihtiyac\u0131 olabilece\u011fini ifade etti. <\/p>\n<p>Fidan, \u201cOrada daha farkl\u0131 yeteneklere ihtiyac\u0131 olabiliyor. O konuda g\u00f6r\u00fc\u015fmelerimiz gerek \u0130stihbarat Te\u015fkilat\u0131m\u0131z\u0131n gerek Savunma Bakanl\u0131\u011f\u0131m\u0131z\u0131n devam ediyor. Yani bu konuda \u00e7izilen bir politik \u00e7er\u00e7eve de var. Cumhurba\u015fkan\u0131m\u0131z o konuda \u00e7ok hassas. Ne zaman karde\u015flerimizin bizden bir \u015feye ihtiyac\u0131 oldu\u011fu zaman o konuda bir s\u0131k\u0131nt\u0131 yok.\u201d dedi.<\/p>\n<\/p><\/div>\n<p><script async\n                    defer\n                    crossorigin=\"anonymous\"\n                    src=\"https:\/\/connect.facebook.net\/tr_TR\/sdk.js#xfbml=1&#038;version=v3.3\"\n            ><\/script><\/p>\n","protected":false},"excerpt":{"rendered":"<p>T\u00fcrkiye D\u0131\u015fi\u015fleri Bakan\u0131 Hakan Fidan, Cumhurba\u015fkan\u0131 Recep Tayyip Erdo\u011fan ile Yunanistan Ba\u015fbakan\u0131 Kiryakos Mi\u00e7otakis\u2019in nisanda T\u00fcrkiye\u2019de g\u00f6r\u00fc\u015fece\u011fini a\u00e7\u0131klad\u0131. AAt\u00f6lye\u2019de Anadolu Ajans\u0131 (AA) Edit\u00f6r Masas\u0131\u2019na konuk olan Fidan, g\u00fcndeme ili\u015fkin sorular\u0131 yan\u0131tlad\u0131, de\u011ferlendirmelerde bulundu. Fidan, Avrupa Birli\u011fi (AB) Komisyonu Ba\u015fkan\u0131 Ursula von der Leyen\u2019in tekrar se\u00e7ilmesinin ard\u0131ndan Cumhurba\u015fkan\u0131 Erdo\u011fan ile yapt\u0131\u011f\u0131 g\u00f6r\u00fc\u015fmede, taraflar\u0131n mevcut sorunlar\u0131 \u00e7\u00f6zme<\/p>\n","protected":false},"author":1,"featured_media":75091,"comment_status":"open","ping_status":"open","sticky":false,"template":"","format":"standard","meta":{"footnotes":""},"categories":[86],"tags":[],"class_list":["post-75090","post","type-post","status-publish","format-standard","has-post-thumbnail","hentry","category-turkiye"],"yoast_head":"<!-- This site is optimized with the Yoast SEO plugin v27.5 - https:\/\/yoast.com\/product\/yoast-seo-wordpress\/ -->\n<title>Fidan: Yunanistan Ba\u015fbakan\u0131 Mi\u00e7otakis\u2019le TC Cumhurba\u015fkan\u0131 Erdo\u011fan nisan ay\u0131nda bir araya gelecek -<\/title>\n<meta name=\"robots\" content=\"index, follow, max-snippet:-1, max-image-preview:large, max-video-preview:-1\" \/>\n<link rel=\"canonical\" href=\"https:\/\/kibrisdakik.com\/?p=75090\" \/>\n<meta property=\"og:locale\" content=\"tr_TR\" \/>\n<meta property=\"og:type\" content=\"article\" \/>\n<meta property=\"og:title\" content=\"Fidan: Yunanistan Ba\u015fbakan\u0131 Mi\u00e7otakis\u2019le TC Cumhurba\u015fkan\u0131 Erdo\u011fan nisan ay\u0131nda bir araya gelecek -\" \/>\n<meta property=\"og:description\" content=\"T\u00fcrkiye D\u0131\u015fi\u015fleri Bakan\u0131 Hakan Fidan, Cumhurba\u015fkan\u0131 Recep Tayyip Erdo\u011fan ile Yunanistan Ba\u015fbakan\u0131 Kiryakos Mi\u00e7otakis\u2019in nisanda T\u00fcrkiye\u2019de g\u00f6r\u00fc\u015fece\u011fini a\u00e7\u0131klad\u0131. AAt\u00f6lye\u2019de Anadolu Ajans\u0131 (AA) Edit\u00f6r Masas\u0131\u2019na konuk olan Fidan, g\u00fcndeme ili\u015fkin sorular\u0131 yan\u0131tlad\u0131, de\u011ferlendirmelerde bulundu. Fidan, Avrupa Birli\u011fi (AB) Komisyonu Ba\u015fkan\u0131 Ursula von der Leyen\u2019in tekrar se\u00e7ilmesinin ard\u0131ndan Cumhurba\u015fkan\u0131 Erdo\u011fan ile yapt\u0131\u011f\u0131 g\u00f6r\u00fc\u015fmede, taraflar\u0131n mevcut sorunlar\u0131 \u00e7\u00f6zme\" \/>\n<meta property=\"og:url\" content=\"https:\/\/kibrisdakik.com\/?p=75090\" \/>\n<meta property=\"article:published_time\" content=\"2025-02-05T16:32:06+00:00\" \/>\n<meta property=\"og:image\" content=\"https:\/\/kibrisdakik.com\/wp-content\/uploads\/2025\/02\/fidan333-740x420.jpg\" \/>\n\t<meta property=\"og:image:width\" content=\"1600\" \/>\n\t<meta property=\"og:image:height\" content=\"1066\" \/>\n\t<meta property=\"og:image:type\" content=\"image\/jpeg\" \/>\n<meta name=\"author\" content=\"admin\" \/>\n<meta name=\"twitter:card\" content=\"summary_large_image\" \/>\n<meta name=\"twitter:label1\" content=\"Yazan:\" \/>\n\t<meta name=\"twitter:data1\" content=\"admin\" \/>\n\t<meta name=\"twitter:label2\" content=\"Tahmini okuma s\u00fcresi\" \/>\n\t<meta name=\"twitter:data2\" content=\"6 dakika\" \/>\n<script type=\"application\/ld+json\" class=\"yoast-schema-graph\">{\"@context\":\"https:\\\/\\\/schema.org\",\"@graph\":[{\"@type\":\"Article\",\"@id\":\"https:\\\/\\\/kibrisdakik.com\\\/?p=75090#article\",\"isPartOf\":{\"@id\":\"https:\\\/\\\/kibrisdakik.com\\\/?p=75090\"},\"author\":{\"name\":\"admin\",\"@id\":\"https:\\\/\\\/kibrisdakik.com\\\/#\\\/schema\\\/person\\\/9cd9d437bbb44f72b73ba127e06d8e79\"},\"headline\":\"Fidan: Yunanistan Ba\u015fbakan\u0131 Mi\u00e7otakis\u2019le TC Cumhurba\u015fkan\u0131 Erdo\u011fan nisan ay\u0131nda bir araya gelecek\",\"datePublished\":\"2025-02-05T16:32:06+00:00\",\"mainEntityOfPage\":{\"@id\":\"https:\\\/\\\/kibrisdakik.com\\\/?p=75090\"},\"wordCount\":1256,\"commentCount\":0,\"image\":{\"@id\":\"https:\\\/\\\/kibrisdakik.com\\\/?p=75090#primaryimage\"},\"thumbnailUrl\":\"https:\\\/\\\/kibrisdakik.com\\\/wp-content\\\/uploads\\\/2025\\\/02\\\/fidan333-740x420.jpg\",\"articleSection\":[\"T\u00fcrkiye\"],\"inLanguage\":\"tr\",\"potentialAction\":[{\"@type\":\"CommentAction\",\"name\":\"Comment\",\"target\":[\"https:\\\/\\\/kibrisdakik.com\\\/?p=75090#respond\"]}]},{\"@type\":\"WebPage\",\"@id\":\"https:\\\/\\\/kibrisdakik.com\\\/?p=75090\",\"url\":\"https:\\\/\\\/kibrisdakik.com\\\/?p=75090\",\"name\":\"Fidan: Yunanistan Ba\u015fbakan\u0131 Mi\u00e7otakis\u2019le TC Cumhurba\u015fkan\u0131 Erdo\u011fan nisan ay\u0131nda bir araya gelecek -\",\"isPartOf\":{\"@id\":\"https:\\\/\\\/kibrisdakik.com\\\/#website\"},\"primaryImageOfPage\":{\"@id\":\"https:\\\/\\\/kibrisdakik.com\\\/?p=75090#primaryimage\"},\"image\":{\"@id\":\"https:\\\/\\\/kibrisdakik.com\\\/?p=75090#primaryimage\"},\"thumbnailUrl\":\"https:\\\/\\\/kibrisdakik.com\\\/wp-content\\\/uploads\\\/2025\\\/02\\\/fidan333-740x420.jpg\",\"datePublished\":\"2025-02-05T16:32:06+00:00\",\"author\":{\"@id\":\"https:\\\/\\\/kibrisdakik.com\\\/#\\\/schema\\\/person\\\/9cd9d437bbb44f72b73ba127e06d8e79\"},\"breadcrumb\":{\"@id\":\"https:\\\/\\\/kibrisdakik.com\\\/?p=75090#breadcrumb\"},\"inLanguage\":\"tr\",\"potentialAction\":[{\"@type\":\"ReadAction\",\"target\":[\"https:\\\/\\\/kibrisdakik.com\\\/?p=75090\"]}]},{\"@type\":\"ImageObject\",\"inLanguage\":\"tr\",\"@id\":\"https:\\\/\\\/kibrisdakik.com\\\/?p=75090#primaryimage\",\"url\":\"https:\\\/\\\/kibrisdakik.com\\\/wp-content\\\/uploads\\\/2025\\\/02\\\/fidan333-740x420.jpg\",\"contentUrl\":\"https:\\\/\\\/kibrisdakik.com\\\/wp-content\\\/uploads\\\/2025\\\/02\\\/fidan333-740x420.jpg\",\"width\":1600,\"height\":1066},{\"@type\":\"BreadcrumbList\",\"@id\":\"https:\\\/\\\/kibrisdakik.com\\\/?p=75090#breadcrumb\",\"itemListElement\":[{\"@type\":\"ListItem\",\"position\":1,\"name\":\"Home\",\"item\":\"https:\\\/\\\/kibrisdakik.com\\\/\"},{\"@type\":\"ListItem\",\"position\":2,\"name\":\"Fidan: Yunanistan Ba\u015fbakan\u0131 Mi\u00e7otakis\u2019le TC Cumhurba\u015fkan\u0131 Erdo\u011fan nisan ay\u0131nda bir araya gelecek\"}]},{\"@type\":\"WebSite\",\"@id\":\"https:\\\/\\\/kibrisdakik.com\\\/#website\",\"url\":\"https:\\\/\\\/kibrisdakik.com\\\/\",\"name\":\"\",\"description\":\"Tam vaktinde haber\",\"potentialAction\":[{\"@type\":\"SearchAction\",\"target\":{\"@type\":\"EntryPoint\",\"urlTemplate\":\"https:\\\/\\\/kibrisdakik.com\\\/?s={search_term_string}\"},\"query-input\":{\"@type\":\"PropertyValueSpecification\",\"valueRequired\":true,\"valueName\":\"search_term_string\"}}],\"inLanguage\":\"tr\"},{\"@type\":\"Person\",\"@id\":\"https:\\\/\\\/kibrisdakik.com\\\/#\\\/schema\\\/person\\\/9cd9d437bbb44f72b73ba127e06d8e79\",\"name\":\"admin\",\"image\":{\"@type\":\"ImageObject\",\"inLanguage\":\"tr\",\"@id\":\"https:\\\/\\\/secure.gravatar.com\\\/avatar\\\/ccc17943b9d660506c869530f897617f7cb1c21a4bf30023f252596d83e1f007?s=96&d=mm&r=g\",\"url\":\"https:\\\/\\\/secure.gravatar.com\\\/avatar\\\/ccc17943b9d660506c869530f897617f7cb1c21a4bf30023f252596d83e1f007?s=96&d=mm&r=g\",\"contentUrl\":\"https:\\\/\\\/secure.gravatar.com\\\/avatar\\\/ccc17943b9d660506c869530f897617f7cb1c21a4bf30023f252596d83e1f007?s=96&d=mm&r=g\",\"caption\":\"admin\"},\"sameAs\":[\"https:\\\/\\\/kibrisdakik.com\"],\"url\":\"https:\\\/\\\/kibrisdakik.com\\\/?author=1\"}]}<\/script>\n<!-- \/ Yoast SEO plugin. -->","yoast_head_json":{"title":"Fidan: Yunanistan Ba\u015fbakan\u0131 Mi\u00e7otakis\u2019le TC Cumhurba\u015fkan\u0131 Erdo\u011fan nisan ay\u0131nda bir araya gelecek -","robots":{"index":"index","follow":"follow","max-snippet":"max-snippet:-1","max-image-preview":"max-image-preview:large","max-video-preview":"max-video-preview:-1"},"canonical":"https:\/\/kibrisdakik.com\/?p=75090","og_locale":"tr_TR","og_type":"article","og_title":"Fidan: Yunanistan Ba\u015fbakan\u0131 Mi\u00e7otakis\u2019le TC Cumhurba\u015fkan\u0131 Erdo\u011fan nisan ay\u0131nda bir araya gelecek -","og_description":"T\u00fcrkiye D\u0131\u015fi\u015fleri Bakan\u0131 Hakan Fidan, Cumhurba\u015fkan\u0131 Recep Tayyip Erdo\u011fan ile Yunanistan Ba\u015fbakan\u0131 Kiryakos Mi\u00e7otakis\u2019in nisanda T\u00fcrkiye\u2019de g\u00f6r\u00fc\u015fece\u011fini a\u00e7\u0131klad\u0131. AAt\u00f6lye\u2019de Anadolu Ajans\u0131 (AA) Edit\u00f6r Masas\u0131\u2019na konuk olan Fidan, g\u00fcndeme ili\u015fkin sorular\u0131 yan\u0131tlad\u0131, de\u011ferlendirmelerde bulundu. Fidan, Avrupa Birli\u011fi (AB) Komisyonu Ba\u015fkan\u0131 Ursula von der Leyen\u2019in tekrar se\u00e7ilmesinin ard\u0131ndan Cumhurba\u015fkan\u0131 Erdo\u011fan ile yapt\u0131\u011f\u0131 g\u00f6r\u00fc\u015fmede, taraflar\u0131n mevcut sorunlar\u0131 \u00e7\u00f6zme","og_url":"https:\/\/kibrisdakik.com\/?p=75090","article_published_time":"2025-02-05T16:32:06+00:00","og_image":[{"width":1600,"height":1066,"url":"https:\/\/kibrisdakik.com\/wp-content\/uploads\/2025\/02\/fidan333-740x420.jpg","type":"image\/jpeg"}],"author":"admin","twitter_card":"summary_large_image","twitter_misc":{"Yazan:":"admin","Tahmini okuma s\u00fcresi":"6 dakika"},"schema":{"@context":"https:\/\/schema.org","@graph":[{"@type":"Article","@id":"https:\/\/kibrisdakik.com\/?p=75090#article","isPartOf":{"@id":"https:\/\/kibrisdakik.com\/?p=75090"},"author":{"name":"admin","@id":"https:\/\/kibrisdakik.com\/#\/schema\/person\/9cd9d437bbb44f72b73ba127e06d8e79"},"headline":"Fidan: Yunanistan Ba\u015fbakan\u0131 Mi\u00e7otakis\u2019le TC Cumhurba\u015fkan\u0131 Erdo\u011fan nisan ay\u0131nda bir araya gelecek","datePublished":"2025-02-05T16:32:06+00:00","mainEntityOfPage":{"@id":"https:\/\/kibrisdakik.com\/?p=75090"},"wordCount":1256,"commentCount":0,"image":{"@id":"https:\/\/kibrisdakik.com\/?p=75090#primaryimage"},"thumbnailUrl":"https:\/\/kibrisdakik.com\/wp-content\/uploads\/2025\/02\/fidan333-740x420.jpg","articleSection":["T\u00fcrkiye"],"inLanguage":"tr","potentialAction":[{"@type":"CommentAction","name":"Comment","target":["https:\/\/kibrisdakik.com\/?p=75090#respond"]}]},{"@type":"WebPage","@id":"https:\/\/kibrisdakik.com\/?p=75090","url":"https:\/\/kibrisdakik.com\/?p=75090","name":"Fidan: Yunanistan Ba\u015fbakan\u0131 Mi\u00e7otakis\u2019le TC Cumhurba\u015fkan\u0131 Erdo\u011fan nisan ay\u0131nda bir araya gelecek -","isPartOf":{"@id":"https:\/\/kibrisdakik.com\/#website"},"primaryImageOfPage":{"@id":"https:\/\/kibrisdakik.com\/?p=75090#primaryimage"},"image":{"@id":"https:\/\/kibrisdakik.com\/?p=75090#primaryimage"},"thumbnailUrl":"https:\/\/kibrisdakik.com\/wp-content\/uploads\/2025\/02\/fidan333-740x420.jpg","datePublished":"2025-02-05T16:32:06+00:00","author":{"@id":"https:\/\/kibrisdakik.com\/#\/schema\/person\/9cd9d437bbb44f72b73ba127e06d8e79"},"breadcrumb":{"@id":"https:\/\/kibrisdakik.com\/?p=75090#breadcrumb"},"inLanguage":"tr","potentialAction":[{"@type":"ReadAction","target":["https:\/\/kibrisdakik.com\/?p=75090"]}]},{"@type":"ImageObject","inLanguage":"tr","@id":"https:\/\/kibrisdakik.com\/?p=75090#primaryimage","url":"https:\/\/kibrisdakik.com\/wp-content\/uploads\/2025\/02\/fidan333-740x420.jpg","contentUrl":"https:\/\/kibrisdakik.com\/wp-content\/uploads\/2025\/02\/fidan333-740x420.jpg","width":1600,"height":1066},{"@type":"BreadcrumbList","@id":"https:\/\/kibrisdakik.com\/?p=75090#breadcrumb","itemListElement":[{"@type":"ListItem","position":1,"name":"Home","item":"https:\/\/kibrisdakik.com\/"},{"@type":"ListItem","position":2,"name":"Fidan: Yunanistan Ba\u015fbakan\u0131 Mi\u00e7otakis\u2019le TC Cumhurba\u015fkan\u0131 Erdo\u011fan nisan ay\u0131nda bir araya gelecek"}]},{"@type":"WebSite","@id":"https:\/\/kibrisdakik.com\/#website","url":"https:\/\/kibrisdakik.com\/","name":"","description":"Tam vaktinde haber","potentialAction":[{"@type":"SearchAction","target":{"@type":"EntryPoint","urlTemplate":"https:\/\/kibrisdakik.com\/?s={search_term_string}"},"query-input":{"@type":"PropertyValueSpecification","valueRequired":true,"valueName":"search_term_string"}}],"inLanguage":"tr"},{"@type":"Person","@id":"https:\/\/kibrisdakik.com\/#\/schema\/person\/9cd9d437bbb44f72b73ba127e06d8e79","name":"admin","image":{"@type":"ImageObject","inLanguage":"tr","@id":"https:\/\/secure.gravatar.com\/avatar\/ccc17943b9d660506c869530f897617f7cb1c21a4bf30023f252596d83e1f007?s=96&d=mm&r=g","url":"https:\/\/secure.gravatar.com\/avatar\/ccc17943b9d660506c869530f897617f7cb1c21a4bf30023f252596d83e1f007?s=96&d=mm&r=g","contentUrl":"https:\/\/secure.gravatar.com\/avatar\/ccc17943b9d660506c869530f897617f7cb1c21a4bf30023f252596d83e1f007?s=96&d=mm&r=g","caption":"admin"},"sameAs":["https:\/\/kibrisdakik.com"],"url":"https:\/\/kibrisdakik.com\/?author=1"}]}},"_links":{"self":[{"href":"https:\/\/kibrisdakik.com\/index.php?rest_route=\/wp\/v2\/posts\/75090","targetHints":{"allow":["GET"]}}],"collection":[{"href":"https:\/\/kibrisdakik.com\/index.php?rest_route=\/wp\/v2\/posts"}],"about":[{"href":"https:\/\/kibrisdakik.com\/index.php?rest_route=\/wp\/v2\/types\/post"}],"author":[{"embeddable":true,"href":"https:\/\/kibrisdakik.com\/index.php?rest_route=\/wp\/v2\/users\/1"}],"replies":[{"embeddable":true,"href":"https:\/\/kibrisdakik.com\/index.php?rest_route=%2Fwp%2Fv2%2Fcomments&post=75090"}],"version-history":[{"count":0,"href":"https:\/\/kibrisdakik.com\/index.php?rest_route=\/wp\/v2\/posts\/75090\/revisions"}],"wp:featuredmedia":[{"embeddable":true,"href":"https:\/\/kibrisdakik.com\/index.php?rest_route=\/wp\/v2\/media\/75091"}],"wp:attachment":[{"href":"https:\/\/kibrisdakik.com\/index.php?rest_route=%2Fwp%2Fv2%2Fmedia&parent=75090"}],"wp:term":[{"taxonomy":"category","embeddable":true,"href":"https:\/\/kibrisdakik.com\/index.php?rest_route=%2Fwp%2Fv2%2Fcategories&post=75090"},{"taxonomy":"post_tag","embeddable":true,"href":"https:\/\/kibrisdakik.com\/index.php?rest_route=%2Fwp%2Fv2%2Ftags&post=75090"}],"curies":[{"name":"wp","href":"https:\/\/api.w.org\/{rel}","templated":true}]}}