{"id":75200,"date":"2025-02-07T15:21:00","date_gmt":"2025-02-07T12:21:00","guid":{"rendered":"https:\/\/kibrisdakik.com\/index.php\/2025\/02\/07\/erhurman-dikmen-belediyesinin-projelerini-yerinde-inceledi\/"},"modified":"2025-02-07T15:21:00","modified_gmt":"2025-02-07T12:21:00","slug":"erhurman-dikmen-belediyesinin-projelerini-yerinde-inceledi","status":"publish","type":"post","link":"https:\/\/kibrisdakik.com\/?p=75200","title":{"rendered":"Erh\u00fcrman, Dikmen Belediyesi\u2019nin projelerini yerinde inceledi"},"content":{"rendered":"<div>\n<div class=\"mariselle-image-container center\">\n                                            <\/div>\n<p>Cumhuriyet\u00e7i T\u00fcrk Partisi (CTP) Genel Ba\u015fkan\u0131 Tufan Erh\u00fcrman, Dikmen Belediye Ba\u015fkan\u0131 Y\u00fcksel \u00c7elebi ile birlikte belediyenin yapt\u0131\u011f\u0131 ve devam eden projeleri yerinde inceledi.<\/p>\n<p>CTP Bas\u0131n B\u00fcrosu\u2019ndan yap\u0131lan a\u00e7\u0131klamaya g\u00f6re, Erh\u00fcrman ve \u00c7elebi\u2019ye, CTP Girne \u0130l\u00e7e Ba\u015fkan\u0131 ve Milletvekili Ongun Talat, Milletvekilleri S\u0131la Usar \u0130ncirli, Ceyhun Birinci, Fazilet \u00d6zdenefe ve Fikri Toros e\u015flik etti.<\/p>\n<p>Belediyenin projeleriyle ilgili CTP Genel Ba\u015fkan\u0131 Tufan Erh\u00fcrman\u2019a bilgi veren Dikmen Belediye Ba\u015fkan\u0131 Y\u00fcksel \u00c7elebi, \u00e7al\u0131\u015fmaya ayn\u0131 kararl\u0131l\u0131kla devam edeceklerinin alt\u0131n\u0131 \u00e7izdi. \u0130\u00e7me suyu hatt\u0131 yenileme projesi, kald\u0131r\u0131m ve alt yap\u0131 projeleri, istinat duvar\u0131 projeleri ve \u00fcst yap\u0131 projeleri gibi bir\u00e7ok projeyle ilgili bilgi alan Erh\u00fcrman, Dikmen Belediyesi\u2019ne ba\u011fl\u0131 muhtarlarla da bir araya geldi.<\/p>\n<p>Erh\u00fcrman ayr\u0131ca b\u00f6lgeye kazand\u0131r\u0131lan muhtarl\u0131k binalar\u0131 ile parklar\u0131, 15 A\u011fustos \u015eehitler Hal\u0131 Sahas\u0131 ve Tesis Binas\u0131 projelerini de yerinde inceledi.<\/p>\n<\/p><\/div>\n<p><script async\n                    defer\n                    crossorigin=\"anonymous\"\n                    src=\"https:\/\/connect.facebook.net\/tr_TR\/sdk.js#xfbml=1&#038;version=v3.3\"\n            ><\/script><\/p>\n","protected":false},"excerpt":{"rendered":"<p>Cumhuriyet\u00e7i T\u00fcrk Partisi (CTP) Genel Ba\u015fkan\u0131 Tufan Erh\u00fcrman, Dikmen Belediye Ba\u015fkan\u0131 Y\u00fcksel \u00c7elebi ile birlikte belediyenin yapt\u0131\u011f\u0131 ve devam eden projeleri yerinde inceledi. CTP Bas\u0131n B\u00fcrosu\u2019ndan yap\u0131lan a\u00e7\u0131klamaya g\u00f6re, Erh\u00fcrman ve \u00c7elebi\u2019ye, CTP Girne \u0130l\u00e7e Ba\u015fkan\u0131 ve Milletvekili Ongun Talat, Milletvekilleri S\u0131la Usar \u0130ncirli, Ceyhun Birinci, Fazilet \u00d6zdenefe ve Fikri Toros e\u015flik etti. Belediyenin projeleriyle<\/p>\n","protected":false},"author":1,"featured_media":75201,"comment_status":"open","ping_status":"open","sticky":false,"template":"","format":"standard","meta":{"footnotes":""},"categories":[81,101],"tags":[],"class_list":["post-75200","post","type-post","status-publish","format-standard","has-post-thumbnail","hentry","category-kibris","category-manset"],"yoast_head":"<!-- This site is optimized with the Yoast SEO plugin v27.4 - https:\/\/yoast.com\/product\/yoast-seo-wordpress\/ -->\n<title>Erh\u00fcrman, Dikmen Belediyesi\u2019nin projelerini yerinde inceledi -<\/title>\n<meta name=\"robots\" content=\"index, follow, max-snippet:-1, max-image-preview:large, max-video-preview:-1\" \/>\n<link rel=\"canonical\" href=\"https:\/\/kibrisdakik.com\/?p=75200\" \/>\n<meta property=\"og:locale\" content=\"tr_TR\" \/>\n<meta property=\"og:type\" content=\"article\" \/>\n<meta property=\"og:title\" content=\"Erh\u00fcrman, Dikmen Belediyesi\u2019nin projelerini yerinde inceledi -\" \/>\n<meta property=\"og:description\" content=\"Cumhuriyet\u00e7i T\u00fcrk Partisi (CTP) Genel Ba\u015fkan\u0131 Tufan Erh\u00fcrman, Dikmen Belediye Ba\u015fkan\u0131 Y\u00fcksel \u00c7elebi ile birlikte belediyenin yapt\u0131\u011f\u0131 ve devam eden projeleri yerinde inceledi. CTP Bas\u0131n B\u00fcrosu\u2019ndan yap\u0131lan a\u00e7\u0131klamaya g\u00f6re, Erh\u00fcrman ve \u00c7elebi\u2019ye, CTP Girne \u0130l\u00e7e Ba\u015fkan\u0131 ve Milletvekili Ongun Talat, Milletvekilleri S\u0131la Usar \u0130ncirli, Ceyhun Birinci, Fazilet \u00d6zdenefe ve Fikri Toros e\u015flik etti. Belediyenin projeleriyle\" \/>\n<meta property=\"og:url\" content=\"https:\/\/kibrisdakik.com\/?p=75200\" \/>\n<meta property=\"article:published_time\" content=\"2025-02-07T12:21:00+00:00\" \/>\n<meta property=\"og:image\" content=\"https:\/\/kibrisdakik.com\/wp-content\/uploads\/2025\/02\/656565-scaled-740x420.jpg\" \/>\n\t<meta property=\"og:image:width\" content=\"2560\" \/>\n\t<meta property=\"og:image:height\" content=\"1707\" \/>\n\t<meta property=\"og:image:type\" content=\"image\/jpeg\" \/>\n<meta name=\"author\" content=\"admin\" \/>\n<meta name=\"twitter:card\" content=\"summary_large_image\" \/>\n<meta name=\"twitter:label1\" content=\"Yazan:\" \/>\n\t<meta name=\"twitter:data1\" content=\"admin\" \/>\n\t<meta name=\"twitter:label2\" content=\"Tahmini okuma s\u00fcresi\" \/>\n\t<meta name=\"twitter:data2\" content=\"1 dakika\" \/>\n<script type=\"application\/ld+json\" class=\"yoast-schema-graph\">{\"@context\":\"https:\\\/\\\/schema.org\",\"@graph\":[{\"@type\":\"Article\",\"@id\":\"https:\\\/\\\/kibrisdakik.com\\\/?p=75200#article\",\"isPartOf\":{\"@id\":\"https:\\\/\\\/kibrisdakik.com\\\/?p=75200\"},\"author\":{\"name\":\"admin\",\"@id\":\"https:\\\/\\\/kibrisdakik.com\\\/#\\\/schema\\\/person\\\/9cd9d437bbb44f72b73ba127e06d8e79\"},\"headline\":\"Erh\u00fcrman, Dikmen Belediyesi\u2019nin projelerini yerinde inceledi\",\"datePublished\":\"2025-02-07T12:21:00+00:00\",\"mainEntityOfPage\":{\"@id\":\"https:\\\/\\\/kibrisdakik.com\\\/?p=75200\"},\"wordCount\":174,\"commentCount\":0,\"image\":{\"@id\":\"https:\\\/\\\/kibrisdakik.com\\\/?p=75200#primaryimage\"},\"thumbnailUrl\":\"https:\\\/\\\/kibrisdakik.com\\\/wp-content\\\/uploads\\\/2025\\\/02\\\/656565-scaled-740x420.jpg\",\"articleSection\":[\"K\u0131br\u0131s\",\"Man\u015fet\"],\"inLanguage\":\"tr\",\"potentialAction\":[{\"@type\":\"CommentAction\",\"name\":\"Comment\",\"target\":[\"https:\\\/\\\/kibrisdakik.com\\\/?p=75200#respond\"]}]},{\"@type\":\"WebPage\",\"@id\":\"https:\\\/\\\/kibrisdakik.com\\\/?p=75200\",\"url\":\"https:\\\/\\\/kibrisdakik.com\\\/?p=75200\",\"name\":\"Erh\u00fcrman, Dikmen Belediyesi\u2019nin projelerini yerinde inceledi -\",\"isPartOf\":{\"@id\":\"https:\\\/\\\/kibrisdakik.com\\\/#website\"},\"primaryImageOfPage\":{\"@id\":\"https:\\\/\\\/kibrisdakik.com\\\/?p=75200#primaryimage\"},\"image\":{\"@id\":\"https:\\\/\\\/kibrisdakik.com\\\/?p=75200#primaryimage\"},\"thumbnailUrl\":\"https:\\\/\\\/kibrisdakik.com\\\/wp-content\\\/uploads\\\/2025\\\/02\\\/656565-scaled-740x420.jpg\",\"datePublished\":\"2025-02-07T12:21:00+00:00\",\"author\":{\"@id\":\"https:\\\/\\\/kibrisdakik.com\\\/#\\\/schema\\\/person\\\/9cd9d437bbb44f72b73ba127e06d8e79\"},\"breadcrumb\":{\"@id\":\"https:\\\/\\\/kibrisdakik.com\\\/?p=75200#breadcrumb\"},\"inLanguage\":\"tr\",\"potentialAction\":[{\"@type\":\"ReadAction\",\"target\":[\"https:\\\/\\\/kibrisdakik.com\\\/?p=75200\"]}]},{\"@type\":\"ImageObject\",\"inLanguage\":\"tr\",\"@id\":\"https:\\\/\\\/kibrisdakik.com\\\/?p=75200#primaryimage\",\"url\":\"https:\\\/\\\/kibrisdakik.com\\\/wp-content\\\/uploads\\\/2025\\\/02\\\/656565-scaled-740x420.jpg\",\"contentUrl\":\"https:\\\/\\\/kibrisdakik.com\\\/wp-content\\\/uploads\\\/2025\\\/02\\\/656565-scaled-740x420.jpg\",\"width\":2560,\"height\":1707},{\"@type\":\"BreadcrumbList\",\"@id\":\"https:\\\/\\\/kibrisdakik.com\\\/?p=75200#breadcrumb\",\"itemListElement\":[{\"@type\":\"ListItem\",\"position\":1,\"name\":\"Home\",\"item\":\"https:\\\/\\\/kibrisdakik.com\\\/\"},{\"@type\":\"ListItem\",\"position\":2,\"name\":\"Erh\u00fcrman, Dikmen Belediyesi\u2019nin projelerini yerinde inceledi\"}]},{\"@type\":\"WebSite\",\"@id\":\"https:\\\/\\\/kibrisdakik.com\\\/#website\",\"url\":\"https:\\\/\\\/kibrisdakik.com\\\/\",\"name\":\"\",\"description\":\"Tam vaktinde haber\",\"potentialAction\":[{\"@type\":\"SearchAction\",\"target\":{\"@type\":\"EntryPoint\",\"urlTemplate\":\"https:\\\/\\\/kibrisdakik.com\\\/?s={search_term_string}\"},\"query-input\":{\"@type\":\"PropertyValueSpecification\",\"valueRequired\":true,\"valueName\":\"search_term_string\"}}],\"inLanguage\":\"tr\"},{\"@type\":\"Person\",\"@id\":\"https:\\\/\\\/kibrisdakik.com\\\/#\\\/schema\\\/person\\\/9cd9d437bbb44f72b73ba127e06d8e79\",\"name\":\"admin\",\"image\":{\"@type\":\"ImageObject\",\"inLanguage\":\"tr\",\"@id\":\"https:\\\/\\\/secure.gravatar.com\\\/avatar\\\/ccc17943b9d660506c869530f897617f7cb1c21a4bf30023f252596d83e1f007?s=96&d=mm&r=g\",\"url\":\"https:\\\/\\\/secure.gravatar.com\\\/avatar\\\/ccc17943b9d660506c869530f897617f7cb1c21a4bf30023f252596d83e1f007?s=96&d=mm&r=g\",\"contentUrl\":\"https:\\\/\\\/secure.gravatar.com\\\/avatar\\\/ccc17943b9d660506c869530f897617f7cb1c21a4bf30023f252596d83e1f007?s=96&d=mm&r=g\",\"caption\":\"admin\"},\"sameAs\":[\"https:\\\/\\\/kibrisdakik.com\"],\"url\":\"https:\\\/\\\/kibrisdakik.com\\\/?author=1\"}]}<\/script>\n<!-- \/ Yoast SEO plugin. -->","yoast_head_json":{"title":"Erh\u00fcrman, Dikmen Belediyesi\u2019nin projelerini yerinde inceledi -","robots":{"index":"index","follow":"follow","max-snippet":"max-snippet:-1","max-image-preview":"max-image-preview:large","max-video-preview":"max-video-preview:-1"},"canonical":"https:\/\/kibrisdakik.com\/?p=75200","og_locale":"tr_TR","og_type":"article","og_title":"Erh\u00fcrman, Dikmen Belediyesi\u2019nin projelerini yerinde inceledi -","og_description":"Cumhuriyet\u00e7i T\u00fcrk Partisi (CTP) Genel Ba\u015fkan\u0131 Tufan Erh\u00fcrman, Dikmen Belediye Ba\u015fkan\u0131 Y\u00fcksel \u00c7elebi ile birlikte belediyenin yapt\u0131\u011f\u0131 ve devam eden projeleri yerinde inceledi. CTP Bas\u0131n B\u00fcrosu\u2019ndan yap\u0131lan a\u00e7\u0131klamaya g\u00f6re, Erh\u00fcrman ve \u00c7elebi\u2019ye, CTP Girne \u0130l\u00e7e Ba\u015fkan\u0131 ve Milletvekili Ongun Talat, Milletvekilleri S\u0131la Usar \u0130ncirli, Ceyhun Birinci, Fazilet \u00d6zdenefe ve Fikri Toros e\u015flik etti. Belediyenin projeleriyle","og_url":"https:\/\/kibrisdakik.com\/?p=75200","article_published_time":"2025-02-07T12:21:00+00:00","og_image":[{"width":2560,"height":1707,"url":"https:\/\/kibrisdakik.com\/wp-content\/uploads\/2025\/02\/656565-scaled-740x420.jpg","type":"image\/jpeg"}],"author":"admin","twitter_card":"summary_large_image","twitter_misc":{"Yazan:":"admin","Tahmini okuma s\u00fcresi":"1 dakika"},"schema":{"@context":"https:\/\/schema.org","@graph":[{"@type":"Article","@id":"https:\/\/kibrisdakik.com\/?p=75200#article","isPartOf":{"@id":"https:\/\/kibrisdakik.com\/?p=75200"},"author":{"name":"admin","@id":"https:\/\/kibrisdakik.com\/#\/schema\/person\/9cd9d437bbb44f72b73ba127e06d8e79"},"headline":"Erh\u00fcrman, Dikmen Belediyesi\u2019nin projelerini yerinde inceledi","datePublished":"2025-02-07T12:21:00+00:00","mainEntityOfPage":{"@id":"https:\/\/kibrisdakik.com\/?p=75200"},"wordCount":174,"commentCount":0,"image":{"@id":"https:\/\/kibrisdakik.com\/?p=75200#primaryimage"},"thumbnailUrl":"https:\/\/kibrisdakik.com\/wp-content\/uploads\/2025\/02\/656565-scaled-740x420.jpg","articleSection":["K\u0131br\u0131s","Man\u015fet"],"inLanguage":"tr","potentialAction":[{"@type":"CommentAction","name":"Comment","target":["https:\/\/kibrisdakik.com\/?p=75200#respond"]}]},{"@type":"WebPage","@id":"https:\/\/kibrisdakik.com\/?p=75200","url":"https:\/\/kibrisdakik.com\/?p=75200","name":"Erh\u00fcrman, Dikmen Belediyesi\u2019nin projelerini yerinde inceledi -","isPartOf":{"@id":"https:\/\/kibrisdakik.com\/#website"},"primaryImageOfPage":{"@id":"https:\/\/kibrisdakik.com\/?p=75200#primaryimage"},"image":{"@id":"https:\/\/kibrisdakik.com\/?p=75200#primaryimage"},"thumbnailUrl":"https:\/\/kibrisdakik.com\/wp-content\/uploads\/2025\/02\/656565-scaled-740x420.jpg","datePublished":"2025-02-07T12:21:00+00:00","author":{"@id":"https:\/\/kibrisdakik.com\/#\/schema\/person\/9cd9d437bbb44f72b73ba127e06d8e79"},"breadcrumb":{"@id":"https:\/\/kibrisdakik.com\/?p=75200#breadcrumb"},"inLanguage":"tr","potentialAction":[{"@type":"ReadAction","target":["https:\/\/kibrisdakik.com\/?p=75200"]}]},{"@type":"ImageObject","inLanguage":"tr","@id":"https:\/\/kibrisdakik.com\/?p=75200#primaryimage","url":"https:\/\/kibrisdakik.com\/wp-content\/uploads\/2025\/02\/656565-scaled-740x420.jpg","contentUrl":"https:\/\/kibrisdakik.com\/wp-content\/uploads\/2025\/02\/656565-scaled-740x420.jpg","width":2560,"height":1707},{"@type":"BreadcrumbList","@id":"https:\/\/kibrisdakik.com\/?p=75200#breadcrumb","itemListElement":[{"@type":"ListItem","position":1,"name":"Home","item":"https:\/\/kibrisdakik.com\/"},{"@type":"ListItem","position":2,"name":"Erh\u00fcrman, Dikmen Belediyesi\u2019nin projelerini yerinde inceledi"}]},{"@type":"WebSite","@id":"https:\/\/kibrisdakik.com\/#website","url":"https:\/\/kibrisdakik.com\/","name":"","description":"Tam vaktinde haber","potentialAction":[{"@type":"SearchAction","target":{"@type":"EntryPoint","urlTemplate":"https:\/\/kibrisdakik.com\/?s={search_term_string}"},"query-input":{"@type":"PropertyValueSpecification","valueRequired":true,"valueName":"search_term_string"}}],"inLanguage":"tr"},{"@type":"Person","@id":"https:\/\/kibrisdakik.com\/#\/schema\/person\/9cd9d437bbb44f72b73ba127e06d8e79","name":"admin","image":{"@type":"ImageObject","inLanguage":"tr","@id":"https:\/\/secure.gravatar.com\/avatar\/ccc17943b9d660506c869530f897617f7cb1c21a4bf30023f252596d83e1f007?s=96&d=mm&r=g","url":"https:\/\/secure.gravatar.com\/avatar\/ccc17943b9d660506c869530f897617f7cb1c21a4bf30023f252596d83e1f007?s=96&d=mm&r=g","contentUrl":"https:\/\/secure.gravatar.com\/avatar\/ccc17943b9d660506c869530f897617f7cb1c21a4bf30023f252596d83e1f007?s=96&d=mm&r=g","caption":"admin"},"sameAs":["https:\/\/kibrisdakik.com"],"url":"https:\/\/kibrisdakik.com\/?author=1"}]}},"_links":{"self":[{"href":"https:\/\/kibrisdakik.com\/index.php?rest_route=\/wp\/v2\/posts\/75200","targetHints":{"allow":["GET"]}}],"collection":[{"href":"https:\/\/kibrisdakik.com\/index.php?rest_route=\/wp\/v2\/posts"}],"about":[{"href":"https:\/\/kibrisdakik.com\/index.php?rest_route=\/wp\/v2\/types\/post"}],"author":[{"embeddable":true,"href":"https:\/\/kibrisdakik.com\/index.php?rest_route=\/wp\/v2\/users\/1"}],"replies":[{"embeddable":true,"href":"https:\/\/kibrisdakik.com\/index.php?rest_route=%2Fwp%2Fv2%2Fcomments&post=75200"}],"version-history":[{"count":0,"href":"https:\/\/kibrisdakik.com\/index.php?rest_route=\/wp\/v2\/posts\/75200\/revisions"}],"wp:featuredmedia":[{"embeddable":true,"href":"https:\/\/kibrisdakik.com\/index.php?rest_route=\/wp\/v2\/media\/75201"}],"wp:attachment":[{"href":"https:\/\/kibrisdakik.com\/index.php?rest_route=%2Fwp%2Fv2%2Fmedia&parent=75200"}],"wp:term":[{"taxonomy":"category","embeddable":true,"href":"https:\/\/kibrisdakik.com\/index.php?rest_route=%2Fwp%2Fv2%2Fcategories&post=75200"},{"taxonomy":"post_tag","embeddable":true,"href":"https:\/\/kibrisdakik.com\/index.php?rest_route=%2Fwp%2Fv2%2Ftags&post=75200"}],"curies":[{"name":"wp","href":"https:\/\/api.w.org\/{rel}","templated":true}]}}