{"id":75227,"date":"2025-02-07T19:56:15","date_gmt":"2025-02-07T16:56:15","guid":{"rendered":"https:\/\/kibrisdakik.com\/index.php\/2025\/02\/07\/siddet-onleme-danismanligi-ve-sosyal-arabulucuk-sertifika-programi-kktcde-de-hayata-geciyor-is-birligi-protokolu-imzalandi\/"},"modified":"2025-02-07T19:56:15","modified_gmt":"2025-02-07T16:56:15","slug":"siddet-onleme-danismanligi-ve-sosyal-arabulucuk-sertifika-programi-kktcde-de-hayata-geciyor-is-birligi-protokolu-imzalandi","status":"publish","type":"post","link":"https:\/\/kibrisdakik.com\/?p=75227","title":{"rendered":"\u201c\u015eiddet \u00d6nleme Dan\u0131\u015fmanl\u0131\u011f\u0131 ve Sosyal Arabulucuk Sertifika Program\u0131\u201d KKTC\u2019de de hayata ge\u00e7iyor\u2026 \u0130\u015f birli\u011fi protokol\u00fc imzaland\u0131"},"content":{"rendered":"<div>\n<div class=\"mariselle-image-container center\">\n                                            <\/div>\n<p>T\u00fcrkiye\u2019de \u015fiddetin \u00f6nlenmesi i\u00e7in e\u011fitim, ara\u015ft\u0131rma ve sosyal projeler y\u00fcr\u00fcten, yurt d\u0131\u015f\u0131 programlar\u0131 kapsam\u0131nda faaliyet alan\u0131 olarak KKTC\u2019yi de i\u00e7ine alan \u015eiddetle M\u00fccadele Vakf\u0131 (HEGEM) ile Do\u011fu Akdeniz \u00dcniversitesi, Lefke Avrupa \u00dcniversitesi ve Kuzey K\u0131br\u0131s Turkcell aras\u0131nda i\u015f birli\u011fi protokol\u00fc imzaland\u0131.<\/p>\n<p>HEGEM taraf\u0131ndan koordine edilen ve Anadolu \u00dcniversitesi taraf\u0131ndan y\u00fcr\u00fct\u00fclen, \u201c\u0130nsan Haklar\u0131, \u015eiddet \u00d6nleme ve Sosyal Arabuluculuk Bilincini G\u00fc\u00e7lendirici Saha Akt\u00f6rleri Yeti\u015ftirilmesi Uluslararas\u0131 Seferberli\u011fi, 2023-2034: KKTC Projesi\u201dne ili\u015fkin i\u015f birli\u011fi protokol\u00fc imza t\u00f6reni, bug\u00fcn Anadolu \u00dcniversitesi A\u00e7\u0131k \u00d6\u011fretim Fak\u00fcltesi Lefko\u015fa Kamp\u00fcs\u00fc\u2019nde d\u00fczenlendi.<\/p>\n<p>Protokole, HEGEM Vakf\u0131 ad\u0131na Vak\u0131f Genel Ba\u015fkan Yard\u0131mc\u0131s\u0131 ve Anadolu \u00dcniversitesi \u00d6\u011fretim \u00dcyesi Prof. Dr. Mustafa Karaca, Do\u011fu Akdeniz \u00dcniversitesi Rekt\u00f6r\u00fc Prof. Dr. Hasan K\u0131l\u0131\u00e7, Lefke Avrupa \u00dcniversitesi Genel Sekreteri H\u00fcseyin Eser ve Kuzey K\u0131br\u0131s Turkcell ad\u0131na Marka \u0130leti\u015fimi M\u00fcd\u00fcr\u00fc \u00d6zlem Kavaz Soykan imza koydu.<\/p>\n<p>Proje KKTC Koordinat\u00f6r\u00fc Dr. Ekrem Toklucu ve Proje Bulgaristan Koordinat\u00f6r\u00fc Prof. Dr. Mehmet Ba\u015far da imza t\u00f6reninde haz\u0131r bulundu.<\/p>\n<p>\u2013 Karaca<\/p>\n<p>\u0130mza t\u00f6reninde ilk olarak s\u00f6z alan HEGEM Vakf\u0131 ad\u0131na Vak\u0131f Genel Ba\u015fkan Yard\u0131mc\u0131s\u0131 ve Anadolu \u00dcniversitesi \u00d6\u011fretim \u00dcyesi Prof. Dr. Mustafa Karaca, \u015eiddet \u00d6nleme Dan\u0131\u015fmanl\u0131\u011f\u0131 ve Sosyal Arabulucuk Sertifika Program\u0131\u2019n\u0131n yurt d\u0131\u015f\u0131 aya\u011f\u0131nda KKTC ile yeni bir a\u00e7\u0131l\u0131m yapt\u0131klar\u0131n\u0131 kaydetti.<\/p>\n<p>Karaca, \u201cT\u00fcrkiye Cumhuriyeti 12. Kalk\u0131nma Plan\u0131 ve \u0130nsan Haklar\u0131 Eylem Plan\u0131 Gere\u011fi Adalet Bakanl\u0131\u011f\u0131-HEGEM Vakf\u0131 ortakl\u0131\u011f\u0131 ve 27 TC devlet \u00fcniversitesi i\u015f birli\u011fiyle, \u201c\u0130nsan Haklar\u0131, \u015eiddet \u00d6nleme ve Sosyal Arabuluculuk Bilincini G\u00fc\u00e7lendirici Saha Akt\u00f6rleri Yeti\u015ftirilmesi Uluslararas\u0131 Seferberli\u011fi: 2023- 2034\u201d program\u0131 kapsam\u0131nda KKTC\u2019de olduklar\u0131n\u0131 kaydetti.<\/p>\n<p>Karaca, Lefke Avrupa \u00dcniversitesi ve Do\u011fu Akdeniz \u00dcniversitesi\u2019nde \u00f6\u011frenim g\u00f6rmekte olan 15 bin \u00f6\u011frencinin sertifika program\u0131ndan faydalanmas\u0131n\u0131 sa\u011flamak ad\u0131na bir protokol imzalayacaklar\u0131n\u0131 s\u00f6yledi.<\/p>\n<p>\u2013 K\u0131l\u0131\u00e7<\/p>\n<p>Do\u011fu Akdeniz \u00dcniversitesi Rekt\u00f6r\u00fc Prof. Dr. Hasan K\u0131l\u0131\u00e7 da, \u201cBug\u00fcn \u00e7ok anlaml\u0131 toplumsal bir hizmetin imza t\u00f6renine kat\u0131l\u0131yoruz.\u201d dedi. <\/p>\n<p>\u00dcniversitelerin e\u011fitim-ara\u015ft\u0131rma gibi temel rollerinin \u00f6tesinde topluma hizmet anlam\u0131nda da katk\u0131 koymalar\u0131n\u0131n \u00f6nemli oldu\u011funu an\u0131msatan K\u0131l\u0131\u00e7, DA\u00dc olarak kendilerinin bu noktadan hareket ettiklerini kaydetti.<\/p>\n<p>K\u0131l\u0131\u00e7, bug\u00fcn yine topluma hizmetin \u00e7ok \u00f6nemli bir par\u00e7as\u0131 olan ve son g\u00fcnlerde de s\u00fcrekli olarak g\u00fcndemde olan \u015fiddetle m\u00fccadele konusunda bir protokol imzalayacaklar\u0131n\u0131 vurgulayarak, \u201cBu protokolle asl\u0131nda \u015fiddetin nereden gelirse gelsin her t\u00fcrl\u00fcs\u00fcne kar\u015f\u0131 olunan bir duru\u015fu sergilemenin onurunu duymaktay\u0131z.\u201d ifadelerini kulland\u0131.<\/p>\n<p>\u00dcniversite olarak b\u00f6yle bir projenin par\u00e7as\u0131 olmaktan gurur duyduklar\u0131n\u0131 da belirten K\u0131l\u0131\u00e7, beklentilerinin  proje i\u00e7erisinde hem \u015fiddeti \u00f6nleme hem de fark\u0131ndal\u0131k yaratmak oldu\u011funu dile getirdi.<\/p>\n<p>K\u0131l\u0131\u00e7, d\u00fcnyada belki de ilk kez a\u011f\u0131rl\u0131kl\u0131 olarak g\u00fcndeme gelen sosyal arabuluculuk olay\u0131na da katk\u0131 koyacaklar\u0131n\u0131 s\u00f6yleyerek, projenin ger\u00e7ekle\u015fmesine katk\u0131 koyanlara te\u015fekk\u00fcr etti, hay\u0131rl\u0131 olmas\u0131 temennisinde bulundu.<\/p>\n<p>\u2013 Eser<\/p>\n<p>Lefke Avrupa \u00dcniversitesi Genel Sekreteri H\u00fcseyin Eser de, \u015eiddetle M\u00fccadele Vakf\u0131 (HEGEM) taraf\u0131ndan koordine edilen ve Anadolu \u00dcniversitesi taraf\u0131ndan y\u00fcr\u00fct\u00fclen \u201c\u0130nsan Haklar\u0131, \u015eiddet \u00d6nleme ve Sosyal Arabuluculuk Bilincini G\u00fc\u00e7lendirici Saha Akt\u00f6rleri Yeti\u015ftirilmesi Uluslararas\u0131 Seferberli\u011fi, 2023- 2034-KKTC\u201d program\u0131 kapsam\u0131nda bulunduklar\u0131n\u0131 dile getirdi.<\/p>\n<p>Bu kapsamda bir protokol imzalayacaklar\u0131n\u0131 ve bu \u00e7er\u00e7evede i\u015f birli\u011fi yapacaklar\u0131n\u0131 ifade eden Eser, protokol\u00fcn hay\u0131rl\u0131 olmas\u0131 temennisinde bulundu.<\/p>\n<p>\u2013 Soykan<\/p>\n<p>Kuzey K\u0131br\u0131s Turkcell ad\u0131na Marka \u0130leti\u015fimi M\u00fcd\u00fcr\u00fc \u00d6zlem Kavaz Soykan da, Kuzey K\u0131br\u0131s Turkcell olarak  k\u0131ymetli projenin ileti\u015fim sponsoru olarak destek vereceklerinin alt\u0131n\u0131 \u00e7izdi.<\/p>\n<p>\u015eiddete herkesin kar\u015f\u0131 oldu\u011funu hat\u0131rlatan Soykan, \u201cToplumsal bar\u0131\u015f\u0131n ve huzurun \u00f6neminden her platformda bahsediyoruz ama ne mutlu ki bir ad\u0131m \u00f6tesine giderek b\u00f6ylesi anlaml\u0131 bir projenin par\u00e7as\u0131 olma \u015fans\u0131 bulduk.\u201d ifadesini kulland\u0131.<\/p>\n<p>Soykan  projenin ileti\u015fim sponsoru olarak her zaman hocalar\u0131n ve projenin yan\u0131nda olduklar\u0131n\u0131 da belirterek, projenin herkese hay\u0131rl\u0131 olmas\u0131n\u0131 temenni etti.<\/p>\n<p>\u2013 Proje<\/p>\n<p>T\u00fcrkiye Cumhuriyeti 12. Kalk\u0131nma Plan\u0131 ve \u0130nsan Haklar\u0131 Eylem Plan\u0131 Gere\u011fi Adalet Bakanl\u0131\u011f\u0131-HEGEM Vakf\u0131 ortakl\u0131\u011f\u0131 ve 27 TC devlet \u00fcniversitesi i\u015f birli\u011fiyle \u201c\u0130nsan Haklar\u0131, \u015eiddet \u00d6nleme Ve Sosyal Arabuluculuk Bilincini G\u00fc\u00e7lendirici Saha Akt\u00f6rleri Yeti\u015ftirilmesi Uluslararas\u0131 Seferberli\u011fi, 2023- 2034: KKTC Projesi\u201d, \u0130nsan Haklar\u0131 Eylem Plan\u0131 ve TC Cumhurba\u015fkanl\u0131\u011f\u0131 2021\/9 Genelgesi gere\u011fi Adalet Bakanl\u0131\u011f\u0131-HEGEM Vakf\u0131 ortakl\u0131\u011f\u0131 ile ba\u015flat\u0131ld\u0131.<\/p>\n<p>Projenin KKTC aya\u011f\u0131nda ilk etapta, Lefke Avrupa \u00dcniversitesi ve Do\u011fu Akdeniz \u00dcniversitesi\u2019nde \u00f6\u011frenim g\u00f6rmekte olan \u00f6\u011frencilerden olu\u015fan 15 bin ki\u015filik bir grubun faydalanmas\u0131 sa\u011flanacak. Sosyal sorumluluk kapsam\u0131nda y\u00fcr\u00fct\u00fclmekte olan projede kat\u0131l\u0131mc\u0131lardan herhangi bir e\u011fitim \u00fccreti al\u0131nmayacak. E\u011fitimler, Anadolu \u00dcniversitesi S\u00fcrekli E\u011fitim Merkezi \u00fczerinden \u00e7evrimi\u00e7i olarak y\u00fcr\u00fct\u00fclecek. E\u011fitim s\u00fcreci sonunda yap\u0131lacak olan s\u0131navda ba\u015far\u0131 elde eden bireylerin yemin t\u00f6reni ve sertifika takdimi Anadolu \u00dcniversitesi Lefko\u015fa Kamp\u00fcs\u00fc\u2019nde y\u00fcz y\u00fcze yap\u0131lacak. Ba\u015far\u0131l\u0131 kat\u0131l\u0131mc\u0131lara e-sertifikalar\u0131 \u00fccretsiz olarak d\u00fczenlenecek.<\/p>\n<\/p><\/div>\n<p><script async\n                    defer\n                    crossorigin=\"anonymous\"\n                    src=\"https:\/\/connect.facebook.net\/tr_TR\/sdk.js#xfbml=1&#038;version=v3.3\"\n            ><\/script><\/p>\n","protected":false},"excerpt":{"rendered":"<p>T\u00fcrkiye\u2019de \u015fiddetin \u00f6nlenmesi i\u00e7in e\u011fitim, ara\u015ft\u0131rma ve sosyal projeler y\u00fcr\u00fcten, yurt d\u0131\u015f\u0131 programlar\u0131 kapsam\u0131nda faaliyet alan\u0131 olarak KKTC\u2019yi de i\u00e7ine alan \u015eiddetle M\u00fccadele Vakf\u0131 (HEGEM) ile Do\u011fu Akdeniz \u00dcniversitesi, Lefke Avrupa \u00dcniversitesi ve Kuzey K\u0131br\u0131s Turkcell aras\u0131nda i\u015f birli\u011fi protokol\u00fc imzaland\u0131. HEGEM taraf\u0131ndan koordine edilen ve Anadolu \u00dcniversitesi taraf\u0131ndan y\u00fcr\u00fct\u00fclen, \u201c\u0130nsan Haklar\u0131, \u015eiddet \u00d6nleme ve<\/p>\n","protected":false},"author":1,"featured_media":75228,"comment_status":"open","ping_status":"open","sticky":false,"template":"","format":"standard","meta":{"footnotes":""},"categories":[81,101],"tags":[],"class_list":["post-75227","post","type-post","status-publish","format-standard","has-post-thumbnail","hentry","category-kibris","category-manset"],"yoast_head":"<!-- This site is optimized with the Yoast SEO plugin v27.4 - https:\/\/yoast.com\/product\/yoast-seo-wordpress\/ -->\n<title>\u201c\u015eiddet \u00d6nleme Dan\u0131\u015fmanl\u0131\u011f\u0131 ve Sosyal Arabulucuk Sertifika Program\u0131\u201d KKTC\u2019de de hayata ge\u00e7iyor\u2026 \u0130\u015f birli\u011fi protokol\u00fc imzaland\u0131 -<\/title>\n<meta name=\"robots\" content=\"index, follow, max-snippet:-1, max-image-preview:large, max-video-preview:-1\" \/>\n<link rel=\"canonical\" href=\"https:\/\/kibrisdakik.com\/?p=75227\" \/>\n<meta property=\"og:locale\" content=\"tr_TR\" \/>\n<meta property=\"og:type\" content=\"article\" \/>\n<meta property=\"og:title\" content=\"\u201c\u015eiddet \u00d6nleme Dan\u0131\u015fmanl\u0131\u011f\u0131 ve Sosyal Arabulucuk Sertifika Program\u0131\u201d KKTC\u2019de de hayata ge\u00e7iyor\u2026 \u0130\u015f birli\u011fi protokol\u00fc imzaland\u0131 -\" \/>\n<meta property=\"og:description\" content=\"T\u00fcrkiye\u2019de \u015fiddetin \u00f6nlenmesi i\u00e7in e\u011fitim, ara\u015ft\u0131rma ve sosyal projeler y\u00fcr\u00fcten, yurt d\u0131\u015f\u0131 programlar\u0131 kapsam\u0131nda faaliyet alan\u0131 olarak KKTC\u2019yi de i\u00e7ine alan \u015eiddetle M\u00fccadele Vakf\u0131 (HEGEM) ile Do\u011fu Akdeniz \u00dcniversitesi, Lefke Avrupa \u00dcniversitesi ve Kuzey K\u0131br\u0131s Turkcell aras\u0131nda i\u015f birli\u011fi protokol\u00fc imzaland\u0131. HEGEM taraf\u0131ndan koordine edilen ve Anadolu \u00dcniversitesi taraf\u0131ndan y\u00fcr\u00fct\u00fclen, \u201c\u0130nsan Haklar\u0131, \u015eiddet \u00d6nleme ve\" \/>\n<meta property=\"og:url\" content=\"https:\/\/kibrisdakik.com\/?p=75227\" \/>\n<meta property=\"article:published_time\" content=\"2025-02-07T16:56:15+00:00\" \/>\n<meta property=\"og:image\" content=\"https:\/\/kibrisdakik.com\/wp-content\/uploads\/2025\/02\/aqflj2-740x420.jpg\" \/>\n\t<meta property=\"og:image:width\" content=\"1599\" \/>\n\t<meta property=\"og:image:height\" content=\"705\" \/>\n\t<meta property=\"og:image:type\" content=\"image\/jpeg\" \/>\n<meta name=\"author\" content=\"admin\" \/>\n<meta name=\"twitter:card\" content=\"summary_large_image\" \/>\n<meta name=\"twitter:label1\" content=\"Yazan:\" \/>\n\t<meta name=\"twitter:data1\" content=\"admin\" \/>\n\t<meta name=\"twitter:label2\" content=\"Tahmini okuma s\u00fcresi\" \/>\n\t<meta name=\"twitter:data2\" content=\"4 dakika\" \/>\n<script type=\"application\/ld+json\" class=\"yoast-schema-graph\">{\"@context\":\"https:\\\/\\\/schema.org\",\"@graph\":[{\"@type\":\"Article\",\"@id\":\"https:\\\/\\\/kibrisdakik.com\\\/?p=75227#article\",\"isPartOf\":{\"@id\":\"https:\\\/\\\/kibrisdakik.com\\\/?p=75227\"},\"author\":{\"name\":\"admin\",\"@id\":\"https:\\\/\\\/kibrisdakik.com\\\/#\\\/schema\\\/person\\\/9cd9d437bbb44f72b73ba127e06d8e79\"},\"headline\":\"\u201c\u015eiddet \u00d6nleme Dan\u0131\u015fmanl\u0131\u011f\u0131 ve Sosyal Arabulucuk Sertifika Program\u0131\u201d KKTC\u2019de de hayata ge\u00e7iyor\u2026 \u0130\u015f birli\u011fi protokol\u00fc imzaland\u0131\",\"datePublished\":\"2025-02-07T16:56:15+00:00\",\"mainEntityOfPage\":{\"@id\":\"https:\\\/\\\/kibrisdakik.com\\\/?p=75227\"},\"wordCount\":914,\"commentCount\":0,\"image\":{\"@id\":\"https:\\\/\\\/kibrisdakik.com\\\/?p=75227#primaryimage\"},\"thumbnailUrl\":\"https:\\\/\\\/kibrisdakik.com\\\/wp-content\\\/uploads\\\/2025\\\/02\\\/aqflj2-740x420.jpg\",\"articleSection\":[\"K\u0131br\u0131s\",\"Man\u015fet\"],\"inLanguage\":\"tr\",\"potentialAction\":[{\"@type\":\"CommentAction\",\"name\":\"Comment\",\"target\":[\"https:\\\/\\\/kibrisdakik.com\\\/?p=75227#respond\"]}]},{\"@type\":\"WebPage\",\"@id\":\"https:\\\/\\\/kibrisdakik.com\\\/?p=75227\",\"url\":\"https:\\\/\\\/kibrisdakik.com\\\/?p=75227\",\"name\":\"\u201c\u015eiddet \u00d6nleme Dan\u0131\u015fmanl\u0131\u011f\u0131 ve Sosyal Arabulucuk Sertifika Program\u0131\u201d KKTC\u2019de de hayata ge\u00e7iyor\u2026 \u0130\u015f birli\u011fi protokol\u00fc imzaland\u0131 -\",\"isPartOf\":{\"@id\":\"https:\\\/\\\/kibrisdakik.com\\\/#website\"},\"primaryImageOfPage\":{\"@id\":\"https:\\\/\\\/kibrisdakik.com\\\/?p=75227#primaryimage\"},\"image\":{\"@id\":\"https:\\\/\\\/kibrisdakik.com\\\/?p=75227#primaryimage\"},\"thumbnailUrl\":\"https:\\\/\\\/kibrisdakik.com\\\/wp-content\\\/uploads\\\/2025\\\/02\\\/aqflj2-740x420.jpg\",\"datePublished\":\"2025-02-07T16:56:15+00:00\",\"author\":{\"@id\":\"https:\\\/\\\/kibrisdakik.com\\\/#\\\/schema\\\/person\\\/9cd9d437bbb44f72b73ba127e06d8e79\"},\"breadcrumb\":{\"@id\":\"https:\\\/\\\/kibrisdakik.com\\\/?p=75227#breadcrumb\"},\"inLanguage\":\"tr\",\"potentialAction\":[{\"@type\":\"ReadAction\",\"target\":[\"https:\\\/\\\/kibrisdakik.com\\\/?p=75227\"]}]},{\"@type\":\"ImageObject\",\"inLanguage\":\"tr\",\"@id\":\"https:\\\/\\\/kibrisdakik.com\\\/?p=75227#primaryimage\",\"url\":\"https:\\\/\\\/kibrisdakik.com\\\/wp-content\\\/uploads\\\/2025\\\/02\\\/aqflj2-740x420.jpg\",\"contentUrl\":\"https:\\\/\\\/kibrisdakik.com\\\/wp-content\\\/uploads\\\/2025\\\/02\\\/aqflj2-740x420.jpg\",\"width\":1599,\"height\":705},{\"@type\":\"BreadcrumbList\",\"@id\":\"https:\\\/\\\/kibrisdakik.com\\\/?p=75227#breadcrumb\",\"itemListElement\":[{\"@type\":\"ListItem\",\"position\":1,\"name\":\"Home\",\"item\":\"https:\\\/\\\/kibrisdakik.com\\\/\"},{\"@type\":\"ListItem\",\"position\":2,\"name\":\"\u201c\u015eiddet \u00d6nleme Dan\u0131\u015fmanl\u0131\u011f\u0131 ve Sosyal Arabulucuk Sertifika Program\u0131\u201d KKTC\u2019de de hayata ge\u00e7iyor\u2026 \u0130\u015f birli\u011fi protokol\u00fc imzaland\u0131\"}]},{\"@type\":\"WebSite\",\"@id\":\"https:\\\/\\\/kibrisdakik.com\\\/#website\",\"url\":\"https:\\\/\\\/kibrisdakik.com\\\/\",\"name\":\"\",\"description\":\"Tam vaktinde haber\",\"potentialAction\":[{\"@type\":\"SearchAction\",\"target\":{\"@type\":\"EntryPoint\",\"urlTemplate\":\"https:\\\/\\\/kibrisdakik.com\\\/?s={search_term_string}\"},\"query-input\":{\"@type\":\"PropertyValueSpecification\",\"valueRequired\":true,\"valueName\":\"search_term_string\"}}],\"inLanguage\":\"tr\"},{\"@type\":\"Person\",\"@id\":\"https:\\\/\\\/kibrisdakik.com\\\/#\\\/schema\\\/person\\\/9cd9d437bbb44f72b73ba127e06d8e79\",\"name\":\"admin\",\"image\":{\"@type\":\"ImageObject\",\"inLanguage\":\"tr\",\"@id\":\"https:\\\/\\\/secure.gravatar.com\\\/avatar\\\/ccc17943b9d660506c869530f897617f7cb1c21a4bf30023f252596d83e1f007?s=96&d=mm&r=g\",\"url\":\"https:\\\/\\\/secure.gravatar.com\\\/avatar\\\/ccc17943b9d660506c869530f897617f7cb1c21a4bf30023f252596d83e1f007?s=96&d=mm&r=g\",\"contentUrl\":\"https:\\\/\\\/secure.gravatar.com\\\/avatar\\\/ccc17943b9d660506c869530f897617f7cb1c21a4bf30023f252596d83e1f007?s=96&d=mm&r=g\",\"caption\":\"admin\"},\"sameAs\":[\"https:\\\/\\\/kibrisdakik.com\"],\"url\":\"https:\\\/\\\/kibrisdakik.com\\\/?author=1\"}]}<\/script>\n<!-- \/ Yoast SEO plugin. -->","yoast_head_json":{"title":"\u201c\u015eiddet \u00d6nleme Dan\u0131\u015fmanl\u0131\u011f\u0131 ve Sosyal Arabulucuk Sertifika Program\u0131\u201d KKTC\u2019de de hayata ge\u00e7iyor\u2026 \u0130\u015f birli\u011fi protokol\u00fc imzaland\u0131 -","robots":{"index":"index","follow":"follow","max-snippet":"max-snippet:-1","max-image-preview":"max-image-preview:large","max-video-preview":"max-video-preview:-1"},"canonical":"https:\/\/kibrisdakik.com\/?p=75227","og_locale":"tr_TR","og_type":"article","og_title":"\u201c\u015eiddet \u00d6nleme Dan\u0131\u015fmanl\u0131\u011f\u0131 ve Sosyal Arabulucuk Sertifika Program\u0131\u201d KKTC\u2019de de hayata ge\u00e7iyor\u2026 \u0130\u015f birli\u011fi protokol\u00fc imzaland\u0131 -","og_description":"T\u00fcrkiye\u2019de \u015fiddetin \u00f6nlenmesi i\u00e7in e\u011fitim, ara\u015ft\u0131rma ve sosyal projeler y\u00fcr\u00fcten, yurt d\u0131\u015f\u0131 programlar\u0131 kapsam\u0131nda faaliyet alan\u0131 olarak KKTC\u2019yi de i\u00e7ine alan \u015eiddetle M\u00fccadele Vakf\u0131 (HEGEM) ile Do\u011fu Akdeniz \u00dcniversitesi, Lefke Avrupa \u00dcniversitesi ve Kuzey K\u0131br\u0131s Turkcell aras\u0131nda i\u015f birli\u011fi protokol\u00fc imzaland\u0131. HEGEM taraf\u0131ndan koordine edilen ve Anadolu \u00dcniversitesi taraf\u0131ndan y\u00fcr\u00fct\u00fclen, \u201c\u0130nsan Haklar\u0131, \u015eiddet \u00d6nleme ve","og_url":"https:\/\/kibrisdakik.com\/?p=75227","article_published_time":"2025-02-07T16:56:15+00:00","og_image":[{"width":1599,"height":705,"url":"https:\/\/kibrisdakik.com\/wp-content\/uploads\/2025\/02\/aqflj2-740x420.jpg","type":"image\/jpeg"}],"author":"admin","twitter_card":"summary_large_image","twitter_misc":{"Yazan:":"admin","Tahmini okuma s\u00fcresi":"4 dakika"},"schema":{"@context":"https:\/\/schema.org","@graph":[{"@type":"Article","@id":"https:\/\/kibrisdakik.com\/?p=75227#article","isPartOf":{"@id":"https:\/\/kibrisdakik.com\/?p=75227"},"author":{"name":"admin","@id":"https:\/\/kibrisdakik.com\/#\/schema\/person\/9cd9d437bbb44f72b73ba127e06d8e79"},"headline":"\u201c\u015eiddet \u00d6nleme Dan\u0131\u015fmanl\u0131\u011f\u0131 ve Sosyal Arabulucuk Sertifika Program\u0131\u201d KKTC\u2019de de hayata ge\u00e7iyor\u2026 \u0130\u015f birli\u011fi protokol\u00fc imzaland\u0131","datePublished":"2025-02-07T16:56:15+00:00","mainEntityOfPage":{"@id":"https:\/\/kibrisdakik.com\/?p=75227"},"wordCount":914,"commentCount":0,"image":{"@id":"https:\/\/kibrisdakik.com\/?p=75227#primaryimage"},"thumbnailUrl":"https:\/\/kibrisdakik.com\/wp-content\/uploads\/2025\/02\/aqflj2-740x420.jpg","articleSection":["K\u0131br\u0131s","Man\u015fet"],"inLanguage":"tr","potentialAction":[{"@type":"CommentAction","name":"Comment","target":["https:\/\/kibrisdakik.com\/?p=75227#respond"]}]},{"@type":"WebPage","@id":"https:\/\/kibrisdakik.com\/?p=75227","url":"https:\/\/kibrisdakik.com\/?p=75227","name":"\u201c\u015eiddet \u00d6nleme Dan\u0131\u015fmanl\u0131\u011f\u0131 ve Sosyal Arabulucuk Sertifika Program\u0131\u201d KKTC\u2019de de hayata ge\u00e7iyor\u2026 \u0130\u015f birli\u011fi protokol\u00fc imzaland\u0131 -","isPartOf":{"@id":"https:\/\/kibrisdakik.com\/#website"},"primaryImageOfPage":{"@id":"https:\/\/kibrisdakik.com\/?p=75227#primaryimage"},"image":{"@id":"https:\/\/kibrisdakik.com\/?p=75227#primaryimage"},"thumbnailUrl":"https:\/\/kibrisdakik.com\/wp-content\/uploads\/2025\/02\/aqflj2-740x420.jpg","datePublished":"2025-02-07T16:56:15+00:00","author":{"@id":"https:\/\/kibrisdakik.com\/#\/schema\/person\/9cd9d437bbb44f72b73ba127e06d8e79"},"breadcrumb":{"@id":"https:\/\/kibrisdakik.com\/?p=75227#breadcrumb"},"inLanguage":"tr","potentialAction":[{"@type":"ReadAction","target":["https:\/\/kibrisdakik.com\/?p=75227"]}]},{"@type":"ImageObject","inLanguage":"tr","@id":"https:\/\/kibrisdakik.com\/?p=75227#primaryimage","url":"https:\/\/kibrisdakik.com\/wp-content\/uploads\/2025\/02\/aqflj2-740x420.jpg","contentUrl":"https:\/\/kibrisdakik.com\/wp-content\/uploads\/2025\/02\/aqflj2-740x420.jpg","width":1599,"height":705},{"@type":"BreadcrumbList","@id":"https:\/\/kibrisdakik.com\/?p=75227#breadcrumb","itemListElement":[{"@type":"ListItem","position":1,"name":"Home","item":"https:\/\/kibrisdakik.com\/"},{"@type":"ListItem","position":2,"name":"\u201c\u015eiddet \u00d6nleme Dan\u0131\u015fmanl\u0131\u011f\u0131 ve Sosyal Arabulucuk Sertifika Program\u0131\u201d KKTC\u2019de de hayata ge\u00e7iyor\u2026 \u0130\u015f birli\u011fi protokol\u00fc imzaland\u0131"}]},{"@type":"WebSite","@id":"https:\/\/kibrisdakik.com\/#website","url":"https:\/\/kibrisdakik.com\/","name":"","description":"Tam vaktinde haber","potentialAction":[{"@type":"SearchAction","target":{"@type":"EntryPoint","urlTemplate":"https:\/\/kibrisdakik.com\/?s={search_term_string}"},"query-input":{"@type":"PropertyValueSpecification","valueRequired":true,"valueName":"search_term_string"}}],"inLanguage":"tr"},{"@type":"Person","@id":"https:\/\/kibrisdakik.com\/#\/schema\/person\/9cd9d437bbb44f72b73ba127e06d8e79","name":"admin","image":{"@type":"ImageObject","inLanguage":"tr","@id":"https:\/\/secure.gravatar.com\/avatar\/ccc17943b9d660506c869530f897617f7cb1c21a4bf30023f252596d83e1f007?s=96&d=mm&r=g","url":"https:\/\/secure.gravatar.com\/avatar\/ccc17943b9d660506c869530f897617f7cb1c21a4bf30023f252596d83e1f007?s=96&d=mm&r=g","contentUrl":"https:\/\/secure.gravatar.com\/avatar\/ccc17943b9d660506c869530f897617f7cb1c21a4bf30023f252596d83e1f007?s=96&d=mm&r=g","caption":"admin"},"sameAs":["https:\/\/kibrisdakik.com"],"url":"https:\/\/kibrisdakik.com\/?author=1"}]}},"_links":{"self":[{"href":"https:\/\/kibrisdakik.com\/index.php?rest_route=\/wp\/v2\/posts\/75227","targetHints":{"allow":["GET"]}}],"collection":[{"href":"https:\/\/kibrisdakik.com\/index.php?rest_route=\/wp\/v2\/posts"}],"about":[{"href":"https:\/\/kibrisdakik.com\/index.php?rest_route=\/wp\/v2\/types\/post"}],"author":[{"embeddable":true,"href":"https:\/\/kibrisdakik.com\/index.php?rest_route=\/wp\/v2\/users\/1"}],"replies":[{"embeddable":true,"href":"https:\/\/kibrisdakik.com\/index.php?rest_route=%2Fwp%2Fv2%2Fcomments&post=75227"}],"version-history":[{"count":0,"href":"https:\/\/kibrisdakik.com\/index.php?rest_route=\/wp\/v2\/posts\/75227\/revisions"}],"wp:featuredmedia":[{"embeddable":true,"href":"https:\/\/kibrisdakik.com\/index.php?rest_route=\/wp\/v2\/media\/75228"}],"wp:attachment":[{"href":"https:\/\/kibrisdakik.com\/index.php?rest_route=%2Fwp%2Fv2%2Fmedia&parent=75227"}],"wp:term":[{"taxonomy":"category","embeddable":true,"href":"https:\/\/kibrisdakik.com\/index.php?rest_route=%2Fwp%2Fv2%2Fcategories&post=75227"},{"taxonomy":"post_tag","embeddable":true,"href":"https:\/\/kibrisdakik.com\/index.php?rest_route=%2Fwp%2Fv2%2Ftags&post=75227"}],"curies":[{"name":"wp","href":"https:\/\/api.w.org\/{rel}","templated":true}]}}