{"id":75236,"date":"2025-02-07T22:42:38","date_gmt":"2025-02-07T19:42:38","guid":{"rendered":"https:\/\/kibrisdakik.com\/index.php\/2025\/02\/07\/cumhurbaskani-tatarkibristaki-gercekleri-gormeden-bir-antlasma-olamaz\/"},"modified":"2025-02-07T22:42:38","modified_gmt":"2025-02-07T19:42:38","slug":"cumhurbaskani-tatarkibristaki-gercekleri-gormeden-bir-antlasma-olamaz","status":"publish","type":"post","link":"https:\/\/kibrisdakik.com\/?p=75236","title":{"rendered":"Cumhurba\u015fkan\u0131 Tatar:K\u0131br\u0131s\u2019taki ger\u00e7ekleri g\u00f6rmeden bir antla\u015fma olamaz"},"content":{"rendered":"<div>\n<div class=\"mariselle-image-container center\">\n                                            <\/div>\n<p>  Cumhurba\u015fkan\u0131 Ersin Tatar, D\u00f6ve\u00e7 ve Rumelili Y\u00f6netici \u0130\u015fadam\u0131 ve Sanayiciler Derne\u011fi (Rumelisiad) i\u015f birli\u011finde d\u00fczenlenen \u201cKuzey K\u0131br\u0131s Ekonomi ve Yat\u0131r\u0131m Paneli\u201dnin a\u00e7\u0131l\u0131\u015f\u0131na kat\u0131ld\u0131.<\/p>\n<p>Cumhurba\u015fkanl\u0131\u011f\u0131\u2019ndan verilen bilgiye g\u00f6re, paneli d\u00fczenleyenleri tebrik eden Tatar; \u00fclkede para, kaynak ve istikrar\u0131n olmas\u0131na ra\u011fmen giri\u015fimcili\u011fin olmamas\u0131 durumunda bir yere var\u0131lamayaca\u011f\u0131n\u0131 belirterek, giri\u015fimcilerin \u00f6nemine dikkat \u00e7ekti.<\/p>\n<p>KKTC, T\u00fcrkiye Cumhuriyeti ve d\u00fcnyan\u0131n bir\u00e7ok yerinde yat\u0131r\u0131m ve giri\u015fim yapan K\u0131br\u0131sl\u0131 T\u00fcrk i\u015f insan\u0131 Asil Nadir\u2019in yan\u0131nda finans m\u00fcd\u00fcr\u00fc olarak \u00e7al\u0131\u015fma f\u0131rsat\u0131 buldu\u011funu anlatan Cumhurba\u015fkan\u0131 Tatar, K\u0131br\u0131s T\u00fcrk\u00fc\u2019n\u00fcn geli\u015fmesi ve KKTC\u2019nin tan\u0131nmas\u0131n\u0131n \u00f6nlenmesi i\u00e7in Rum taraf\u0131n\u0131n giri\u015fim yapt\u0131\u011f\u0131n\u0131 ve Asil Nadir\u2019in y\u00fckseli\u015finin \u00f6nlendi\u011fini vurgulad\u0131.<\/p>\n<p>Rum taraf\u0131n\u0131n son olarak Kuzey\u2019deki in\u015faatlar\u0131n engellenmesi i\u00e7in giri\u015fim yapt\u0131\u011f\u0131n\u0131 ifade eden Cumhurba\u015fkan\u0131 Tatar, G\u00fcney K\u0131br\u0131s\u2019\u0131n yapt\u0131\u011f\u0131 haks\u0131zl\u0131klar\u0131 Birle\u015fmi\u015f Milletler ve di\u011fer uluslararas\u0131 toplant\u0131larda dile getirdi\u011fini kaydetti.<\/p>\n<p>K\u0131br\u0131s\u2019ta iki ayr\u0131 devlet bulundu\u011funu anlatan Cumhurba\u015fkan\u0131 Tatar, iki devlet siyasetinin alt\u0131nda uluslararas\u0131 antla\u015fmalardan kaynaklanan haklar, \u015fehitler, verilen m\u00fccadeleler ve T\u00fcrk d\u00fcnyas\u0131n\u0131n bulundu\u011funu aktard\u0131.<\/p>\n<p>K\u0131br\u0131s T\u00fcrk\u00fc\u2019n\u00fc diz \u00e7\u00f6kertip, T\u00fcrkiye ile ba\u011flar\u0131n\u0131 kopararak, K\u0131br\u0131s\u2019\u0131n Yunan adas\u0131 yap\u0131lmak istendi\u011fini belirten Cumhurba\u015fkan\u0131 Tatar, K\u0131br\u0131s T\u00fcrk\u00fc\u2019n\u00fcn kara par\u00e7as\u0131 yan\u0131nda Mavi ve G\u00f6kvatan\u2019da da hak sahibi oldu\u011funu ifade etti.<\/p>\n<p>Teknolojiden yararlan\u0131larak \u00fclkede en iyi kalitede in\u015faatlar\u0131n yap\u0131ld\u0131\u011f\u0131n\u0131 anlatan Cumhurba\u015fkan\u0131 Tatar, T\u00fcrkiye\u2019den gelecek yat\u0131r\u0131mc\u0131lar\u0131n ekonominin ilerlemesi i\u00e7in itici bir g\u00fc\u00e7 olaca\u011f\u0131na dikkat \u00e7ekti.<\/p>\n<p>Ekonomik faaliyetlerin artmas\u0131, y\u00fcksek\u00f6\u011frenim, turizm ve in\u015faat sekt\u00f6r\u00fcn\u00fcn geli\u015fmesi i\u00e7in birlikte \u00e7al\u0131\u015fma yap\u0131lmas\u0131 gerekti\u011fine i\u015faret eden Tatar, K\u0131br\u0131s T\u00fcrk\u00fc\u2019n\u00fcn geli\u015fmeye ve kalk\u0131nmaya devam edece\u011fini kaydetti.<\/p>\n<p>KKTC\u2019nin tan\u0131t\u0131lmas\u0131 i\u00e7in \u00e7al\u0131\u015fmalar\u0131n s\u00fcrd\u00fc\u011f\u00fcn\u00fc aktaran Cumhurba\u015fkan\u0131 Tatar, T\u00fcrkiye b\u00fcy\u00fckel\u00e7ilerinin bulunduklar\u0131 \u00fclkelerde K\u0131br\u0131s T\u00fcrk\u00fc\u2019n\u00fcn siyasetini ve sesini d\u00fcnyaya duyurduklar\u0131n\u0131 vurgulad\u0131.<\/p>\n<p>\u201cK\u0131br\u0131s\u2019taki ger\u00e7ekleri g\u00f6rmeden bir antla\u015fma olamaz.\u201d diyen Cumhurba\u015fkan\u0131 Tatar, K\u0131br\u0131s\u2019ta 50 y\u0131ld\u0131r devam eden bar\u0131\u015f, huzur ve g\u00fcven ortam\u0131ndan dolay\u0131 G\u00fcney K\u0131br\u0131s\u2019\u0131n da ekonomisinin geli\u015fti\u011fini ve refah\u0131n\u0131n artt\u0131\u011f\u0131n\u0131 s\u00f6yledi.<\/p>\n<\/p><\/div>\n<p><script async\n                    defer\n                    crossorigin=\"anonymous\"\n                    src=\"https:\/\/connect.facebook.net\/tr_TR\/sdk.js#xfbml=1&#038;version=v3.3\"\n            ><\/script><\/p>\n","protected":false},"excerpt":{"rendered":"<p>Cumhurba\u015fkan\u0131 Ersin Tatar, D\u00f6ve\u00e7 ve Rumelili Y\u00f6netici \u0130\u015fadam\u0131 ve Sanayiciler Derne\u011fi (Rumelisiad) i\u015f birli\u011finde d\u00fczenlenen \u201cKuzey K\u0131br\u0131s Ekonomi ve Yat\u0131r\u0131m Paneli\u201dnin a\u00e7\u0131l\u0131\u015f\u0131na kat\u0131ld\u0131. Cumhurba\u015fkanl\u0131\u011f\u0131\u2019ndan verilen bilgiye g\u00f6re, paneli d\u00fczenleyenleri tebrik eden Tatar; \u00fclkede para, kaynak ve istikrar\u0131n olmas\u0131na ra\u011fmen giri\u015fimcili\u011fin olmamas\u0131 durumunda bir yere var\u0131lamayaca\u011f\u0131n\u0131 belirterek, giri\u015fimcilerin \u00f6nemine dikkat \u00e7ekti. KKTC, T\u00fcrkiye Cumhuriyeti ve d\u00fcnyan\u0131n<\/p>\n","protected":false},"author":1,"featured_media":75237,"comment_status":"open","ping_status":"open","sticky":false,"template":"","format":"standard","meta":{"footnotes":""},"categories":[81,101],"tags":[],"class_list":["post-75236","post","type-post","status-publish","format-standard","has-post-thumbnail","hentry","category-kibris","category-manset"],"yoast_head":"<!-- This site is optimized with the Yoast SEO plugin v27.4 - https:\/\/yoast.com\/product\/yoast-seo-wordpress\/ -->\n<title>Cumhurba\u015fkan\u0131 Tatar:K\u0131br\u0131s\u2019taki ger\u00e7ekleri g\u00f6rmeden bir antla\u015fma olamaz -<\/title>\n<meta name=\"robots\" content=\"index, follow, max-snippet:-1, max-image-preview:large, max-video-preview:-1\" \/>\n<link rel=\"canonical\" href=\"https:\/\/kibrisdakik.com\/?p=75236\" \/>\n<meta property=\"og:locale\" content=\"tr_TR\" \/>\n<meta property=\"og:type\" content=\"article\" \/>\n<meta property=\"og:title\" content=\"Cumhurba\u015fkan\u0131 Tatar:K\u0131br\u0131s\u2019taki ger\u00e7ekleri g\u00f6rmeden bir antla\u015fma olamaz -\" \/>\n<meta property=\"og:description\" content=\"Cumhurba\u015fkan\u0131 Ersin Tatar, D\u00f6ve\u00e7 ve Rumelili Y\u00f6netici \u0130\u015fadam\u0131 ve Sanayiciler Derne\u011fi (Rumelisiad) i\u015f birli\u011finde d\u00fczenlenen \u201cKuzey K\u0131br\u0131s Ekonomi ve Yat\u0131r\u0131m Paneli\u201dnin a\u00e7\u0131l\u0131\u015f\u0131na kat\u0131ld\u0131. Cumhurba\u015fkanl\u0131\u011f\u0131\u2019ndan verilen bilgiye g\u00f6re, paneli d\u00fczenleyenleri tebrik eden Tatar; \u00fclkede para, kaynak ve istikrar\u0131n olmas\u0131na ra\u011fmen giri\u015fimcili\u011fin olmamas\u0131 durumunda bir yere var\u0131lamayaca\u011f\u0131n\u0131 belirterek, giri\u015fimcilerin \u00f6nemine dikkat \u00e7ekti. KKTC, T\u00fcrkiye Cumhuriyeti ve d\u00fcnyan\u0131n\" \/>\n<meta property=\"og:url\" content=\"https:\/\/kibrisdakik.com\/?p=75236\" \/>\n<meta property=\"article:published_time\" content=\"2025-02-07T19:42:38+00:00\" \/>\n<meta property=\"og:image\" content=\"https:\/\/kibrisdakik.com\/wp-content\/uploads\/2025\/02\/2398402-740x420.jpg\" \/>\n\t<meta property=\"og:image:width\" content=\"1600\" \/>\n\t<meta property=\"og:image:height\" content=\"718\" \/>\n\t<meta property=\"og:image:type\" content=\"image\/jpeg\" \/>\n<meta name=\"author\" content=\"admin\" \/>\n<meta name=\"twitter:card\" content=\"summary_large_image\" \/>\n<meta name=\"twitter:label1\" content=\"Yazan:\" \/>\n\t<meta name=\"twitter:data1\" content=\"admin\" \/>\n\t<meta name=\"twitter:label2\" content=\"Tahmini okuma s\u00fcresi\" \/>\n\t<meta name=\"twitter:data2\" content=\"2 dakika\" \/>\n<script type=\"application\/ld+json\" class=\"yoast-schema-graph\">{\"@context\":\"https:\\\/\\\/schema.org\",\"@graph\":[{\"@type\":\"Article\",\"@id\":\"https:\\\/\\\/kibrisdakik.com\\\/?p=75236#article\",\"isPartOf\":{\"@id\":\"https:\\\/\\\/kibrisdakik.com\\\/?p=75236\"},\"author\":{\"name\":\"admin\",\"@id\":\"https:\\\/\\\/kibrisdakik.com\\\/#\\\/schema\\\/person\\\/9cd9d437bbb44f72b73ba127e06d8e79\"},\"headline\":\"Cumhurba\u015fkan\u0131 Tatar:K\u0131br\u0131s\u2019taki ger\u00e7ekleri g\u00f6rmeden bir antla\u015fma olamaz\",\"datePublished\":\"2025-02-07T19:42:38+00:00\",\"mainEntityOfPage\":{\"@id\":\"https:\\\/\\\/kibrisdakik.com\\\/?p=75236\"},\"wordCount\":483,\"commentCount\":0,\"image\":{\"@id\":\"https:\\\/\\\/kibrisdakik.com\\\/?p=75236#primaryimage\"},\"thumbnailUrl\":\"https:\\\/\\\/kibrisdakik.com\\\/wp-content\\\/uploads\\\/2025\\\/02\\\/2398402-740x420.jpg\",\"articleSection\":[\"K\u0131br\u0131s\",\"Man\u015fet\"],\"inLanguage\":\"tr\",\"potentialAction\":[{\"@type\":\"CommentAction\",\"name\":\"Comment\",\"target\":[\"https:\\\/\\\/kibrisdakik.com\\\/?p=75236#respond\"]}]},{\"@type\":\"WebPage\",\"@id\":\"https:\\\/\\\/kibrisdakik.com\\\/?p=75236\",\"url\":\"https:\\\/\\\/kibrisdakik.com\\\/?p=75236\",\"name\":\"Cumhurba\u015fkan\u0131 Tatar:K\u0131br\u0131s\u2019taki ger\u00e7ekleri g\u00f6rmeden bir antla\u015fma olamaz -\",\"isPartOf\":{\"@id\":\"https:\\\/\\\/kibrisdakik.com\\\/#website\"},\"primaryImageOfPage\":{\"@id\":\"https:\\\/\\\/kibrisdakik.com\\\/?p=75236#primaryimage\"},\"image\":{\"@id\":\"https:\\\/\\\/kibrisdakik.com\\\/?p=75236#primaryimage\"},\"thumbnailUrl\":\"https:\\\/\\\/kibrisdakik.com\\\/wp-content\\\/uploads\\\/2025\\\/02\\\/2398402-740x420.jpg\",\"datePublished\":\"2025-02-07T19:42:38+00:00\",\"author\":{\"@id\":\"https:\\\/\\\/kibrisdakik.com\\\/#\\\/schema\\\/person\\\/9cd9d437bbb44f72b73ba127e06d8e79\"},\"breadcrumb\":{\"@id\":\"https:\\\/\\\/kibrisdakik.com\\\/?p=75236#breadcrumb\"},\"inLanguage\":\"tr\",\"potentialAction\":[{\"@type\":\"ReadAction\",\"target\":[\"https:\\\/\\\/kibrisdakik.com\\\/?p=75236\"]}]},{\"@type\":\"ImageObject\",\"inLanguage\":\"tr\",\"@id\":\"https:\\\/\\\/kibrisdakik.com\\\/?p=75236#primaryimage\",\"url\":\"https:\\\/\\\/kibrisdakik.com\\\/wp-content\\\/uploads\\\/2025\\\/02\\\/2398402-740x420.jpg\",\"contentUrl\":\"https:\\\/\\\/kibrisdakik.com\\\/wp-content\\\/uploads\\\/2025\\\/02\\\/2398402-740x420.jpg\",\"width\":1600,\"height\":718},{\"@type\":\"BreadcrumbList\",\"@id\":\"https:\\\/\\\/kibrisdakik.com\\\/?p=75236#breadcrumb\",\"itemListElement\":[{\"@type\":\"ListItem\",\"position\":1,\"name\":\"Home\",\"item\":\"https:\\\/\\\/kibrisdakik.com\\\/\"},{\"@type\":\"ListItem\",\"position\":2,\"name\":\"Cumhurba\u015fkan\u0131 Tatar:K\u0131br\u0131s\u2019taki ger\u00e7ekleri g\u00f6rmeden bir antla\u015fma olamaz\"}]},{\"@type\":\"WebSite\",\"@id\":\"https:\\\/\\\/kibrisdakik.com\\\/#website\",\"url\":\"https:\\\/\\\/kibrisdakik.com\\\/\",\"name\":\"\",\"description\":\"Tam vaktinde haber\",\"potentialAction\":[{\"@type\":\"SearchAction\",\"target\":{\"@type\":\"EntryPoint\",\"urlTemplate\":\"https:\\\/\\\/kibrisdakik.com\\\/?s={search_term_string}\"},\"query-input\":{\"@type\":\"PropertyValueSpecification\",\"valueRequired\":true,\"valueName\":\"search_term_string\"}}],\"inLanguage\":\"tr\"},{\"@type\":\"Person\",\"@id\":\"https:\\\/\\\/kibrisdakik.com\\\/#\\\/schema\\\/person\\\/9cd9d437bbb44f72b73ba127e06d8e79\",\"name\":\"admin\",\"image\":{\"@type\":\"ImageObject\",\"inLanguage\":\"tr\",\"@id\":\"https:\\\/\\\/secure.gravatar.com\\\/avatar\\\/ccc17943b9d660506c869530f897617f7cb1c21a4bf30023f252596d83e1f007?s=96&d=mm&r=g\",\"url\":\"https:\\\/\\\/secure.gravatar.com\\\/avatar\\\/ccc17943b9d660506c869530f897617f7cb1c21a4bf30023f252596d83e1f007?s=96&d=mm&r=g\",\"contentUrl\":\"https:\\\/\\\/secure.gravatar.com\\\/avatar\\\/ccc17943b9d660506c869530f897617f7cb1c21a4bf30023f252596d83e1f007?s=96&d=mm&r=g\",\"caption\":\"admin\"},\"sameAs\":[\"https:\\\/\\\/kibrisdakik.com\"],\"url\":\"https:\\\/\\\/kibrisdakik.com\\\/?author=1\"}]}<\/script>\n<!-- \/ Yoast SEO plugin. -->","yoast_head_json":{"title":"Cumhurba\u015fkan\u0131 Tatar:K\u0131br\u0131s\u2019taki ger\u00e7ekleri g\u00f6rmeden bir antla\u015fma olamaz -","robots":{"index":"index","follow":"follow","max-snippet":"max-snippet:-1","max-image-preview":"max-image-preview:large","max-video-preview":"max-video-preview:-1"},"canonical":"https:\/\/kibrisdakik.com\/?p=75236","og_locale":"tr_TR","og_type":"article","og_title":"Cumhurba\u015fkan\u0131 Tatar:K\u0131br\u0131s\u2019taki ger\u00e7ekleri g\u00f6rmeden bir antla\u015fma olamaz -","og_description":"Cumhurba\u015fkan\u0131 Ersin Tatar, D\u00f6ve\u00e7 ve Rumelili Y\u00f6netici \u0130\u015fadam\u0131 ve Sanayiciler Derne\u011fi (Rumelisiad) i\u015f birli\u011finde d\u00fczenlenen \u201cKuzey K\u0131br\u0131s Ekonomi ve Yat\u0131r\u0131m Paneli\u201dnin a\u00e7\u0131l\u0131\u015f\u0131na kat\u0131ld\u0131. Cumhurba\u015fkanl\u0131\u011f\u0131\u2019ndan verilen bilgiye g\u00f6re, paneli d\u00fczenleyenleri tebrik eden Tatar; \u00fclkede para, kaynak ve istikrar\u0131n olmas\u0131na ra\u011fmen giri\u015fimcili\u011fin olmamas\u0131 durumunda bir yere var\u0131lamayaca\u011f\u0131n\u0131 belirterek, giri\u015fimcilerin \u00f6nemine dikkat \u00e7ekti. KKTC, T\u00fcrkiye Cumhuriyeti ve d\u00fcnyan\u0131n","og_url":"https:\/\/kibrisdakik.com\/?p=75236","article_published_time":"2025-02-07T19:42:38+00:00","og_image":[{"width":1600,"height":718,"url":"https:\/\/kibrisdakik.com\/wp-content\/uploads\/2025\/02\/2398402-740x420.jpg","type":"image\/jpeg"}],"author":"admin","twitter_card":"summary_large_image","twitter_misc":{"Yazan:":"admin","Tahmini okuma s\u00fcresi":"2 dakika"},"schema":{"@context":"https:\/\/schema.org","@graph":[{"@type":"Article","@id":"https:\/\/kibrisdakik.com\/?p=75236#article","isPartOf":{"@id":"https:\/\/kibrisdakik.com\/?p=75236"},"author":{"name":"admin","@id":"https:\/\/kibrisdakik.com\/#\/schema\/person\/9cd9d437bbb44f72b73ba127e06d8e79"},"headline":"Cumhurba\u015fkan\u0131 Tatar:K\u0131br\u0131s\u2019taki ger\u00e7ekleri g\u00f6rmeden bir antla\u015fma olamaz","datePublished":"2025-02-07T19:42:38+00:00","mainEntityOfPage":{"@id":"https:\/\/kibrisdakik.com\/?p=75236"},"wordCount":483,"commentCount":0,"image":{"@id":"https:\/\/kibrisdakik.com\/?p=75236#primaryimage"},"thumbnailUrl":"https:\/\/kibrisdakik.com\/wp-content\/uploads\/2025\/02\/2398402-740x420.jpg","articleSection":["K\u0131br\u0131s","Man\u015fet"],"inLanguage":"tr","potentialAction":[{"@type":"CommentAction","name":"Comment","target":["https:\/\/kibrisdakik.com\/?p=75236#respond"]}]},{"@type":"WebPage","@id":"https:\/\/kibrisdakik.com\/?p=75236","url":"https:\/\/kibrisdakik.com\/?p=75236","name":"Cumhurba\u015fkan\u0131 Tatar:K\u0131br\u0131s\u2019taki ger\u00e7ekleri g\u00f6rmeden bir antla\u015fma olamaz -","isPartOf":{"@id":"https:\/\/kibrisdakik.com\/#website"},"primaryImageOfPage":{"@id":"https:\/\/kibrisdakik.com\/?p=75236#primaryimage"},"image":{"@id":"https:\/\/kibrisdakik.com\/?p=75236#primaryimage"},"thumbnailUrl":"https:\/\/kibrisdakik.com\/wp-content\/uploads\/2025\/02\/2398402-740x420.jpg","datePublished":"2025-02-07T19:42:38+00:00","author":{"@id":"https:\/\/kibrisdakik.com\/#\/schema\/person\/9cd9d437bbb44f72b73ba127e06d8e79"},"breadcrumb":{"@id":"https:\/\/kibrisdakik.com\/?p=75236#breadcrumb"},"inLanguage":"tr","potentialAction":[{"@type":"ReadAction","target":["https:\/\/kibrisdakik.com\/?p=75236"]}]},{"@type":"ImageObject","inLanguage":"tr","@id":"https:\/\/kibrisdakik.com\/?p=75236#primaryimage","url":"https:\/\/kibrisdakik.com\/wp-content\/uploads\/2025\/02\/2398402-740x420.jpg","contentUrl":"https:\/\/kibrisdakik.com\/wp-content\/uploads\/2025\/02\/2398402-740x420.jpg","width":1600,"height":718},{"@type":"BreadcrumbList","@id":"https:\/\/kibrisdakik.com\/?p=75236#breadcrumb","itemListElement":[{"@type":"ListItem","position":1,"name":"Home","item":"https:\/\/kibrisdakik.com\/"},{"@type":"ListItem","position":2,"name":"Cumhurba\u015fkan\u0131 Tatar:K\u0131br\u0131s\u2019taki ger\u00e7ekleri g\u00f6rmeden bir antla\u015fma olamaz"}]},{"@type":"WebSite","@id":"https:\/\/kibrisdakik.com\/#website","url":"https:\/\/kibrisdakik.com\/","name":"","description":"Tam vaktinde haber","potentialAction":[{"@type":"SearchAction","target":{"@type":"EntryPoint","urlTemplate":"https:\/\/kibrisdakik.com\/?s={search_term_string}"},"query-input":{"@type":"PropertyValueSpecification","valueRequired":true,"valueName":"search_term_string"}}],"inLanguage":"tr"},{"@type":"Person","@id":"https:\/\/kibrisdakik.com\/#\/schema\/person\/9cd9d437bbb44f72b73ba127e06d8e79","name":"admin","image":{"@type":"ImageObject","inLanguage":"tr","@id":"https:\/\/secure.gravatar.com\/avatar\/ccc17943b9d660506c869530f897617f7cb1c21a4bf30023f252596d83e1f007?s=96&d=mm&r=g","url":"https:\/\/secure.gravatar.com\/avatar\/ccc17943b9d660506c869530f897617f7cb1c21a4bf30023f252596d83e1f007?s=96&d=mm&r=g","contentUrl":"https:\/\/secure.gravatar.com\/avatar\/ccc17943b9d660506c869530f897617f7cb1c21a4bf30023f252596d83e1f007?s=96&d=mm&r=g","caption":"admin"},"sameAs":["https:\/\/kibrisdakik.com"],"url":"https:\/\/kibrisdakik.com\/?author=1"}]}},"_links":{"self":[{"href":"https:\/\/kibrisdakik.com\/index.php?rest_route=\/wp\/v2\/posts\/75236","targetHints":{"allow":["GET"]}}],"collection":[{"href":"https:\/\/kibrisdakik.com\/index.php?rest_route=\/wp\/v2\/posts"}],"about":[{"href":"https:\/\/kibrisdakik.com\/index.php?rest_route=\/wp\/v2\/types\/post"}],"author":[{"embeddable":true,"href":"https:\/\/kibrisdakik.com\/index.php?rest_route=\/wp\/v2\/users\/1"}],"replies":[{"embeddable":true,"href":"https:\/\/kibrisdakik.com\/index.php?rest_route=%2Fwp%2Fv2%2Fcomments&post=75236"}],"version-history":[{"count":0,"href":"https:\/\/kibrisdakik.com\/index.php?rest_route=\/wp\/v2\/posts\/75236\/revisions"}],"wp:featuredmedia":[{"embeddable":true,"href":"https:\/\/kibrisdakik.com\/index.php?rest_route=\/wp\/v2\/media\/75237"}],"wp:attachment":[{"href":"https:\/\/kibrisdakik.com\/index.php?rest_route=%2Fwp%2Fv2%2Fmedia&parent=75236"}],"wp:term":[{"taxonomy":"category","embeddable":true,"href":"https:\/\/kibrisdakik.com\/index.php?rest_route=%2Fwp%2Fv2%2Fcategories&post=75236"},{"taxonomy":"post_tag","embeddable":true,"href":"https:\/\/kibrisdakik.com\/index.php?rest_route=%2Fwp%2Fv2%2Ftags&post=75236"}],"curies":[{"name":"wp","href":"https:\/\/api.w.org\/{rel}","templated":true}]}}