{"id":75238,"date":"2025-02-07T20:05:35","date_gmt":"2025-02-07T17:05:35","guid":{"rendered":"https:\/\/kibrisdakik.com\/index.php\/2025\/02\/07\/iranin-baskenti-tahranda-soguk-hava-nedeniyle-okullar-ve-kamu-kurumlari-tatil-edildi\/"},"modified":"2025-02-07T20:05:35","modified_gmt":"2025-02-07T17:05:35","slug":"iranin-baskenti-tahranda-soguk-hava-nedeniyle-okullar-ve-kamu-kurumlari-tatil-edildi","status":"publish","type":"post","link":"https:\/\/kibrisdakik.com\/?p=75238","title":{"rendered":"\u0130ran\u2019\u0131n ba\u015fkenti Tahran\u2019da so\u011fuk hava nedeniyle okullar ve kamu kurumlar\u0131 tatil edildi"},"content":{"rendered":"<p><\/p>\n<div>\n<div class=\"mariselle-image-container center\">\n                <img loading=\"lazy\" decoding=\"async\" width=\"864\" height=\"486\" class=\"lazy-image\" alt=\"\" sizes=\"auto, (max-width: 864px) 100vw, 864px\" src=\"https:\/\/brtk.net\/wp-content\/uploads\/2025\/02\/07\/9999888.jpg?ver=2010f31d814b572f054519a5f5237d6d\" srcset=\"https:\/\/brtk.net\/wp-content\/uploads\/2025\/02\/07\/9999888.jpg?ver=2010f31d814b572f054519a5f5237d6d 864w, https:\/\/brtk.net\/wp-content\/uploads\/2025\/02\/07\/9999888-300x169.jpg?ver=61f869e8f56c5e60a329f7916d13abaf 300w, https:\/\/brtk.net\/wp-content\/uploads\/2025\/02\/07\/9999888-768x432.jpg?ver=61f869e8f56c5e60a329f7916d13abaf 768w\"\/>                            <\/div>\n<p>\u0130ran\u2019\u0131n ba\u015fkenti Tahran\u2019da so\u011fuk hava ko\u015fullar\u0131 nedeniyle y\u00fcksek \u00f6\u011fretim dahil t\u00fcm okullar, bankalar ve devlet kurumlar\u0131 cumartesi g\u00fcn\u00fc tatil edildi.<\/p>\n<p>Tahran Valili\u011finden yap\u0131lan a\u00e7\u0131klamaya g\u00f6re, hava s\u0131cakl\u0131\u011f\u0131nda \u00f6nemli d\u00fc\u015f\u00fc\u015fler g\u00f6r\u00fclece\u011fine dair meteorolojiden gelen raporlar \u00fczerine, yar\u0131n t\u00fcm kamu ve \u00f6zel kurulu\u015flar, okullar, \u00fcniversiteler, bankalar ve belediyelerin kapal\u0131 olaca\u011f\u0131 belirtildi.<\/p>\n<p>\u00dclkenin kuzeyinde don ve da\u011f yollar\u0131n\u0131n tehlikeli durumu nedeniyle vatanda\u015flardan gereksiz seyahatlardan ka\u00e7\u0131nmalar\u0131 da istendi.<\/p>\n<p>Tahran\u2019da ge\u00e7en hafta da iki g\u00fcn boyunca yo\u011fun hava kirlili\u011fi nedeniyle okullar tatil edilmi\u015fti.<\/p>\n<\/p><\/div>\n<p><script async\n                    defer\n                    crossorigin=\"anonymous\"\n                    src=\"https:\/\/connect.facebook.net\/tr_TR\/sdk.js#xfbml=1&#038;version=v3.3\"\n            ><\/script><\/p>\n","protected":false},"excerpt":{"rendered":"<p>\u0130ran\u2019\u0131n ba\u015fkenti Tahran\u2019da so\u011fuk hava ko\u015fullar\u0131 nedeniyle y\u00fcksek \u00f6\u011fretim dahil t\u00fcm okullar, bankalar ve devlet kurumlar\u0131 cumartesi g\u00fcn\u00fc tatil edildi. Tahran Valili\u011finden yap\u0131lan a\u00e7\u0131klamaya g\u00f6re, hava s\u0131cakl\u0131\u011f\u0131nda \u00f6nemli d\u00fc\u015f\u00fc\u015fler g\u00f6r\u00fclece\u011fine dair meteorolojiden gelen raporlar \u00fczerine, yar\u0131n t\u00fcm kamu ve \u00f6zel kurulu\u015flar, okullar, \u00fcniversiteler, bankalar ve belediyelerin kapal\u0131 olaca\u011f\u0131 belirtildi. \u00dclkenin kuzeyinde don ve da\u011f yollar\u0131n\u0131n<\/p>\n","protected":false},"author":1,"featured_media":75239,"comment_status":"open","ping_status":"open","sticky":false,"template":"","format":"standard","meta":{"footnotes":""},"categories":[1],"tags":[],"class_list":["post-75238","post","type-post","status-publish","format-standard","has-post-thumbnail","hentry","category-gundem"],"yoast_head":"<!-- This site is optimized with the Yoast SEO plugin v27.4 - https:\/\/yoast.com\/product\/yoast-seo-wordpress\/ -->\n<title>\u0130ran\u2019\u0131n ba\u015fkenti Tahran\u2019da so\u011fuk hava nedeniyle okullar ve kamu kurumlar\u0131 tatil edildi -<\/title>\n<meta name=\"robots\" content=\"index, follow, max-snippet:-1, max-image-preview:large, max-video-preview:-1\" \/>\n<link rel=\"canonical\" href=\"https:\/\/kibrisdakik.com\/?p=75238\" \/>\n<meta property=\"og:locale\" content=\"tr_TR\" \/>\n<meta property=\"og:type\" content=\"article\" \/>\n<meta property=\"og:title\" content=\"\u0130ran\u2019\u0131n ba\u015fkenti Tahran\u2019da so\u011fuk hava nedeniyle okullar ve kamu kurumlar\u0131 tatil edildi -\" \/>\n<meta property=\"og:description\" content=\"\u0130ran\u2019\u0131n ba\u015fkenti Tahran\u2019da so\u011fuk hava ko\u015fullar\u0131 nedeniyle y\u00fcksek \u00f6\u011fretim dahil t\u00fcm okullar, bankalar ve devlet kurumlar\u0131 cumartesi g\u00fcn\u00fc tatil edildi. Tahran Valili\u011finden yap\u0131lan a\u00e7\u0131klamaya g\u00f6re, hava s\u0131cakl\u0131\u011f\u0131nda \u00f6nemli d\u00fc\u015f\u00fc\u015fler g\u00f6r\u00fclece\u011fine dair meteorolojiden gelen raporlar \u00fczerine, yar\u0131n t\u00fcm kamu ve \u00f6zel kurulu\u015flar, okullar, \u00fcniversiteler, bankalar ve belediyelerin kapal\u0131 olaca\u011f\u0131 belirtildi. \u00dclkenin kuzeyinde don ve da\u011f yollar\u0131n\u0131n\" \/>\n<meta property=\"og:url\" content=\"https:\/\/kibrisdakik.com\/?p=75238\" \/>\n<meta property=\"article:published_time\" content=\"2025-02-07T17:05:35+00:00\" \/>\n<meta property=\"og:image\" content=\"https:\/\/kibrisdakik.com\/wp-content\/uploads\/2025\/02\/9999888-740x420.jpg\" \/>\n\t<meta property=\"og:image:width\" content=\"864\" \/>\n\t<meta property=\"og:image:height\" content=\"486\" \/>\n\t<meta property=\"og:image:type\" content=\"image\/jpeg\" \/>\n<meta name=\"author\" content=\"admin\" \/>\n<meta name=\"twitter:card\" content=\"summary_large_image\" \/>\n<meta name=\"twitter:label1\" content=\"Yazan:\" \/>\n\t<meta name=\"twitter:data1\" content=\"admin\" \/>\n\t<meta name=\"twitter:label2\" content=\"Tahmini okuma s\u00fcresi\" \/>\n\t<meta name=\"twitter:data2\" content=\"1 dakika\" \/>\n<script type=\"application\/ld+json\" class=\"yoast-schema-graph\">{\"@context\":\"https:\\\/\\\/schema.org\",\"@graph\":[{\"@type\":\"Article\",\"@id\":\"https:\\\/\\\/kibrisdakik.com\\\/?p=75238#article\",\"isPartOf\":{\"@id\":\"https:\\\/\\\/kibrisdakik.com\\\/?p=75238\"},\"author\":{\"name\":\"admin\",\"@id\":\"https:\\\/\\\/kibrisdakik.com\\\/#\\\/schema\\\/person\\\/9cd9d437bbb44f72b73ba127e06d8e79\"},\"headline\":\"\u0130ran\u2019\u0131n ba\u015fkenti Tahran\u2019da so\u011fuk hava nedeniyle okullar ve kamu kurumlar\u0131 tatil edildi\",\"datePublished\":\"2025-02-07T17:05:35+00:00\",\"mainEntityOfPage\":{\"@id\":\"https:\\\/\\\/kibrisdakik.com\\\/?p=75238\"},\"wordCount\":125,\"commentCount\":0,\"image\":{\"@id\":\"https:\\\/\\\/kibrisdakik.com\\\/?p=75238#primaryimage\"},\"thumbnailUrl\":\"https:\\\/\\\/kibrisdakik.com\\\/wp-content\\\/uploads\\\/2025\\\/02\\\/9999888-740x420.jpg\",\"articleSection\":[\"G\u00fcndem\"],\"inLanguage\":\"tr\",\"potentialAction\":[{\"@type\":\"CommentAction\",\"name\":\"Comment\",\"target\":[\"https:\\\/\\\/kibrisdakik.com\\\/?p=75238#respond\"]}]},{\"@type\":\"WebPage\",\"@id\":\"https:\\\/\\\/kibrisdakik.com\\\/?p=75238\",\"url\":\"https:\\\/\\\/kibrisdakik.com\\\/?p=75238\",\"name\":\"\u0130ran\u2019\u0131n ba\u015fkenti Tahran\u2019da so\u011fuk hava nedeniyle okullar ve kamu kurumlar\u0131 tatil edildi -\",\"isPartOf\":{\"@id\":\"https:\\\/\\\/kibrisdakik.com\\\/#website\"},\"primaryImageOfPage\":{\"@id\":\"https:\\\/\\\/kibrisdakik.com\\\/?p=75238#primaryimage\"},\"image\":{\"@id\":\"https:\\\/\\\/kibrisdakik.com\\\/?p=75238#primaryimage\"},\"thumbnailUrl\":\"https:\\\/\\\/kibrisdakik.com\\\/wp-content\\\/uploads\\\/2025\\\/02\\\/9999888-740x420.jpg\",\"datePublished\":\"2025-02-07T17:05:35+00:00\",\"author\":{\"@id\":\"https:\\\/\\\/kibrisdakik.com\\\/#\\\/schema\\\/person\\\/9cd9d437bbb44f72b73ba127e06d8e79\"},\"breadcrumb\":{\"@id\":\"https:\\\/\\\/kibrisdakik.com\\\/?p=75238#breadcrumb\"},\"inLanguage\":\"tr\",\"potentialAction\":[{\"@type\":\"ReadAction\",\"target\":[\"https:\\\/\\\/kibrisdakik.com\\\/?p=75238\"]}]},{\"@type\":\"ImageObject\",\"inLanguage\":\"tr\",\"@id\":\"https:\\\/\\\/kibrisdakik.com\\\/?p=75238#primaryimage\",\"url\":\"https:\\\/\\\/kibrisdakik.com\\\/wp-content\\\/uploads\\\/2025\\\/02\\\/9999888-740x420.jpg\",\"contentUrl\":\"https:\\\/\\\/kibrisdakik.com\\\/wp-content\\\/uploads\\\/2025\\\/02\\\/9999888-740x420.jpg\",\"width\":864,\"height\":486},{\"@type\":\"BreadcrumbList\",\"@id\":\"https:\\\/\\\/kibrisdakik.com\\\/?p=75238#breadcrumb\",\"itemListElement\":[{\"@type\":\"ListItem\",\"position\":1,\"name\":\"Home\",\"item\":\"https:\\\/\\\/kibrisdakik.com\\\/\"},{\"@type\":\"ListItem\",\"position\":2,\"name\":\"\u0130ran\u2019\u0131n ba\u015fkenti Tahran\u2019da so\u011fuk hava nedeniyle okullar ve kamu kurumlar\u0131 tatil edildi\"}]},{\"@type\":\"WebSite\",\"@id\":\"https:\\\/\\\/kibrisdakik.com\\\/#website\",\"url\":\"https:\\\/\\\/kibrisdakik.com\\\/\",\"name\":\"\",\"description\":\"Tam vaktinde haber\",\"potentialAction\":[{\"@type\":\"SearchAction\",\"target\":{\"@type\":\"EntryPoint\",\"urlTemplate\":\"https:\\\/\\\/kibrisdakik.com\\\/?s={search_term_string}\"},\"query-input\":{\"@type\":\"PropertyValueSpecification\",\"valueRequired\":true,\"valueName\":\"search_term_string\"}}],\"inLanguage\":\"tr\"},{\"@type\":\"Person\",\"@id\":\"https:\\\/\\\/kibrisdakik.com\\\/#\\\/schema\\\/person\\\/9cd9d437bbb44f72b73ba127e06d8e79\",\"name\":\"admin\",\"image\":{\"@type\":\"ImageObject\",\"inLanguage\":\"tr\",\"@id\":\"https:\\\/\\\/secure.gravatar.com\\\/avatar\\\/ccc17943b9d660506c869530f897617f7cb1c21a4bf30023f252596d83e1f007?s=96&d=mm&r=g\",\"url\":\"https:\\\/\\\/secure.gravatar.com\\\/avatar\\\/ccc17943b9d660506c869530f897617f7cb1c21a4bf30023f252596d83e1f007?s=96&d=mm&r=g\",\"contentUrl\":\"https:\\\/\\\/secure.gravatar.com\\\/avatar\\\/ccc17943b9d660506c869530f897617f7cb1c21a4bf30023f252596d83e1f007?s=96&d=mm&r=g\",\"caption\":\"admin\"},\"sameAs\":[\"https:\\\/\\\/kibrisdakik.com\"],\"url\":\"https:\\\/\\\/kibrisdakik.com\\\/?author=1\"}]}<\/script>\n<!-- \/ Yoast SEO plugin. -->","yoast_head_json":{"title":"\u0130ran\u2019\u0131n ba\u015fkenti Tahran\u2019da so\u011fuk hava nedeniyle okullar ve kamu kurumlar\u0131 tatil edildi -","robots":{"index":"index","follow":"follow","max-snippet":"max-snippet:-1","max-image-preview":"max-image-preview:large","max-video-preview":"max-video-preview:-1"},"canonical":"https:\/\/kibrisdakik.com\/?p=75238","og_locale":"tr_TR","og_type":"article","og_title":"\u0130ran\u2019\u0131n ba\u015fkenti Tahran\u2019da so\u011fuk hava nedeniyle okullar ve kamu kurumlar\u0131 tatil edildi -","og_description":"\u0130ran\u2019\u0131n ba\u015fkenti Tahran\u2019da so\u011fuk hava ko\u015fullar\u0131 nedeniyle y\u00fcksek \u00f6\u011fretim dahil t\u00fcm okullar, bankalar ve devlet kurumlar\u0131 cumartesi g\u00fcn\u00fc tatil edildi. Tahran Valili\u011finden yap\u0131lan a\u00e7\u0131klamaya g\u00f6re, hava s\u0131cakl\u0131\u011f\u0131nda \u00f6nemli d\u00fc\u015f\u00fc\u015fler g\u00f6r\u00fclece\u011fine dair meteorolojiden gelen raporlar \u00fczerine, yar\u0131n t\u00fcm kamu ve \u00f6zel kurulu\u015flar, okullar, \u00fcniversiteler, bankalar ve belediyelerin kapal\u0131 olaca\u011f\u0131 belirtildi. \u00dclkenin kuzeyinde don ve da\u011f yollar\u0131n\u0131n","og_url":"https:\/\/kibrisdakik.com\/?p=75238","article_published_time":"2025-02-07T17:05:35+00:00","og_image":[{"width":864,"height":486,"url":"https:\/\/kibrisdakik.com\/wp-content\/uploads\/2025\/02\/9999888-740x420.jpg","type":"image\/jpeg"}],"author":"admin","twitter_card":"summary_large_image","twitter_misc":{"Yazan:":"admin","Tahmini okuma s\u00fcresi":"1 dakika"},"schema":{"@context":"https:\/\/schema.org","@graph":[{"@type":"Article","@id":"https:\/\/kibrisdakik.com\/?p=75238#article","isPartOf":{"@id":"https:\/\/kibrisdakik.com\/?p=75238"},"author":{"name":"admin","@id":"https:\/\/kibrisdakik.com\/#\/schema\/person\/9cd9d437bbb44f72b73ba127e06d8e79"},"headline":"\u0130ran\u2019\u0131n ba\u015fkenti Tahran\u2019da so\u011fuk hava nedeniyle okullar ve kamu kurumlar\u0131 tatil edildi","datePublished":"2025-02-07T17:05:35+00:00","mainEntityOfPage":{"@id":"https:\/\/kibrisdakik.com\/?p=75238"},"wordCount":125,"commentCount":0,"image":{"@id":"https:\/\/kibrisdakik.com\/?p=75238#primaryimage"},"thumbnailUrl":"https:\/\/kibrisdakik.com\/wp-content\/uploads\/2025\/02\/9999888-740x420.jpg","articleSection":["G\u00fcndem"],"inLanguage":"tr","potentialAction":[{"@type":"CommentAction","name":"Comment","target":["https:\/\/kibrisdakik.com\/?p=75238#respond"]}]},{"@type":"WebPage","@id":"https:\/\/kibrisdakik.com\/?p=75238","url":"https:\/\/kibrisdakik.com\/?p=75238","name":"\u0130ran\u2019\u0131n ba\u015fkenti Tahran\u2019da so\u011fuk hava nedeniyle okullar ve kamu kurumlar\u0131 tatil edildi -","isPartOf":{"@id":"https:\/\/kibrisdakik.com\/#website"},"primaryImageOfPage":{"@id":"https:\/\/kibrisdakik.com\/?p=75238#primaryimage"},"image":{"@id":"https:\/\/kibrisdakik.com\/?p=75238#primaryimage"},"thumbnailUrl":"https:\/\/kibrisdakik.com\/wp-content\/uploads\/2025\/02\/9999888-740x420.jpg","datePublished":"2025-02-07T17:05:35+00:00","author":{"@id":"https:\/\/kibrisdakik.com\/#\/schema\/person\/9cd9d437bbb44f72b73ba127e06d8e79"},"breadcrumb":{"@id":"https:\/\/kibrisdakik.com\/?p=75238#breadcrumb"},"inLanguage":"tr","potentialAction":[{"@type":"ReadAction","target":["https:\/\/kibrisdakik.com\/?p=75238"]}]},{"@type":"ImageObject","inLanguage":"tr","@id":"https:\/\/kibrisdakik.com\/?p=75238#primaryimage","url":"https:\/\/kibrisdakik.com\/wp-content\/uploads\/2025\/02\/9999888-740x420.jpg","contentUrl":"https:\/\/kibrisdakik.com\/wp-content\/uploads\/2025\/02\/9999888-740x420.jpg","width":864,"height":486},{"@type":"BreadcrumbList","@id":"https:\/\/kibrisdakik.com\/?p=75238#breadcrumb","itemListElement":[{"@type":"ListItem","position":1,"name":"Home","item":"https:\/\/kibrisdakik.com\/"},{"@type":"ListItem","position":2,"name":"\u0130ran\u2019\u0131n ba\u015fkenti Tahran\u2019da so\u011fuk hava nedeniyle okullar ve kamu kurumlar\u0131 tatil edildi"}]},{"@type":"WebSite","@id":"https:\/\/kibrisdakik.com\/#website","url":"https:\/\/kibrisdakik.com\/","name":"","description":"Tam vaktinde haber","potentialAction":[{"@type":"SearchAction","target":{"@type":"EntryPoint","urlTemplate":"https:\/\/kibrisdakik.com\/?s={search_term_string}"},"query-input":{"@type":"PropertyValueSpecification","valueRequired":true,"valueName":"search_term_string"}}],"inLanguage":"tr"},{"@type":"Person","@id":"https:\/\/kibrisdakik.com\/#\/schema\/person\/9cd9d437bbb44f72b73ba127e06d8e79","name":"admin","image":{"@type":"ImageObject","inLanguage":"tr","@id":"https:\/\/secure.gravatar.com\/avatar\/ccc17943b9d660506c869530f897617f7cb1c21a4bf30023f252596d83e1f007?s=96&d=mm&r=g","url":"https:\/\/secure.gravatar.com\/avatar\/ccc17943b9d660506c869530f897617f7cb1c21a4bf30023f252596d83e1f007?s=96&d=mm&r=g","contentUrl":"https:\/\/secure.gravatar.com\/avatar\/ccc17943b9d660506c869530f897617f7cb1c21a4bf30023f252596d83e1f007?s=96&d=mm&r=g","caption":"admin"},"sameAs":["https:\/\/kibrisdakik.com"],"url":"https:\/\/kibrisdakik.com\/?author=1"}]}},"_links":{"self":[{"href":"https:\/\/kibrisdakik.com\/index.php?rest_route=\/wp\/v2\/posts\/75238","targetHints":{"allow":["GET"]}}],"collection":[{"href":"https:\/\/kibrisdakik.com\/index.php?rest_route=\/wp\/v2\/posts"}],"about":[{"href":"https:\/\/kibrisdakik.com\/index.php?rest_route=\/wp\/v2\/types\/post"}],"author":[{"embeddable":true,"href":"https:\/\/kibrisdakik.com\/index.php?rest_route=\/wp\/v2\/users\/1"}],"replies":[{"embeddable":true,"href":"https:\/\/kibrisdakik.com\/index.php?rest_route=%2Fwp%2Fv2%2Fcomments&post=75238"}],"version-history":[{"count":0,"href":"https:\/\/kibrisdakik.com\/index.php?rest_route=\/wp\/v2\/posts\/75238\/revisions"}],"wp:featuredmedia":[{"embeddable":true,"href":"https:\/\/kibrisdakik.com\/index.php?rest_route=\/wp\/v2\/media\/75239"}],"wp:attachment":[{"href":"https:\/\/kibrisdakik.com\/index.php?rest_route=%2Fwp%2Fv2%2Fmedia&parent=75238"}],"wp:term":[{"taxonomy":"category","embeddable":true,"href":"https:\/\/kibrisdakik.com\/index.php?rest_route=%2Fwp%2Fv2%2Fcategories&post=75238"},{"taxonomy":"post_tag","embeddable":true,"href":"https:\/\/kibrisdakik.com\/index.php?rest_route=%2Fwp%2Fv2%2Ftags&post=75238"}],"curies":[{"name":"wp","href":"https:\/\/api.w.org\/{rel}","templated":true}]}}