{"id":75247,"date":"2025-02-08T11:05:43","date_gmt":"2025-02-08T08:05:43","guid":{"rendered":"https:\/\/kibrisdakik.com\/index.php\/2025\/02\/08\/rauf-denktas-universitesi-4-mezuniyet-toreni-dun-yapildi\/"},"modified":"2025-02-08T11:05:43","modified_gmt":"2025-02-08T08:05:43","slug":"rauf-denktas-universitesi-4-mezuniyet-toreni-dun-yapildi","status":"publish","type":"post","link":"https:\/\/kibrisdakik.com\/?p=75247","title":{"rendered":"Rauf Denkta\u015f \u00dcniversitesi 4. mezuniyet t\u00f6reni d\u00fcn yap\u0131ld\u0131"},"content":{"rendered":"<div>\n<div class=\"mariselle-image-container center\">\n                                            <\/div>\n<p>Rauf Denkta\u015f \u00dcniversitesi, 4. mezuniyet t\u00f6reni d\u00fcn yap\u0131ld\u0131.<\/p>\n<p>T\u00f6rende 88 mezuna diplomalar\u0131 verildi; \u00fcniversiteden mezun olan \u00f6\u011frenci say\u0131s\u0131 b\u00f6ylelikle 216 oldu.<\/p>\n<p>T\u00f6rende konu\u015fan Rauf Denkta\u015f \u00dcniversitesi M\u00fctevelli Heyeti Ba\u015fkan\u0131 Rauf Denkta\u015f \u00f6\u011frencilerin ba\u015far\u0131s\u0131n\u0131 ve akademik kadronun \u00f6zverili \u00e7al\u0131\u015fmalar\u0131n\u0131 kutlayarak \u201cMezunlar\u0131m\u0131z alanlar\u0131nda uzman nitelikli bireyler olarak, \u00fclkelerinde ba\u015fkalar\u0131n\u0131n hayatlar\u0131na dokunacak; \u00fclkemizin, tarihimizin, k\u00fclt\u00fcr\u00fcm\u00fcz\u00fcn birer par\u00e7as\u0131n\u0131 kendi \u00fclkelerine ta\u015f\u0131yacaklar\u201d dedi.<\/p>\n<p>Denkta\u015f, y\u00fcksek\u00f6\u011fretim alan\u0131ndaki t\u00fcm payda\u015flarla birlikte, ba\u015fta e\u011fitim kalitesini y\u00fckseltmenin, yeni ara\u015ft\u0131rma geli\u015ftirme tesis ve projelerine \u00f6nderlik etmenin, \u00f6\u011frencilerin ya\u015fam ko\u015fullar\u0131n\u0131 ve sosyal imkanlar\u0131n\u0131 iyile\u015ftirmenin, \u00fcniversitelere prestij kataca\u011f\u0131n\u0131 kaydetti. Bunlar\u0131n KKTC\u2019yi \u00f6\u011frenci dostu bir \u00fclke haline getirece\u011fini vurgulayan Denkta\u015f, \u201cUnutmamal\u0131y\u0131z ki \u00fclkemiz ekonomisinin can damarlar\u0131ndan biri olan y\u00fcksek\u00f6\u011fretim sekt\u00f6r\u00fc, g\u00fcn\u00fc kurtaracak ad\u0131mlarla de\u011fil; uzun vadeli stratejilerle hayatta kalmaya devam edecektir\u201d diye konu\u015ftu.<\/p>\n<p>May\u0131s ay\u0131nda d\u00fczenlenecek TEKNOFEST\u2019in \u00f6nemine dikkat \u00e7eken Denkta\u015f, \u201cKKTC, TEKNOFEST ile b\u00fcy\u00fck bir kazan\u0131m elde edecek\u201d dedi.<\/p>\n<p>TEKNOFEST\u2019in sadece bir yar\u0131\u015fma de\u011fil, gelece\u011fin m\u00fchendislik, yaz\u0131l\u0131m, dijitalle\u015fme ve yapay zeka alanlar\u0131nda inovatif teknolojiler \u00fcretmenin kap\u0131s\u0131n\u0131 aralayan en \u00f6nemli merkez oldu\u011funu kaydeden Denkta\u015f, \u201cBu sayede gelece\u011fe y\u00f6nelik e\u015fi benzeri g\u00f6r\u00fclmemi\u015f bir deneyim elde edecek, bundan sonraki e\u011fitim m\u00fcfredatlar\u0131m\u0131z\u0131, yat\u0131r\u0131mlar\u0131m\u0131z\u0131 ve projelerimizi gelece\u011fin bizden bekledi\u011fi \u015fekilde planlayaca\u011f\u0131z\u201d dedi.<\/p>\n<p>TEKNOFEST\u2019in teknoloji, e\u011fitim, ekonomi ve inovasyon alanlar\u0131nda b\u00fcy\u00fck bir potansiyel bar\u0131nd\u0131rd\u0131\u011f\u0131n\u0131, KKTC\u2019nin dijital d\u00f6n\u00fc\u015f\u00fcm\u00fcn\u00fc h\u0131zland\u0131rarak; gen\u00e7leri, giri\u015fimciler ve yat\u0131r\u0131mc\u0131lar\u0131 bu d\u00f6n\u00fc\u015f\u00fcm\u00fcn \u00f6nc\u00fcs\u00fc olmaya te\u015fvik edece\u011fini kaydeden Denkta\u015f, \u201cBu anlamda KKTC, hem teknolojik hem de ekonomik anlamda b\u00fcy\u00fck bir kazan\u0131m elde edecek\u201d dedi.<\/p>\n<\/p><\/div>\n<p><script async\n                    defer\n                    crossorigin=\"anonymous\"\n                    src=\"https:\/\/connect.facebook.net\/tr_TR\/sdk.js#xfbml=1&#038;version=v3.3\"\n            ><\/script><\/p>\n","protected":false},"excerpt":{"rendered":"<p>Rauf Denkta\u015f \u00dcniversitesi, 4. mezuniyet t\u00f6reni d\u00fcn yap\u0131ld\u0131. T\u00f6rende 88 mezuna diplomalar\u0131 verildi; \u00fcniversiteden mezun olan \u00f6\u011frenci say\u0131s\u0131 b\u00f6ylelikle 216 oldu. T\u00f6rende konu\u015fan Rauf Denkta\u015f \u00dcniversitesi M\u00fctevelli Heyeti Ba\u015fkan\u0131 Rauf Denkta\u015f \u00f6\u011frencilerin ba\u015far\u0131s\u0131n\u0131 ve akademik kadronun \u00f6zverili \u00e7al\u0131\u015fmalar\u0131n\u0131 kutlayarak \u201cMezunlar\u0131m\u0131z alanlar\u0131nda uzman nitelikli bireyler olarak, \u00fclkelerinde ba\u015fkalar\u0131n\u0131n hayatlar\u0131na dokunacak; \u00fclkemizin, tarihimizin, k\u00fclt\u00fcr\u00fcm\u00fcz\u00fcn birer par\u00e7as\u0131n\u0131 kendi<\/p>\n","protected":false},"author":1,"featured_media":75248,"comment_status":"open","ping_status":"open","sticky":false,"template":"","format":"standard","meta":{"footnotes":""},"categories":[81,101],"tags":[],"class_list":["post-75247","post","type-post","status-publish","format-standard","has-post-thumbnail","hentry","category-kibris","category-manset"],"yoast_head":"<!-- This site is optimized with the Yoast SEO plugin v27.5 - https:\/\/yoast.com\/product\/yoast-seo-wordpress\/ -->\n<title>Rauf Denkta\u015f \u00dcniversitesi 4. mezuniyet t\u00f6reni d\u00fcn yap\u0131ld\u0131 -<\/title>\n<meta name=\"robots\" content=\"index, follow, max-snippet:-1, max-image-preview:large, max-video-preview:-1\" \/>\n<link rel=\"canonical\" href=\"https:\/\/kibrisdakik.com\/?p=75247\" \/>\n<meta property=\"og:locale\" content=\"tr_TR\" \/>\n<meta property=\"og:type\" content=\"article\" \/>\n<meta property=\"og:title\" content=\"Rauf Denkta\u015f \u00dcniversitesi 4. mezuniyet t\u00f6reni d\u00fcn yap\u0131ld\u0131 -\" \/>\n<meta property=\"og:description\" content=\"Rauf Denkta\u015f \u00dcniversitesi, 4. mezuniyet t\u00f6reni d\u00fcn yap\u0131ld\u0131. T\u00f6rende 88 mezuna diplomalar\u0131 verildi; \u00fcniversiteden mezun olan \u00f6\u011frenci say\u0131s\u0131 b\u00f6ylelikle 216 oldu. T\u00f6rende konu\u015fan Rauf Denkta\u015f \u00dcniversitesi M\u00fctevelli Heyeti Ba\u015fkan\u0131 Rauf Denkta\u015f \u00f6\u011frencilerin ba\u015far\u0131s\u0131n\u0131 ve akademik kadronun \u00f6zverili \u00e7al\u0131\u015fmalar\u0131n\u0131 kutlayarak \u201cMezunlar\u0131m\u0131z alanlar\u0131nda uzman nitelikli bireyler olarak, \u00fclkelerinde ba\u015fkalar\u0131n\u0131n hayatlar\u0131na dokunacak; \u00fclkemizin, tarihimizin, k\u00fclt\u00fcr\u00fcm\u00fcz\u00fcn birer par\u00e7as\u0131n\u0131 kendi\" \/>\n<meta property=\"og:url\" content=\"https:\/\/kibrisdakik.com\/?p=75247\" \/>\n<meta property=\"article:published_time\" content=\"2025-02-08T08:05:43+00:00\" \/>\n<meta property=\"og:image\" content=\"https:\/\/kibrisdakik.com\/wp-content\/uploads\/2025\/02\/1739000146727RDU-MEZUNIYET-740x420.jpeg\" \/>\n\t<meta property=\"og:image:width\" content=\"1599\" \/>\n\t<meta property=\"og:image:height\" content=\"1210\" \/>\n\t<meta property=\"og:image:type\" content=\"image\/jpeg\" \/>\n<meta name=\"author\" content=\"admin\" \/>\n<meta name=\"twitter:card\" content=\"summary_large_image\" \/>\n<meta name=\"twitter:label1\" content=\"Yazan:\" \/>\n\t<meta name=\"twitter:data1\" content=\"admin\" \/>\n\t<meta name=\"twitter:label2\" content=\"Tahmini okuma s\u00fcresi\" \/>\n\t<meta name=\"twitter:data2\" content=\"2 dakika\" \/>\n<script type=\"application\/ld+json\" class=\"yoast-schema-graph\">{\"@context\":\"https:\\\/\\\/schema.org\",\"@graph\":[{\"@type\":\"Article\",\"@id\":\"https:\\\/\\\/kibrisdakik.com\\\/?p=75247#article\",\"isPartOf\":{\"@id\":\"https:\\\/\\\/kibrisdakik.com\\\/?p=75247\"},\"author\":{\"name\":\"admin\",\"@id\":\"https:\\\/\\\/kibrisdakik.com\\\/#\\\/schema\\\/person\\\/9cd9d437bbb44f72b73ba127e06d8e79\"},\"headline\":\"Rauf Denkta\u015f \u00dcniversitesi 4. mezuniyet t\u00f6reni d\u00fcn yap\u0131ld\u0131\",\"datePublished\":\"2025-02-08T08:05:43+00:00\",\"mainEntityOfPage\":{\"@id\":\"https:\\\/\\\/kibrisdakik.com\\\/?p=75247\"},\"wordCount\":357,\"commentCount\":0,\"image\":{\"@id\":\"https:\\\/\\\/kibrisdakik.com\\\/?p=75247#primaryimage\"},\"thumbnailUrl\":\"https:\\\/\\\/kibrisdakik.com\\\/wp-content\\\/uploads\\\/2025\\\/02\\\/1739000146727RDU-MEZUNIYET-740x420.jpeg\",\"articleSection\":[\"K\u0131br\u0131s\",\"Man\u015fet\"],\"inLanguage\":\"tr\",\"potentialAction\":[{\"@type\":\"CommentAction\",\"name\":\"Comment\",\"target\":[\"https:\\\/\\\/kibrisdakik.com\\\/?p=75247#respond\"]}]},{\"@type\":\"WebPage\",\"@id\":\"https:\\\/\\\/kibrisdakik.com\\\/?p=75247\",\"url\":\"https:\\\/\\\/kibrisdakik.com\\\/?p=75247\",\"name\":\"Rauf Denkta\u015f \u00dcniversitesi 4. mezuniyet t\u00f6reni d\u00fcn yap\u0131ld\u0131 -\",\"isPartOf\":{\"@id\":\"https:\\\/\\\/kibrisdakik.com\\\/#website\"},\"primaryImageOfPage\":{\"@id\":\"https:\\\/\\\/kibrisdakik.com\\\/?p=75247#primaryimage\"},\"image\":{\"@id\":\"https:\\\/\\\/kibrisdakik.com\\\/?p=75247#primaryimage\"},\"thumbnailUrl\":\"https:\\\/\\\/kibrisdakik.com\\\/wp-content\\\/uploads\\\/2025\\\/02\\\/1739000146727RDU-MEZUNIYET-740x420.jpeg\",\"datePublished\":\"2025-02-08T08:05:43+00:00\",\"author\":{\"@id\":\"https:\\\/\\\/kibrisdakik.com\\\/#\\\/schema\\\/person\\\/9cd9d437bbb44f72b73ba127e06d8e79\"},\"breadcrumb\":{\"@id\":\"https:\\\/\\\/kibrisdakik.com\\\/?p=75247#breadcrumb\"},\"inLanguage\":\"tr\",\"potentialAction\":[{\"@type\":\"ReadAction\",\"target\":[\"https:\\\/\\\/kibrisdakik.com\\\/?p=75247\"]}]},{\"@type\":\"ImageObject\",\"inLanguage\":\"tr\",\"@id\":\"https:\\\/\\\/kibrisdakik.com\\\/?p=75247#primaryimage\",\"url\":\"https:\\\/\\\/kibrisdakik.com\\\/wp-content\\\/uploads\\\/2025\\\/02\\\/1739000146727RDU-MEZUNIYET-740x420.jpeg\",\"contentUrl\":\"https:\\\/\\\/kibrisdakik.com\\\/wp-content\\\/uploads\\\/2025\\\/02\\\/1739000146727RDU-MEZUNIYET-740x420.jpeg\",\"width\":1599,\"height\":1210},{\"@type\":\"BreadcrumbList\",\"@id\":\"https:\\\/\\\/kibrisdakik.com\\\/?p=75247#breadcrumb\",\"itemListElement\":[{\"@type\":\"ListItem\",\"position\":1,\"name\":\"Home\",\"item\":\"https:\\\/\\\/kibrisdakik.com\\\/\"},{\"@type\":\"ListItem\",\"position\":2,\"name\":\"Rauf Denkta\u015f \u00dcniversitesi 4. mezuniyet t\u00f6reni d\u00fcn yap\u0131ld\u0131\"}]},{\"@type\":\"WebSite\",\"@id\":\"https:\\\/\\\/kibrisdakik.com\\\/#website\",\"url\":\"https:\\\/\\\/kibrisdakik.com\\\/\",\"name\":\"\",\"description\":\"Tam vaktinde haber\",\"potentialAction\":[{\"@type\":\"SearchAction\",\"target\":{\"@type\":\"EntryPoint\",\"urlTemplate\":\"https:\\\/\\\/kibrisdakik.com\\\/?s={search_term_string}\"},\"query-input\":{\"@type\":\"PropertyValueSpecification\",\"valueRequired\":true,\"valueName\":\"search_term_string\"}}],\"inLanguage\":\"tr\"},{\"@type\":\"Person\",\"@id\":\"https:\\\/\\\/kibrisdakik.com\\\/#\\\/schema\\\/person\\\/9cd9d437bbb44f72b73ba127e06d8e79\",\"name\":\"admin\",\"image\":{\"@type\":\"ImageObject\",\"inLanguage\":\"tr\",\"@id\":\"https:\\\/\\\/secure.gravatar.com\\\/avatar\\\/ccc17943b9d660506c869530f897617f7cb1c21a4bf30023f252596d83e1f007?s=96&d=mm&r=g\",\"url\":\"https:\\\/\\\/secure.gravatar.com\\\/avatar\\\/ccc17943b9d660506c869530f897617f7cb1c21a4bf30023f252596d83e1f007?s=96&d=mm&r=g\",\"contentUrl\":\"https:\\\/\\\/secure.gravatar.com\\\/avatar\\\/ccc17943b9d660506c869530f897617f7cb1c21a4bf30023f252596d83e1f007?s=96&d=mm&r=g\",\"caption\":\"admin\"},\"sameAs\":[\"https:\\\/\\\/kibrisdakik.com\"],\"url\":\"https:\\\/\\\/kibrisdakik.com\\\/?author=1\"}]}<\/script>\n<!-- \/ Yoast SEO plugin. -->","yoast_head_json":{"title":"Rauf Denkta\u015f \u00dcniversitesi 4. mezuniyet t\u00f6reni d\u00fcn yap\u0131ld\u0131 -","robots":{"index":"index","follow":"follow","max-snippet":"max-snippet:-1","max-image-preview":"max-image-preview:large","max-video-preview":"max-video-preview:-1"},"canonical":"https:\/\/kibrisdakik.com\/?p=75247","og_locale":"tr_TR","og_type":"article","og_title":"Rauf Denkta\u015f \u00dcniversitesi 4. mezuniyet t\u00f6reni d\u00fcn yap\u0131ld\u0131 -","og_description":"Rauf Denkta\u015f \u00dcniversitesi, 4. mezuniyet t\u00f6reni d\u00fcn yap\u0131ld\u0131. T\u00f6rende 88 mezuna diplomalar\u0131 verildi; \u00fcniversiteden mezun olan \u00f6\u011frenci say\u0131s\u0131 b\u00f6ylelikle 216 oldu. T\u00f6rende konu\u015fan Rauf Denkta\u015f \u00dcniversitesi M\u00fctevelli Heyeti Ba\u015fkan\u0131 Rauf Denkta\u015f \u00f6\u011frencilerin ba\u015far\u0131s\u0131n\u0131 ve akademik kadronun \u00f6zverili \u00e7al\u0131\u015fmalar\u0131n\u0131 kutlayarak \u201cMezunlar\u0131m\u0131z alanlar\u0131nda uzman nitelikli bireyler olarak, \u00fclkelerinde ba\u015fkalar\u0131n\u0131n hayatlar\u0131na dokunacak; \u00fclkemizin, tarihimizin, k\u00fclt\u00fcr\u00fcm\u00fcz\u00fcn birer par\u00e7as\u0131n\u0131 kendi","og_url":"https:\/\/kibrisdakik.com\/?p=75247","article_published_time":"2025-02-08T08:05:43+00:00","og_image":[{"width":1599,"height":1210,"url":"https:\/\/kibrisdakik.com\/wp-content\/uploads\/2025\/02\/1739000146727RDU-MEZUNIYET-740x420.jpeg","type":"image\/jpeg"}],"author":"admin","twitter_card":"summary_large_image","twitter_misc":{"Yazan:":"admin","Tahmini okuma s\u00fcresi":"2 dakika"},"schema":{"@context":"https:\/\/schema.org","@graph":[{"@type":"Article","@id":"https:\/\/kibrisdakik.com\/?p=75247#article","isPartOf":{"@id":"https:\/\/kibrisdakik.com\/?p=75247"},"author":{"name":"admin","@id":"https:\/\/kibrisdakik.com\/#\/schema\/person\/9cd9d437bbb44f72b73ba127e06d8e79"},"headline":"Rauf Denkta\u015f \u00dcniversitesi 4. mezuniyet t\u00f6reni d\u00fcn yap\u0131ld\u0131","datePublished":"2025-02-08T08:05:43+00:00","mainEntityOfPage":{"@id":"https:\/\/kibrisdakik.com\/?p=75247"},"wordCount":357,"commentCount":0,"image":{"@id":"https:\/\/kibrisdakik.com\/?p=75247#primaryimage"},"thumbnailUrl":"https:\/\/kibrisdakik.com\/wp-content\/uploads\/2025\/02\/1739000146727RDU-MEZUNIYET-740x420.jpeg","articleSection":["K\u0131br\u0131s","Man\u015fet"],"inLanguage":"tr","potentialAction":[{"@type":"CommentAction","name":"Comment","target":["https:\/\/kibrisdakik.com\/?p=75247#respond"]}]},{"@type":"WebPage","@id":"https:\/\/kibrisdakik.com\/?p=75247","url":"https:\/\/kibrisdakik.com\/?p=75247","name":"Rauf Denkta\u015f \u00dcniversitesi 4. mezuniyet t\u00f6reni d\u00fcn yap\u0131ld\u0131 -","isPartOf":{"@id":"https:\/\/kibrisdakik.com\/#website"},"primaryImageOfPage":{"@id":"https:\/\/kibrisdakik.com\/?p=75247#primaryimage"},"image":{"@id":"https:\/\/kibrisdakik.com\/?p=75247#primaryimage"},"thumbnailUrl":"https:\/\/kibrisdakik.com\/wp-content\/uploads\/2025\/02\/1739000146727RDU-MEZUNIYET-740x420.jpeg","datePublished":"2025-02-08T08:05:43+00:00","author":{"@id":"https:\/\/kibrisdakik.com\/#\/schema\/person\/9cd9d437bbb44f72b73ba127e06d8e79"},"breadcrumb":{"@id":"https:\/\/kibrisdakik.com\/?p=75247#breadcrumb"},"inLanguage":"tr","potentialAction":[{"@type":"ReadAction","target":["https:\/\/kibrisdakik.com\/?p=75247"]}]},{"@type":"ImageObject","inLanguage":"tr","@id":"https:\/\/kibrisdakik.com\/?p=75247#primaryimage","url":"https:\/\/kibrisdakik.com\/wp-content\/uploads\/2025\/02\/1739000146727RDU-MEZUNIYET-740x420.jpeg","contentUrl":"https:\/\/kibrisdakik.com\/wp-content\/uploads\/2025\/02\/1739000146727RDU-MEZUNIYET-740x420.jpeg","width":1599,"height":1210},{"@type":"BreadcrumbList","@id":"https:\/\/kibrisdakik.com\/?p=75247#breadcrumb","itemListElement":[{"@type":"ListItem","position":1,"name":"Home","item":"https:\/\/kibrisdakik.com\/"},{"@type":"ListItem","position":2,"name":"Rauf Denkta\u015f \u00dcniversitesi 4. mezuniyet t\u00f6reni d\u00fcn yap\u0131ld\u0131"}]},{"@type":"WebSite","@id":"https:\/\/kibrisdakik.com\/#website","url":"https:\/\/kibrisdakik.com\/","name":"","description":"Tam vaktinde haber","potentialAction":[{"@type":"SearchAction","target":{"@type":"EntryPoint","urlTemplate":"https:\/\/kibrisdakik.com\/?s={search_term_string}"},"query-input":{"@type":"PropertyValueSpecification","valueRequired":true,"valueName":"search_term_string"}}],"inLanguage":"tr"},{"@type":"Person","@id":"https:\/\/kibrisdakik.com\/#\/schema\/person\/9cd9d437bbb44f72b73ba127e06d8e79","name":"admin","image":{"@type":"ImageObject","inLanguage":"tr","@id":"https:\/\/secure.gravatar.com\/avatar\/ccc17943b9d660506c869530f897617f7cb1c21a4bf30023f252596d83e1f007?s=96&d=mm&r=g","url":"https:\/\/secure.gravatar.com\/avatar\/ccc17943b9d660506c869530f897617f7cb1c21a4bf30023f252596d83e1f007?s=96&d=mm&r=g","contentUrl":"https:\/\/secure.gravatar.com\/avatar\/ccc17943b9d660506c869530f897617f7cb1c21a4bf30023f252596d83e1f007?s=96&d=mm&r=g","caption":"admin"},"sameAs":["https:\/\/kibrisdakik.com"],"url":"https:\/\/kibrisdakik.com\/?author=1"}]}},"_links":{"self":[{"href":"https:\/\/kibrisdakik.com\/index.php?rest_route=\/wp\/v2\/posts\/75247","targetHints":{"allow":["GET"]}}],"collection":[{"href":"https:\/\/kibrisdakik.com\/index.php?rest_route=\/wp\/v2\/posts"}],"about":[{"href":"https:\/\/kibrisdakik.com\/index.php?rest_route=\/wp\/v2\/types\/post"}],"author":[{"embeddable":true,"href":"https:\/\/kibrisdakik.com\/index.php?rest_route=\/wp\/v2\/users\/1"}],"replies":[{"embeddable":true,"href":"https:\/\/kibrisdakik.com\/index.php?rest_route=%2Fwp%2Fv2%2Fcomments&post=75247"}],"version-history":[{"count":0,"href":"https:\/\/kibrisdakik.com\/index.php?rest_route=\/wp\/v2\/posts\/75247\/revisions"}],"wp:featuredmedia":[{"embeddable":true,"href":"https:\/\/kibrisdakik.com\/index.php?rest_route=\/wp\/v2\/media\/75248"}],"wp:attachment":[{"href":"https:\/\/kibrisdakik.com\/index.php?rest_route=%2Fwp%2Fv2%2Fmedia&parent=75247"}],"wp:term":[{"taxonomy":"category","embeddable":true,"href":"https:\/\/kibrisdakik.com\/index.php?rest_route=%2Fwp%2Fv2%2Fcategories&post=75247"},{"taxonomy":"post_tag","embeddable":true,"href":"https:\/\/kibrisdakik.com\/index.php?rest_route=%2Fwp%2Fv2%2Ftags&post=75247"}],"curies":[{"name":"wp","href":"https:\/\/api.w.org\/{rel}","templated":true}]}}