{"id":75320,"date":"2025-02-10T08:43:44","date_gmt":"2025-02-10T05:43:44","guid":{"rendered":"https:\/\/kibrisdakik.com\/index.php\/2025\/02\/10\/berova-is-insani-asil-nadirin-vefati-nedeniyle-bassagligi-mesaji-yayimladi\/"},"modified":"2025-02-10T08:43:44","modified_gmt":"2025-02-10T05:43:44","slug":"berova-is-insani-asil-nadirin-vefati-nedeniyle-bassagligi-mesaji-yayimladi","status":"publish","type":"post","link":"https:\/\/kibrisdakik.com\/?p=75320","title":{"rendered":"Berova, i\u015f insan\u0131 Asil Nadir\u2019in vefat\u0131 nedeniyle ba\u015fsa\u011fl\u0131\u011f\u0131 mesaj\u0131 yay\u0131mlad\u0131"},"content":{"rendered":"<div>\n<div class=\"mariselle-image-container center\">\n                                            <\/div>\n<p>Maliye Bakan\u0131 \u00d6zdemir Berova, \u0130\u015f insan\u0131 Asil Nadir\u2019in vefat\u0131 nedeniyle ba\u015fsa\u011fl\u0131\u011f\u0131 mesaj\u0131 yay\u0131mlad\u0131.<\/p>\n<p>\u0130\u015f insan\u0131 Asil Nadir\u2019in vefat\u0131ndan b\u00fcy\u00fck \u00fcz\u00fcnt\u00fc duydu\u011funu bildiren Berova, Asil Nadir\u2019in, \u00fclkesine ve K\u0131br\u0131s T\u00fcrk Halk\u0131\u2019na takdirle kar\u015f\u0131lanacak hizmetlerde bulundu\u011funu, ekonominin geli\u015fmesi s\u00fcrecinde \u00f6nemli bir rol \u00fcstlenerek, \u00e7ok say\u0131da insan\u0131m\u0131za i\u015f olana\u011f\u0131 yaratt\u0131\u011f\u0131n\u0131 belirterek; \u201cK\u0131br\u0131s T\u00fcrk Halk\u0131, \u0130\u015f insan\u0131 Asil Nadir\u2019i hizmetleriyle her zaman sayg\u0131 ile anacakt\u0131r.<br \/>Kendisine Allah\u2019tan rahmet, Ailesine ve halk\u0131m\u0131za ba\u015fsa\u011fl\u0131\u011f\u0131 diliyorum\u201d dedi.<\/p>\n<\/p><\/div>\n<p><script async\n                    defer\n                    crossorigin=\"anonymous\"\n                    src=\"https:\/\/connect.facebook.net\/tr_TR\/sdk.js#xfbml=1&#038;version=v3.3\"\n            ><\/script><\/p>\n","protected":false},"excerpt":{"rendered":"<p>Maliye Bakan\u0131 \u00d6zdemir Berova, \u0130\u015f insan\u0131 Asil Nadir\u2019in vefat\u0131 nedeniyle ba\u015fsa\u011fl\u0131\u011f\u0131 mesaj\u0131 yay\u0131mlad\u0131. \u0130\u015f insan\u0131 Asil Nadir\u2019in vefat\u0131ndan b\u00fcy\u00fck \u00fcz\u00fcnt\u00fc duydu\u011funu bildiren Berova, Asil Nadir\u2019in, \u00fclkesine ve K\u0131br\u0131s T\u00fcrk Halk\u0131\u2019na takdirle kar\u015f\u0131lanacak hizmetlerde bulundu\u011funu, ekonominin geli\u015fmesi s\u00fcrecinde \u00f6nemli bir rol \u00fcstlenerek, \u00e7ok say\u0131da insan\u0131m\u0131za i\u015f olana\u011f\u0131 yaratt\u0131\u011f\u0131n\u0131 belirterek; \u201cK\u0131br\u0131s T\u00fcrk Halk\u0131, \u0130\u015f insan\u0131 Asil Nadir\u2019i<\/p>\n","protected":false},"author":1,"featured_media":74019,"comment_status":"open","ping_status":"open","sticky":false,"template":"","format":"standard","meta":{"footnotes":""},"categories":[81,101],"tags":[],"class_list":["post-75320","post","type-post","status-publish","format-standard","has-post-thumbnail","hentry","category-kibris","category-manset"],"yoast_head":"<!-- This site is optimized with the Yoast SEO plugin v27.5 - https:\/\/yoast.com\/product\/yoast-seo-wordpress\/ -->\n<title>Berova, i\u015f insan\u0131 Asil Nadir\u2019in vefat\u0131 nedeniyle ba\u015fsa\u011fl\u0131\u011f\u0131 mesaj\u0131 yay\u0131mlad\u0131 -<\/title>\n<meta name=\"robots\" content=\"index, follow, max-snippet:-1, max-image-preview:large, max-video-preview:-1\" \/>\n<link rel=\"canonical\" href=\"https:\/\/kibrisdakik.com\/?p=75320\" \/>\n<meta property=\"og:locale\" content=\"tr_TR\" \/>\n<meta property=\"og:type\" content=\"article\" \/>\n<meta property=\"og:title\" content=\"Berova, i\u015f insan\u0131 Asil Nadir\u2019in vefat\u0131 nedeniyle ba\u015fsa\u011fl\u0131\u011f\u0131 mesaj\u0131 yay\u0131mlad\u0131 -\" \/>\n<meta property=\"og:description\" content=\"Maliye Bakan\u0131 \u00d6zdemir Berova, \u0130\u015f insan\u0131 Asil Nadir\u2019in vefat\u0131 nedeniyle ba\u015fsa\u011fl\u0131\u011f\u0131 mesaj\u0131 yay\u0131mlad\u0131. \u0130\u015f insan\u0131 Asil Nadir\u2019in vefat\u0131ndan b\u00fcy\u00fck \u00fcz\u00fcnt\u00fc duydu\u011funu bildiren Berova, Asil Nadir\u2019in, \u00fclkesine ve K\u0131br\u0131s T\u00fcrk Halk\u0131\u2019na takdirle kar\u015f\u0131lanacak hizmetlerde bulundu\u011funu, ekonominin geli\u015fmesi s\u00fcrecinde \u00f6nemli bir rol \u00fcstlenerek, \u00e7ok say\u0131da insan\u0131m\u0131za i\u015f olana\u011f\u0131 yaratt\u0131\u011f\u0131n\u0131 belirterek; \u201cK\u0131br\u0131s T\u00fcrk Halk\u0131, \u0130\u015f insan\u0131 Asil Nadir\u2019i\" \/>\n<meta property=\"og:url\" content=\"https:\/\/kibrisdakik.com\/?p=75320\" \/>\n<meta property=\"article:published_time\" content=\"2025-02-10T05:43:44+00:00\" \/>\n<meta property=\"og:image\" content=\"https:\/\/kibrisdakik.com\/wp-content\/uploads\/2025\/01\/ozdemir-berova-4-740x420.jpg\" \/>\n\t<meta property=\"og:image:width\" content=\"1280\" \/>\n\t<meta property=\"og:image:height\" content=\"720\" \/>\n\t<meta property=\"og:image:type\" content=\"image\/jpeg\" \/>\n<meta name=\"author\" content=\"admin\" \/>\n<meta name=\"twitter:card\" content=\"summary_large_image\" \/>\n<meta name=\"twitter:label1\" content=\"Yazan:\" \/>\n\t<meta name=\"twitter:data1\" content=\"admin\" \/>\n\t<meta name=\"twitter:label2\" content=\"Tahmini okuma s\u00fcresi\" \/>\n\t<meta name=\"twitter:data2\" content=\"1 dakika\" \/>\n<script type=\"application\/ld+json\" class=\"yoast-schema-graph\">{\"@context\":\"https:\\\/\\\/schema.org\",\"@graph\":[{\"@type\":\"Article\",\"@id\":\"https:\\\/\\\/kibrisdakik.com\\\/?p=75320#article\",\"isPartOf\":{\"@id\":\"https:\\\/\\\/kibrisdakik.com\\\/?p=75320\"},\"author\":{\"name\":\"admin\",\"@id\":\"https:\\\/\\\/kibrisdakik.com\\\/#\\\/schema\\\/person\\\/9cd9d437bbb44f72b73ba127e06d8e79\"},\"headline\":\"Berova, i\u015f insan\u0131 Asil Nadir\u2019in vefat\u0131 nedeniyle ba\u015fsa\u011fl\u0131\u011f\u0131 mesaj\u0131 yay\u0131mlad\u0131\",\"datePublished\":\"2025-02-10T05:43:44+00:00\",\"mainEntityOfPage\":{\"@id\":\"https:\\\/\\\/kibrisdakik.com\\\/?p=75320\"},\"wordCount\":114,\"commentCount\":0,\"image\":{\"@id\":\"https:\\\/\\\/kibrisdakik.com\\\/?p=75320#primaryimage\"},\"thumbnailUrl\":\"https:\\\/\\\/kibrisdakik.com\\\/wp-content\\\/uploads\\\/2025\\\/01\\\/ozdemir-berova-4-740x420.jpg\",\"articleSection\":[\"K\u0131br\u0131s\",\"Man\u015fet\"],\"inLanguage\":\"tr\",\"potentialAction\":[{\"@type\":\"CommentAction\",\"name\":\"Comment\",\"target\":[\"https:\\\/\\\/kibrisdakik.com\\\/?p=75320#respond\"]}]},{\"@type\":\"WebPage\",\"@id\":\"https:\\\/\\\/kibrisdakik.com\\\/?p=75320\",\"url\":\"https:\\\/\\\/kibrisdakik.com\\\/?p=75320\",\"name\":\"Berova, i\u015f insan\u0131 Asil Nadir\u2019in vefat\u0131 nedeniyle ba\u015fsa\u011fl\u0131\u011f\u0131 mesaj\u0131 yay\u0131mlad\u0131 -\",\"isPartOf\":{\"@id\":\"https:\\\/\\\/kibrisdakik.com\\\/#website\"},\"primaryImageOfPage\":{\"@id\":\"https:\\\/\\\/kibrisdakik.com\\\/?p=75320#primaryimage\"},\"image\":{\"@id\":\"https:\\\/\\\/kibrisdakik.com\\\/?p=75320#primaryimage\"},\"thumbnailUrl\":\"https:\\\/\\\/kibrisdakik.com\\\/wp-content\\\/uploads\\\/2025\\\/01\\\/ozdemir-berova-4-740x420.jpg\",\"datePublished\":\"2025-02-10T05:43:44+00:00\",\"author\":{\"@id\":\"https:\\\/\\\/kibrisdakik.com\\\/#\\\/schema\\\/person\\\/9cd9d437bbb44f72b73ba127e06d8e79\"},\"breadcrumb\":{\"@id\":\"https:\\\/\\\/kibrisdakik.com\\\/?p=75320#breadcrumb\"},\"inLanguage\":\"tr\",\"potentialAction\":[{\"@type\":\"ReadAction\",\"target\":[\"https:\\\/\\\/kibrisdakik.com\\\/?p=75320\"]}]},{\"@type\":\"ImageObject\",\"inLanguage\":\"tr\",\"@id\":\"https:\\\/\\\/kibrisdakik.com\\\/?p=75320#primaryimage\",\"url\":\"https:\\\/\\\/kibrisdakik.com\\\/wp-content\\\/uploads\\\/2025\\\/01\\\/ozdemir-berova-4-740x420.jpg\",\"contentUrl\":\"https:\\\/\\\/kibrisdakik.com\\\/wp-content\\\/uploads\\\/2025\\\/01\\\/ozdemir-berova-4-740x420.jpg\",\"width\":1280,\"height\":720},{\"@type\":\"BreadcrumbList\",\"@id\":\"https:\\\/\\\/kibrisdakik.com\\\/?p=75320#breadcrumb\",\"itemListElement\":[{\"@type\":\"ListItem\",\"position\":1,\"name\":\"Home\",\"item\":\"https:\\\/\\\/kibrisdakik.com\\\/\"},{\"@type\":\"ListItem\",\"position\":2,\"name\":\"Berova, i\u015f insan\u0131 Asil Nadir\u2019in vefat\u0131 nedeniyle ba\u015fsa\u011fl\u0131\u011f\u0131 mesaj\u0131 yay\u0131mlad\u0131\"}]},{\"@type\":\"WebSite\",\"@id\":\"https:\\\/\\\/kibrisdakik.com\\\/#website\",\"url\":\"https:\\\/\\\/kibrisdakik.com\\\/\",\"name\":\"\",\"description\":\"Tam vaktinde haber\",\"potentialAction\":[{\"@type\":\"SearchAction\",\"target\":{\"@type\":\"EntryPoint\",\"urlTemplate\":\"https:\\\/\\\/kibrisdakik.com\\\/?s={search_term_string}\"},\"query-input\":{\"@type\":\"PropertyValueSpecification\",\"valueRequired\":true,\"valueName\":\"search_term_string\"}}],\"inLanguage\":\"tr\"},{\"@type\":\"Person\",\"@id\":\"https:\\\/\\\/kibrisdakik.com\\\/#\\\/schema\\\/person\\\/9cd9d437bbb44f72b73ba127e06d8e79\",\"name\":\"admin\",\"image\":{\"@type\":\"ImageObject\",\"inLanguage\":\"tr\",\"@id\":\"https:\\\/\\\/secure.gravatar.com\\\/avatar\\\/ccc17943b9d660506c869530f897617f7cb1c21a4bf30023f252596d83e1f007?s=96&d=mm&r=g\",\"url\":\"https:\\\/\\\/secure.gravatar.com\\\/avatar\\\/ccc17943b9d660506c869530f897617f7cb1c21a4bf30023f252596d83e1f007?s=96&d=mm&r=g\",\"contentUrl\":\"https:\\\/\\\/secure.gravatar.com\\\/avatar\\\/ccc17943b9d660506c869530f897617f7cb1c21a4bf30023f252596d83e1f007?s=96&d=mm&r=g\",\"caption\":\"admin\"},\"sameAs\":[\"https:\\\/\\\/kibrisdakik.com\"],\"url\":\"https:\\\/\\\/kibrisdakik.com\\\/?author=1\"}]}<\/script>\n<!-- \/ Yoast SEO plugin. -->","yoast_head_json":{"title":"Berova, i\u015f insan\u0131 Asil Nadir\u2019in vefat\u0131 nedeniyle ba\u015fsa\u011fl\u0131\u011f\u0131 mesaj\u0131 yay\u0131mlad\u0131 -","robots":{"index":"index","follow":"follow","max-snippet":"max-snippet:-1","max-image-preview":"max-image-preview:large","max-video-preview":"max-video-preview:-1"},"canonical":"https:\/\/kibrisdakik.com\/?p=75320","og_locale":"tr_TR","og_type":"article","og_title":"Berova, i\u015f insan\u0131 Asil Nadir\u2019in vefat\u0131 nedeniyle ba\u015fsa\u011fl\u0131\u011f\u0131 mesaj\u0131 yay\u0131mlad\u0131 -","og_description":"Maliye Bakan\u0131 \u00d6zdemir Berova, \u0130\u015f insan\u0131 Asil Nadir\u2019in vefat\u0131 nedeniyle ba\u015fsa\u011fl\u0131\u011f\u0131 mesaj\u0131 yay\u0131mlad\u0131. \u0130\u015f insan\u0131 Asil Nadir\u2019in vefat\u0131ndan b\u00fcy\u00fck \u00fcz\u00fcnt\u00fc duydu\u011funu bildiren Berova, Asil Nadir\u2019in, \u00fclkesine ve K\u0131br\u0131s T\u00fcrk Halk\u0131\u2019na takdirle kar\u015f\u0131lanacak hizmetlerde bulundu\u011funu, ekonominin geli\u015fmesi s\u00fcrecinde \u00f6nemli bir rol \u00fcstlenerek, \u00e7ok say\u0131da insan\u0131m\u0131za i\u015f olana\u011f\u0131 yaratt\u0131\u011f\u0131n\u0131 belirterek; \u201cK\u0131br\u0131s T\u00fcrk Halk\u0131, \u0130\u015f insan\u0131 Asil Nadir\u2019i","og_url":"https:\/\/kibrisdakik.com\/?p=75320","article_published_time":"2025-02-10T05:43:44+00:00","og_image":[{"width":1280,"height":720,"url":"https:\/\/kibrisdakik.com\/wp-content\/uploads\/2025\/01\/ozdemir-berova-4-740x420.jpg","type":"image\/jpeg"}],"author":"admin","twitter_card":"summary_large_image","twitter_misc":{"Yazan:":"admin","Tahmini okuma s\u00fcresi":"1 dakika"},"schema":{"@context":"https:\/\/schema.org","@graph":[{"@type":"Article","@id":"https:\/\/kibrisdakik.com\/?p=75320#article","isPartOf":{"@id":"https:\/\/kibrisdakik.com\/?p=75320"},"author":{"name":"admin","@id":"https:\/\/kibrisdakik.com\/#\/schema\/person\/9cd9d437bbb44f72b73ba127e06d8e79"},"headline":"Berova, i\u015f insan\u0131 Asil Nadir\u2019in vefat\u0131 nedeniyle ba\u015fsa\u011fl\u0131\u011f\u0131 mesaj\u0131 yay\u0131mlad\u0131","datePublished":"2025-02-10T05:43:44+00:00","mainEntityOfPage":{"@id":"https:\/\/kibrisdakik.com\/?p=75320"},"wordCount":114,"commentCount":0,"image":{"@id":"https:\/\/kibrisdakik.com\/?p=75320#primaryimage"},"thumbnailUrl":"https:\/\/kibrisdakik.com\/wp-content\/uploads\/2025\/01\/ozdemir-berova-4-740x420.jpg","articleSection":["K\u0131br\u0131s","Man\u015fet"],"inLanguage":"tr","potentialAction":[{"@type":"CommentAction","name":"Comment","target":["https:\/\/kibrisdakik.com\/?p=75320#respond"]}]},{"@type":"WebPage","@id":"https:\/\/kibrisdakik.com\/?p=75320","url":"https:\/\/kibrisdakik.com\/?p=75320","name":"Berova, i\u015f insan\u0131 Asil Nadir\u2019in vefat\u0131 nedeniyle ba\u015fsa\u011fl\u0131\u011f\u0131 mesaj\u0131 yay\u0131mlad\u0131 -","isPartOf":{"@id":"https:\/\/kibrisdakik.com\/#website"},"primaryImageOfPage":{"@id":"https:\/\/kibrisdakik.com\/?p=75320#primaryimage"},"image":{"@id":"https:\/\/kibrisdakik.com\/?p=75320#primaryimage"},"thumbnailUrl":"https:\/\/kibrisdakik.com\/wp-content\/uploads\/2025\/01\/ozdemir-berova-4-740x420.jpg","datePublished":"2025-02-10T05:43:44+00:00","author":{"@id":"https:\/\/kibrisdakik.com\/#\/schema\/person\/9cd9d437bbb44f72b73ba127e06d8e79"},"breadcrumb":{"@id":"https:\/\/kibrisdakik.com\/?p=75320#breadcrumb"},"inLanguage":"tr","potentialAction":[{"@type":"ReadAction","target":["https:\/\/kibrisdakik.com\/?p=75320"]}]},{"@type":"ImageObject","inLanguage":"tr","@id":"https:\/\/kibrisdakik.com\/?p=75320#primaryimage","url":"https:\/\/kibrisdakik.com\/wp-content\/uploads\/2025\/01\/ozdemir-berova-4-740x420.jpg","contentUrl":"https:\/\/kibrisdakik.com\/wp-content\/uploads\/2025\/01\/ozdemir-berova-4-740x420.jpg","width":1280,"height":720},{"@type":"BreadcrumbList","@id":"https:\/\/kibrisdakik.com\/?p=75320#breadcrumb","itemListElement":[{"@type":"ListItem","position":1,"name":"Home","item":"https:\/\/kibrisdakik.com\/"},{"@type":"ListItem","position":2,"name":"Berova, i\u015f insan\u0131 Asil Nadir\u2019in vefat\u0131 nedeniyle ba\u015fsa\u011fl\u0131\u011f\u0131 mesaj\u0131 yay\u0131mlad\u0131"}]},{"@type":"WebSite","@id":"https:\/\/kibrisdakik.com\/#website","url":"https:\/\/kibrisdakik.com\/","name":"","description":"Tam vaktinde haber","potentialAction":[{"@type":"SearchAction","target":{"@type":"EntryPoint","urlTemplate":"https:\/\/kibrisdakik.com\/?s={search_term_string}"},"query-input":{"@type":"PropertyValueSpecification","valueRequired":true,"valueName":"search_term_string"}}],"inLanguage":"tr"},{"@type":"Person","@id":"https:\/\/kibrisdakik.com\/#\/schema\/person\/9cd9d437bbb44f72b73ba127e06d8e79","name":"admin","image":{"@type":"ImageObject","inLanguage":"tr","@id":"https:\/\/secure.gravatar.com\/avatar\/ccc17943b9d660506c869530f897617f7cb1c21a4bf30023f252596d83e1f007?s=96&d=mm&r=g","url":"https:\/\/secure.gravatar.com\/avatar\/ccc17943b9d660506c869530f897617f7cb1c21a4bf30023f252596d83e1f007?s=96&d=mm&r=g","contentUrl":"https:\/\/secure.gravatar.com\/avatar\/ccc17943b9d660506c869530f897617f7cb1c21a4bf30023f252596d83e1f007?s=96&d=mm&r=g","caption":"admin"},"sameAs":["https:\/\/kibrisdakik.com"],"url":"https:\/\/kibrisdakik.com\/?author=1"}]}},"_links":{"self":[{"href":"https:\/\/kibrisdakik.com\/index.php?rest_route=\/wp\/v2\/posts\/75320","targetHints":{"allow":["GET"]}}],"collection":[{"href":"https:\/\/kibrisdakik.com\/index.php?rest_route=\/wp\/v2\/posts"}],"about":[{"href":"https:\/\/kibrisdakik.com\/index.php?rest_route=\/wp\/v2\/types\/post"}],"author":[{"embeddable":true,"href":"https:\/\/kibrisdakik.com\/index.php?rest_route=\/wp\/v2\/users\/1"}],"replies":[{"embeddable":true,"href":"https:\/\/kibrisdakik.com\/index.php?rest_route=%2Fwp%2Fv2%2Fcomments&post=75320"}],"version-history":[{"count":0,"href":"https:\/\/kibrisdakik.com\/index.php?rest_route=\/wp\/v2\/posts\/75320\/revisions"}],"wp:featuredmedia":[{"embeddable":true,"href":"https:\/\/kibrisdakik.com\/index.php?rest_route=\/wp\/v2\/media\/74019"}],"wp:attachment":[{"href":"https:\/\/kibrisdakik.com\/index.php?rest_route=%2Fwp%2Fv2%2Fmedia&parent=75320"}],"wp:term":[{"taxonomy":"category","embeddable":true,"href":"https:\/\/kibrisdakik.com\/index.php?rest_route=%2Fwp%2Fv2%2Fcategories&post=75320"},{"taxonomy":"post_tag","embeddable":true,"href":"https:\/\/kibrisdakik.com\/index.php?rest_route=%2Fwp%2Fv2%2Ftags&post=75320"}],"curies":[{"name":"wp","href":"https:\/\/api.w.org\/{rel}","templated":true}]}}