{"id":75331,"date":"2025-02-10T11:55:58","date_gmt":"2025-02-10T08:55:58","guid":{"rendered":"https:\/\/kibrisdakik.com\/index.php\/2025\/02\/10\/basbakan-yardimcisi-ataoglu-asil-nadirin-vefati-nedeniyle-mesaj-yayinladi\/"},"modified":"2025-02-10T11:55:58","modified_gmt":"2025-02-10T08:55:58","slug":"basbakan-yardimcisi-ataoglu-asil-nadirin-vefati-nedeniyle-mesaj-yayinladi","status":"publish","type":"post","link":"https:\/\/kibrisdakik.com\/?p=75331","title":{"rendered":"Ba\u015fbakan Yard\u0131mc\u0131s\u0131 Atao\u011flu, Asil Nadir\u2019in vefat\u0131 nedeniyle mesaj yay\u0131nlad\u0131"},"content":{"rendered":"<div>\n<div class=\"mariselle-image-container none\">\n                                            <\/div>\n<p style=\"font-weight: 300;\"><span style=\"font-weight: 300 !important;\">Ba\u015fbakan Yard\u0131mc\u0131s\u0131, Turizm, K\u00fclt\u00fcr, Gen\u00e7lik ve \u00c7evre Bakan\u0131, Demokrat Parti (DP) Genel Ba\u015fkan\u0131 Fikri Atao\u011flu, i\u015f insan\u0131 Asil Nadir\u2019in vefat\u0131 dolay\u0131s\u0131yla mesaj yay\u0131mlad\u0131.<\/span><\/p>\n<p style=\"font-weight: 300;\"><span style=\"font-weight: 300 !important;\">\u00a0<\/span><span style=\"font-weight: 300 !important;\">Atao\u011flu mesaj\u0131nda \u015funlar\u0131 kaydetti:<\/span><\/p>\n<p style=\"font-weight: 300;\"><span style=\"font-weight: 300 !important;\">\u201cKKTC\u2019nin de\u011ferli i\u015f insan\u0131, vizyoner liderlerinden Asil Nadir\u2019in vefat\u0131n\u0131 b\u00fcy\u00fck bir \u00fcz\u00fcnt\u00fcyle \u00f6\u011frenmi\u015f bulunmaktay\u0131m. Kendisi, sadece i\u015f d\u00fcnyas\u0131nda de\u011fil, \u00fclkemizin ekonomik ve toplumsal geli\u015fimine sa\u011flad\u0131\u011f\u0131 katk\u0131larla da haf\u0131zalarda yer edinmi\u015f \u00f6nemli bir isimdi.\u00a0<\/span><span style=\"font-weight: 300 !important;\">Merhum Asil Nadir\u2019e Allah\u2019tan rahmet, ailesine, yak\u0131nlar\u0131na ve t\u00fcm sevenlerine sab\u0131r ve ba\u015f sa\u011fl\u0131\u011f\u0131 diliyorum. Onun miras\u0131 ve \u00fclkemize katt\u0131klar\u0131 her zaman sayg\u0131yla hat\u0131rlanacakt\u0131r.\u201d<\/span><\/p>\n<p>\u00a0<\/p>\n<p>\u00a0<\/p>\n<\/p><\/div>\n<p><script async\n                    defer\n                    crossorigin=\"anonymous\"\n                    src=\"https:\/\/connect.facebook.net\/tr_TR\/sdk.js#xfbml=1&#038;version=v3.3\"\n            ><\/script><\/p>\n","protected":false},"excerpt":{"rendered":"<p>Ba\u015fbakan Yard\u0131mc\u0131s\u0131, Turizm, K\u00fclt\u00fcr, Gen\u00e7lik ve \u00c7evre Bakan\u0131, Demokrat Parti (DP) Genel Ba\u015fkan\u0131 Fikri Atao\u011flu, i\u015f insan\u0131 Asil Nadir\u2019in vefat\u0131 dolay\u0131s\u0131yla mesaj yay\u0131mlad\u0131. \u00a0Atao\u011flu mesaj\u0131nda \u015funlar\u0131 kaydetti: \u201cKKTC\u2019nin de\u011ferli i\u015f insan\u0131, vizyoner liderlerinden Asil Nadir\u2019in vefat\u0131n\u0131 b\u00fcy\u00fck bir \u00fcz\u00fcnt\u00fcyle \u00f6\u011frenmi\u015f bulunmaktay\u0131m. Kendisi, sadece i\u015f d\u00fcnyas\u0131nda de\u011fil, \u00fclkemizin ekonomik ve toplumsal geli\u015fimine sa\u011flad\u0131\u011f\u0131 katk\u0131larla da haf\u0131zalarda<\/p>\n","protected":false},"author":1,"featured_media":75332,"comment_status":"open","ping_status":"open","sticky":false,"template":"","format":"standard","meta":{"footnotes":""},"categories":[81,101],"tags":[],"class_list":["post-75331","post","type-post","status-publish","format-standard","has-post-thumbnail","hentry","category-kibris","category-manset"],"yoast_head":"<!-- This site is optimized with the Yoast SEO plugin v27.4 - https:\/\/yoast.com\/product\/yoast-seo-wordpress\/ -->\n<title>Ba\u015fbakan Yard\u0131mc\u0131s\u0131 Atao\u011flu, Asil Nadir\u2019in vefat\u0131 nedeniyle mesaj yay\u0131nlad\u0131 -<\/title>\n<meta name=\"robots\" content=\"index, follow, max-snippet:-1, max-image-preview:large, max-video-preview:-1\" \/>\n<link rel=\"canonical\" href=\"https:\/\/kibrisdakik.com\/?p=75331\" \/>\n<meta property=\"og:locale\" content=\"tr_TR\" \/>\n<meta property=\"og:type\" content=\"article\" \/>\n<meta property=\"og:title\" content=\"Ba\u015fbakan Yard\u0131mc\u0131s\u0131 Atao\u011flu, Asil Nadir\u2019in vefat\u0131 nedeniyle mesaj yay\u0131nlad\u0131 -\" \/>\n<meta property=\"og:description\" content=\"Ba\u015fbakan Yard\u0131mc\u0131s\u0131, Turizm, K\u00fclt\u00fcr, Gen\u00e7lik ve \u00c7evre Bakan\u0131, Demokrat Parti (DP) Genel Ba\u015fkan\u0131 Fikri Atao\u011flu, i\u015f insan\u0131 Asil Nadir\u2019in vefat\u0131 dolay\u0131s\u0131yla mesaj yay\u0131mlad\u0131. \u00a0Atao\u011flu mesaj\u0131nda \u015funlar\u0131 kaydetti: \u201cKKTC\u2019nin de\u011ferli i\u015f insan\u0131, vizyoner liderlerinden Asil Nadir\u2019in vefat\u0131n\u0131 b\u00fcy\u00fck bir \u00fcz\u00fcnt\u00fcyle \u00f6\u011frenmi\u015f bulunmaktay\u0131m. Kendisi, sadece i\u015f d\u00fcnyas\u0131nda de\u011fil, \u00fclkemizin ekonomik ve toplumsal geli\u015fimine sa\u011flad\u0131\u011f\u0131 katk\u0131larla da haf\u0131zalarda\" \/>\n<meta property=\"og:url\" content=\"https:\/\/kibrisdakik.com\/?p=75331\" \/>\n<meta property=\"article:published_time\" content=\"2025-02-10T08:55:58+00:00\" \/>\n<meta property=\"og:image\" content=\"https:\/\/kibrisdakik.com\/wp-content\/uploads\/2025\/02\/ATAOGLU-ASIL-NADIR-740x420.jpg\" \/>\n\t<meta property=\"og:image:width\" content=\"971\" \/>\n\t<meta property=\"og:image:height\" content=\"551\" \/>\n\t<meta property=\"og:image:type\" content=\"image\/jpeg\" \/>\n<meta name=\"author\" content=\"admin\" \/>\n<meta name=\"twitter:card\" content=\"summary_large_image\" \/>\n<meta name=\"twitter:label1\" content=\"Yazan:\" \/>\n\t<meta name=\"twitter:data1\" content=\"admin\" \/>\n\t<meta name=\"twitter:label2\" content=\"Tahmini okuma s\u00fcresi\" \/>\n\t<meta name=\"twitter:data2\" content=\"1 dakika\" \/>\n<script type=\"application\/ld+json\" class=\"yoast-schema-graph\">{\"@context\":\"https:\\\/\\\/schema.org\",\"@graph\":[{\"@type\":\"Article\",\"@id\":\"https:\\\/\\\/kibrisdakik.com\\\/?p=75331#article\",\"isPartOf\":{\"@id\":\"https:\\\/\\\/kibrisdakik.com\\\/?p=75331\"},\"author\":{\"name\":\"admin\",\"@id\":\"https:\\\/\\\/kibrisdakik.com\\\/#\\\/schema\\\/person\\\/9cd9d437bbb44f72b73ba127e06d8e79\"},\"headline\":\"Ba\u015fbakan Yard\u0131mc\u0131s\u0131 Atao\u011flu, Asil Nadir\u2019in vefat\u0131 nedeniyle mesaj yay\u0131nlad\u0131\",\"datePublished\":\"2025-02-10T08:55:58+00:00\",\"mainEntityOfPage\":{\"@id\":\"https:\\\/\\\/kibrisdakik.com\\\/?p=75331\"},\"wordCount\":140,\"commentCount\":0,\"image\":{\"@id\":\"https:\\\/\\\/kibrisdakik.com\\\/?p=75331#primaryimage\"},\"thumbnailUrl\":\"https:\\\/\\\/kibrisdakik.com\\\/wp-content\\\/uploads\\\/2025\\\/02\\\/ATAOGLU-ASIL-NADIR-740x420.jpg\",\"articleSection\":[\"K\u0131br\u0131s\",\"Man\u015fet\"],\"inLanguage\":\"tr\",\"potentialAction\":[{\"@type\":\"CommentAction\",\"name\":\"Comment\",\"target\":[\"https:\\\/\\\/kibrisdakik.com\\\/?p=75331#respond\"]}]},{\"@type\":\"WebPage\",\"@id\":\"https:\\\/\\\/kibrisdakik.com\\\/?p=75331\",\"url\":\"https:\\\/\\\/kibrisdakik.com\\\/?p=75331\",\"name\":\"Ba\u015fbakan Yard\u0131mc\u0131s\u0131 Atao\u011flu, Asil Nadir\u2019in vefat\u0131 nedeniyle mesaj yay\u0131nlad\u0131 -\",\"isPartOf\":{\"@id\":\"https:\\\/\\\/kibrisdakik.com\\\/#website\"},\"primaryImageOfPage\":{\"@id\":\"https:\\\/\\\/kibrisdakik.com\\\/?p=75331#primaryimage\"},\"image\":{\"@id\":\"https:\\\/\\\/kibrisdakik.com\\\/?p=75331#primaryimage\"},\"thumbnailUrl\":\"https:\\\/\\\/kibrisdakik.com\\\/wp-content\\\/uploads\\\/2025\\\/02\\\/ATAOGLU-ASIL-NADIR-740x420.jpg\",\"datePublished\":\"2025-02-10T08:55:58+00:00\",\"author\":{\"@id\":\"https:\\\/\\\/kibrisdakik.com\\\/#\\\/schema\\\/person\\\/9cd9d437bbb44f72b73ba127e06d8e79\"},\"breadcrumb\":{\"@id\":\"https:\\\/\\\/kibrisdakik.com\\\/?p=75331#breadcrumb\"},\"inLanguage\":\"tr\",\"potentialAction\":[{\"@type\":\"ReadAction\",\"target\":[\"https:\\\/\\\/kibrisdakik.com\\\/?p=75331\"]}]},{\"@type\":\"ImageObject\",\"inLanguage\":\"tr\",\"@id\":\"https:\\\/\\\/kibrisdakik.com\\\/?p=75331#primaryimage\",\"url\":\"https:\\\/\\\/kibrisdakik.com\\\/wp-content\\\/uploads\\\/2025\\\/02\\\/ATAOGLU-ASIL-NADIR-740x420.jpg\",\"contentUrl\":\"https:\\\/\\\/kibrisdakik.com\\\/wp-content\\\/uploads\\\/2025\\\/02\\\/ATAOGLU-ASIL-NADIR-740x420.jpg\",\"width\":971,\"height\":551},{\"@type\":\"BreadcrumbList\",\"@id\":\"https:\\\/\\\/kibrisdakik.com\\\/?p=75331#breadcrumb\",\"itemListElement\":[{\"@type\":\"ListItem\",\"position\":1,\"name\":\"Home\",\"item\":\"https:\\\/\\\/kibrisdakik.com\\\/\"},{\"@type\":\"ListItem\",\"position\":2,\"name\":\"Ba\u015fbakan Yard\u0131mc\u0131s\u0131 Atao\u011flu, Asil Nadir\u2019in vefat\u0131 nedeniyle mesaj yay\u0131nlad\u0131\"}]},{\"@type\":\"WebSite\",\"@id\":\"https:\\\/\\\/kibrisdakik.com\\\/#website\",\"url\":\"https:\\\/\\\/kibrisdakik.com\\\/\",\"name\":\"\",\"description\":\"Tam vaktinde haber\",\"potentialAction\":[{\"@type\":\"SearchAction\",\"target\":{\"@type\":\"EntryPoint\",\"urlTemplate\":\"https:\\\/\\\/kibrisdakik.com\\\/?s={search_term_string}\"},\"query-input\":{\"@type\":\"PropertyValueSpecification\",\"valueRequired\":true,\"valueName\":\"search_term_string\"}}],\"inLanguage\":\"tr\"},{\"@type\":\"Person\",\"@id\":\"https:\\\/\\\/kibrisdakik.com\\\/#\\\/schema\\\/person\\\/9cd9d437bbb44f72b73ba127e06d8e79\",\"name\":\"admin\",\"image\":{\"@type\":\"ImageObject\",\"inLanguage\":\"tr\",\"@id\":\"https:\\\/\\\/secure.gravatar.com\\\/avatar\\\/ccc17943b9d660506c869530f897617f7cb1c21a4bf30023f252596d83e1f007?s=96&d=mm&r=g\",\"url\":\"https:\\\/\\\/secure.gravatar.com\\\/avatar\\\/ccc17943b9d660506c869530f897617f7cb1c21a4bf30023f252596d83e1f007?s=96&d=mm&r=g\",\"contentUrl\":\"https:\\\/\\\/secure.gravatar.com\\\/avatar\\\/ccc17943b9d660506c869530f897617f7cb1c21a4bf30023f252596d83e1f007?s=96&d=mm&r=g\",\"caption\":\"admin\"},\"sameAs\":[\"https:\\\/\\\/kibrisdakik.com\"],\"url\":\"https:\\\/\\\/kibrisdakik.com\\\/?author=1\"}]}<\/script>\n<!-- \/ Yoast SEO plugin. -->","yoast_head_json":{"title":"Ba\u015fbakan Yard\u0131mc\u0131s\u0131 Atao\u011flu, Asil Nadir\u2019in vefat\u0131 nedeniyle mesaj yay\u0131nlad\u0131 -","robots":{"index":"index","follow":"follow","max-snippet":"max-snippet:-1","max-image-preview":"max-image-preview:large","max-video-preview":"max-video-preview:-1"},"canonical":"https:\/\/kibrisdakik.com\/?p=75331","og_locale":"tr_TR","og_type":"article","og_title":"Ba\u015fbakan Yard\u0131mc\u0131s\u0131 Atao\u011flu, Asil Nadir\u2019in vefat\u0131 nedeniyle mesaj yay\u0131nlad\u0131 -","og_description":"Ba\u015fbakan Yard\u0131mc\u0131s\u0131, Turizm, K\u00fclt\u00fcr, Gen\u00e7lik ve \u00c7evre Bakan\u0131, Demokrat Parti (DP) Genel Ba\u015fkan\u0131 Fikri Atao\u011flu, i\u015f insan\u0131 Asil Nadir\u2019in vefat\u0131 dolay\u0131s\u0131yla mesaj yay\u0131mlad\u0131. \u00a0Atao\u011flu mesaj\u0131nda \u015funlar\u0131 kaydetti: \u201cKKTC\u2019nin de\u011ferli i\u015f insan\u0131, vizyoner liderlerinden Asil Nadir\u2019in vefat\u0131n\u0131 b\u00fcy\u00fck bir \u00fcz\u00fcnt\u00fcyle \u00f6\u011frenmi\u015f bulunmaktay\u0131m. Kendisi, sadece i\u015f d\u00fcnyas\u0131nda de\u011fil, \u00fclkemizin ekonomik ve toplumsal geli\u015fimine sa\u011flad\u0131\u011f\u0131 katk\u0131larla da haf\u0131zalarda","og_url":"https:\/\/kibrisdakik.com\/?p=75331","article_published_time":"2025-02-10T08:55:58+00:00","og_image":[{"width":971,"height":551,"url":"https:\/\/kibrisdakik.com\/wp-content\/uploads\/2025\/02\/ATAOGLU-ASIL-NADIR-740x420.jpg","type":"image\/jpeg"}],"author":"admin","twitter_card":"summary_large_image","twitter_misc":{"Yazan:":"admin","Tahmini okuma s\u00fcresi":"1 dakika"},"schema":{"@context":"https:\/\/schema.org","@graph":[{"@type":"Article","@id":"https:\/\/kibrisdakik.com\/?p=75331#article","isPartOf":{"@id":"https:\/\/kibrisdakik.com\/?p=75331"},"author":{"name":"admin","@id":"https:\/\/kibrisdakik.com\/#\/schema\/person\/9cd9d437bbb44f72b73ba127e06d8e79"},"headline":"Ba\u015fbakan Yard\u0131mc\u0131s\u0131 Atao\u011flu, Asil Nadir\u2019in vefat\u0131 nedeniyle mesaj yay\u0131nlad\u0131","datePublished":"2025-02-10T08:55:58+00:00","mainEntityOfPage":{"@id":"https:\/\/kibrisdakik.com\/?p=75331"},"wordCount":140,"commentCount":0,"image":{"@id":"https:\/\/kibrisdakik.com\/?p=75331#primaryimage"},"thumbnailUrl":"https:\/\/kibrisdakik.com\/wp-content\/uploads\/2025\/02\/ATAOGLU-ASIL-NADIR-740x420.jpg","articleSection":["K\u0131br\u0131s","Man\u015fet"],"inLanguage":"tr","potentialAction":[{"@type":"CommentAction","name":"Comment","target":["https:\/\/kibrisdakik.com\/?p=75331#respond"]}]},{"@type":"WebPage","@id":"https:\/\/kibrisdakik.com\/?p=75331","url":"https:\/\/kibrisdakik.com\/?p=75331","name":"Ba\u015fbakan Yard\u0131mc\u0131s\u0131 Atao\u011flu, Asil Nadir\u2019in vefat\u0131 nedeniyle mesaj yay\u0131nlad\u0131 -","isPartOf":{"@id":"https:\/\/kibrisdakik.com\/#website"},"primaryImageOfPage":{"@id":"https:\/\/kibrisdakik.com\/?p=75331#primaryimage"},"image":{"@id":"https:\/\/kibrisdakik.com\/?p=75331#primaryimage"},"thumbnailUrl":"https:\/\/kibrisdakik.com\/wp-content\/uploads\/2025\/02\/ATAOGLU-ASIL-NADIR-740x420.jpg","datePublished":"2025-02-10T08:55:58+00:00","author":{"@id":"https:\/\/kibrisdakik.com\/#\/schema\/person\/9cd9d437bbb44f72b73ba127e06d8e79"},"breadcrumb":{"@id":"https:\/\/kibrisdakik.com\/?p=75331#breadcrumb"},"inLanguage":"tr","potentialAction":[{"@type":"ReadAction","target":["https:\/\/kibrisdakik.com\/?p=75331"]}]},{"@type":"ImageObject","inLanguage":"tr","@id":"https:\/\/kibrisdakik.com\/?p=75331#primaryimage","url":"https:\/\/kibrisdakik.com\/wp-content\/uploads\/2025\/02\/ATAOGLU-ASIL-NADIR-740x420.jpg","contentUrl":"https:\/\/kibrisdakik.com\/wp-content\/uploads\/2025\/02\/ATAOGLU-ASIL-NADIR-740x420.jpg","width":971,"height":551},{"@type":"BreadcrumbList","@id":"https:\/\/kibrisdakik.com\/?p=75331#breadcrumb","itemListElement":[{"@type":"ListItem","position":1,"name":"Home","item":"https:\/\/kibrisdakik.com\/"},{"@type":"ListItem","position":2,"name":"Ba\u015fbakan Yard\u0131mc\u0131s\u0131 Atao\u011flu, Asil Nadir\u2019in vefat\u0131 nedeniyle mesaj yay\u0131nlad\u0131"}]},{"@type":"WebSite","@id":"https:\/\/kibrisdakik.com\/#website","url":"https:\/\/kibrisdakik.com\/","name":"","description":"Tam vaktinde haber","potentialAction":[{"@type":"SearchAction","target":{"@type":"EntryPoint","urlTemplate":"https:\/\/kibrisdakik.com\/?s={search_term_string}"},"query-input":{"@type":"PropertyValueSpecification","valueRequired":true,"valueName":"search_term_string"}}],"inLanguage":"tr"},{"@type":"Person","@id":"https:\/\/kibrisdakik.com\/#\/schema\/person\/9cd9d437bbb44f72b73ba127e06d8e79","name":"admin","image":{"@type":"ImageObject","inLanguage":"tr","@id":"https:\/\/secure.gravatar.com\/avatar\/ccc17943b9d660506c869530f897617f7cb1c21a4bf30023f252596d83e1f007?s=96&d=mm&r=g","url":"https:\/\/secure.gravatar.com\/avatar\/ccc17943b9d660506c869530f897617f7cb1c21a4bf30023f252596d83e1f007?s=96&d=mm&r=g","contentUrl":"https:\/\/secure.gravatar.com\/avatar\/ccc17943b9d660506c869530f897617f7cb1c21a4bf30023f252596d83e1f007?s=96&d=mm&r=g","caption":"admin"},"sameAs":["https:\/\/kibrisdakik.com"],"url":"https:\/\/kibrisdakik.com\/?author=1"}]}},"_links":{"self":[{"href":"https:\/\/kibrisdakik.com\/index.php?rest_route=\/wp\/v2\/posts\/75331","targetHints":{"allow":["GET"]}}],"collection":[{"href":"https:\/\/kibrisdakik.com\/index.php?rest_route=\/wp\/v2\/posts"}],"about":[{"href":"https:\/\/kibrisdakik.com\/index.php?rest_route=\/wp\/v2\/types\/post"}],"author":[{"embeddable":true,"href":"https:\/\/kibrisdakik.com\/index.php?rest_route=\/wp\/v2\/users\/1"}],"replies":[{"embeddable":true,"href":"https:\/\/kibrisdakik.com\/index.php?rest_route=%2Fwp%2Fv2%2Fcomments&post=75331"}],"version-history":[{"count":0,"href":"https:\/\/kibrisdakik.com\/index.php?rest_route=\/wp\/v2\/posts\/75331\/revisions"}],"wp:featuredmedia":[{"embeddable":true,"href":"https:\/\/kibrisdakik.com\/index.php?rest_route=\/wp\/v2\/media\/75332"}],"wp:attachment":[{"href":"https:\/\/kibrisdakik.com\/index.php?rest_route=%2Fwp%2Fv2%2Fmedia&parent=75331"}],"wp:term":[{"taxonomy":"category","embeddable":true,"href":"https:\/\/kibrisdakik.com\/index.php?rest_route=%2Fwp%2Fv2%2Fcategories&post=75331"},{"taxonomy":"post_tag","embeddable":true,"href":"https:\/\/kibrisdakik.com\/index.php?rest_route=%2Fwp%2Fv2%2Ftags&post=75331"}],"curies":[{"name":"wp","href":"https:\/\/api.w.org\/{rel}","templated":true}]}}