{"id":7535,"date":"2023-05-24T14:23:57","date_gmt":"2023-05-24T14:23:57","guid":{"rendered":"https:\/\/kibrisdakik.com\/index.php\/2023\/05\/24\/park-halindeki-ltb-cop-kamoyunu-alev-aldi-kozankoyde-bugdaylar-yandi\/"},"modified":"2023-05-24T14:23:57","modified_gmt":"2023-05-24T14:23:57","slug":"park-halindeki-ltb-cop-kamoyunu-alev-aldi-kozankoyde-bugdaylar-yandi","status":"publish","type":"post","link":"https:\/\/kibrisdakik.com\/?p=7535","title":{"rendered":"Park halindeki LTB \u00e7\u00f6p kamoyunu alev ald\u0131\u2026 Kozank\u00f6y\u2019de bu\u011fdaylar yand\u0131"},"content":{"rendered":"<p><\/p>\n<div>\n<div class=\"mariselle-image-container center\">\n                <img width=\"864\" height=\"400\" class=\"lazy-image\" alt=\"\" decoding=\"async\" loading=\"lazy\" sizes=\"auto, (max-width: 864px) 100vw, 864px\" src=\"https:\/\/brtk.net\/wp-content\/uploads\/2023\/05\/24\/polis-logo-yangin21.jpg?ver=e64c0bbfbcbfbe464bc2b4b5e6b56c9a\" srcset=\"https:\/\/brtk.net\/wp-content\/uploads\/2023\/05\/24\/polis-logo-yangin21.jpg?ver=e64c0bbfbcbfbe464bc2b4b5e6b56c9a 864w, https:\/\/brtk.net\/wp-content\/uploads\/2023\/05\/24\/polis-logo-yangin21-300x139.jpg?ver=903c580adeffa0395f160907370ad560 300w, https:\/\/brtk.net\/wp-content\/uploads\/2023\/05\/24\/polis-logo-yangin21-768x356.jpg?ver=903c580adeffa0395f160907370ad560 768w\"\/>                            <\/div>\n<p>Lefko\u015fa ve Kozank\u00f6y\u2019de meydana gelen yang\u0131nlar hasara neden oldu.<\/p>\n<p>Polis Bas\u0131n Subayl\u0131\u011f\u0131ndan verilen bilgiye g\u00f6re, bu sabah\u0131n ilk saatlerinde Lefko\u015fa sanayi b\u00f6lgesinde ki Lefko\u015fa T\u00fcrk Belediyesi sanayi tesislerinde park halinde bulunan belediyeye ait \u00e7\u00f6p kamyonu muhtemelen \u00f6n k\u0131sm\u0131ndaki elektrik aksamlar\u0131n\u0131n k\u0131sa devre yapmas\u0131 sonucu alev ald\u0131. \u0130tfaiye ekiplerinin  s\u00f6nd\u00fcrd\u00fc\u011f\u00fc yang\u0131nda \u00e7\u00f6p kamyonunun kabin k\u0131sm\u0131, koltuklar\u0131, \u00f6n g\u00f6\u011f\u00fcs k\u0131sm\u0131, elektrik aksamlar\u0131 ve motor k\u0131sm\u0131na giden plastik aksamlar\u0131 tamamen yand\u0131.<\/p>\n<p>\u00d6te yandan d\u00fcn \u00f6\u011fle saatlerinde Kozank\u00f6y\u2019de, Cami Tarlas\u0131 mevkiinde bir tarlada meydana gelen yang\u0131nda yakla\u015f\u0131k 10 d\u00f6n\u00fcml\u00fck bi\u00e7ilmemi\u015f bu\u011fday k\u00fcl oldu. Yang\u0131n itfaiye ekipleri taraf\u0131ndan s\u00f6nd\u00fcr\u00fcld\u00fc.<\/p>\n<p>Polisin olaylarla ilgili soru\u015fturmas\u0131 s\u00fcr\u00fcyor.<\/p>\n<\/p><\/div>\n<p><script async\n                    defer\n                    crossorigin=\"anonymous\"\n                    src=\"https:\/\/connect.facebook.net\/tr_TR\/sdk.js#xfbml=1&#038;version=v3.3\"\n            ><\/script><\/p>\n","protected":false},"excerpt":{"rendered":"<p>Lefko\u015fa ve Kozank\u00f6y\u2019de meydana gelen yang\u0131nlar hasara neden oldu. Polis Bas\u0131n Subayl\u0131\u011f\u0131ndan verilen bilgiye g\u00f6re, bu sabah\u0131n ilk saatlerinde Lefko\u015fa sanayi b\u00f6lgesinde ki Lefko\u015fa T\u00fcrk Belediyesi sanayi tesislerinde park halinde bulunan belediyeye ait \u00e7\u00f6p kamyonu muhtemelen \u00f6n k\u0131sm\u0131ndaki elektrik aksamlar\u0131n\u0131n k\u0131sa devre yapmas\u0131 sonucu alev ald\u0131. \u0130tfaiye ekiplerinin s\u00f6nd\u00fcrd\u00fc\u011f\u00fc yang\u0131nda \u00e7\u00f6p kamyonunun kabin k\u0131sm\u0131, koltuklar\u0131,<\/p>\n","protected":false},"author":1,"featured_media":7536,"comment_status":"open","ping_status":"open","sticky":false,"template":"","format":"standard","meta":{"footnotes":""},"categories":[1],"tags":[],"class_list":["post-7535","post","type-post","status-publish","format-standard","has-post-thumbnail","hentry","category-gundem"],"yoast_head":"<!-- This site is optimized with the Yoast SEO plugin v27.5 - https:\/\/yoast.com\/product\/yoast-seo-wordpress\/ -->\n<title>Park halindeki LTB \u00e7\u00f6p kamoyunu alev ald\u0131\u2026 Kozank\u00f6y\u2019de bu\u011fdaylar yand\u0131 -<\/title>\n<meta name=\"robots\" content=\"index, follow, max-snippet:-1, max-image-preview:large, max-video-preview:-1\" \/>\n<link rel=\"canonical\" href=\"https:\/\/kibrisdakik.com\/?p=7535\" \/>\n<meta property=\"og:locale\" content=\"tr_TR\" \/>\n<meta property=\"og:type\" content=\"article\" \/>\n<meta property=\"og:title\" content=\"Park halindeki LTB \u00e7\u00f6p kamoyunu alev ald\u0131\u2026 Kozank\u00f6y\u2019de bu\u011fdaylar yand\u0131 -\" \/>\n<meta property=\"og:description\" content=\"Lefko\u015fa ve Kozank\u00f6y\u2019de meydana gelen yang\u0131nlar hasara neden oldu. Polis Bas\u0131n Subayl\u0131\u011f\u0131ndan verilen bilgiye g\u00f6re, bu sabah\u0131n ilk saatlerinde Lefko\u015fa sanayi b\u00f6lgesinde ki Lefko\u015fa T\u00fcrk Belediyesi sanayi tesislerinde park halinde bulunan belediyeye ait \u00e7\u00f6p kamyonu muhtemelen \u00f6n k\u0131sm\u0131ndaki elektrik aksamlar\u0131n\u0131n k\u0131sa devre yapmas\u0131 sonucu alev ald\u0131. \u0130tfaiye ekiplerinin s\u00f6nd\u00fcrd\u00fc\u011f\u00fc yang\u0131nda \u00e7\u00f6p kamyonunun kabin k\u0131sm\u0131, koltuklar\u0131,\" \/>\n<meta property=\"og:url\" content=\"https:\/\/kibrisdakik.com\/?p=7535\" \/>\n<meta property=\"article:published_time\" content=\"2023-05-24T14:23:57+00:00\" \/>\n<meta property=\"og:image\" content=\"https:\/\/kibrisdakik.com\/wp-content\/uploads\/2023\/05\/polis-logo-yangin21-740x400.jpg\" \/>\n\t<meta property=\"og:image:width\" content=\"864\" \/>\n\t<meta property=\"og:image:height\" content=\"400\" \/>\n\t<meta property=\"og:image:type\" content=\"image\/jpeg\" \/>\n<meta name=\"author\" content=\"admin\" \/>\n<meta name=\"twitter:card\" content=\"summary_large_image\" \/>\n<meta name=\"twitter:label1\" content=\"Yazan:\" \/>\n\t<meta name=\"twitter:data1\" content=\"admin\" \/>\n\t<meta name=\"twitter:label2\" content=\"Tahmini okuma s\u00fcresi\" \/>\n\t<meta name=\"twitter:data2\" content=\"1 dakika\" \/>\n<script type=\"application\/ld+json\" class=\"yoast-schema-graph\">{\"@context\":\"https:\\\/\\\/schema.org\",\"@graph\":[{\"@type\":\"Article\",\"@id\":\"https:\\\/\\\/kibrisdakik.com\\\/?p=7535#article\",\"isPartOf\":{\"@id\":\"https:\\\/\\\/kibrisdakik.com\\\/?p=7535\"},\"author\":{\"name\":\"admin\",\"@id\":\"https:\\\/\\\/kibrisdakik.com\\\/#\\\/schema\\\/person\\\/9cd9d437bbb44f72b73ba127e06d8e79\"},\"headline\":\"Park halindeki LTB \u00e7\u00f6p kamoyunu alev ald\u0131\u2026 Kozank\u00f6y\u2019de bu\u011fdaylar yand\u0131\",\"datePublished\":\"2023-05-24T14:23:57+00:00\",\"mainEntityOfPage\":{\"@id\":\"https:\\\/\\\/kibrisdakik.com\\\/?p=7535\"},\"wordCount\":155,\"commentCount\":0,\"image\":{\"@id\":\"https:\\\/\\\/kibrisdakik.com\\\/?p=7535#primaryimage\"},\"thumbnailUrl\":\"https:\\\/\\\/kibrisdakik.com\\\/wp-content\\\/uploads\\\/2023\\\/05\\\/polis-logo-yangin21-740x400.jpg\",\"articleSection\":[\"G\u00fcndem\"],\"inLanguage\":\"tr\",\"potentialAction\":[{\"@type\":\"CommentAction\",\"name\":\"Comment\",\"target\":[\"https:\\\/\\\/kibrisdakik.com\\\/?p=7535#respond\"]}]},{\"@type\":\"WebPage\",\"@id\":\"https:\\\/\\\/kibrisdakik.com\\\/?p=7535\",\"url\":\"https:\\\/\\\/kibrisdakik.com\\\/?p=7535\",\"name\":\"Park halindeki LTB \u00e7\u00f6p kamoyunu alev ald\u0131\u2026 Kozank\u00f6y\u2019de bu\u011fdaylar yand\u0131 -\",\"isPartOf\":{\"@id\":\"https:\\\/\\\/kibrisdakik.com\\\/#website\"},\"primaryImageOfPage\":{\"@id\":\"https:\\\/\\\/kibrisdakik.com\\\/?p=7535#primaryimage\"},\"image\":{\"@id\":\"https:\\\/\\\/kibrisdakik.com\\\/?p=7535#primaryimage\"},\"thumbnailUrl\":\"https:\\\/\\\/kibrisdakik.com\\\/wp-content\\\/uploads\\\/2023\\\/05\\\/polis-logo-yangin21-740x400.jpg\",\"datePublished\":\"2023-05-24T14:23:57+00:00\",\"author\":{\"@id\":\"https:\\\/\\\/kibrisdakik.com\\\/#\\\/schema\\\/person\\\/9cd9d437bbb44f72b73ba127e06d8e79\"},\"breadcrumb\":{\"@id\":\"https:\\\/\\\/kibrisdakik.com\\\/?p=7535#breadcrumb\"},\"inLanguage\":\"tr\",\"potentialAction\":[{\"@type\":\"ReadAction\",\"target\":[\"https:\\\/\\\/kibrisdakik.com\\\/?p=7535\"]}]},{\"@type\":\"ImageObject\",\"inLanguage\":\"tr\",\"@id\":\"https:\\\/\\\/kibrisdakik.com\\\/?p=7535#primaryimage\",\"url\":\"https:\\\/\\\/kibrisdakik.com\\\/wp-content\\\/uploads\\\/2023\\\/05\\\/polis-logo-yangin21-740x400.jpg\",\"contentUrl\":\"https:\\\/\\\/kibrisdakik.com\\\/wp-content\\\/uploads\\\/2023\\\/05\\\/polis-logo-yangin21-740x400.jpg\",\"width\":864,\"height\":400},{\"@type\":\"BreadcrumbList\",\"@id\":\"https:\\\/\\\/kibrisdakik.com\\\/?p=7535#breadcrumb\",\"itemListElement\":[{\"@type\":\"ListItem\",\"position\":1,\"name\":\"Home\",\"item\":\"https:\\\/\\\/kibrisdakik.com\\\/\"},{\"@type\":\"ListItem\",\"position\":2,\"name\":\"Park halindeki LTB \u00e7\u00f6p kamoyunu alev ald\u0131\u2026 Kozank\u00f6y\u2019de bu\u011fdaylar yand\u0131\"}]},{\"@type\":\"WebSite\",\"@id\":\"https:\\\/\\\/kibrisdakik.com\\\/#website\",\"url\":\"https:\\\/\\\/kibrisdakik.com\\\/\",\"name\":\"\",\"description\":\"Tam vaktinde haber\",\"potentialAction\":[{\"@type\":\"SearchAction\",\"target\":{\"@type\":\"EntryPoint\",\"urlTemplate\":\"https:\\\/\\\/kibrisdakik.com\\\/?s={search_term_string}\"},\"query-input\":{\"@type\":\"PropertyValueSpecification\",\"valueRequired\":true,\"valueName\":\"search_term_string\"}}],\"inLanguage\":\"tr\"},{\"@type\":\"Person\",\"@id\":\"https:\\\/\\\/kibrisdakik.com\\\/#\\\/schema\\\/person\\\/9cd9d437bbb44f72b73ba127e06d8e79\",\"name\":\"admin\",\"image\":{\"@type\":\"ImageObject\",\"inLanguage\":\"tr\",\"@id\":\"https:\\\/\\\/secure.gravatar.com\\\/avatar\\\/ccc17943b9d660506c869530f897617f7cb1c21a4bf30023f252596d83e1f007?s=96&d=mm&r=g\",\"url\":\"https:\\\/\\\/secure.gravatar.com\\\/avatar\\\/ccc17943b9d660506c869530f897617f7cb1c21a4bf30023f252596d83e1f007?s=96&d=mm&r=g\",\"contentUrl\":\"https:\\\/\\\/secure.gravatar.com\\\/avatar\\\/ccc17943b9d660506c869530f897617f7cb1c21a4bf30023f252596d83e1f007?s=96&d=mm&r=g\",\"caption\":\"admin\"},\"sameAs\":[\"https:\\\/\\\/kibrisdakik.com\"],\"url\":\"https:\\\/\\\/kibrisdakik.com\\\/?author=1\"}]}<\/script>\n<!-- \/ Yoast SEO plugin. -->","yoast_head_json":{"title":"Park halindeki LTB \u00e7\u00f6p kamoyunu alev ald\u0131\u2026 Kozank\u00f6y\u2019de bu\u011fdaylar yand\u0131 -","robots":{"index":"index","follow":"follow","max-snippet":"max-snippet:-1","max-image-preview":"max-image-preview:large","max-video-preview":"max-video-preview:-1"},"canonical":"https:\/\/kibrisdakik.com\/?p=7535","og_locale":"tr_TR","og_type":"article","og_title":"Park halindeki LTB \u00e7\u00f6p kamoyunu alev ald\u0131\u2026 Kozank\u00f6y\u2019de bu\u011fdaylar yand\u0131 -","og_description":"Lefko\u015fa ve Kozank\u00f6y\u2019de meydana gelen yang\u0131nlar hasara neden oldu. Polis Bas\u0131n Subayl\u0131\u011f\u0131ndan verilen bilgiye g\u00f6re, bu sabah\u0131n ilk saatlerinde Lefko\u015fa sanayi b\u00f6lgesinde ki Lefko\u015fa T\u00fcrk Belediyesi sanayi tesislerinde park halinde bulunan belediyeye ait \u00e7\u00f6p kamyonu muhtemelen \u00f6n k\u0131sm\u0131ndaki elektrik aksamlar\u0131n\u0131n k\u0131sa devre yapmas\u0131 sonucu alev ald\u0131. \u0130tfaiye ekiplerinin s\u00f6nd\u00fcrd\u00fc\u011f\u00fc yang\u0131nda \u00e7\u00f6p kamyonunun kabin k\u0131sm\u0131, koltuklar\u0131,","og_url":"https:\/\/kibrisdakik.com\/?p=7535","article_published_time":"2023-05-24T14:23:57+00:00","og_image":[{"width":864,"height":400,"url":"https:\/\/kibrisdakik.com\/wp-content\/uploads\/2023\/05\/polis-logo-yangin21-740x400.jpg","type":"image\/jpeg"}],"author":"admin","twitter_card":"summary_large_image","twitter_misc":{"Yazan:":"admin","Tahmini okuma s\u00fcresi":"1 dakika"},"schema":{"@context":"https:\/\/schema.org","@graph":[{"@type":"Article","@id":"https:\/\/kibrisdakik.com\/?p=7535#article","isPartOf":{"@id":"https:\/\/kibrisdakik.com\/?p=7535"},"author":{"name":"admin","@id":"https:\/\/kibrisdakik.com\/#\/schema\/person\/9cd9d437bbb44f72b73ba127e06d8e79"},"headline":"Park halindeki LTB \u00e7\u00f6p kamoyunu alev ald\u0131\u2026 Kozank\u00f6y\u2019de bu\u011fdaylar yand\u0131","datePublished":"2023-05-24T14:23:57+00:00","mainEntityOfPage":{"@id":"https:\/\/kibrisdakik.com\/?p=7535"},"wordCount":155,"commentCount":0,"image":{"@id":"https:\/\/kibrisdakik.com\/?p=7535#primaryimage"},"thumbnailUrl":"https:\/\/kibrisdakik.com\/wp-content\/uploads\/2023\/05\/polis-logo-yangin21-740x400.jpg","articleSection":["G\u00fcndem"],"inLanguage":"tr","potentialAction":[{"@type":"CommentAction","name":"Comment","target":["https:\/\/kibrisdakik.com\/?p=7535#respond"]}]},{"@type":"WebPage","@id":"https:\/\/kibrisdakik.com\/?p=7535","url":"https:\/\/kibrisdakik.com\/?p=7535","name":"Park halindeki LTB \u00e7\u00f6p kamoyunu alev ald\u0131\u2026 Kozank\u00f6y\u2019de bu\u011fdaylar yand\u0131 -","isPartOf":{"@id":"https:\/\/kibrisdakik.com\/#website"},"primaryImageOfPage":{"@id":"https:\/\/kibrisdakik.com\/?p=7535#primaryimage"},"image":{"@id":"https:\/\/kibrisdakik.com\/?p=7535#primaryimage"},"thumbnailUrl":"https:\/\/kibrisdakik.com\/wp-content\/uploads\/2023\/05\/polis-logo-yangin21-740x400.jpg","datePublished":"2023-05-24T14:23:57+00:00","author":{"@id":"https:\/\/kibrisdakik.com\/#\/schema\/person\/9cd9d437bbb44f72b73ba127e06d8e79"},"breadcrumb":{"@id":"https:\/\/kibrisdakik.com\/?p=7535#breadcrumb"},"inLanguage":"tr","potentialAction":[{"@type":"ReadAction","target":["https:\/\/kibrisdakik.com\/?p=7535"]}]},{"@type":"ImageObject","inLanguage":"tr","@id":"https:\/\/kibrisdakik.com\/?p=7535#primaryimage","url":"https:\/\/kibrisdakik.com\/wp-content\/uploads\/2023\/05\/polis-logo-yangin21-740x400.jpg","contentUrl":"https:\/\/kibrisdakik.com\/wp-content\/uploads\/2023\/05\/polis-logo-yangin21-740x400.jpg","width":864,"height":400},{"@type":"BreadcrumbList","@id":"https:\/\/kibrisdakik.com\/?p=7535#breadcrumb","itemListElement":[{"@type":"ListItem","position":1,"name":"Home","item":"https:\/\/kibrisdakik.com\/"},{"@type":"ListItem","position":2,"name":"Park halindeki LTB \u00e7\u00f6p kamoyunu alev ald\u0131\u2026 Kozank\u00f6y\u2019de bu\u011fdaylar yand\u0131"}]},{"@type":"WebSite","@id":"https:\/\/kibrisdakik.com\/#website","url":"https:\/\/kibrisdakik.com\/","name":"","description":"Tam vaktinde haber","potentialAction":[{"@type":"SearchAction","target":{"@type":"EntryPoint","urlTemplate":"https:\/\/kibrisdakik.com\/?s={search_term_string}"},"query-input":{"@type":"PropertyValueSpecification","valueRequired":true,"valueName":"search_term_string"}}],"inLanguage":"tr"},{"@type":"Person","@id":"https:\/\/kibrisdakik.com\/#\/schema\/person\/9cd9d437bbb44f72b73ba127e06d8e79","name":"admin","image":{"@type":"ImageObject","inLanguage":"tr","@id":"https:\/\/secure.gravatar.com\/avatar\/ccc17943b9d660506c869530f897617f7cb1c21a4bf30023f252596d83e1f007?s=96&d=mm&r=g","url":"https:\/\/secure.gravatar.com\/avatar\/ccc17943b9d660506c869530f897617f7cb1c21a4bf30023f252596d83e1f007?s=96&d=mm&r=g","contentUrl":"https:\/\/secure.gravatar.com\/avatar\/ccc17943b9d660506c869530f897617f7cb1c21a4bf30023f252596d83e1f007?s=96&d=mm&r=g","caption":"admin"},"sameAs":["https:\/\/kibrisdakik.com"],"url":"https:\/\/kibrisdakik.com\/?author=1"}]}},"_links":{"self":[{"href":"https:\/\/kibrisdakik.com\/index.php?rest_route=\/wp\/v2\/posts\/7535","targetHints":{"allow":["GET"]}}],"collection":[{"href":"https:\/\/kibrisdakik.com\/index.php?rest_route=\/wp\/v2\/posts"}],"about":[{"href":"https:\/\/kibrisdakik.com\/index.php?rest_route=\/wp\/v2\/types\/post"}],"author":[{"embeddable":true,"href":"https:\/\/kibrisdakik.com\/index.php?rest_route=\/wp\/v2\/users\/1"}],"replies":[{"embeddable":true,"href":"https:\/\/kibrisdakik.com\/index.php?rest_route=%2Fwp%2Fv2%2Fcomments&post=7535"}],"version-history":[{"count":0,"href":"https:\/\/kibrisdakik.com\/index.php?rest_route=\/wp\/v2\/posts\/7535\/revisions"}],"wp:featuredmedia":[{"embeddable":true,"href":"https:\/\/kibrisdakik.com\/index.php?rest_route=\/wp\/v2\/media\/7536"}],"wp:attachment":[{"href":"https:\/\/kibrisdakik.com\/index.php?rest_route=%2Fwp%2Fv2%2Fmedia&parent=7535"}],"wp:term":[{"taxonomy":"category","embeddable":true,"href":"https:\/\/kibrisdakik.com\/index.php?rest_route=%2Fwp%2Fv2%2Fcategories&post=7535"},{"taxonomy":"post_tag","embeddable":true,"href":"https:\/\/kibrisdakik.com\/index.php?rest_route=%2Fwp%2Fv2%2Ftags&post=7535"}],"curies":[{"name":"wp","href":"https:\/\/api.w.org\/{rel}","templated":true}]}}