{"id":75354,"date":"2025-02-10T12:53:25","date_gmt":"2025-02-10T09:53:25","guid":{"rendered":"https:\/\/kibrisdakik.com\/index.php\/2025\/02\/10\/kstu-davasi-11-marta-ertelendi\/"},"modified":"2025-02-10T12:53:25","modified_gmt":"2025-02-10T09:53:25","slug":"kstu-davasi-11-marta-ertelendi","status":"publish","type":"post","link":"https:\/\/kibrisdakik.com\/?p=75354","title":{"rendered":"KSTU davas\u0131 11 Mart\u2019a ertelendi"},"content":{"rendered":"<p><\/p>\n<div>\n<div class=\"mariselle-image-container none\">\n                <img loading=\"lazy\" decoding=\"async\" width=\"630\" height=\"376\" class=\"lazy-image\" alt=\"\" sizes=\"auto, (max-width: 630px) 100vw, 630px\" src=\"https:\/\/brtk.net\/wp-content\/uploads\/2025\/02\/10\/lefkosa-mahkemesi21.jpg?ver=7e3ac270cf63490a10494352f7daa2db\" srcset=\"https:\/\/brtk.net\/wp-content\/uploads\/2025\/02\/10\/lefkosa-mahkemesi21.jpg?ver=7e3ac270cf63490a10494352f7daa2db 630w, https:\/\/brtk.net\/wp-content\/uploads\/2025\/02\/10\/lefkosa-mahkemesi21-300x179.jpg?ver=7e3ac270cf63490a10494352f7daa2db 300w\"\/>                            <\/div>\n<p style=\"font-weight: 300;\"><span style=\"font-weight: 300 !important;\">K\u0131br\u0131s Sa\u011fl\u0131k ve Toplum Bilimleri \u00dcniversitesi (KSTU) soru\u015fturmas\u0131 kapsam\u0131nda yarg\u0131lanan okulun genel sekreteri ve hissedarlar\u0131ndan S.G, uluslararas\u0131 ofis sorumlusu A.S., ve asistan B.\u00d6., bug\u00fcn yeniden Lefko\u015fa\u2019da A\u011f\u0131r Ceza Mahkemesi\u2019ne \u00e7\u0131kar\u0131ld\u0131.<\/span><\/p>\n<p style=\"font-weight: 300;\"><span style=\"font-weight: 300 !important;\">San\u0131k avukatlar\u0131 Hasan Y\u00fccelen, Do\u011fa Zeki ve Talat Tanca\u2019n\u0131n haz\u0131r bulundu\u011fu mahkeme, davan\u0131n 11 Mart\u2019a ertelenmesine emir verdi.<\/span><\/p>\n<p style=\"font-weight: 300;\"><span style=\"font-weight: 300 !important;\">Mahkemede s\u00f6z alan san\u0131k S.G\u2019nin avukat\u0131 Do\u011fa Zeki, 30\u2019a yak\u0131n dosyan\u0131n olmas\u0131n\u0131 hesaplad\u0131klar\u0131n\u0131, sahte diploma meselesiyle ilgili de mahkemeye bir davan\u0131n dosyaland\u0131\u011f\u0131n\u0131 aktard\u0131.<\/span><\/p>\n<p style=\"font-weight: 300;\"><span style=\"font-weight: 300 !important;\">San\u0131k B.\u00d6\u2019n\u00fcn avukat\u0131 Hasan Y\u00fccelen, kendilerine bir dava daha itham edilece\u011finin bilgilerine geldi\u011fini kaydetti.<\/span><\/p>\n<p style=\"font-weight: 300;\"><span style=\"font-weight: 300 !important;\">San\u0131k A.S\u2019nin avukat\u0131 Talat Tanca ise san\u0131kla ilgili \u201ckuvvetle muhtemel\u201d kabul beyan\u0131n\u0131n ve davalar\u0131n ayr\u0131lma durumunun oldu\u011funu aktard\u0131, ba\u015fka bir davan\u0131n getirilip getirilmeyece\u011fini sordu.\u00a0<\/span><\/p>\n<p style=\"font-weight: 300;\"><span style=\"font-weight: 300 !important;\">Lefko\u015fa A\u011f\u0131r Ceza Mahkemesi, davan\u0131n 11 Mart 2025 Sal\u0131 g\u00fcn\u00fcne ertelenmesine emir verdi.<\/span><\/p>\n<p style=\"font-weight: 300;\"><span style=\"font-weight: 300 !important;\">San\u0131klar aleyhinde, \u201cSahtekarl\u0131kla Para Temini\u201d, \u201cDoland\u0131r\u0131c\u0131l\u0131k\u201d, \u201cSahte Belge D\u00fczenleme ve Tedav\u00fcle S\u00fcrme\u201d, \u201cHesaplarda Hile ve Sahtekarl\u0131k Yapma\u201d, \u201cSu\u00e7 Geliri Aklama\u201d, \u201cSahte Banka \u00d6deme Emrini Tahrik\u201d, \u201cM\u00fcstahdem Taraf\u0131ndan Sirkat\u201d su\u00e7lamalar\u0131 bulunuyor.<\/span><\/p>\n<p>\u00a0<\/p>\n<p>\u00a0<\/p>\n<\/p><\/div>\n<p><script async\n                    defer\n                    crossorigin=\"anonymous\"\n                    src=\"https:\/\/connect.facebook.net\/tr_TR\/sdk.js#xfbml=1&#038;version=v3.3\"\n            ><\/script><\/p>\n","protected":false},"excerpt":{"rendered":"<p>K\u0131br\u0131s Sa\u011fl\u0131k ve Toplum Bilimleri \u00dcniversitesi (KSTU) soru\u015fturmas\u0131 kapsam\u0131nda yarg\u0131lanan okulun genel sekreteri ve hissedarlar\u0131ndan S.G, uluslararas\u0131 ofis sorumlusu A.S., ve asistan B.\u00d6., bug\u00fcn yeniden Lefko\u015fa\u2019da A\u011f\u0131r Ceza Mahkemesi\u2019ne \u00e7\u0131kar\u0131ld\u0131. San\u0131k avukatlar\u0131 Hasan Y\u00fccelen, Do\u011fa Zeki ve Talat Tanca\u2019n\u0131n haz\u0131r bulundu\u011fu mahkeme, davan\u0131n 11 Mart\u2019a ertelenmesine emir verdi. Mahkemede s\u00f6z alan san\u0131k S.G\u2019nin avukat\u0131 Do\u011fa<\/p>\n","protected":false},"author":1,"featured_media":75355,"comment_status":"open","ping_status":"open","sticky":false,"template":"","format":"standard","meta":{"footnotes":""},"categories":[1,101],"tags":[],"class_list":["post-75354","post","type-post","status-publish","format-standard","has-post-thumbnail","hentry","category-gundem","category-manset"],"yoast_head":"<!-- This site is optimized with the Yoast SEO plugin v27.5 - https:\/\/yoast.com\/product\/yoast-seo-wordpress\/ -->\n<title>KSTU davas\u0131 11 Mart\u2019a ertelendi -<\/title>\n<meta name=\"robots\" content=\"index, follow, max-snippet:-1, max-image-preview:large, max-video-preview:-1\" \/>\n<link rel=\"canonical\" href=\"https:\/\/kibrisdakik.com\/?p=75354\" \/>\n<meta property=\"og:locale\" content=\"tr_TR\" \/>\n<meta property=\"og:type\" content=\"article\" \/>\n<meta property=\"og:title\" content=\"KSTU davas\u0131 11 Mart\u2019a ertelendi -\" \/>\n<meta property=\"og:description\" content=\"K\u0131br\u0131s Sa\u011fl\u0131k ve Toplum Bilimleri \u00dcniversitesi (KSTU) soru\u015fturmas\u0131 kapsam\u0131nda yarg\u0131lanan okulun genel sekreteri ve hissedarlar\u0131ndan S.G, uluslararas\u0131 ofis sorumlusu A.S., ve asistan B.\u00d6., bug\u00fcn yeniden Lefko\u015fa\u2019da A\u011f\u0131r Ceza Mahkemesi\u2019ne \u00e7\u0131kar\u0131ld\u0131. San\u0131k avukatlar\u0131 Hasan Y\u00fccelen, Do\u011fa Zeki ve Talat Tanca\u2019n\u0131n haz\u0131r bulundu\u011fu mahkeme, davan\u0131n 11 Mart\u2019a ertelenmesine emir verdi. Mahkemede s\u00f6z alan san\u0131k S.G\u2019nin avukat\u0131 Do\u011fa\" \/>\n<meta property=\"og:url\" content=\"https:\/\/kibrisdakik.com\/?p=75354\" \/>\n<meta property=\"article:published_time\" content=\"2025-02-10T09:53:25+00:00\" \/>\n<meta property=\"og:image\" content=\"https:\/\/kibrisdakik.com\/wp-content\/uploads\/2025\/02\/lefkosa-mahkemesi21.jpg\" \/>\n\t<meta property=\"og:image:width\" content=\"630\" \/>\n\t<meta property=\"og:image:height\" content=\"376\" \/>\n\t<meta property=\"og:image:type\" content=\"image\/jpeg\" \/>\n<meta name=\"author\" content=\"admin\" \/>\n<meta name=\"twitter:card\" content=\"summary_large_image\" \/>\n<meta name=\"twitter:label1\" content=\"Yazan:\" \/>\n\t<meta name=\"twitter:data1\" content=\"admin\" \/>\n\t<meta name=\"twitter:label2\" content=\"Tahmini okuma s\u00fcresi\" \/>\n\t<meta name=\"twitter:data2\" content=\"1 dakika\" \/>\n<script type=\"application\/ld+json\" class=\"yoast-schema-graph\">{\"@context\":\"https:\\\/\\\/schema.org\",\"@graph\":[{\"@type\":\"Article\",\"@id\":\"https:\\\/\\\/kibrisdakik.com\\\/?p=75354#article\",\"isPartOf\":{\"@id\":\"https:\\\/\\\/kibrisdakik.com\\\/?p=75354\"},\"author\":{\"name\":\"admin\",\"@id\":\"https:\\\/\\\/kibrisdakik.com\\\/#\\\/schema\\\/person\\\/9cd9d437bbb44f72b73ba127e06d8e79\"},\"headline\":\"KSTU davas\u0131 11 Mart\u2019a ertelendi\",\"datePublished\":\"2025-02-10T09:53:25+00:00\",\"mainEntityOfPage\":{\"@id\":\"https:\\\/\\\/kibrisdakik.com\\\/?p=75354\"},\"wordCount\":227,\"commentCount\":0,\"image\":{\"@id\":\"https:\\\/\\\/kibrisdakik.com\\\/?p=75354#primaryimage\"},\"thumbnailUrl\":\"https:\\\/\\\/kibrisdakik.com\\\/wp-content\\\/uploads\\\/2025\\\/02\\\/lefkosa-mahkemesi21.jpg\",\"articleSection\":[\"G\u00fcndem\",\"Man\u015fet\"],\"inLanguage\":\"tr\",\"potentialAction\":[{\"@type\":\"CommentAction\",\"name\":\"Comment\",\"target\":[\"https:\\\/\\\/kibrisdakik.com\\\/?p=75354#respond\"]}]},{\"@type\":\"WebPage\",\"@id\":\"https:\\\/\\\/kibrisdakik.com\\\/?p=75354\",\"url\":\"https:\\\/\\\/kibrisdakik.com\\\/?p=75354\",\"name\":\"KSTU davas\u0131 11 Mart\u2019a ertelendi -\",\"isPartOf\":{\"@id\":\"https:\\\/\\\/kibrisdakik.com\\\/#website\"},\"primaryImageOfPage\":{\"@id\":\"https:\\\/\\\/kibrisdakik.com\\\/?p=75354#primaryimage\"},\"image\":{\"@id\":\"https:\\\/\\\/kibrisdakik.com\\\/?p=75354#primaryimage\"},\"thumbnailUrl\":\"https:\\\/\\\/kibrisdakik.com\\\/wp-content\\\/uploads\\\/2025\\\/02\\\/lefkosa-mahkemesi21.jpg\",\"datePublished\":\"2025-02-10T09:53:25+00:00\",\"author\":{\"@id\":\"https:\\\/\\\/kibrisdakik.com\\\/#\\\/schema\\\/person\\\/9cd9d437bbb44f72b73ba127e06d8e79\"},\"breadcrumb\":{\"@id\":\"https:\\\/\\\/kibrisdakik.com\\\/?p=75354#breadcrumb\"},\"inLanguage\":\"tr\",\"potentialAction\":[{\"@type\":\"ReadAction\",\"target\":[\"https:\\\/\\\/kibrisdakik.com\\\/?p=75354\"]}]},{\"@type\":\"ImageObject\",\"inLanguage\":\"tr\",\"@id\":\"https:\\\/\\\/kibrisdakik.com\\\/?p=75354#primaryimage\",\"url\":\"https:\\\/\\\/kibrisdakik.com\\\/wp-content\\\/uploads\\\/2025\\\/02\\\/lefkosa-mahkemesi21.jpg\",\"contentUrl\":\"https:\\\/\\\/kibrisdakik.com\\\/wp-content\\\/uploads\\\/2025\\\/02\\\/lefkosa-mahkemesi21.jpg\",\"width\":630,\"height\":376},{\"@type\":\"BreadcrumbList\",\"@id\":\"https:\\\/\\\/kibrisdakik.com\\\/?p=75354#breadcrumb\",\"itemListElement\":[{\"@type\":\"ListItem\",\"position\":1,\"name\":\"Home\",\"item\":\"https:\\\/\\\/kibrisdakik.com\\\/\"},{\"@type\":\"ListItem\",\"position\":2,\"name\":\"KSTU davas\u0131 11 Mart\u2019a ertelendi\"}]},{\"@type\":\"WebSite\",\"@id\":\"https:\\\/\\\/kibrisdakik.com\\\/#website\",\"url\":\"https:\\\/\\\/kibrisdakik.com\\\/\",\"name\":\"\",\"description\":\"Tam vaktinde haber\",\"potentialAction\":[{\"@type\":\"SearchAction\",\"target\":{\"@type\":\"EntryPoint\",\"urlTemplate\":\"https:\\\/\\\/kibrisdakik.com\\\/?s={search_term_string}\"},\"query-input\":{\"@type\":\"PropertyValueSpecification\",\"valueRequired\":true,\"valueName\":\"search_term_string\"}}],\"inLanguage\":\"tr\"},{\"@type\":\"Person\",\"@id\":\"https:\\\/\\\/kibrisdakik.com\\\/#\\\/schema\\\/person\\\/9cd9d437bbb44f72b73ba127e06d8e79\",\"name\":\"admin\",\"image\":{\"@type\":\"ImageObject\",\"inLanguage\":\"tr\",\"@id\":\"https:\\\/\\\/secure.gravatar.com\\\/avatar\\\/ccc17943b9d660506c869530f897617f7cb1c21a4bf30023f252596d83e1f007?s=96&d=mm&r=g\",\"url\":\"https:\\\/\\\/secure.gravatar.com\\\/avatar\\\/ccc17943b9d660506c869530f897617f7cb1c21a4bf30023f252596d83e1f007?s=96&d=mm&r=g\",\"contentUrl\":\"https:\\\/\\\/secure.gravatar.com\\\/avatar\\\/ccc17943b9d660506c869530f897617f7cb1c21a4bf30023f252596d83e1f007?s=96&d=mm&r=g\",\"caption\":\"admin\"},\"sameAs\":[\"https:\\\/\\\/kibrisdakik.com\"],\"url\":\"https:\\\/\\\/kibrisdakik.com\\\/?author=1\"}]}<\/script>\n<!-- \/ Yoast SEO plugin. -->","yoast_head_json":{"title":"KSTU davas\u0131 11 Mart\u2019a ertelendi -","robots":{"index":"index","follow":"follow","max-snippet":"max-snippet:-1","max-image-preview":"max-image-preview:large","max-video-preview":"max-video-preview:-1"},"canonical":"https:\/\/kibrisdakik.com\/?p=75354","og_locale":"tr_TR","og_type":"article","og_title":"KSTU davas\u0131 11 Mart\u2019a ertelendi -","og_description":"K\u0131br\u0131s Sa\u011fl\u0131k ve Toplum Bilimleri \u00dcniversitesi (KSTU) soru\u015fturmas\u0131 kapsam\u0131nda yarg\u0131lanan okulun genel sekreteri ve hissedarlar\u0131ndan S.G, uluslararas\u0131 ofis sorumlusu A.S., ve asistan B.\u00d6., bug\u00fcn yeniden Lefko\u015fa\u2019da A\u011f\u0131r Ceza Mahkemesi\u2019ne \u00e7\u0131kar\u0131ld\u0131. San\u0131k avukatlar\u0131 Hasan Y\u00fccelen, Do\u011fa Zeki ve Talat Tanca\u2019n\u0131n haz\u0131r bulundu\u011fu mahkeme, davan\u0131n 11 Mart\u2019a ertelenmesine emir verdi. Mahkemede s\u00f6z alan san\u0131k S.G\u2019nin avukat\u0131 Do\u011fa","og_url":"https:\/\/kibrisdakik.com\/?p=75354","article_published_time":"2025-02-10T09:53:25+00:00","og_image":[{"width":630,"height":376,"url":"https:\/\/kibrisdakik.com\/wp-content\/uploads\/2025\/02\/lefkosa-mahkemesi21.jpg","type":"image\/jpeg"}],"author":"admin","twitter_card":"summary_large_image","twitter_misc":{"Yazan:":"admin","Tahmini okuma s\u00fcresi":"1 dakika"},"schema":{"@context":"https:\/\/schema.org","@graph":[{"@type":"Article","@id":"https:\/\/kibrisdakik.com\/?p=75354#article","isPartOf":{"@id":"https:\/\/kibrisdakik.com\/?p=75354"},"author":{"name":"admin","@id":"https:\/\/kibrisdakik.com\/#\/schema\/person\/9cd9d437bbb44f72b73ba127e06d8e79"},"headline":"KSTU davas\u0131 11 Mart\u2019a ertelendi","datePublished":"2025-02-10T09:53:25+00:00","mainEntityOfPage":{"@id":"https:\/\/kibrisdakik.com\/?p=75354"},"wordCount":227,"commentCount":0,"image":{"@id":"https:\/\/kibrisdakik.com\/?p=75354#primaryimage"},"thumbnailUrl":"https:\/\/kibrisdakik.com\/wp-content\/uploads\/2025\/02\/lefkosa-mahkemesi21.jpg","articleSection":["G\u00fcndem","Man\u015fet"],"inLanguage":"tr","potentialAction":[{"@type":"CommentAction","name":"Comment","target":["https:\/\/kibrisdakik.com\/?p=75354#respond"]}]},{"@type":"WebPage","@id":"https:\/\/kibrisdakik.com\/?p=75354","url":"https:\/\/kibrisdakik.com\/?p=75354","name":"KSTU davas\u0131 11 Mart\u2019a ertelendi -","isPartOf":{"@id":"https:\/\/kibrisdakik.com\/#website"},"primaryImageOfPage":{"@id":"https:\/\/kibrisdakik.com\/?p=75354#primaryimage"},"image":{"@id":"https:\/\/kibrisdakik.com\/?p=75354#primaryimage"},"thumbnailUrl":"https:\/\/kibrisdakik.com\/wp-content\/uploads\/2025\/02\/lefkosa-mahkemesi21.jpg","datePublished":"2025-02-10T09:53:25+00:00","author":{"@id":"https:\/\/kibrisdakik.com\/#\/schema\/person\/9cd9d437bbb44f72b73ba127e06d8e79"},"breadcrumb":{"@id":"https:\/\/kibrisdakik.com\/?p=75354#breadcrumb"},"inLanguage":"tr","potentialAction":[{"@type":"ReadAction","target":["https:\/\/kibrisdakik.com\/?p=75354"]}]},{"@type":"ImageObject","inLanguage":"tr","@id":"https:\/\/kibrisdakik.com\/?p=75354#primaryimage","url":"https:\/\/kibrisdakik.com\/wp-content\/uploads\/2025\/02\/lefkosa-mahkemesi21.jpg","contentUrl":"https:\/\/kibrisdakik.com\/wp-content\/uploads\/2025\/02\/lefkosa-mahkemesi21.jpg","width":630,"height":376},{"@type":"BreadcrumbList","@id":"https:\/\/kibrisdakik.com\/?p=75354#breadcrumb","itemListElement":[{"@type":"ListItem","position":1,"name":"Home","item":"https:\/\/kibrisdakik.com\/"},{"@type":"ListItem","position":2,"name":"KSTU davas\u0131 11 Mart\u2019a ertelendi"}]},{"@type":"WebSite","@id":"https:\/\/kibrisdakik.com\/#website","url":"https:\/\/kibrisdakik.com\/","name":"","description":"Tam vaktinde haber","potentialAction":[{"@type":"SearchAction","target":{"@type":"EntryPoint","urlTemplate":"https:\/\/kibrisdakik.com\/?s={search_term_string}"},"query-input":{"@type":"PropertyValueSpecification","valueRequired":true,"valueName":"search_term_string"}}],"inLanguage":"tr"},{"@type":"Person","@id":"https:\/\/kibrisdakik.com\/#\/schema\/person\/9cd9d437bbb44f72b73ba127e06d8e79","name":"admin","image":{"@type":"ImageObject","inLanguage":"tr","@id":"https:\/\/secure.gravatar.com\/avatar\/ccc17943b9d660506c869530f897617f7cb1c21a4bf30023f252596d83e1f007?s=96&d=mm&r=g","url":"https:\/\/secure.gravatar.com\/avatar\/ccc17943b9d660506c869530f897617f7cb1c21a4bf30023f252596d83e1f007?s=96&d=mm&r=g","contentUrl":"https:\/\/secure.gravatar.com\/avatar\/ccc17943b9d660506c869530f897617f7cb1c21a4bf30023f252596d83e1f007?s=96&d=mm&r=g","caption":"admin"},"sameAs":["https:\/\/kibrisdakik.com"],"url":"https:\/\/kibrisdakik.com\/?author=1"}]}},"_links":{"self":[{"href":"https:\/\/kibrisdakik.com\/index.php?rest_route=\/wp\/v2\/posts\/75354","targetHints":{"allow":["GET"]}}],"collection":[{"href":"https:\/\/kibrisdakik.com\/index.php?rest_route=\/wp\/v2\/posts"}],"about":[{"href":"https:\/\/kibrisdakik.com\/index.php?rest_route=\/wp\/v2\/types\/post"}],"author":[{"embeddable":true,"href":"https:\/\/kibrisdakik.com\/index.php?rest_route=\/wp\/v2\/users\/1"}],"replies":[{"embeddable":true,"href":"https:\/\/kibrisdakik.com\/index.php?rest_route=%2Fwp%2Fv2%2Fcomments&post=75354"}],"version-history":[{"count":0,"href":"https:\/\/kibrisdakik.com\/index.php?rest_route=\/wp\/v2\/posts\/75354\/revisions"}],"wp:featuredmedia":[{"embeddable":true,"href":"https:\/\/kibrisdakik.com\/index.php?rest_route=\/wp\/v2\/media\/75355"}],"wp:attachment":[{"href":"https:\/\/kibrisdakik.com\/index.php?rest_route=%2Fwp%2Fv2%2Fmedia&parent=75354"}],"wp:term":[{"taxonomy":"category","embeddable":true,"href":"https:\/\/kibrisdakik.com\/index.php?rest_route=%2Fwp%2Fv2%2Fcategories&post=75354"},{"taxonomy":"post_tag","embeddable":true,"href":"https:\/\/kibrisdakik.com\/index.php?rest_route=%2Fwp%2Fv2%2Ftags&post=75354"}],"curies":[{"name":"wp","href":"https:\/\/api.w.org\/{rel}","templated":true}]}}