{"id":75387,"date":"2025-02-10T19:07:07","date_gmt":"2025-02-10T16:07:07","guid":{"rendered":"https:\/\/kibrisdakik.com\/index.php\/2025\/02\/10\/hava-hafta-boyunca-bulutlu-yarindan-itibaren-uc-gun-boyunca-yagmur-bekleniyor\/"},"modified":"2025-02-10T19:07:07","modified_gmt":"2025-02-10T16:07:07","slug":"hava-hafta-boyunca-bulutlu-yarindan-itibaren-uc-gun-boyunca-yagmur-bekleniyor","status":"publish","type":"post","link":"https:\/\/kibrisdakik.com\/?p=75387","title":{"rendered":"Hava, hafta boyunca bulutlu\u2026 Yar\u0131ndan itibaren \u00fc\u00e7 g\u00fcn boyunca ya\u011fmur bekleniyor"},"content":{"rendered":"<div>\n<div class=\"mariselle-image-container center\">\n                                            <\/div>\n<p> Meteoroloji Dairesi\u2019nin 11 \u2013 17 \u015eubat tarihlerini kapsayan hava tahmin raporuna g\u00f6re, hafta boyunca b\u00f6lge, al\u00e7ak bas\u0131n\u00e7 sistemi ile so\u011fuk ve nemli hava k\u00fctlesinin etkisi alt\u0131nda kalacak.<\/p>\n<p>En y\u00fcksek hava s\u0131cakl\u0131\u011f\u0131 periyodun ilk yar\u0131s\u0131nda i\u00e7 kesimlerde ve sahillerde 12 \u2013 15 derece, ikinci yar\u0131s\u0131nda ise 14 \u2013 17 derece dolaylar\u0131nda seyredecek.<\/p>\n<p>Hava Tahmin Raporuna g\u00f6re, sal\u0131, \u00e7ar\u015famba ve per\u015fembe g\u00fcnleri ya\u011fmurlu, haftan\u0131n geri kalan\u0131 ise par\u00e7al\u0131 bulutlu ve \u00e7ok bulutlu ge\u00e7ecek.<\/p>\n<p>R\u00fczgar, genellikle Kuzeyli y\u00f6nlerden orta kuvvette zaman zaman kuvvetli, Per\u015fembe g\u00fcn\u00fc ise Kuzey ve Bat\u0131 y\u00f6nlerden kuvvetli zaman zaman f\u0131rt\u0131nams\u0131 olarak esecek.<\/p>\n<\/p><\/div>\n<p><script async\n                    defer\n                    crossorigin=\"anonymous\"\n                    src=\"https:\/\/connect.facebook.net\/tr_TR\/sdk.js#xfbml=1&#038;version=v3.3\"\n            ><\/script><\/p>\n","protected":false},"excerpt":{"rendered":"<p>Meteoroloji Dairesi\u2019nin 11 \u2013 17 \u015eubat tarihlerini kapsayan hava tahmin raporuna g\u00f6re, hafta boyunca b\u00f6lge, al\u00e7ak bas\u0131n\u00e7 sistemi ile so\u011fuk ve nemli hava k\u00fctlesinin etkisi alt\u0131nda kalacak. En y\u00fcksek hava s\u0131cakl\u0131\u011f\u0131 periyodun ilk yar\u0131s\u0131nda i\u00e7 kesimlerde ve sahillerde 12 \u2013 15 derece, ikinci yar\u0131s\u0131nda ise 14 \u2013 17 derece dolaylar\u0131nda seyredecek. Hava Tahmin Raporuna g\u00f6re,<\/p>\n","protected":false},"author":1,"featured_media":75388,"comment_status":"open","ping_status":"open","sticky":false,"template":"","format":"standard","meta":{"footnotes":""},"categories":[81,101],"tags":[],"class_list":["post-75387","post","type-post","status-publish","format-standard","has-post-thumbnail","hentry","category-kibris","category-manset"],"yoast_head":"<!-- This site is optimized with the Yoast SEO plugin v27.4 - https:\/\/yoast.com\/product\/yoast-seo-wordpress\/ -->\n<title>Hava, hafta boyunca bulutlu\u2026 Yar\u0131ndan itibaren \u00fc\u00e7 g\u00fcn boyunca ya\u011fmur bekleniyor -<\/title>\n<meta name=\"robots\" content=\"index, follow, max-snippet:-1, max-image-preview:large, max-video-preview:-1\" \/>\n<link rel=\"canonical\" href=\"https:\/\/kibrisdakik.com\/?p=75387\" \/>\n<meta property=\"og:locale\" content=\"tr_TR\" \/>\n<meta property=\"og:type\" content=\"article\" \/>\n<meta property=\"og:title\" content=\"Hava, hafta boyunca bulutlu\u2026 Yar\u0131ndan itibaren \u00fc\u00e7 g\u00fcn boyunca ya\u011fmur bekleniyor -\" \/>\n<meta property=\"og:description\" content=\"Meteoroloji Dairesi\u2019nin 11 \u2013 17 \u015eubat tarihlerini kapsayan hava tahmin raporuna g\u00f6re, hafta boyunca b\u00f6lge, al\u00e7ak bas\u0131n\u00e7 sistemi ile so\u011fuk ve nemli hava k\u00fctlesinin etkisi alt\u0131nda kalacak. En y\u00fcksek hava s\u0131cakl\u0131\u011f\u0131 periyodun ilk yar\u0131s\u0131nda i\u00e7 kesimlerde ve sahillerde 12 \u2013 15 derece, ikinci yar\u0131s\u0131nda ise 14 \u2013 17 derece dolaylar\u0131nda seyredecek. Hava Tahmin Raporuna g\u00f6re,\" \/>\n<meta property=\"og:url\" content=\"https:\/\/kibrisdakik.com\/?p=75387\" \/>\n<meta property=\"article:published_time\" content=\"2025-02-10T16:07:07+00:00\" \/>\n<meta property=\"og:image\" content=\"https:\/\/kibrisdakik.com\/wp-content\/uploads\/2025\/02\/yagmur-geliyor-ero-2-958x53828-1-1-740x420.jpg\" \/>\n\t<meta property=\"og:image:width\" content=\"809\" \/>\n\t<meta property=\"og:image:height\" content=\"538\" \/>\n\t<meta property=\"og:image:type\" content=\"image\/jpeg\" \/>\n<meta name=\"author\" content=\"admin\" \/>\n<meta name=\"twitter:card\" content=\"summary_large_image\" \/>\n<meta name=\"twitter:label1\" content=\"Yazan:\" \/>\n\t<meta name=\"twitter:data1\" content=\"admin\" \/>\n\t<meta name=\"twitter:label2\" content=\"Tahmini okuma s\u00fcresi\" \/>\n\t<meta name=\"twitter:data2\" content=\"1 dakika\" \/>\n<script type=\"application\/ld+json\" class=\"yoast-schema-graph\">{\"@context\":\"https:\\\/\\\/schema.org\",\"@graph\":[{\"@type\":\"Article\",\"@id\":\"https:\\\/\\\/kibrisdakik.com\\\/?p=75387#article\",\"isPartOf\":{\"@id\":\"https:\\\/\\\/kibrisdakik.com\\\/?p=75387\"},\"author\":{\"name\":\"admin\",\"@id\":\"https:\\\/\\\/kibrisdakik.com\\\/#\\\/schema\\\/person\\\/9cd9d437bbb44f72b73ba127e06d8e79\"},\"headline\":\"Hava, hafta boyunca bulutlu\u2026 Yar\u0131ndan itibaren \u00fc\u00e7 g\u00fcn boyunca ya\u011fmur bekleniyor\",\"datePublished\":\"2025-02-10T16:07:07+00:00\",\"mainEntityOfPage\":{\"@id\":\"https:\\\/\\\/kibrisdakik.com\\\/?p=75387\"},\"wordCount\":127,\"commentCount\":0,\"image\":{\"@id\":\"https:\\\/\\\/kibrisdakik.com\\\/?p=75387#primaryimage\"},\"thumbnailUrl\":\"https:\\\/\\\/kibrisdakik.com\\\/wp-content\\\/uploads\\\/2025\\\/02\\\/yagmur-geliyor-ero-2-958x53828-1-1-740x420.jpg\",\"articleSection\":[\"K\u0131br\u0131s\",\"Man\u015fet\"],\"inLanguage\":\"tr\",\"potentialAction\":[{\"@type\":\"CommentAction\",\"name\":\"Comment\",\"target\":[\"https:\\\/\\\/kibrisdakik.com\\\/?p=75387#respond\"]}]},{\"@type\":\"WebPage\",\"@id\":\"https:\\\/\\\/kibrisdakik.com\\\/?p=75387\",\"url\":\"https:\\\/\\\/kibrisdakik.com\\\/?p=75387\",\"name\":\"Hava, hafta boyunca bulutlu\u2026 Yar\u0131ndan itibaren \u00fc\u00e7 g\u00fcn boyunca ya\u011fmur bekleniyor -\",\"isPartOf\":{\"@id\":\"https:\\\/\\\/kibrisdakik.com\\\/#website\"},\"primaryImageOfPage\":{\"@id\":\"https:\\\/\\\/kibrisdakik.com\\\/?p=75387#primaryimage\"},\"image\":{\"@id\":\"https:\\\/\\\/kibrisdakik.com\\\/?p=75387#primaryimage\"},\"thumbnailUrl\":\"https:\\\/\\\/kibrisdakik.com\\\/wp-content\\\/uploads\\\/2025\\\/02\\\/yagmur-geliyor-ero-2-958x53828-1-1-740x420.jpg\",\"datePublished\":\"2025-02-10T16:07:07+00:00\",\"author\":{\"@id\":\"https:\\\/\\\/kibrisdakik.com\\\/#\\\/schema\\\/person\\\/9cd9d437bbb44f72b73ba127e06d8e79\"},\"breadcrumb\":{\"@id\":\"https:\\\/\\\/kibrisdakik.com\\\/?p=75387#breadcrumb\"},\"inLanguage\":\"tr\",\"potentialAction\":[{\"@type\":\"ReadAction\",\"target\":[\"https:\\\/\\\/kibrisdakik.com\\\/?p=75387\"]}]},{\"@type\":\"ImageObject\",\"inLanguage\":\"tr\",\"@id\":\"https:\\\/\\\/kibrisdakik.com\\\/?p=75387#primaryimage\",\"url\":\"https:\\\/\\\/kibrisdakik.com\\\/wp-content\\\/uploads\\\/2025\\\/02\\\/yagmur-geliyor-ero-2-958x53828-1-1-740x420.jpg\",\"contentUrl\":\"https:\\\/\\\/kibrisdakik.com\\\/wp-content\\\/uploads\\\/2025\\\/02\\\/yagmur-geliyor-ero-2-958x53828-1-1-740x420.jpg\",\"width\":809,\"height\":538},{\"@type\":\"BreadcrumbList\",\"@id\":\"https:\\\/\\\/kibrisdakik.com\\\/?p=75387#breadcrumb\",\"itemListElement\":[{\"@type\":\"ListItem\",\"position\":1,\"name\":\"Home\",\"item\":\"https:\\\/\\\/kibrisdakik.com\\\/\"},{\"@type\":\"ListItem\",\"position\":2,\"name\":\"Hava, hafta boyunca bulutlu\u2026 Yar\u0131ndan itibaren \u00fc\u00e7 g\u00fcn boyunca ya\u011fmur bekleniyor\"}]},{\"@type\":\"WebSite\",\"@id\":\"https:\\\/\\\/kibrisdakik.com\\\/#website\",\"url\":\"https:\\\/\\\/kibrisdakik.com\\\/\",\"name\":\"\",\"description\":\"Tam vaktinde haber\",\"potentialAction\":[{\"@type\":\"SearchAction\",\"target\":{\"@type\":\"EntryPoint\",\"urlTemplate\":\"https:\\\/\\\/kibrisdakik.com\\\/?s={search_term_string}\"},\"query-input\":{\"@type\":\"PropertyValueSpecification\",\"valueRequired\":true,\"valueName\":\"search_term_string\"}}],\"inLanguage\":\"tr\"},{\"@type\":\"Person\",\"@id\":\"https:\\\/\\\/kibrisdakik.com\\\/#\\\/schema\\\/person\\\/9cd9d437bbb44f72b73ba127e06d8e79\",\"name\":\"admin\",\"image\":{\"@type\":\"ImageObject\",\"inLanguage\":\"tr\",\"@id\":\"https:\\\/\\\/secure.gravatar.com\\\/avatar\\\/ccc17943b9d660506c869530f897617f7cb1c21a4bf30023f252596d83e1f007?s=96&d=mm&r=g\",\"url\":\"https:\\\/\\\/secure.gravatar.com\\\/avatar\\\/ccc17943b9d660506c869530f897617f7cb1c21a4bf30023f252596d83e1f007?s=96&d=mm&r=g\",\"contentUrl\":\"https:\\\/\\\/secure.gravatar.com\\\/avatar\\\/ccc17943b9d660506c869530f897617f7cb1c21a4bf30023f252596d83e1f007?s=96&d=mm&r=g\",\"caption\":\"admin\"},\"sameAs\":[\"https:\\\/\\\/kibrisdakik.com\"],\"url\":\"https:\\\/\\\/kibrisdakik.com\\\/?author=1\"}]}<\/script>\n<!-- \/ Yoast SEO plugin. -->","yoast_head_json":{"title":"Hava, hafta boyunca bulutlu\u2026 Yar\u0131ndan itibaren \u00fc\u00e7 g\u00fcn boyunca ya\u011fmur bekleniyor -","robots":{"index":"index","follow":"follow","max-snippet":"max-snippet:-1","max-image-preview":"max-image-preview:large","max-video-preview":"max-video-preview:-1"},"canonical":"https:\/\/kibrisdakik.com\/?p=75387","og_locale":"tr_TR","og_type":"article","og_title":"Hava, hafta boyunca bulutlu\u2026 Yar\u0131ndan itibaren \u00fc\u00e7 g\u00fcn boyunca ya\u011fmur bekleniyor -","og_description":"Meteoroloji Dairesi\u2019nin 11 \u2013 17 \u015eubat tarihlerini kapsayan hava tahmin raporuna g\u00f6re, hafta boyunca b\u00f6lge, al\u00e7ak bas\u0131n\u00e7 sistemi ile so\u011fuk ve nemli hava k\u00fctlesinin etkisi alt\u0131nda kalacak. En y\u00fcksek hava s\u0131cakl\u0131\u011f\u0131 periyodun ilk yar\u0131s\u0131nda i\u00e7 kesimlerde ve sahillerde 12 \u2013 15 derece, ikinci yar\u0131s\u0131nda ise 14 \u2013 17 derece dolaylar\u0131nda seyredecek. Hava Tahmin Raporuna g\u00f6re,","og_url":"https:\/\/kibrisdakik.com\/?p=75387","article_published_time":"2025-02-10T16:07:07+00:00","og_image":[{"width":809,"height":538,"url":"https:\/\/kibrisdakik.com\/wp-content\/uploads\/2025\/02\/yagmur-geliyor-ero-2-958x53828-1-1-740x420.jpg","type":"image\/jpeg"}],"author":"admin","twitter_card":"summary_large_image","twitter_misc":{"Yazan:":"admin","Tahmini okuma s\u00fcresi":"1 dakika"},"schema":{"@context":"https:\/\/schema.org","@graph":[{"@type":"Article","@id":"https:\/\/kibrisdakik.com\/?p=75387#article","isPartOf":{"@id":"https:\/\/kibrisdakik.com\/?p=75387"},"author":{"name":"admin","@id":"https:\/\/kibrisdakik.com\/#\/schema\/person\/9cd9d437bbb44f72b73ba127e06d8e79"},"headline":"Hava, hafta boyunca bulutlu\u2026 Yar\u0131ndan itibaren \u00fc\u00e7 g\u00fcn boyunca ya\u011fmur bekleniyor","datePublished":"2025-02-10T16:07:07+00:00","mainEntityOfPage":{"@id":"https:\/\/kibrisdakik.com\/?p=75387"},"wordCount":127,"commentCount":0,"image":{"@id":"https:\/\/kibrisdakik.com\/?p=75387#primaryimage"},"thumbnailUrl":"https:\/\/kibrisdakik.com\/wp-content\/uploads\/2025\/02\/yagmur-geliyor-ero-2-958x53828-1-1-740x420.jpg","articleSection":["K\u0131br\u0131s","Man\u015fet"],"inLanguage":"tr","potentialAction":[{"@type":"CommentAction","name":"Comment","target":["https:\/\/kibrisdakik.com\/?p=75387#respond"]}]},{"@type":"WebPage","@id":"https:\/\/kibrisdakik.com\/?p=75387","url":"https:\/\/kibrisdakik.com\/?p=75387","name":"Hava, hafta boyunca bulutlu\u2026 Yar\u0131ndan itibaren \u00fc\u00e7 g\u00fcn boyunca ya\u011fmur bekleniyor -","isPartOf":{"@id":"https:\/\/kibrisdakik.com\/#website"},"primaryImageOfPage":{"@id":"https:\/\/kibrisdakik.com\/?p=75387#primaryimage"},"image":{"@id":"https:\/\/kibrisdakik.com\/?p=75387#primaryimage"},"thumbnailUrl":"https:\/\/kibrisdakik.com\/wp-content\/uploads\/2025\/02\/yagmur-geliyor-ero-2-958x53828-1-1-740x420.jpg","datePublished":"2025-02-10T16:07:07+00:00","author":{"@id":"https:\/\/kibrisdakik.com\/#\/schema\/person\/9cd9d437bbb44f72b73ba127e06d8e79"},"breadcrumb":{"@id":"https:\/\/kibrisdakik.com\/?p=75387#breadcrumb"},"inLanguage":"tr","potentialAction":[{"@type":"ReadAction","target":["https:\/\/kibrisdakik.com\/?p=75387"]}]},{"@type":"ImageObject","inLanguage":"tr","@id":"https:\/\/kibrisdakik.com\/?p=75387#primaryimage","url":"https:\/\/kibrisdakik.com\/wp-content\/uploads\/2025\/02\/yagmur-geliyor-ero-2-958x53828-1-1-740x420.jpg","contentUrl":"https:\/\/kibrisdakik.com\/wp-content\/uploads\/2025\/02\/yagmur-geliyor-ero-2-958x53828-1-1-740x420.jpg","width":809,"height":538},{"@type":"BreadcrumbList","@id":"https:\/\/kibrisdakik.com\/?p=75387#breadcrumb","itemListElement":[{"@type":"ListItem","position":1,"name":"Home","item":"https:\/\/kibrisdakik.com\/"},{"@type":"ListItem","position":2,"name":"Hava, hafta boyunca bulutlu\u2026 Yar\u0131ndan itibaren \u00fc\u00e7 g\u00fcn boyunca ya\u011fmur bekleniyor"}]},{"@type":"WebSite","@id":"https:\/\/kibrisdakik.com\/#website","url":"https:\/\/kibrisdakik.com\/","name":"","description":"Tam vaktinde haber","potentialAction":[{"@type":"SearchAction","target":{"@type":"EntryPoint","urlTemplate":"https:\/\/kibrisdakik.com\/?s={search_term_string}"},"query-input":{"@type":"PropertyValueSpecification","valueRequired":true,"valueName":"search_term_string"}}],"inLanguage":"tr"},{"@type":"Person","@id":"https:\/\/kibrisdakik.com\/#\/schema\/person\/9cd9d437bbb44f72b73ba127e06d8e79","name":"admin","image":{"@type":"ImageObject","inLanguage":"tr","@id":"https:\/\/secure.gravatar.com\/avatar\/ccc17943b9d660506c869530f897617f7cb1c21a4bf30023f252596d83e1f007?s=96&d=mm&r=g","url":"https:\/\/secure.gravatar.com\/avatar\/ccc17943b9d660506c869530f897617f7cb1c21a4bf30023f252596d83e1f007?s=96&d=mm&r=g","contentUrl":"https:\/\/secure.gravatar.com\/avatar\/ccc17943b9d660506c869530f897617f7cb1c21a4bf30023f252596d83e1f007?s=96&d=mm&r=g","caption":"admin"},"sameAs":["https:\/\/kibrisdakik.com"],"url":"https:\/\/kibrisdakik.com\/?author=1"}]}},"_links":{"self":[{"href":"https:\/\/kibrisdakik.com\/index.php?rest_route=\/wp\/v2\/posts\/75387","targetHints":{"allow":["GET"]}}],"collection":[{"href":"https:\/\/kibrisdakik.com\/index.php?rest_route=\/wp\/v2\/posts"}],"about":[{"href":"https:\/\/kibrisdakik.com\/index.php?rest_route=\/wp\/v2\/types\/post"}],"author":[{"embeddable":true,"href":"https:\/\/kibrisdakik.com\/index.php?rest_route=\/wp\/v2\/users\/1"}],"replies":[{"embeddable":true,"href":"https:\/\/kibrisdakik.com\/index.php?rest_route=%2Fwp%2Fv2%2Fcomments&post=75387"}],"version-history":[{"count":0,"href":"https:\/\/kibrisdakik.com\/index.php?rest_route=\/wp\/v2\/posts\/75387\/revisions"}],"wp:featuredmedia":[{"embeddable":true,"href":"https:\/\/kibrisdakik.com\/index.php?rest_route=\/wp\/v2\/media\/75388"}],"wp:attachment":[{"href":"https:\/\/kibrisdakik.com\/index.php?rest_route=%2Fwp%2Fv2%2Fmedia&parent=75387"}],"wp:term":[{"taxonomy":"category","embeddable":true,"href":"https:\/\/kibrisdakik.com\/index.php?rest_route=%2Fwp%2Fv2%2Fcategories&post=75387"},{"taxonomy":"post_tag","embeddable":true,"href":"https:\/\/kibrisdakik.com\/index.php?rest_route=%2Fwp%2Fv2%2Ftags&post=75387"}],"curies":[{"name":"wp","href":"https:\/\/api.w.org\/{rel}","templated":true}]}}