{"id":75394,"date":"2025-02-10T20:27:50","date_gmt":"2025-02-10T17:27:50","guid":{"rendered":"https:\/\/kibrisdakik.com\/index.php\/2025\/02\/10\/cumhurbaskani-tatarbir-anlasma-olacaksa-o-anlasmanin-bir-parcasi-kuzey-kibris-turk-cumhuriyeti-devleti-olacaktir\/"},"modified":"2025-02-10T20:27:50","modified_gmt":"2025-02-10T17:27:50","slug":"cumhurbaskani-tatarbir-anlasma-olacaksa-o-anlasmanin-bir-parcasi-kuzey-kibris-turk-cumhuriyeti-devleti-olacaktir","status":"publish","type":"post","link":"https:\/\/kibrisdakik.com\/?p=75394","title":{"rendered":"Cumhurba\u015fkan\u0131 Tatar:Bir anla\u015fma olacaksa, o anla\u015fman\u0131n bir par\u00e7as\u0131 Kuzey K\u0131br\u0131s T\u00fcrk Cumhuriyeti devleti olacakt\u0131r"},"content":{"rendered":"<div>\n<div class=\"mariselle-image-container center\">\n                                            <\/div>\n<p>Cumhurba\u015fkan\u0131 Ersin Tatar, askeri lise ve harp okullar\u0131 mezunlar\u0131 taraf\u0131ndan kurulan 1978\u2019den 1986\u2019ya Sosyal Yard\u0131mla\u015fma ve Dayan\u0131\u015fma Derne\u011fi Y\u00f6netim Kurulu Ba\u015fkan\u0131 Mustafa Levent \u00d6nce ve beraberindeki heyeti kabul etti.<\/p>\n<p>Cumhurba\u015fkanl\u0131\u011f\u0131 \u015eeref Salonu\u2019nda ger\u00e7ekle\u015fen kabulde, Cumhurba\u015fkanl\u0131\u011f\u0131 Yerel Y\u00f6netimler Dan\u0131\u015fman\u0131 \u0130lker Edip de haz\u0131r bulundu.<\/p>\n<p>G\u00f6r\u00fc\u015fmede, Derne\u011fin KKTC Temsilcisi H\u00fcseyin Yi\u011fit taraf\u0131ndan Cumhurba\u015fkan\u0131 Ersin Tatar\u2019a Fahri \u00dcyelik berat\u0131 takdim edildi.<\/p>\n<p>Cumhurba\u015fkan\u0131 Ersin Tatar konu\u015fmas\u0131na, K\u0131br\u0131s T\u00fcrk toplumunun \u00f6nemli fig\u00fcrlerinden oldu\u011funu belirtti\u011fi Asil Nadir\u2019i anarak ba\u015flad\u0131.<\/p>\n<p>Asil Nadir\u2019in T\u00fcrk d\u00fcnyas\u0131nda b\u00fcy\u00fck hizmetler vermi\u015f, milliyet\u00e7i bir ki\u015fi oldu\u011funu ifade eden Cumhurba\u015fkan\u0131 Tatar, Nadir\u2019in kurdu\u011fu \u015firketlerle ekonomik kalk\u0131nmaya ve istihdama \u00f6nemli katk\u0131larda bulundu\u011funu s\u00f6yledi.<\/p>\n<p>Cumhurba\u015fkan\u0131 Ersin Tatar konu\u015fmas\u0131n\u0131n devam\u0131nda, derne\u011fin ziyareti dolay\u0131s\u0131yla memnuniyetini dile getirerek, milli hassasiyetlere sahip \u00e7\u0131kmas\u0131n\u0131n b\u00fcy\u00fck bir anlam ta\u015f\u0131d\u0131\u011f\u0131n\u0131 belirtti ve \u00e7al\u0131\u015fmalar\u0131nda ba\u015far\u0131lar diledi.<\/p>\n<p>T\u00fcrk ordusu ve G\u00fcvenlik Kuvvetleri\u2019nde g\u00f6rev alm\u0131\u015f ki\u015filerin, emekli olduktan sonra da ayn\u0131 ilham ve milli de\u011ferlerle topluma hizmet etmelerinin b\u00fcy\u00fck \u00f6nem ta\u015f\u0131d\u0131\u011f\u0131n\u0131 ifade eden Cumhurba\u015fkan\u0131 Tatar, \u201c\u00c7al\u0131\u015fan\u0131yla, emeklisiyle, sivil toplum \u00f6rg\u00fctleriyle halk bir b\u00fct\u00fcnd\u00fcr\u201d diyerek, derneklerin ve sivil toplum kurulu\u015flar\u0131n\u0131n bu duyarl\u0131l\u0131\u011f\u0131n\u0131 ve yapt\u0131\u011f\u0131 \u00e7al\u0131\u015fmalar\u0131 b\u00fcy\u00fck bir takdirle kar\u015f\u0131lad\u0131\u011f\u0131n\u0131 belirtti.<\/p>\n<p>K\u0131br\u0131s\u2019ta bir anla\u015fma yap\u0131lmas\u0131 durumunda, bu anla\u015fman\u0131n adil, kal\u0131c\u0131 ve s\u00fcrd\u00fcr\u00fclebilir olabilmesi i\u00e7in mutlaka iki devletli \u00e7\u00f6z\u00fcm esas\u0131na dayal\u0131 olmas\u0131 gerekti\u011fini ifade eden Cumhurba\u015fkan\u0131 Tatar, K\u0131br\u0131s T\u00fcrk halk\u0131n\u0131n egemenlik haklar\u0131n\u0131n korunmas\u0131n\u0131n olmazsa olmaz bir ko\u015ful oldu\u011funu s\u00f6yledi.<\/p>\n<p>Birle\u015fik bir K\u0131br\u0131s\u2019ta, anayasal haklarla K\u0131br\u0131s T\u00fcrk\u00fc\u2019n\u00fc vatanda\u015fl\u0131k d\u00fczeyine indirilecek bir zihniyete kar\u015f\u0131 olduklar\u0131n\u0131n alt\u0131n \u00e7izen Cumhurba\u015fkan\u0131 Tatar, K\u0131br\u0131s T\u00fcrk halk\u0131n\u0131n egemenlik haklar\u0131 ve kendi devletiyle bir \u00e7\u00f6z\u00fcm\u00fcn par\u00e7as\u0131 olabilece\u011fini ifade etti.<\/p>\n<p>-\u201cBir anla\u015fma olacaksa, o anla\u015fman\u0131n bir par\u00e7as\u0131 Kuzey K\u0131br\u0131s T\u00fcrk Cumhuriyeti devleti olacakt\u0131r\u201d<\/p>\n<p>Birle\u015fmi\u015f Milletler Siyasi ve Bar\u0131\u015f \u0130n\u015fa \u0130\u015flerinden Sorumlu Genel Sekreter Yard\u0131mc\u0131s\u0131 Rosemary DiCarlo ile bug\u00fcn bir g\u00f6r\u00fc\u015fme ger\u00e7ekle\u015ftirdi\u011fini an\u0131msatan Tatar, K\u0131br\u0131s T\u00fcrk halk\u0131 i\u00e7in adil bir \u00e7\u00f6z\u00fcm ve kendi devletinin varl\u0131\u011f\u0131n\u0131 g\u00fcvence alt\u0131na alacak bir anla\u015fman\u0131n \u00f6nemini bir kez daha vurgulayarak, \u201cNeticede bir anla\u015fma olacaksa, o anla\u015fman\u0131n bir par\u00e7as\u0131 Kuzey K\u0131br\u0131s T\u00fcrk Cumhuriyeti devleti olacakt\u0131r\u201d dedi.<\/p>\n<p>Cumhurba\u015fkan\u0131 Tatar, Anavatan T\u00fcrkiye\u2019nin garant\u00f6rl\u00fc\u011f\u00fc ve T\u00fcrk askerinin K\u0131br\u0131s\u2019taki cayd\u0131r\u0131c\u0131 g\u00fcc\u00fcn\u00fcn, K\u0131br\u0131s T\u00fcrk halk\u0131n\u0131n hakk\u0131n\u0131, hukukunu ve g\u00fcvenli\u011fini en iyi \u015fekilde koruyabilecek yap\u0131y\u0131 olu\u015fturdu\u011funu belirterek, bu yap\u0131n\u0131n korunmas\u0131n\u0131n ve taviz verilmemesinin K\u0131br\u0131s T\u00fcrk halk\u0131n\u0131n gelece\u011fi a\u00e7\u0131s\u0131ndan b\u00fcy\u00fck \u00f6nem ta\u015f\u0131d\u0131\u011f\u0131n\u0131 vurgulad\u0131.<\/p>\n<p>Cumhurba\u015fkan\u0131 Tatar, mart ay\u0131nda yap\u0131lacak uluslararas\u0131 toplant\u0131da T\u00fcrk taraf\u0131 olarak bu g\u00f6r\u00fc\u015fleri dile getireceklerini ve K\u0131br\u0131s T\u00fcrk halk\u0131n\u0131n haklar\u0131n\u0131 savunmaya devam edeceklerini s\u00f6yledi.<\/p>\n<p>K\u0131br\u0131s T\u00fcrk halk\u0131na y\u00f6nelik ambargo, izolasyon ve k\u0131s\u0131tlamalar\u0131n da kabul edilemez oldu\u011funu, BM\u2019nin G\u00fcney K\u0131br\u0131s Rum Y\u00f6netimi\u2019ni \u201cK\u0131br\u0131s Cumhuriyeti\u201d olarak t\u00fcm adan\u0131n h\u00fck\u00fcmeti olarak tan\u0131mas\u0131n\u0131n K\u0131br\u0131s T\u00fcrk halk\u0131 i\u00e7in b\u00fcy\u00fck bir s\u0131k\u0131nt\u0131 olu\u015fturdu\u011funu ve hukuken \u00e7ok b\u00fcy\u00fck bir zafiyet i\u00e7erdi\u011fini ifade eden Cumhurba\u015fkan\u0131 Tatar, \u015f\u00f6yle devam etti:<\/p>\n<p>\u201c\u00c7\u00fcnk\u00fc G\u00fcney K\u0131br\u0131s, K\u0131br\u0131s Cumhuriyeti olarak b\u00fct\u00fcn adan\u0131n h\u00fck\u00fcmeti olarak kabul g\u00f6r\u00fcyor. Bizler halen daha stat\u00fcm\u00fcz\u00fc ambargolar ve izolasyonlar alt\u0131nda s\u00fcrd\u00fcrmekteyiz. Bu hem adil de\u011fil hem de hukuken \u00e7ok b\u00fcy\u00fck bir zafiyet i\u00e7ermektedir.\u201d<\/p>\n<p>-Ambargo ve izolasyonlar uluslararas\u0131 hukukla ba\u011fda\u015fm\u0131yor<\/p>\n<p>Bu durumun uluslararas\u0131 hukukla ba\u011fda\u015fmad\u0131\u011f\u0131n\u0131 vurgulayan Cumhurba\u015fkan\u0131 Tatar, Kuzey K\u0131br\u0131s T\u00fcrk Cumhuriyeti\u2019ne sahip \u00e7\u0131kman\u0131n sadece bir hak de\u011fil, ayn\u0131 zamanda bir sorumluluk oldu\u011funu belirterek, bu sorumlulu\u011fu sonuna kadar yerine getireceklerini s\u00f6yledi.<\/p>\n<p>Cumhurba\u015fkan\u0131 Tatar, T\u00fcrkiye Cumhuriyeti ile birlikte s\u00fcrd\u00fcrd\u00fckleri yeni ve milli siyaseti devam ettirme kararl\u0131l\u0131\u011f\u0131n\u0131 da ifade ederek, bu s\u00fcre\u00e7te derne\u011fin duyarl\u0131l\u0131\u011f\u0131 ve deste\u011finin b\u00fcy\u00fck \u00f6nem ta\u015f\u0131d\u0131\u011f\u0131n\u0131 belirtti.<\/p>\n<p>Tarar konu\u015fmas\u0131n\u0131n sonunda, derne\u011fin \u00e7al\u0131\u015fmalar\u0131na verdi\u011fi \u00f6nemi yineleyerek t\u00fcm \u00fcyelerine sevgi ve sayg\u0131lar\u0131n\u0131 iletti.<\/p>\n<p>-\u00d6nce<\/p>\n<p>1978\u2019den 1986\u2019ya Sosyal Yard\u0131mla\u015fma ve Dayan\u0131\u015fma Derne\u011fi Y\u00f6netim Kurulu Ba\u015fkan\u0131 Mustafa Levent \u00d6nce ise konu\u015fmas\u0131nda, 1978 y\u0131l\u0131nda askeri liselerden mezun olduklar\u0131n\u0131 ve ard\u0131ndan 1978\u2019den 1986\u2019ya Sosyal Yard\u0131mla\u015fma ve Dayan\u0131\u015fma Derne\u011fi\u2019ni kurduklar\u0131n\u0131 belirtti.<\/p>\n<p>Mezunlar aras\u0131nda bir\u00e7o\u011funun subay olarak g\u00f6rev yapt\u0131\u011f\u0131n\u0131, baz\u0131lar\u0131n\u0131n ise farkl\u0131 alanlarda kariyerlerine devam etti\u011fini belirten \u00d6nce, Cumhurba\u015fkan\u0131 Ersin Tatar\u2019\u0131 derne\u011fin fahri \u00fcyesi olarak aralar\u0131nda g\u00f6rmekten b\u00fcy\u00fck mutluluk duyduklar\u0131n\u0131 ifade ederek, t\u00fcm \u00fcyelerin sevgi ve sayg\u0131lar\u0131n\u0131 iletti.<\/p>\n<\/p><\/div>\n<p><script async\n                    defer\n                    crossorigin=\"anonymous\"\n                    src=\"https:\/\/connect.facebook.net\/tr_TR\/sdk.js#xfbml=1&#038;version=v3.3\"\n            ><\/script><\/p>\n","protected":false},"excerpt":{"rendered":"<p>Cumhurba\u015fkan\u0131 Ersin Tatar, askeri lise ve harp okullar\u0131 mezunlar\u0131 taraf\u0131ndan kurulan 1978\u2019den 1986\u2019ya Sosyal Yard\u0131mla\u015fma ve Dayan\u0131\u015fma Derne\u011fi Y\u00f6netim Kurulu Ba\u015fkan\u0131 Mustafa Levent \u00d6nce ve beraberindeki heyeti kabul etti. Cumhurba\u015fkanl\u0131\u011f\u0131 \u015eeref Salonu\u2019nda ger\u00e7ekle\u015fen kabulde, Cumhurba\u015fkanl\u0131\u011f\u0131 Yerel Y\u00f6netimler Dan\u0131\u015fman\u0131 \u0130lker Edip de haz\u0131r bulundu. G\u00f6r\u00fc\u015fmede, Derne\u011fin KKTC Temsilcisi H\u00fcseyin Yi\u011fit taraf\u0131ndan Cumhurba\u015fkan\u0131 Ersin Tatar\u2019a Fahri \u00dcyelik<\/p>\n","protected":false},"author":1,"featured_media":75395,"comment_status":"open","ping_status":"open","sticky":false,"template":"","format":"standard","meta":{"footnotes":""},"categories":[81,101],"tags":[],"class_list":["post-75394","post","type-post","status-publish","format-standard","has-post-thumbnail","hentry","category-kibris","category-manset"],"yoast_head":"<!-- This site is optimized with the Yoast SEO plugin v27.5 - https:\/\/yoast.com\/product\/yoast-seo-wordpress\/ -->\n<title>Cumhurba\u015fkan\u0131 Tatar:Bir anla\u015fma olacaksa, o anla\u015fman\u0131n bir par\u00e7as\u0131 Kuzey K\u0131br\u0131s T\u00fcrk Cumhuriyeti devleti olacakt\u0131r -<\/title>\n<meta name=\"robots\" content=\"index, follow, max-snippet:-1, max-image-preview:large, max-video-preview:-1\" \/>\n<link rel=\"canonical\" href=\"https:\/\/kibrisdakik.com\/?p=75394\" \/>\n<meta property=\"og:locale\" content=\"tr_TR\" \/>\n<meta property=\"og:type\" content=\"article\" \/>\n<meta property=\"og:title\" content=\"Cumhurba\u015fkan\u0131 Tatar:Bir anla\u015fma olacaksa, o anla\u015fman\u0131n bir par\u00e7as\u0131 Kuzey K\u0131br\u0131s T\u00fcrk Cumhuriyeti devleti olacakt\u0131r -\" \/>\n<meta property=\"og:description\" content=\"Cumhurba\u015fkan\u0131 Ersin Tatar, askeri lise ve harp okullar\u0131 mezunlar\u0131 taraf\u0131ndan kurulan 1978\u2019den 1986\u2019ya Sosyal Yard\u0131mla\u015fma ve Dayan\u0131\u015fma Derne\u011fi Y\u00f6netim Kurulu Ba\u015fkan\u0131 Mustafa Levent \u00d6nce ve beraberindeki heyeti kabul etti. Cumhurba\u015fkanl\u0131\u011f\u0131 \u015eeref Salonu\u2019nda ger\u00e7ekle\u015fen kabulde, Cumhurba\u015fkanl\u0131\u011f\u0131 Yerel Y\u00f6netimler Dan\u0131\u015fman\u0131 \u0130lker Edip de haz\u0131r bulundu. G\u00f6r\u00fc\u015fmede, Derne\u011fin KKTC Temsilcisi H\u00fcseyin Yi\u011fit taraf\u0131ndan Cumhurba\u015fkan\u0131 Ersin Tatar\u2019a Fahri \u00dcyelik\" \/>\n<meta property=\"og:url\" content=\"https:\/\/kibrisdakik.com\/?p=75394\" \/>\n<meta property=\"article:published_time\" content=\"2025-02-10T17:27:50+00:00\" \/>\n<meta property=\"og:image\" content=\"https:\/\/kibrisdakik.com\/wp-content\/uploads\/2025\/02\/Screenshot_20250210_193502_Samsung-Internet-740x420.jpg\" \/>\n\t<meta property=\"og:image:width\" content=\"986\" \/>\n\t<meta property=\"og:image:height\" content=\"454\" \/>\n\t<meta property=\"og:image:type\" content=\"image\/jpeg\" \/>\n<meta name=\"author\" content=\"admin\" \/>\n<meta name=\"twitter:card\" content=\"summary_large_image\" \/>\n<meta name=\"twitter:label1\" content=\"Yazan:\" \/>\n\t<meta name=\"twitter:data1\" content=\"admin\" \/>\n\t<meta name=\"twitter:label2\" content=\"Tahmini okuma s\u00fcresi\" \/>\n\t<meta name=\"twitter:data2\" content=\"5 dakika\" \/>\n<script type=\"application\/ld+json\" class=\"yoast-schema-graph\">{\"@context\":\"https:\\\/\\\/schema.org\",\"@graph\":[{\"@type\":\"Article\",\"@id\":\"https:\\\/\\\/kibrisdakik.com\\\/?p=75394#article\",\"isPartOf\":{\"@id\":\"https:\\\/\\\/kibrisdakik.com\\\/?p=75394\"},\"author\":{\"name\":\"admin\",\"@id\":\"https:\\\/\\\/kibrisdakik.com\\\/#\\\/schema\\\/person\\\/9cd9d437bbb44f72b73ba127e06d8e79\"},\"headline\":\"Cumhurba\u015fkan\u0131 Tatar:Bir anla\u015fma olacaksa, o anla\u015fman\u0131n bir par\u00e7as\u0131 Kuzey K\u0131br\u0131s T\u00fcrk Cumhuriyeti devleti olacakt\u0131r\",\"datePublished\":\"2025-02-10T17:27:50+00:00\",\"mainEntityOfPage\":{\"@id\":\"https:\\\/\\\/kibrisdakik.com\\\/?p=75394\"},\"wordCount\":1005,\"commentCount\":0,\"image\":{\"@id\":\"https:\\\/\\\/kibrisdakik.com\\\/?p=75394#primaryimage\"},\"thumbnailUrl\":\"https:\\\/\\\/kibrisdakik.com\\\/wp-content\\\/uploads\\\/2025\\\/02\\\/Screenshot_20250210_193502_Samsung-Internet-740x420.jpg\",\"articleSection\":[\"K\u0131br\u0131s\",\"Man\u015fet\"],\"inLanguage\":\"tr\",\"potentialAction\":[{\"@type\":\"CommentAction\",\"name\":\"Comment\",\"target\":[\"https:\\\/\\\/kibrisdakik.com\\\/?p=75394#respond\"]}]},{\"@type\":\"WebPage\",\"@id\":\"https:\\\/\\\/kibrisdakik.com\\\/?p=75394\",\"url\":\"https:\\\/\\\/kibrisdakik.com\\\/?p=75394\",\"name\":\"Cumhurba\u015fkan\u0131 Tatar:Bir anla\u015fma olacaksa, o anla\u015fman\u0131n bir par\u00e7as\u0131 Kuzey K\u0131br\u0131s T\u00fcrk Cumhuriyeti devleti olacakt\u0131r -\",\"isPartOf\":{\"@id\":\"https:\\\/\\\/kibrisdakik.com\\\/#website\"},\"primaryImageOfPage\":{\"@id\":\"https:\\\/\\\/kibrisdakik.com\\\/?p=75394#primaryimage\"},\"image\":{\"@id\":\"https:\\\/\\\/kibrisdakik.com\\\/?p=75394#primaryimage\"},\"thumbnailUrl\":\"https:\\\/\\\/kibrisdakik.com\\\/wp-content\\\/uploads\\\/2025\\\/02\\\/Screenshot_20250210_193502_Samsung-Internet-740x420.jpg\",\"datePublished\":\"2025-02-10T17:27:50+00:00\",\"author\":{\"@id\":\"https:\\\/\\\/kibrisdakik.com\\\/#\\\/schema\\\/person\\\/9cd9d437bbb44f72b73ba127e06d8e79\"},\"breadcrumb\":{\"@id\":\"https:\\\/\\\/kibrisdakik.com\\\/?p=75394#breadcrumb\"},\"inLanguage\":\"tr\",\"potentialAction\":[{\"@type\":\"ReadAction\",\"target\":[\"https:\\\/\\\/kibrisdakik.com\\\/?p=75394\"]}]},{\"@type\":\"ImageObject\",\"inLanguage\":\"tr\",\"@id\":\"https:\\\/\\\/kibrisdakik.com\\\/?p=75394#primaryimage\",\"url\":\"https:\\\/\\\/kibrisdakik.com\\\/wp-content\\\/uploads\\\/2025\\\/02\\\/Screenshot_20250210_193502_Samsung-Internet-740x420.jpg\",\"contentUrl\":\"https:\\\/\\\/kibrisdakik.com\\\/wp-content\\\/uploads\\\/2025\\\/02\\\/Screenshot_20250210_193502_Samsung-Internet-740x420.jpg\",\"width\":986,\"height\":454},{\"@type\":\"BreadcrumbList\",\"@id\":\"https:\\\/\\\/kibrisdakik.com\\\/?p=75394#breadcrumb\",\"itemListElement\":[{\"@type\":\"ListItem\",\"position\":1,\"name\":\"Home\",\"item\":\"https:\\\/\\\/kibrisdakik.com\\\/\"},{\"@type\":\"ListItem\",\"position\":2,\"name\":\"Cumhurba\u015fkan\u0131 Tatar:Bir anla\u015fma olacaksa, o anla\u015fman\u0131n bir par\u00e7as\u0131 Kuzey K\u0131br\u0131s T\u00fcrk Cumhuriyeti devleti olacakt\u0131r\"}]},{\"@type\":\"WebSite\",\"@id\":\"https:\\\/\\\/kibrisdakik.com\\\/#website\",\"url\":\"https:\\\/\\\/kibrisdakik.com\\\/\",\"name\":\"\",\"description\":\"Tam vaktinde haber\",\"potentialAction\":[{\"@type\":\"SearchAction\",\"target\":{\"@type\":\"EntryPoint\",\"urlTemplate\":\"https:\\\/\\\/kibrisdakik.com\\\/?s={search_term_string}\"},\"query-input\":{\"@type\":\"PropertyValueSpecification\",\"valueRequired\":true,\"valueName\":\"search_term_string\"}}],\"inLanguage\":\"tr\"},{\"@type\":\"Person\",\"@id\":\"https:\\\/\\\/kibrisdakik.com\\\/#\\\/schema\\\/person\\\/9cd9d437bbb44f72b73ba127e06d8e79\",\"name\":\"admin\",\"image\":{\"@type\":\"ImageObject\",\"inLanguage\":\"tr\",\"@id\":\"https:\\\/\\\/secure.gravatar.com\\\/avatar\\\/ccc17943b9d660506c869530f897617f7cb1c21a4bf30023f252596d83e1f007?s=96&d=mm&r=g\",\"url\":\"https:\\\/\\\/secure.gravatar.com\\\/avatar\\\/ccc17943b9d660506c869530f897617f7cb1c21a4bf30023f252596d83e1f007?s=96&d=mm&r=g\",\"contentUrl\":\"https:\\\/\\\/secure.gravatar.com\\\/avatar\\\/ccc17943b9d660506c869530f897617f7cb1c21a4bf30023f252596d83e1f007?s=96&d=mm&r=g\",\"caption\":\"admin\"},\"sameAs\":[\"https:\\\/\\\/kibrisdakik.com\"],\"url\":\"https:\\\/\\\/kibrisdakik.com\\\/?author=1\"}]}<\/script>\n<!-- \/ Yoast SEO plugin. -->","yoast_head_json":{"title":"Cumhurba\u015fkan\u0131 Tatar:Bir anla\u015fma olacaksa, o anla\u015fman\u0131n bir par\u00e7as\u0131 Kuzey K\u0131br\u0131s T\u00fcrk Cumhuriyeti devleti olacakt\u0131r -","robots":{"index":"index","follow":"follow","max-snippet":"max-snippet:-1","max-image-preview":"max-image-preview:large","max-video-preview":"max-video-preview:-1"},"canonical":"https:\/\/kibrisdakik.com\/?p=75394","og_locale":"tr_TR","og_type":"article","og_title":"Cumhurba\u015fkan\u0131 Tatar:Bir anla\u015fma olacaksa, o anla\u015fman\u0131n bir par\u00e7as\u0131 Kuzey K\u0131br\u0131s T\u00fcrk Cumhuriyeti devleti olacakt\u0131r -","og_description":"Cumhurba\u015fkan\u0131 Ersin Tatar, askeri lise ve harp okullar\u0131 mezunlar\u0131 taraf\u0131ndan kurulan 1978\u2019den 1986\u2019ya Sosyal Yard\u0131mla\u015fma ve Dayan\u0131\u015fma Derne\u011fi Y\u00f6netim Kurulu Ba\u015fkan\u0131 Mustafa Levent \u00d6nce ve beraberindeki heyeti kabul etti. Cumhurba\u015fkanl\u0131\u011f\u0131 \u015eeref Salonu\u2019nda ger\u00e7ekle\u015fen kabulde, Cumhurba\u015fkanl\u0131\u011f\u0131 Yerel Y\u00f6netimler Dan\u0131\u015fman\u0131 \u0130lker Edip de haz\u0131r bulundu. G\u00f6r\u00fc\u015fmede, Derne\u011fin KKTC Temsilcisi H\u00fcseyin Yi\u011fit taraf\u0131ndan Cumhurba\u015fkan\u0131 Ersin Tatar\u2019a Fahri \u00dcyelik","og_url":"https:\/\/kibrisdakik.com\/?p=75394","article_published_time":"2025-02-10T17:27:50+00:00","og_image":[{"width":986,"height":454,"url":"https:\/\/kibrisdakik.com\/wp-content\/uploads\/2025\/02\/Screenshot_20250210_193502_Samsung-Internet-740x420.jpg","type":"image\/jpeg"}],"author":"admin","twitter_card":"summary_large_image","twitter_misc":{"Yazan:":"admin","Tahmini okuma s\u00fcresi":"5 dakika"},"schema":{"@context":"https:\/\/schema.org","@graph":[{"@type":"Article","@id":"https:\/\/kibrisdakik.com\/?p=75394#article","isPartOf":{"@id":"https:\/\/kibrisdakik.com\/?p=75394"},"author":{"name":"admin","@id":"https:\/\/kibrisdakik.com\/#\/schema\/person\/9cd9d437bbb44f72b73ba127e06d8e79"},"headline":"Cumhurba\u015fkan\u0131 Tatar:Bir anla\u015fma olacaksa, o anla\u015fman\u0131n bir par\u00e7as\u0131 Kuzey K\u0131br\u0131s T\u00fcrk Cumhuriyeti devleti olacakt\u0131r","datePublished":"2025-02-10T17:27:50+00:00","mainEntityOfPage":{"@id":"https:\/\/kibrisdakik.com\/?p=75394"},"wordCount":1005,"commentCount":0,"image":{"@id":"https:\/\/kibrisdakik.com\/?p=75394#primaryimage"},"thumbnailUrl":"https:\/\/kibrisdakik.com\/wp-content\/uploads\/2025\/02\/Screenshot_20250210_193502_Samsung-Internet-740x420.jpg","articleSection":["K\u0131br\u0131s","Man\u015fet"],"inLanguage":"tr","potentialAction":[{"@type":"CommentAction","name":"Comment","target":["https:\/\/kibrisdakik.com\/?p=75394#respond"]}]},{"@type":"WebPage","@id":"https:\/\/kibrisdakik.com\/?p=75394","url":"https:\/\/kibrisdakik.com\/?p=75394","name":"Cumhurba\u015fkan\u0131 Tatar:Bir anla\u015fma olacaksa, o anla\u015fman\u0131n bir par\u00e7as\u0131 Kuzey K\u0131br\u0131s T\u00fcrk Cumhuriyeti devleti olacakt\u0131r -","isPartOf":{"@id":"https:\/\/kibrisdakik.com\/#website"},"primaryImageOfPage":{"@id":"https:\/\/kibrisdakik.com\/?p=75394#primaryimage"},"image":{"@id":"https:\/\/kibrisdakik.com\/?p=75394#primaryimage"},"thumbnailUrl":"https:\/\/kibrisdakik.com\/wp-content\/uploads\/2025\/02\/Screenshot_20250210_193502_Samsung-Internet-740x420.jpg","datePublished":"2025-02-10T17:27:50+00:00","author":{"@id":"https:\/\/kibrisdakik.com\/#\/schema\/person\/9cd9d437bbb44f72b73ba127e06d8e79"},"breadcrumb":{"@id":"https:\/\/kibrisdakik.com\/?p=75394#breadcrumb"},"inLanguage":"tr","potentialAction":[{"@type":"ReadAction","target":["https:\/\/kibrisdakik.com\/?p=75394"]}]},{"@type":"ImageObject","inLanguage":"tr","@id":"https:\/\/kibrisdakik.com\/?p=75394#primaryimage","url":"https:\/\/kibrisdakik.com\/wp-content\/uploads\/2025\/02\/Screenshot_20250210_193502_Samsung-Internet-740x420.jpg","contentUrl":"https:\/\/kibrisdakik.com\/wp-content\/uploads\/2025\/02\/Screenshot_20250210_193502_Samsung-Internet-740x420.jpg","width":986,"height":454},{"@type":"BreadcrumbList","@id":"https:\/\/kibrisdakik.com\/?p=75394#breadcrumb","itemListElement":[{"@type":"ListItem","position":1,"name":"Home","item":"https:\/\/kibrisdakik.com\/"},{"@type":"ListItem","position":2,"name":"Cumhurba\u015fkan\u0131 Tatar:Bir anla\u015fma olacaksa, o anla\u015fman\u0131n bir par\u00e7as\u0131 Kuzey K\u0131br\u0131s T\u00fcrk Cumhuriyeti devleti olacakt\u0131r"}]},{"@type":"WebSite","@id":"https:\/\/kibrisdakik.com\/#website","url":"https:\/\/kibrisdakik.com\/","name":"","description":"Tam vaktinde haber","potentialAction":[{"@type":"SearchAction","target":{"@type":"EntryPoint","urlTemplate":"https:\/\/kibrisdakik.com\/?s={search_term_string}"},"query-input":{"@type":"PropertyValueSpecification","valueRequired":true,"valueName":"search_term_string"}}],"inLanguage":"tr"},{"@type":"Person","@id":"https:\/\/kibrisdakik.com\/#\/schema\/person\/9cd9d437bbb44f72b73ba127e06d8e79","name":"admin","image":{"@type":"ImageObject","inLanguage":"tr","@id":"https:\/\/secure.gravatar.com\/avatar\/ccc17943b9d660506c869530f897617f7cb1c21a4bf30023f252596d83e1f007?s=96&d=mm&r=g","url":"https:\/\/secure.gravatar.com\/avatar\/ccc17943b9d660506c869530f897617f7cb1c21a4bf30023f252596d83e1f007?s=96&d=mm&r=g","contentUrl":"https:\/\/secure.gravatar.com\/avatar\/ccc17943b9d660506c869530f897617f7cb1c21a4bf30023f252596d83e1f007?s=96&d=mm&r=g","caption":"admin"},"sameAs":["https:\/\/kibrisdakik.com"],"url":"https:\/\/kibrisdakik.com\/?author=1"}]}},"_links":{"self":[{"href":"https:\/\/kibrisdakik.com\/index.php?rest_route=\/wp\/v2\/posts\/75394","targetHints":{"allow":["GET"]}}],"collection":[{"href":"https:\/\/kibrisdakik.com\/index.php?rest_route=\/wp\/v2\/posts"}],"about":[{"href":"https:\/\/kibrisdakik.com\/index.php?rest_route=\/wp\/v2\/types\/post"}],"author":[{"embeddable":true,"href":"https:\/\/kibrisdakik.com\/index.php?rest_route=\/wp\/v2\/users\/1"}],"replies":[{"embeddable":true,"href":"https:\/\/kibrisdakik.com\/index.php?rest_route=%2Fwp%2Fv2%2Fcomments&post=75394"}],"version-history":[{"count":0,"href":"https:\/\/kibrisdakik.com\/index.php?rest_route=\/wp\/v2\/posts\/75394\/revisions"}],"wp:featuredmedia":[{"embeddable":true,"href":"https:\/\/kibrisdakik.com\/index.php?rest_route=\/wp\/v2\/media\/75395"}],"wp:attachment":[{"href":"https:\/\/kibrisdakik.com\/index.php?rest_route=%2Fwp%2Fv2%2Fmedia&parent=75394"}],"wp:term":[{"taxonomy":"category","embeddable":true,"href":"https:\/\/kibrisdakik.com\/index.php?rest_route=%2Fwp%2Fv2%2Fcategories&post=75394"},{"taxonomy":"post_tag","embeddable":true,"href":"https:\/\/kibrisdakik.com\/index.php?rest_route=%2Fwp%2Fv2%2Ftags&post=75394"}],"curies":[{"name":"wp","href":"https:\/\/api.w.org\/{rel}","templated":true}]}}