{"id":75439,"date":"2025-02-11T18:40:29","date_gmt":"2025-02-11T15:40:29","guid":{"rendered":"https:\/\/kibrisdakik.com\/index.php\/2025\/02\/11\/cumhurbaskani-tatar-tmt-mucahitler-dernegini-ziyaret-ettikibrista-bir-antlasma-olacaksa-toplum-degil-devlet-duzeyinde-olacak\/"},"modified":"2025-02-11T18:40:29","modified_gmt":"2025-02-11T15:40:29","slug":"cumhurbaskani-tatar-tmt-mucahitler-dernegini-ziyaret-ettikibrista-bir-antlasma-olacaksa-toplum-degil-devlet-duzeyinde-olacak","status":"publish","type":"post","link":"https:\/\/kibrisdakik.com\/?p=75439","title":{"rendered":"Cumhurba\u015fkan\u0131 Tatar, TMT M\u00fccahitler Derne\u011fi\u2019ni ziyaret etti:\u201cK\u0131br\u0131s\u2019ta bir antla\u015fma olacaksa toplum de\u011fil devlet d\u00fczeyinde olacak\u201d"},"content":{"rendered":"<div>\n<div class=\"mariselle-image-container center\">\n                                            <\/div>\n<p>Cumhurba\u015fkan\u0131 Ersin Tatar, T\u00fcrk Mukavemet Te\u015fkilat\u0131 (TMT) M\u00fccahitler Derne\u011fi Genel Merkezi\u2019ni ziyaret etti.<\/p>\n<p>Cumhurba\u015fkanl\u0131\u011f\u0131\u2019ndan yap\u0131lan a\u00e7\u0131klamaya g\u00f6re, Tatar, burada yapt\u0131\u011f\u0131 konu\u015fmada, K\u0131br\u0131s\u2019taki iki halktan biri olan K\u0131br\u0131s T\u00fcrk\u00fc\u2019n\u00fcn asli unsur oldu\u011funu belirterek, Kurucu Cumhurba\u015fkan\u0131 Rauf Denkta\u015f\u2019\u0131n her zaman devlet ve egemenlikten vazge\u00e7ilmemesi uyar\u0131s\u0131nda bulundu\u011funu s\u00f6yledi.<\/p>\n<p>Egemen e\u015fitlik ve e\u015fit uluslararas\u0131 stat\u00fcn\u00fcn \u00f6nemine i\u015faret eden Tatar, K\u0131br\u0131s T\u00fcrk\u00fc\u2019n\u00fcn egemenlik haklar\u0131n\u0131n elinden al\u0131naca\u011f\u0131, devletinin eyalet stat\u00fcs\u00fcne getirilece\u011fi asimilasyona gidecek yolu asla onaylamayacaklar\u0131n\u0131 vurgulad\u0131.<\/p>\n<p>T\u00fcrkiye Cumhuriyeti\u2019nin garant\u00f6rl\u00fc\u011f\u00fc ve T\u00fcrk askerinin varl\u0131\u011f\u0131n\u0131n cayd\u0131r\u0131c\u0131 bir g\u00fc\u00e7 oldu\u011funu anlatan Tatar, K\u0131br\u0131s\u2019ta 50 y\u0131ldan beridir devam eden bar\u0131\u015f, huzur ve g\u00fcven ortam\u0131ndan G\u00fcney K\u0131br\u0131s\u2019\u0131n da yararland\u0131\u011f\u0131n\u0131 ifade etti.<\/p>\n<p>Ortado\u011fu ve Kuzey Afrika\u2019da son y\u0131llarda ya\u015fanan \u00e7at\u0131\u015fmalardan dolay\u0131 ekonomilerin \u00e7\u00f6kt\u00fc\u011f\u00fcn\u00fc, insanlar\u0131n \u00f6ld\u00fc\u011f\u00fcn\u00fc ve vatanlar\u0131ndan g\u00f6\u00e7 etti\u011fini dile getiren Tatar, yak\u0131n co\u011frafyada \u00fcz\u00fcc\u00fc olaylar ya\u015fan\u0131rken, K\u0131br\u0131s\u2019ta ise herhangi bir sorun ya\u015fanmad\u0131\u011f\u0131n\u0131 kaydetti.<\/p>\n<p><strong>\u2013 \u201cDiCarlo\u2019yu kabul\u00fcmde K\u0131br\u0131s\u2019taki ger\u00e7ekleri anlatt\u0131m\u201d<\/strong><\/p>\n<p>Aday\u0131 Yunanistan\u2019a ba\u011flamak i\u00e7in K\u0131br\u0131s T\u00fcrk\u00fc\u2019ne yap\u0131lan sald\u0131r\u0131larda \u00e7ok say\u0131da K\u0131br\u0131sl\u0131 T\u00fcrk\u2019\u00fcn \u00f6ld\u00fcr\u00fcld\u00fc\u011f\u00fcn\u00fc dile getiren Cumhurba\u015fkan\u0131 Tatar, halen  kay\u0131plar\u0131n bulunamad\u0131\u011f\u0131n\u0131 belirtti.<\/p>\n<p>K\u0131br\u0131s T\u00fcrk\u00fc\u2019n\u00fcn asli unsuru olan egemenlik ve kendi kendini y\u00f6netme hakk\u0131ndan dolay\u0131 Kuzey K\u0131br\u0131s T\u00fcrk Cumhuriyeti\u2019nden vazge\u00e7meyeceklerini anlatan Tatar, kurum ve kurulu\u015flar\u0131yla, alt ve \u00fcst yap\u0131s\u0131 yan\u0131nda ekonomik sekt\u00f6rleriyle devletin g\u00fc\u00e7lendi\u011fini vurgulad\u0131.<\/p>\n<p>Tatar, Birle\u015fmi\u015f Milletler Genel Sekreter Yard\u0131mc\u0131s\u0131 Rosemary DiCarlo\u2019yu kabul\u00fcnde K\u0131br\u0131s\u2019taki ger\u00e7ekleri anlatt\u0131\u011f\u0131n\u0131 kaydetti.<\/p>\n<p>Yeni g\u00f6zlemci \u00fcye olunan T\u00fcrk Devletler Te\u015fkilat\u0131\u2019nda Kuzey K\u0131br\u0131s T\u00fcrk Cumhuriyeti\u2019nin anayasal ad\u0131 ve bayra\u011f\u0131yla yer ald\u0131\u011f\u0131n\u0131 ifade eden Tatar, orada yap\u0131lan \u00e7al\u0131\u015fmalar\u0131n \u00f6neminden bahsetti.<\/p>\n<p>Do\u011fu Akdeniz\u2019de ba\u011f\u0131ms\u0131z bir T\u00fcrk devleti olan KKTC\u2019nin g\u00fc\u00e7lenip, geli\u015fmesini g\u00f6rmezden gelenlerin halen federal temelde \u00e7\u00f6z\u00fcm ve Birle\u015fik K\u0131br\u0131s\u2019\u0131 savundu\u011funu anlatan Tatar, \u201cEgemenli\u011fimizden, devletimizden ve Anavatan\u2019\u0131m\u0131zdan vazge\u00e7meyiz.\u201d diye konu\u015ftu.<\/p>\n<p><strong>\u2013 \u201cAz\u0131nl\u0131k olaca\u011f\u0131m\u0131z bir antla\u015fmay\u0131 kabul etmeyece\u011fiz\u201d<\/strong><\/p>\n<p>Bir antla\u015fma olacaksa iki devletin i\u015f birli\u011fine dayal\u0131 olaca\u011f\u0131n\u0131 ve KKTC\u2019nin de antla\u015fman\u0131n par\u00e7as\u0131 olaca\u011f\u0131n\u0131 vurgulayan Tatar, \u201cBir antla\u015fma olacaksa toplum de\u011fil devlet d\u00fczeyinde olacak. Toplum d\u00fczeyinde bir antla\u015fmada devlet eyalete d\u00f6n\u00fc\u015fecek, T\u00fcrk askeri adadan \u00e7ekilecek. Yunanl\u0131lar\u0131n daha fazla egemen olaca\u011f\u0131 bizim az\u0131nl\u0131k olaca\u011f\u0131m\u0131z bir antla\u015fmay\u0131 kabul etmeyece\u011fiz.\u201d dedi.<\/p>\n<p>Federasyon g\u00f6r\u00fc\u015fmelerinin y\u0131llarca s\u00fcrd\u00fc\u011f\u00fcn\u00fc ancak kar\u015f\u0131 taraf\u0131n e\u015fitli\u011fi kabul etmedi\u011fini dile getiren Tatar, Annan Plan\u0131 ve Crans Montana s\u00fcre\u00e7lerinde ya\u015fananlar\u0131n ortada oldu\u011funu, bu nedenle asla Crans Montana\u2019da b\u0131rak\u0131lan yerden g\u00f6r\u00fc\u015fmelere ba\u015flamayaca\u011f\u0131n\u0131 ifade etti.<\/p>\n<p>T\u00fcrkiye Cumhuriyeti\u2019nin iki devletli \u00e7\u00f6z\u00fcm siyasetine tam destek verdi\u011fine i\u015faret eden Tatar, T\u00fcrkiye Cumhuriyeti Cumhurba\u015fkan\u0131 Recep Tayyip Erdo\u011fan\u2019\u0131n Birle\u015fmi\u015f Milletler Genel Kurul toplant\u0131lar\u0131nda KKTC\u2019nin tan\u0131nmas\u0131 ve uygulanan ambargolar\u0131n kald\u0131r\u0131lmas\u0131 \u00e7a\u011fr\u0131s\u0131 yapt\u0131\u011f\u0131n\u0131 hat\u0131rlatt\u0131.<br \/>Yeni siyasetin yer buldu\u011funun dile getiren Tatar, d\u00fcnyan\u0131n K\u0131br\u0131s\u2019ta iki ayr\u0131 halk ve devlet oldu\u011funu kabul etti\u011fini kaydetti.<\/p>\n<\/p><\/div>\n<p><script async\n                    defer\n                    crossorigin=\"anonymous\"\n                    src=\"https:\/\/connect.facebook.net\/tr_TR\/sdk.js#xfbml=1&#038;version=v3.3\"\n            ><\/script><\/p>\n","protected":false},"excerpt":{"rendered":"<p>Cumhurba\u015fkan\u0131 Ersin Tatar, T\u00fcrk Mukavemet Te\u015fkilat\u0131 (TMT) M\u00fccahitler Derne\u011fi Genel Merkezi\u2019ni ziyaret etti. Cumhurba\u015fkanl\u0131\u011f\u0131\u2019ndan yap\u0131lan a\u00e7\u0131klamaya g\u00f6re, Tatar, burada yapt\u0131\u011f\u0131 konu\u015fmada, K\u0131br\u0131s\u2019taki iki halktan biri olan K\u0131br\u0131s T\u00fcrk\u00fc\u2019n\u00fcn asli unsur oldu\u011funu belirterek, Kurucu Cumhurba\u015fkan\u0131 Rauf Denkta\u015f\u2019\u0131n her zaman devlet ve egemenlikten vazge\u00e7ilmemesi uyar\u0131s\u0131nda bulundu\u011funu s\u00f6yledi. Egemen e\u015fitlik ve e\u015fit uluslararas\u0131 stat\u00fcn\u00fcn \u00f6nemine i\u015faret eden Tatar,<\/p>\n","protected":false},"author":1,"featured_media":75440,"comment_status":"open","ping_status":"open","sticky":false,"template":"","format":"standard","meta":{"footnotes":""},"categories":[81,101],"tags":[],"class_list":["post-75439","post","type-post","status-publish","format-standard","has-post-thumbnail","hentry","category-kibris","category-manset"],"yoast_head":"<!-- This site is optimized with the Yoast SEO plugin v27.4 - https:\/\/yoast.com\/product\/yoast-seo-wordpress\/ -->\n<title>Cumhurba\u015fkan\u0131 Tatar, TMT M\u00fccahitler Derne\u011fi\u2019ni ziyaret etti:\u201cK\u0131br\u0131s\u2019ta bir antla\u015fma olacaksa toplum de\u011fil devlet d\u00fczeyinde olacak\u201d -<\/title>\n<meta name=\"robots\" content=\"index, follow, max-snippet:-1, max-image-preview:large, max-video-preview:-1\" \/>\n<link rel=\"canonical\" href=\"https:\/\/kibrisdakik.com\/?p=75439\" \/>\n<meta property=\"og:locale\" content=\"tr_TR\" \/>\n<meta property=\"og:type\" content=\"article\" \/>\n<meta property=\"og:title\" content=\"Cumhurba\u015fkan\u0131 Tatar, TMT M\u00fccahitler Derne\u011fi\u2019ni ziyaret etti:\u201cK\u0131br\u0131s\u2019ta bir antla\u015fma olacaksa toplum de\u011fil devlet d\u00fczeyinde olacak\u201d -\" \/>\n<meta property=\"og:description\" content=\"Cumhurba\u015fkan\u0131 Ersin Tatar, T\u00fcrk Mukavemet Te\u015fkilat\u0131 (TMT) M\u00fccahitler Derne\u011fi Genel Merkezi\u2019ni ziyaret etti. Cumhurba\u015fkanl\u0131\u011f\u0131\u2019ndan yap\u0131lan a\u00e7\u0131klamaya g\u00f6re, Tatar, burada yapt\u0131\u011f\u0131 konu\u015fmada, K\u0131br\u0131s\u2019taki iki halktan biri olan K\u0131br\u0131s T\u00fcrk\u00fc\u2019n\u00fcn asli unsur oldu\u011funu belirterek, Kurucu Cumhurba\u015fkan\u0131 Rauf Denkta\u015f\u2019\u0131n her zaman devlet ve egemenlikten vazge\u00e7ilmemesi uyar\u0131s\u0131nda bulundu\u011funu s\u00f6yledi. Egemen e\u015fitlik ve e\u015fit uluslararas\u0131 stat\u00fcn\u00fcn \u00f6nemine i\u015faret eden Tatar,\" \/>\n<meta property=\"og:url\" content=\"https:\/\/kibrisdakik.com\/?p=75439\" \/>\n<meta property=\"article:published_time\" content=\"2025-02-11T15:40:29+00:00\" \/>\n<meta property=\"og:image\" content=\"https:\/\/kibrisdakik.com\/wp-content\/uploads\/2025\/02\/8108410481-740x420.jpg\" \/>\n\t<meta property=\"og:image:width\" content=\"1600\" \/>\n\t<meta property=\"og:image:height\" content=\"1066\" \/>\n\t<meta property=\"og:image:type\" content=\"image\/jpeg\" \/>\n<meta name=\"author\" content=\"admin\" \/>\n<meta name=\"twitter:card\" content=\"summary_large_image\" \/>\n<meta name=\"twitter:label1\" content=\"Yazan:\" \/>\n\t<meta name=\"twitter:data1\" content=\"admin\" \/>\n\t<meta name=\"twitter:label2\" content=\"Tahmini okuma s\u00fcresi\" \/>\n\t<meta name=\"twitter:data2\" content=\"3 dakika\" \/>\n<script type=\"application\/ld+json\" class=\"yoast-schema-graph\">{\"@context\":\"https:\\\/\\\/schema.org\",\"@graph\":[{\"@type\":\"Article\",\"@id\":\"https:\\\/\\\/kibrisdakik.com\\\/?p=75439#article\",\"isPartOf\":{\"@id\":\"https:\\\/\\\/kibrisdakik.com\\\/?p=75439\"},\"author\":{\"name\":\"admin\",\"@id\":\"https:\\\/\\\/kibrisdakik.com\\\/#\\\/schema\\\/person\\\/9cd9d437bbb44f72b73ba127e06d8e79\"},\"headline\":\"Cumhurba\u015fkan\u0131 Tatar, TMT M\u00fccahitler Derne\u011fi\u2019ni ziyaret etti:\u201cK\u0131br\u0131s\u2019ta bir antla\u015fma olacaksa toplum de\u011fil devlet d\u00fczeyinde olacak\u201d\",\"datePublished\":\"2025-02-11T15:40:29+00:00\",\"mainEntityOfPage\":{\"@id\":\"https:\\\/\\\/kibrisdakik.com\\\/?p=75439\"},\"wordCount\":676,\"commentCount\":0,\"image\":{\"@id\":\"https:\\\/\\\/kibrisdakik.com\\\/?p=75439#primaryimage\"},\"thumbnailUrl\":\"https:\\\/\\\/kibrisdakik.com\\\/wp-content\\\/uploads\\\/2025\\\/02\\\/8108410481-740x420.jpg\",\"articleSection\":[\"K\u0131br\u0131s\",\"Man\u015fet\"],\"inLanguage\":\"tr\",\"potentialAction\":[{\"@type\":\"CommentAction\",\"name\":\"Comment\",\"target\":[\"https:\\\/\\\/kibrisdakik.com\\\/?p=75439#respond\"]}]},{\"@type\":\"WebPage\",\"@id\":\"https:\\\/\\\/kibrisdakik.com\\\/?p=75439\",\"url\":\"https:\\\/\\\/kibrisdakik.com\\\/?p=75439\",\"name\":\"Cumhurba\u015fkan\u0131 Tatar, TMT M\u00fccahitler Derne\u011fi\u2019ni ziyaret etti:\u201cK\u0131br\u0131s\u2019ta bir antla\u015fma olacaksa toplum de\u011fil devlet d\u00fczeyinde olacak\u201d -\",\"isPartOf\":{\"@id\":\"https:\\\/\\\/kibrisdakik.com\\\/#website\"},\"primaryImageOfPage\":{\"@id\":\"https:\\\/\\\/kibrisdakik.com\\\/?p=75439#primaryimage\"},\"image\":{\"@id\":\"https:\\\/\\\/kibrisdakik.com\\\/?p=75439#primaryimage\"},\"thumbnailUrl\":\"https:\\\/\\\/kibrisdakik.com\\\/wp-content\\\/uploads\\\/2025\\\/02\\\/8108410481-740x420.jpg\",\"datePublished\":\"2025-02-11T15:40:29+00:00\",\"author\":{\"@id\":\"https:\\\/\\\/kibrisdakik.com\\\/#\\\/schema\\\/person\\\/9cd9d437bbb44f72b73ba127e06d8e79\"},\"breadcrumb\":{\"@id\":\"https:\\\/\\\/kibrisdakik.com\\\/?p=75439#breadcrumb\"},\"inLanguage\":\"tr\",\"potentialAction\":[{\"@type\":\"ReadAction\",\"target\":[\"https:\\\/\\\/kibrisdakik.com\\\/?p=75439\"]}]},{\"@type\":\"ImageObject\",\"inLanguage\":\"tr\",\"@id\":\"https:\\\/\\\/kibrisdakik.com\\\/?p=75439#primaryimage\",\"url\":\"https:\\\/\\\/kibrisdakik.com\\\/wp-content\\\/uploads\\\/2025\\\/02\\\/8108410481-740x420.jpg\",\"contentUrl\":\"https:\\\/\\\/kibrisdakik.com\\\/wp-content\\\/uploads\\\/2025\\\/02\\\/8108410481-740x420.jpg\",\"width\":1600,\"height\":1066},{\"@type\":\"BreadcrumbList\",\"@id\":\"https:\\\/\\\/kibrisdakik.com\\\/?p=75439#breadcrumb\",\"itemListElement\":[{\"@type\":\"ListItem\",\"position\":1,\"name\":\"Home\",\"item\":\"https:\\\/\\\/kibrisdakik.com\\\/\"},{\"@type\":\"ListItem\",\"position\":2,\"name\":\"Cumhurba\u015fkan\u0131 Tatar, TMT M\u00fccahitler Derne\u011fi\u2019ni ziyaret etti:\u201cK\u0131br\u0131s\u2019ta bir antla\u015fma olacaksa toplum de\u011fil devlet d\u00fczeyinde olacak\u201d\"}]},{\"@type\":\"WebSite\",\"@id\":\"https:\\\/\\\/kibrisdakik.com\\\/#website\",\"url\":\"https:\\\/\\\/kibrisdakik.com\\\/\",\"name\":\"\",\"description\":\"Tam vaktinde haber\",\"potentialAction\":[{\"@type\":\"SearchAction\",\"target\":{\"@type\":\"EntryPoint\",\"urlTemplate\":\"https:\\\/\\\/kibrisdakik.com\\\/?s={search_term_string}\"},\"query-input\":{\"@type\":\"PropertyValueSpecification\",\"valueRequired\":true,\"valueName\":\"search_term_string\"}}],\"inLanguage\":\"tr\"},{\"@type\":\"Person\",\"@id\":\"https:\\\/\\\/kibrisdakik.com\\\/#\\\/schema\\\/person\\\/9cd9d437bbb44f72b73ba127e06d8e79\",\"name\":\"admin\",\"image\":{\"@type\":\"ImageObject\",\"inLanguage\":\"tr\",\"@id\":\"https:\\\/\\\/secure.gravatar.com\\\/avatar\\\/ccc17943b9d660506c869530f897617f7cb1c21a4bf30023f252596d83e1f007?s=96&d=mm&r=g\",\"url\":\"https:\\\/\\\/secure.gravatar.com\\\/avatar\\\/ccc17943b9d660506c869530f897617f7cb1c21a4bf30023f252596d83e1f007?s=96&d=mm&r=g\",\"contentUrl\":\"https:\\\/\\\/secure.gravatar.com\\\/avatar\\\/ccc17943b9d660506c869530f897617f7cb1c21a4bf30023f252596d83e1f007?s=96&d=mm&r=g\",\"caption\":\"admin\"},\"sameAs\":[\"https:\\\/\\\/kibrisdakik.com\"],\"url\":\"https:\\\/\\\/kibrisdakik.com\\\/?author=1\"}]}<\/script>\n<!-- \/ Yoast SEO plugin. -->","yoast_head_json":{"title":"Cumhurba\u015fkan\u0131 Tatar, TMT M\u00fccahitler Derne\u011fi\u2019ni ziyaret etti:\u201cK\u0131br\u0131s\u2019ta bir antla\u015fma olacaksa toplum de\u011fil devlet d\u00fczeyinde olacak\u201d -","robots":{"index":"index","follow":"follow","max-snippet":"max-snippet:-1","max-image-preview":"max-image-preview:large","max-video-preview":"max-video-preview:-1"},"canonical":"https:\/\/kibrisdakik.com\/?p=75439","og_locale":"tr_TR","og_type":"article","og_title":"Cumhurba\u015fkan\u0131 Tatar, TMT M\u00fccahitler Derne\u011fi\u2019ni ziyaret etti:\u201cK\u0131br\u0131s\u2019ta bir antla\u015fma olacaksa toplum de\u011fil devlet d\u00fczeyinde olacak\u201d -","og_description":"Cumhurba\u015fkan\u0131 Ersin Tatar, T\u00fcrk Mukavemet Te\u015fkilat\u0131 (TMT) M\u00fccahitler Derne\u011fi Genel Merkezi\u2019ni ziyaret etti. Cumhurba\u015fkanl\u0131\u011f\u0131\u2019ndan yap\u0131lan a\u00e7\u0131klamaya g\u00f6re, Tatar, burada yapt\u0131\u011f\u0131 konu\u015fmada, K\u0131br\u0131s\u2019taki iki halktan biri olan K\u0131br\u0131s T\u00fcrk\u00fc\u2019n\u00fcn asli unsur oldu\u011funu belirterek, Kurucu Cumhurba\u015fkan\u0131 Rauf Denkta\u015f\u2019\u0131n her zaman devlet ve egemenlikten vazge\u00e7ilmemesi uyar\u0131s\u0131nda bulundu\u011funu s\u00f6yledi. Egemen e\u015fitlik ve e\u015fit uluslararas\u0131 stat\u00fcn\u00fcn \u00f6nemine i\u015faret eden Tatar,","og_url":"https:\/\/kibrisdakik.com\/?p=75439","article_published_time":"2025-02-11T15:40:29+00:00","og_image":[{"width":1600,"height":1066,"url":"https:\/\/kibrisdakik.com\/wp-content\/uploads\/2025\/02\/8108410481-740x420.jpg","type":"image\/jpeg"}],"author":"admin","twitter_card":"summary_large_image","twitter_misc":{"Yazan:":"admin","Tahmini okuma s\u00fcresi":"3 dakika"},"schema":{"@context":"https:\/\/schema.org","@graph":[{"@type":"Article","@id":"https:\/\/kibrisdakik.com\/?p=75439#article","isPartOf":{"@id":"https:\/\/kibrisdakik.com\/?p=75439"},"author":{"name":"admin","@id":"https:\/\/kibrisdakik.com\/#\/schema\/person\/9cd9d437bbb44f72b73ba127e06d8e79"},"headline":"Cumhurba\u015fkan\u0131 Tatar, TMT M\u00fccahitler Derne\u011fi\u2019ni ziyaret etti:\u201cK\u0131br\u0131s\u2019ta bir antla\u015fma olacaksa toplum de\u011fil devlet d\u00fczeyinde olacak\u201d","datePublished":"2025-02-11T15:40:29+00:00","mainEntityOfPage":{"@id":"https:\/\/kibrisdakik.com\/?p=75439"},"wordCount":676,"commentCount":0,"image":{"@id":"https:\/\/kibrisdakik.com\/?p=75439#primaryimage"},"thumbnailUrl":"https:\/\/kibrisdakik.com\/wp-content\/uploads\/2025\/02\/8108410481-740x420.jpg","articleSection":["K\u0131br\u0131s","Man\u015fet"],"inLanguage":"tr","potentialAction":[{"@type":"CommentAction","name":"Comment","target":["https:\/\/kibrisdakik.com\/?p=75439#respond"]}]},{"@type":"WebPage","@id":"https:\/\/kibrisdakik.com\/?p=75439","url":"https:\/\/kibrisdakik.com\/?p=75439","name":"Cumhurba\u015fkan\u0131 Tatar, TMT M\u00fccahitler Derne\u011fi\u2019ni ziyaret etti:\u201cK\u0131br\u0131s\u2019ta bir antla\u015fma olacaksa toplum de\u011fil devlet d\u00fczeyinde olacak\u201d -","isPartOf":{"@id":"https:\/\/kibrisdakik.com\/#website"},"primaryImageOfPage":{"@id":"https:\/\/kibrisdakik.com\/?p=75439#primaryimage"},"image":{"@id":"https:\/\/kibrisdakik.com\/?p=75439#primaryimage"},"thumbnailUrl":"https:\/\/kibrisdakik.com\/wp-content\/uploads\/2025\/02\/8108410481-740x420.jpg","datePublished":"2025-02-11T15:40:29+00:00","author":{"@id":"https:\/\/kibrisdakik.com\/#\/schema\/person\/9cd9d437bbb44f72b73ba127e06d8e79"},"breadcrumb":{"@id":"https:\/\/kibrisdakik.com\/?p=75439#breadcrumb"},"inLanguage":"tr","potentialAction":[{"@type":"ReadAction","target":["https:\/\/kibrisdakik.com\/?p=75439"]}]},{"@type":"ImageObject","inLanguage":"tr","@id":"https:\/\/kibrisdakik.com\/?p=75439#primaryimage","url":"https:\/\/kibrisdakik.com\/wp-content\/uploads\/2025\/02\/8108410481-740x420.jpg","contentUrl":"https:\/\/kibrisdakik.com\/wp-content\/uploads\/2025\/02\/8108410481-740x420.jpg","width":1600,"height":1066},{"@type":"BreadcrumbList","@id":"https:\/\/kibrisdakik.com\/?p=75439#breadcrumb","itemListElement":[{"@type":"ListItem","position":1,"name":"Home","item":"https:\/\/kibrisdakik.com\/"},{"@type":"ListItem","position":2,"name":"Cumhurba\u015fkan\u0131 Tatar, TMT M\u00fccahitler Derne\u011fi\u2019ni ziyaret etti:\u201cK\u0131br\u0131s\u2019ta bir antla\u015fma olacaksa toplum de\u011fil devlet d\u00fczeyinde olacak\u201d"}]},{"@type":"WebSite","@id":"https:\/\/kibrisdakik.com\/#website","url":"https:\/\/kibrisdakik.com\/","name":"","description":"Tam vaktinde haber","potentialAction":[{"@type":"SearchAction","target":{"@type":"EntryPoint","urlTemplate":"https:\/\/kibrisdakik.com\/?s={search_term_string}"},"query-input":{"@type":"PropertyValueSpecification","valueRequired":true,"valueName":"search_term_string"}}],"inLanguage":"tr"},{"@type":"Person","@id":"https:\/\/kibrisdakik.com\/#\/schema\/person\/9cd9d437bbb44f72b73ba127e06d8e79","name":"admin","image":{"@type":"ImageObject","inLanguage":"tr","@id":"https:\/\/secure.gravatar.com\/avatar\/ccc17943b9d660506c869530f897617f7cb1c21a4bf30023f252596d83e1f007?s=96&d=mm&r=g","url":"https:\/\/secure.gravatar.com\/avatar\/ccc17943b9d660506c869530f897617f7cb1c21a4bf30023f252596d83e1f007?s=96&d=mm&r=g","contentUrl":"https:\/\/secure.gravatar.com\/avatar\/ccc17943b9d660506c869530f897617f7cb1c21a4bf30023f252596d83e1f007?s=96&d=mm&r=g","caption":"admin"},"sameAs":["https:\/\/kibrisdakik.com"],"url":"https:\/\/kibrisdakik.com\/?author=1"}]}},"_links":{"self":[{"href":"https:\/\/kibrisdakik.com\/index.php?rest_route=\/wp\/v2\/posts\/75439","targetHints":{"allow":["GET"]}}],"collection":[{"href":"https:\/\/kibrisdakik.com\/index.php?rest_route=\/wp\/v2\/posts"}],"about":[{"href":"https:\/\/kibrisdakik.com\/index.php?rest_route=\/wp\/v2\/types\/post"}],"author":[{"embeddable":true,"href":"https:\/\/kibrisdakik.com\/index.php?rest_route=\/wp\/v2\/users\/1"}],"replies":[{"embeddable":true,"href":"https:\/\/kibrisdakik.com\/index.php?rest_route=%2Fwp%2Fv2%2Fcomments&post=75439"}],"version-history":[{"count":0,"href":"https:\/\/kibrisdakik.com\/index.php?rest_route=\/wp\/v2\/posts\/75439\/revisions"}],"wp:featuredmedia":[{"embeddable":true,"href":"https:\/\/kibrisdakik.com\/index.php?rest_route=\/wp\/v2\/media\/75440"}],"wp:attachment":[{"href":"https:\/\/kibrisdakik.com\/index.php?rest_route=%2Fwp%2Fv2%2Fmedia&parent=75439"}],"wp:term":[{"taxonomy":"category","embeddable":true,"href":"https:\/\/kibrisdakik.com\/index.php?rest_route=%2Fwp%2Fv2%2Fcategories&post=75439"},{"taxonomy":"post_tag","embeddable":true,"href":"https:\/\/kibrisdakik.com\/index.php?rest_route=%2Fwp%2Fv2%2Ftags&post=75439"}],"curies":[{"name":"wp","href":"https:\/\/api.w.org\/{rel}","templated":true}]}}