{"id":75441,"date":"2025-02-11T18:43:47","date_gmt":"2025-02-11T15:43:47","guid":{"rendered":"https:\/\/kibrisdakik.com\/index.php\/2025\/02\/11\/gonyelideki-yol-aydinlatma-sorunu-icin-is-birligine-gidiliyor\/"},"modified":"2025-02-11T18:43:47","modified_gmt":"2025-02-11T15:43:47","slug":"gonyelideki-yol-aydinlatma-sorunu-icin-is-birligine-gidiliyor","status":"publish","type":"post","link":"https:\/\/kibrisdakik.com\/?p=75441","title":{"rendered":"G\u00f6nyeli\u2019deki yol ayd\u0131nlatma sorunu i\u00e7in i\u015f birli\u011fine gidiliyor"},"content":{"rendered":"<div>\n<div class=\"mariselle-image-container center\">\n                                            <\/div>\n<p>Bay\u0131nd\u0131rl\u0131k ve Ula\u015ft\u0131rma Bakanl\u0131\u011f\u0131\u2019na ba\u011fl\u0131 Karayollar\u0131 Dairesi, G\u00f6nyeli Alayk\u00f6y Belediyesi ve K\u0131br\u0131s T\u00fcrk Elektrik Kurumu (K\u0131b-Tek),  belediye s\u0131n\u0131rlar\u0131 i\u00e7indeki ana arterlerin ayd\u0131nlatma sorununu \u00e7\u00f6zmek i\u00e7in i\u015f birli\u011fi karar\u0131 ald\u0131.<\/p>\n<p>Bakanl\u0131k Bas\u0131n B\u00fcrosu\u2019ndan verilen bilgiye g\u00f6re, bu kapsamda bug\u00fcn G\u00f6nyeli Alayk\u00f6y Belediyesi\u2019nde bir toplant\u0131 d\u00fczenlendi.<\/p>\n<p>Toplant\u0131ya, G\u00f6nyeli Alayk\u00f6y Belediye Ba\u015fkan\u0131 H\u00fcseyin Amcao\u011flu, Karayollar\u0131 Dairesi M\u00fcd\u00fcr\u00fc Kaz\u0131m Kafao\u011flu, K\u0131b-Tek Y\u00f6netim Kurulu Ba\u015fkan\u0131 H\u00fcseyin Pa\u015fa ve K\u0131b-Tek Genel M\u00fcd\u00fcr\u00fc Dalman Ayd\u0131n kat\u0131ld\u0131.<\/p>\n<p>Toplant\u0131da al\u0131nan karara g\u00f6re, G\u00f6nyeli-G\u00fczelyurt Anayolu\u2019nda, belediye s\u0131n\u0131rlar\u0131 i\u00e7inde kalan ayd\u0131nlatma sistemleri kal\u0131c\u0131 olarak tamir edilecek.<\/p>\n<p>Bu kapsamda, Karayollar\u0131 Dairesi malzeme deste\u011finde bulunacak, K\u0131b-Tek ise teknisyen deste\u011fi sa\u011flayacak ve malzeme temin edecek.<\/p>\n<p>Toplant\u0131da ayr\u0131ca Polis Genel M\u00fcd\u00fcrl\u00fc\u011f\u00fc ve Karayollar\u0131 Dairesi\u2019nin uygun g\u00f6rece\u011fi bir noktaya h\u0131z tespit kameras\u0131 konmas\u0131 konusunda da g\u00f6r\u00fc\u015f birli\u011fine var\u0131ld\u0131.<\/p>\n<p><strong>-Ar\u0131kl\u0131: \u201cAmac\u0131m\u0131z yol ayd\u0131nlatmalar\u0131 konusunda eksiklikleri gidermek\u201d<\/strong><\/p>\n<p>Konuyla ilgili a\u00e7\u0131klamada bulunan Bay\u0131nd\u0131rl\u0131k ve Ula\u015ft\u0131rma Bakan\u0131 Erhan Ar\u0131kl\u0131, ya\u015fanan \u00fcz\u00fcc\u00fc can kay\u0131plar\u0131 nedeniyle ayd\u0131nlatma sorununun acil \u00e7\u00f6z\u00fcm\u00fc i\u00e7in Karayollar\u0131 Dairesi, G\u00f6nyeli Alayk\u00f6y Belediyesi ve K\u0131b-Tek\u2019in i\u015f birli\u011fi yapt\u0131\u011f\u0131n\u0131 belirterek, bu i\u015f birli\u011fini \u00fclke genelinde yayg\u0131nla\u015ft\u0131rmak i\u00e7in \u00e7al\u0131\u015facaklar\u0131n\u0131 vurgulad\u0131.<\/p>\n<p>\u201cBir bu\u00e7uk y\u0131l \u00f6nce yerel y\u00f6netimlerle birlikte ana arterlerdeki ayd\u0131nlatma sistemlerinin bak\u0131m ve onar\u0131m\u0131 i\u00e7in bir \u00e7al\u0131\u015fma ba\u015flatt\u0131klar\u0131n\u0131 hat\u0131rlatan Ar\u0131kl\u0131, \u201cAmac\u0131m\u0131z, mevcut ayd\u0131nlatma sistemlerinin bak\u0131m onar\u0131m i\u015flerine ek olarak, \u00fclkede hangi noktalarda yol ayd\u0131nlatmas\u0131na ihtiya\u00e7 duyuldu\u011funu tespit etmek ve eksiklikleri gidermek.\u201d dedi.<\/p>\n<p>Ar\u0131kl\u0131, \u00fclkede trafik g\u00fcvenli\u011finin art\u0131r\u0131lmas\u0131 i\u00e7in altyap\u0131 eksikliklerinin giderilmesi konusunda da \u00e7al\u0131\u015fmaya devam edeceklerini, s\u00fcr\u00fcc\u00fclerin de kurallara uyarak ve ba\u015fkalar\u0131n\u0131n can ve mal g\u00fcvenli\u011fine sayg\u0131 duyarak sorumluluklar\u0131n\u0131 yerine getirmeleri gerekti\u011fini ifade etti<\/p>\n<p><strong>-Amcao\u011flu: \u201cOrta ref\u00fcje tel \u00e7ekilmesi i\u00e7in \u00e7al\u0131\u015fma ba\u015flataca\u011f\u0131z\u201d<\/strong><\/p>\n<p>G\u00f6nyeli Alayk\u00f6y Belediye Ba\u015fkan\u0131 H\u00fcseyin Amcao\u011flu ise belediye s\u0131n\u0131rlar\u0131 i\u00e7erisinde kalan yol ayd\u0131nlatma sistemlerinin kal\u0131c\u0131 olarak tamirat\u0131 i\u00e7in seferber olacaklar\u0131n\u0131 belirtirken, G\u00f6nyeli-G\u00fczelyurt Anayolu\u2019nun kent i\u00e7inde kalan k\u0131sm\u0131nda yayalar\u0131n kar\u015f\u0131dan kar\u015f\u0131ya ge\u00e7mesini engellemek i\u00e7in orta ref\u00fcje tel \u00e7ekilmesi i\u00e7in \u00e7al\u0131\u015fma ba\u015flatacaklar\u0131n\u0131 belirtti.<\/p>\n<p>Amcao\u011flu, yayalar\u0131n yolun kar\u015f\u0131s\u0131na hayatlar\u0131n\u0131 tehlikeye atmadan ge\u00e7ebilmeleri i\u00e7in \u00fcst ge\u00e7it yap\u0131lmas\u0131 konusunda da giri\u015fim ba\u015flatt\u0131\u011f\u0131n\u0131 kaydetti.<\/p>\n<\/p><\/div>\n<p><script async\n                    defer\n                    crossorigin=\"anonymous\"\n                    src=\"https:\/\/connect.facebook.net\/tr_TR\/sdk.js#xfbml=1&#038;version=v3.3\"\n            ><\/script><\/p>\n","protected":false},"excerpt":{"rendered":"<p>Bay\u0131nd\u0131rl\u0131k ve Ula\u015ft\u0131rma Bakanl\u0131\u011f\u0131\u2019na ba\u011fl\u0131 Karayollar\u0131 Dairesi, G\u00f6nyeli Alayk\u00f6y Belediyesi ve K\u0131br\u0131s T\u00fcrk Elektrik Kurumu (K\u0131b-Tek), belediye s\u0131n\u0131rlar\u0131 i\u00e7indeki ana arterlerin ayd\u0131nlatma sorununu \u00e7\u00f6zmek i\u00e7in i\u015f birli\u011fi karar\u0131 ald\u0131. Bakanl\u0131k Bas\u0131n B\u00fcrosu\u2019ndan verilen bilgiye g\u00f6re, bu kapsamda bug\u00fcn G\u00f6nyeli Alayk\u00f6y Belediyesi\u2019nde bir toplant\u0131 d\u00fczenlendi. Toplant\u0131ya, G\u00f6nyeli Alayk\u00f6y Belediye Ba\u015fkan\u0131 H\u00fcseyin Amcao\u011flu, Karayollar\u0131 Dairesi M\u00fcd\u00fcr\u00fc Kaz\u0131m<\/p>\n","protected":false},"author":1,"featured_media":75442,"comment_status":"open","ping_status":"open","sticky":false,"template":"","format":"standard","meta":{"footnotes":""},"categories":[81,101],"tags":[],"class_list":["post-75441","post","type-post","status-publish","format-standard","has-post-thumbnail","hentry","category-kibris","category-manset"],"yoast_head":"<!-- This site is optimized with the Yoast SEO plugin v27.4 - https:\/\/yoast.com\/product\/yoast-seo-wordpress\/ -->\n<title>G\u00f6nyeli\u2019deki yol ayd\u0131nlatma sorunu i\u00e7in i\u015f birli\u011fine gidiliyor -<\/title>\n<meta name=\"robots\" content=\"index, follow, max-snippet:-1, max-image-preview:large, max-video-preview:-1\" \/>\n<link rel=\"canonical\" href=\"https:\/\/kibrisdakik.com\/?p=75441\" \/>\n<meta property=\"og:locale\" content=\"tr_TR\" \/>\n<meta property=\"og:type\" content=\"article\" \/>\n<meta property=\"og:title\" content=\"G\u00f6nyeli\u2019deki yol ayd\u0131nlatma sorunu i\u00e7in i\u015f birli\u011fine gidiliyor -\" \/>\n<meta property=\"og:description\" content=\"Bay\u0131nd\u0131rl\u0131k ve Ula\u015ft\u0131rma Bakanl\u0131\u011f\u0131\u2019na ba\u011fl\u0131 Karayollar\u0131 Dairesi, G\u00f6nyeli Alayk\u00f6y Belediyesi ve K\u0131br\u0131s T\u00fcrk Elektrik Kurumu (K\u0131b-Tek), belediye s\u0131n\u0131rlar\u0131 i\u00e7indeki ana arterlerin ayd\u0131nlatma sorununu \u00e7\u00f6zmek i\u00e7in i\u015f birli\u011fi karar\u0131 ald\u0131. Bakanl\u0131k Bas\u0131n B\u00fcrosu\u2019ndan verilen bilgiye g\u00f6re, bu kapsamda bug\u00fcn G\u00f6nyeli Alayk\u00f6y Belediyesi\u2019nde bir toplant\u0131 d\u00fczenlendi. Toplant\u0131ya, G\u00f6nyeli Alayk\u00f6y Belediye Ba\u015fkan\u0131 H\u00fcseyin Amcao\u011flu, Karayollar\u0131 Dairesi M\u00fcd\u00fcr\u00fc Kaz\u0131m\" \/>\n<meta property=\"og:url\" content=\"https:\/\/kibrisdakik.com\/?p=75441\" \/>\n<meta property=\"article:published_time\" content=\"2025-02-11T15:43:47+00:00\" \/>\n<meta property=\"og:image\" content=\"https:\/\/kibrisdakik.com\/wp-content\/uploads\/2025\/02\/921841947-740x420.jpg\" \/>\n\t<meta property=\"og:image:width\" content=\"1600\" \/>\n\t<meta property=\"og:image:height\" content=\"947\" \/>\n\t<meta property=\"og:image:type\" content=\"image\/jpeg\" \/>\n<meta name=\"author\" content=\"admin\" \/>\n<meta name=\"twitter:card\" content=\"summary_large_image\" \/>\n<meta name=\"twitter:label1\" content=\"Yazan:\" \/>\n\t<meta name=\"twitter:data1\" content=\"admin\" \/>\n\t<meta name=\"twitter:label2\" content=\"Tahmini okuma s\u00fcresi\" \/>\n\t<meta name=\"twitter:data2\" content=\"2 dakika\" \/>\n<script type=\"application\/ld+json\" class=\"yoast-schema-graph\">{\"@context\":\"https:\\\/\\\/schema.org\",\"@graph\":[{\"@type\":\"Article\",\"@id\":\"https:\\\/\\\/kibrisdakik.com\\\/?p=75441#article\",\"isPartOf\":{\"@id\":\"https:\\\/\\\/kibrisdakik.com\\\/?p=75441\"},\"author\":{\"name\":\"admin\",\"@id\":\"https:\\\/\\\/kibrisdakik.com\\\/#\\\/schema\\\/person\\\/9cd9d437bbb44f72b73ba127e06d8e79\"},\"headline\":\"G\u00f6nyeli\u2019deki yol ayd\u0131nlatma sorunu i\u00e7in i\u015f birli\u011fine gidiliyor\",\"datePublished\":\"2025-02-11T15:43:47+00:00\",\"mainEntityOfPage\":{\"@id\":\"https:\\\/\\\/kibrisdakik.com\\\/?p=75441\"},\"wordCount\":512,\"commentCount\":0,\"image\":{\"@id\":\"https:\\\/\\\/kibrisdakik.com\\\/?p=75441#primaryimage\"},\"thumbnailUrl\":\"https:\\\/\\\/kibrisdakik.com\\\/wp-content\\\/uploads\\\/2025\\\/02\\\/921841947-740x420.jpg\",\"articleSection\":[\"K\u0131br\u0131s\",\"Man\u015fet\"],\"inLanguage\":\"tr\",\"potentialAction\":[{\"@type\":\"CommentAction\",\"name\":\"Comment\",\"target\":[\"https:\\\/\\\/kibrisdakik.com\\\/?p=75441#respond\"]}]},{\"@type\":\"WebPage\",\"@id\":\"https:\\\/\\\/kibrisdakik.com\\\/?p=75441\",\"url\":\"https:\\\/\\\/kibrisdakik.com\\\/?p=75441\",\"name\":\"G\u00f6nyeli\u2019deki yol ayd\u0131nlatma sorunu i\u00e7in i\u015f birli\u011fine gidiliyor -\",\"isPartOf\":{\"@id\":\"https:\\\/\\\/kibrisdakik.com\\\/#website\"},\"primaryImageOfPage\":{\"@id\":\"https:\\\/\\\/kibrisdakik.com\\\/?p=75441#primaryimage\"},\"image\":{\"@id\":\"https:\\\/\\\/kibrisdakik.com\\\/?p=75441#primaryimage\"},\"thumbnailUrl\":\"https:\\\/\\\/kibrisdakik.com\\\/wp-content\\\/uploads\\\/2025\\\/02\\\/921841947-740x420.jpg\",\"datePublished\":\"2025-02-11T15:43:47+00:00\",\"author\":{\"@id\":\"https:\\\/\\\/kibrisdakik.com\\\/#\\\/schema\\\/person\\\/9cd9d437bbb44f72b73ba127e06d8e79\"},\"breadcrumb\":{\"@id\":\"https:\\\/\\\/kibrisdakik.com\\\/?p=75441#breadcrumb\"},\"inLanguage\":\"tr\",\"potentialAction\":[{\"@type\":\"ReadAction\",\"target\":[\"https:\\\/\\\/kibrisdakik.com\\\/?p=75441\"]}]},{\"@type\":\"ImageObject\",\"inLanguage\":\"tr\",\"@id\":\"https:\\\/\\\/kibrisdakik.com\\\/?p=75441#primaryimage\",\"url\":\"https:\\\/\\\/kibrisdakik.com\\\/wp-content\\\/uploads\\\/2025\\\/02\\\/921841947-740x420.jpg\",\"contentUrl\":\"https:\\\/\\\/kibrisdakik.com\\\/wp-content\\\/uploads\\\/2025\\\/02\\\/921841947-740x420.jpg\",\"width\":1600,\"height\":947},{\"@type\":\"BreadcrumbList\",\"@id\":\"https:\\\/\\\/kibrisdakik.com\\\/?p=75441#breadcrumb\",\"itemListElement\":[{\"@type\":\"ListItem\",\"position\":1,\"name\":\"Home\",\"item\":\"https:\\\/\\\/kibrisdakik.com\\\/\"},{\"@type\":\"ListItem\",\"position\":2,\"name\":\"G\u00f6nyeli\u2019deki yol ayd\u0131nlatma sorunu i\u00e7in i\u015f birli\u011fine gidiliyor\"}]},{\"@type\":\"WebSite\",\"@id\":\"https:\\\/\\\/kibrisdakik.com\\\/#website\",\"url\":\"https:\\\/\\\/kibrisdakik.com\\\/\",\"name\":\"\",\"description\":\"Tam vaktinde haber\",\"potentialAction\":[{\"@type\":\"SearchAction\",\"target\":{\"@type\":\"EntryPoint\",\"urlTemplate\":\"https:\\\/\\\/kibrisdakik.com\\\/?s={search_term_string}\"},\"query-input\":{\"@type\":\"PropertyValueSpecification\",\"valueRequired\":true,\"valueName\":\"search_term_string\"}}],\"inLanguage\":\"tr\"},{\"@type\":\"Person\",\"@id\":\"https:\\\/\\\/kibrisdakik.com\\\/#\\\/schema\\\/person\\\/9cd9d437bbb44f72b73ba127e06d8e79\",\"name\":\"admin\",\"image\":{\"@type\":\"ImageObject\",\"inLanguage\":\"tr\",\"@id\":\"https:\\\/\\\/secure.gravatar.com\\\/avatar\\\/ccc17943b9d660506c869530f897617f7cb1c21a4bf30023f252596d83e1f007?s=96&d=mm&r=g\",\"url\":\"https:\\\/\\\/secure.gravatar.com\\\/avatar\\\/ccc17943b9d660506c869530f897617f7cb1c21a4bf30023f252596d83e1f007?s=96&d=mm&r=g\",\"contentUrl\":\"https:\\\/\\\/secure.gravatar.com\\\/avatar\\\/ccc17943b9d660506c869530f897617f7cb1c21a4bf30023f252596d83e1f007?s=96&d=mm&r=g\",\"caption\":\"admin\"},\"sameAs\":[\"https:\\\/\\\/kibrisdakik.com\"],\"url\":\"https:\\\/\\\/kibrisdakik.com\\\/?author=1\"}]}<\/script>\n<!-- \/ Yoast SEO plugin. -->","yoast_head_json":{"title":"G\u00f6nyeli\u2019deki yol ayd\u0131nlatma sorunu i\u00e7in i\u015f birli\u011fine gidiliyor -","robots":{"index":"index","follow":"follow","max-snippet":"max-snippet:-1","max-image-preview":"max-image-preview:large","max-video-preview":"max-video-preview:-1"},"canonical":"https:\/\/kibrisdakik.com\/?p=75441","og_locale":"tr_TR","og_type":"article","og_title":"G\u00f6nyeli\u2019deki yol ayd\u0131nlatma sorunu i\u00e7in i\u015f birli\u011fine gidiliyor -","og_description":"Bay\u0131nd\u0131rl\u0131k ve Ula\u015ft\u0131rma Bakanl\u0131\u011f\u0131\u2019na ba\u011fl\u0131 Karayollar\u0131 Dairesi, G\u00f6nyeli Alayk\u00f6y Belediyesi ve K\u0131br\u0131s T\u00fcrk Elektrik Kurumu (K\u0131b-Tek), belediye s\u0131n\u0131rlar\u0131 i\u00e7indeki ana arterlerin ayd\u0131nlatma sorununu \u00e7\u00f6zmek i\u00e7in i\u015f birli\u011fi karar\u0131 ald\u0131. Bakanl\u0131k Bas\u0131n B\u00fcrosu\u2019ndan verilen bilgiye g\u00f6re, bu kapsamda bug\u00fcn G\u00f6nyeli Alayk\u00f6y Belediyesi\u2019nde bir toplant\u0131 d\u00fczenlendi. Toplant\u0131ya, G\u00f6nyeli Alayk\u00f6y Belediye Ba\u015fkan\u0131 H\u00fcseyin Amcao\u011flu, Karayollar\u0131 Dairesi M\u00fcd\u00fcr\u00fc Kaz\u0131m","og_url":"https:\/\/kibrisdakik.com\/?p=75441","article_published_time":"2025-02-11T15:43:47+00:00","og_image":[{"width":1600,"height":947,"url":"https:\/\/kibrisdakik.com\/wp-content\/uploads\/2025\/02\/921841947-740x420.jpg","type":"image\/jpeg"}],"author":"admin","twitter_card":"summary_large_image","twitter_misc":{"Yazan:":"admin","Tahmini okuma s\u00fcresi":"2 dakika"},"schema":{"@context":"https:\/\/schema.org","@graph":[{"@type":"Article","@id":"https:\/\/kibrisdakik.com\/?p=75441#article","isPartOf":{"@id":"https:\/\/kibrisdakik.com\/?p=75441"},"author":{"name":"admin","@id":"https:\/\/kibrisdakik.com\/#\/schema\/person\/9cd9d437bbb44f72b73ba127e06d8e79"},"headline":"G\u00f6nyeli\u2019deki yol ayd\u0131nlatma sorunu i\u00e7in i\u015f birli\u011fine gidiliyor","datePublished":"2025-02-11T15:43:47+00:00","mainEntityOfPage":{"@id":"https:\/\/kibrisdakik.com\/?p=75441"},"wordCount":512,"commentCount":0,"image":{"@id":"https:\/\/kibrisdakik.com\/?p=75441#primaryimage"},"thumbnailUrl":"https:\/\/kibrisdakik.com\/wp-content\/uploads\/2025\/02\/921841947-740x420.jpg","articleSection":["K\u0131br\u0131s","Man\u015fet"],"inLanguage":"tr","potentialAction":[{"@type":"CommentAction","name":"Comment","target":["https:\/\/kibrisdakik.com\/?p=75441#respond"]}]},{"@type":"WebPage","@id":"https:\/\/kibrisdakik.com\/?p=75441","url":"https:\/\/kibrisdakik.com\/?p=75441","name":"G\u00f6nyeli\u2019deki yol ayd\u0131nlatma sorunu i\u00e7in i\u015f birli\u011fine gidiliyor -","isPartOf":{"@id":"https:\/\/kibrisdakik.com\/#website"},"primaryImageOfPage":{"@id":"https:\/\/kibrisdakik.com\/?p=75441#primaryimage"},"image":{"@id":"https:\/\/kibrisdakik.com\/?p=75441#primaryimage"},"thumbnailUrl":"https:\/\/kibrisdakik.com\/wp-content\/uploads\/2025\/02\/921841947-740x420.jpg","datePublished":"2025-02-11T15:43:47+00:00","author":{"@id":"https:\/\/kibrisdakik.com\/#\/schema\/person\/9cd9d437bbb44f72b73ba127e06d8e79"},"breadcrumb":{"@id":"https:\/\/kibrisdakik.com\/?p=75441#breadcrumb"},"inLanguage":"tr","potentialAction":[{"@type":"ReadAction","target":["https:\/\/kibrisdakik.com\/?p=75441"]}]},{"@type":"ImageObject","inLanguage":"tr","@id":"https:\/\/kibrisdakik.com\/?p=75441#primaryimage","url":"https:\/\/kibrisdakik.com\/wp-content\/uploads\/2025\/02\/921841947-740x420.jpg","contentUrl":"https:\/\/kibrisdakik.com\/wp-content\/uploads\/2025\/02\/921841947-740x420.jpg","width":1600,"height":947},{"@type":"BreadcrumbList","@id":"https:\/\/kibrisdakik.com\/?p=75441#breadcrumb","itemListElement":[{"@type":"ListItem","position":1,"name":"Home","item":"https:\/\/kibrisdakik.com\/"},{"@type":"ListItem","position":2,"name":"G\u00f6nyeli\u2019deki yol ayd\u0131nlatma sorunu i\u00e7in i\u015f birli\u011fine gidiliyor"}]},{"@type":"WebSite","@id":"https:\/\/kibrisdakik.com\/#website","url":"https:\/\/kibrisdakik.com\/","name":"","description":"Tam vaktinde haber","potentialAction":[{"@type":"SearchAction","target":{"@type":"EntryPoint","urlTemplate":"https:\/\/kibrisdakik.com\/?s={search_term_string}"},"query-input":{"@type":"PropertyValueSpecification","valueRequired":true,"valueName":"search_term_string"}}],"inLanguage":"tr"},{"@type":"Person","@id":"https:\/\/kibrisdakik.com\/#\/schema\/person\/9cd9d437bbb44f72b73ba127e06d8e79","name":"admin","image":{"@type":"ImageObject","inLanguage":"tr","@id":"https:\/\/secure.gravatar.com\/avatar\/ccc17943b9d660506c869530f897617f7cb1c21a4bf30023f252596d83e1f007?s=96&d=mm&r=g","url":"https:\/\/secure.gravatar.com\/avatar\/ccc17943b9d660506c869530f897617f7cb1c21a4bf30023f252596d83e1f007?s=96&d=mm&r=g","contentUrl":"https:\/\/secure.gravatar.com\/avatar\/ccc17943b9d660506c869530f897617f7cb1c21a4bf30023f252596d83e1f007?s=96&d=mm&r=g","caption":"admin"},"sameAs":["https:\/\/kibrisdakik.com"],"url":"https:\/\/kibrisdakik.com\/?author=1"}]}},"_links":{"self":[{"href":"https:\/\/kibrisdakik.com\/index.php?rest_route=\/wp\/v2\/posts\/75441","targetHints":{"allow":["GET"]}}],"collection":[{"href":"https:\/\/kibrisdakik.com\/index.php?rest_route=\/wp\/v2\/posts"}],"about":[{"href":"https:\/\/kibrisdakik.com\/index.php?rest_route=\/wp\/v2\/types\/post"}],"author":[{"embeddable":true,"href":"https:\/\/kibrisdakik.com\/index.php?rest_route=\/wp\/v2\/users\/1"}],"replies":[{"embeddable":true,"href":"https:\/\/kibrisdakik.com\/index.php?rest_route=%2Fwp%2Fv2%2Fcomments&post=75441"}],"version-history":[{"count":0,"href":"https:\/\/kibrisdakik.com\/index.php?rest_route=\/wp\/v2\/posts\/75441\/revisions"}],"wp:featuredmedia":[{"embeddable":true,"href":"https:\/\/kibrisdakik.com\/index.php?rest_route=\/wp\/v2\/media\/75442"}],"wp:attachment":[{"href":"https:\/\/kibrisdakik.com\/index.php?rest_route=%2Fwp%2Fv2%2Fmedia&parent=75441"}],"wp:term":[{"taxonomy":"category","embeddable":true,"href":"https:\/\/kibrisdakik.com\/index.php?rest_route=%2Fwp%2Fv2%2Fcategories&post=75441"},{"taxonomy":"post_tag","embeddable":true,"href":"https:\/\/kibrisdakik.com\/index.php?rest_route=%2Fwp%2Fv2%2Ftags&post=75441"}],"curies":[{"name":"wp","href":"https:\/\/api.w.org\/{rel}","templated":true}]}}