{"id":75489,"date":"2025-02-12T14:51:04","date_gmt":"2025-02-12T11:51:04","guid":{"rendered":"https:\/\/kibrisdakik.com\/index.php\/2025\/02\/12\/karpazda-siddetli-dolu-yagisi-zarara-neden-oldu\/"},"modified":"2025-02-12T14:51:04","modified_gmt":"2025-02-12T11:51:04","slug":"karpazda-siddetli-dolu-yagisi-zarara-neden-oldu","status":"publish","type":"post","link":"https:\/\/kibrisdakik.com\/?p=75489","title":{"rendered":"Karpaz\u2019da \u015fiddetli dolu ya\u011f\u0131\u015f\u0131 zarara neden oldu"},"content":{"rendered":"<div>\n<div class=\"mariselle-image-container center\">\n                                            <\/div>\n<p>Karpaz b\u00f6lgesinde etkili olan \u015fiddetli dolu \u00f6zellikle Yenierenk\u00f6y, Ye\u015filk\u00f6y, Sipahi ve Ada\u00e7ay\u2019da zarara neden oldu. Dolu ya\u011f\u0131\u015f\u0131 nedeniyle baz\u0131 ana yollar bir s\u00fcreli\u011fine trafi\u011fe kapand\u0131. Doludan dolay\u0131 baz\u0131 ev, mand\u0131ra ve garaj damlar\u0131nda \u00e7\u00f6kmeler oldu. Baz\u0131 evleri de su bast\u0131.<\/p>\n<p>Ba\u015fbakanl\u0131\u011fa ba\u011fl\u0131 Afet Acil Durum Komitesi Ba\u015fkan\u0131, Ba\u015fbakanl\u0131k M\u00fcste\u015far\u0131 H\u00fcseyin Cahito\u011flu, b\u00f6lgede hasar ve zarar tespit \u00e7al\u0131\u015fmalar\u0131 ba\u015flat\u0131ld\u0131\u011f\u0131n\u0131; Kaymakaml\u0131k, belediye, polis ve Sivil Savunma Te\u015fkilat\u0131\u2019n\u0131n b\u00f6lgedeki \u00e7al\u0131\u015fmalar\u0131n\u0131n s\u00fcrd\u00fc\u011f\u00fcn\u00fc a\u00e7\u0131klad\u0131.<\/p>\n<p>Dolu ya\u011f\u0131\u015f\u0131 nedeniyle kar\u0131 and\u0131ran manzaralar\u0131n tad\u0131n\u0131 \u00e7\u0131karan vatanda\u015flar da oldu.<br \/><strong><br \/>-Bak\u0131rc\u0131<\/strong><\/p>\n<p>TAK muhabirinin sorular\u0131n\u0131 yan\u0131tlayan Erenk\u00f6y- Karpaz Belediye Ba\u015fkan\u0131 Hamit Bak\u0131rc\u0131, baz\u0131 ev ve garajlar\u0131n damlar\u0131nda hasar olu\u015ftu\u011funu, baz\u0131 evleri de su bast\u0131\u011f\u0131n\u0131 s\u00f6yledi. Baz\u0131 mand\u0131ralar\u0131n damlar\u0131n\u0131n \u00e7\u00f6kt\u00fc\u011f\u00fcn\u00fc, alt\u0131nda kalan hayvanlar oldu\u011funu kaydeden Bak\u0131rc\u0131, hasar tespit \u00e7al\u0131\u015fmalar\u0131n\u0131n s\u00fcrd\u00fc\u011f\u00fcn\u00fc kaydetti.<\/p>\n<p>Dolu ya\u011f\u0131\u015f\u0131n\u0131n Sipahi, Ada\u00e7ay ve Yenierenk\u00f6y\u2019de etkili oldu\u011funu s\u00f6yleyen Bak\u0131rc\u0131, sabahtan beri b\u00f6lgede olduklar\u0131n\u0131, yollar\u0131 a\u00e7mak i\u00e7in u\u011fra\u015ft\u0131klar\u0131n\u0131 ve hemen hemen b\u00fct\u00fcn yollar\u0131n a\u00e7\u0131ld\u0131\u011f\u0131n\u0131 ancak birka\u00e7 ara yolda \u00e7al\u0131\u015fmalar\u0131n s\u00fcrd\u00fc\u011f\u00fcn\u00fc ifade etti.<\/p>\n<p>Hamit Bak\u0131rc\u0131, dolu ya\u011f\u0131\u015f\u0131n\u0131n kaygan zemin olu\u015fturmas\u0131 nedeniyle bir s\u00fcre ara\u00e7lar\u0131n ilerleyemedi\u011fini ve yollar\u0131n kapand\u0131\u011f\u0131n\u0131 belirtti.  Bak\u0131rc\u0131, Yenierenk\u00f6y\u2019\u00fcn giri\u015finden Sipahi\u2019ye kadar olan yolda bir s\u00fcre b\u00f6yle bir s\u0131k\u0131nt\u0131 ya\u015fand\u0131\u011f\u0131n\u0131 ancak yollar\u0131n b\u00fcy\u00fck bir b\u00f6l\u00fcm\u00fcn\u00fcn doludan temizlendi\u011fini s\u00f6yledi.<\/p>\n<p><strong> -Cahito\u011flu: \u201c\u00c7al\u0131\u015fmalar\u0131m\u0131z\u0131 s\u00fcrd\u00fcr\u00fcyoruz\u201d<\/strong><\/p>\n<p>\u00d6te yandan Ba\u015fbakanl\u0131\u011fa ba\u011fl\u0131 Afet Acil Durum Komitesi Ba\u015fkan\u0131, Ba\u015fbakanl\u0131k M\u00fcste\u015far\u0131 H\u00fcseyin Cahito\u011flu, \u0130skele il\u00e7esine ba\u011fl\u0131 Yenierenk\u00f6y, Ye\u015filk\u00f6y, Sipahi ve Ada\u00e7ay\u2019da ya\u015fanan yo\u011fun dolu ya\u011f\u0131\u015f\u0131yla ilgili \u0130skele Kaymakaml\u0131\u011f\u0131\u2019n\u0131n b\u00f6lgede hasar tespit \u00e7al\u0131\u015fmalar\u0131na ba\u015flad\u0131\u011f\u0131n\u0131 belirtti.<\/p>\n<p>Cahito\u011flu, \u201cErenk\u00f6y Karpaz Belediyesi ve \u0130skele Polis M\u00fcd\u00fcrl\u00fc\u011f\u00fc yollar\u0131n a\u00e7\u0131lmas\u0131 i\u00e7in \u00e7al\u0131\u015fmalar\u0131na devam etmektedir. \u0130skele Belediyesi yollar\u0131n bir an \u00f6nce a\u00e7\u0131lmas\u0131 i\u00e7in b\u00f6lgeye greyder g\u00f6ndermi\u015ftir. \u0130skele Kaymakaml\u0131\u011f\u0131, Erenk\u00f6y Karpaz Belediyesi, polis, Sivil Savunma ve muhtarlar\u0131m\u0131zla birlikte b\u00f6lgede \u00e7al\u0131\u015fmalar\u0131m\u0131z\u0131 s\u00fcrd\u00fcrmekteyiz.\u201d ifadelerini kulland\u0131.<\/p>\n<p>H\u00fcseyin Cahito\u011flu ayr\u0131ca, Tar\u0131m ve Do\u011fal kaynaklar  Bakanl\u0131\u011f\u0131\u2019n\u0131n da \u00fcreticinin yan\u0131nda oldu\u011funu vurgulayarak Tar\u0131m Dairesi, Hayvanc\u0131l\u0131k Dairesi ve Genel Tar\u0131m Sigortasi Fonu teknik ekiplerinin  b\u00f6lgede hasar tespiti i\u00e7in \u00e7al\u0131\u015fmalara ba\u015flad\u0131\u011f\u0131n\u0131 belirtti.<\/p>\n<p>(YIL\/FEZ)  Foto\u011frafl\u0131<\/p>\n<\/p><\/div>\n<p><script async\n                    defer\n                    crossorigin=\"anonymous\"\n                    src=\"https:\/\/connect.facebook.net\/tr_TR\/sdk.js#xfbml=1&#038;version=v3.3\"\n            ><\/script><\/p>\n","protected":false},"excerpt":{"rendered":"<p>Karpaz b\u00f6lgesinde etkili olan \u015fiddetli dolu \u00f6zellikle Yenierenk\u00f6y, Ye\u015filk\u00f6y, Sipahi ve Ada\u00e7ay\u2019da zarara neden oldu. Dolu ya\u011f\u0131\u015f\u0131 nedeniyle baz\u0131 ana yollar bir s\u00fcreli\u011fine trafi\u011fe kapand\u0131. Doludan dolay\u0131 baz\u0131 ev, mand\u0131ra ve garaj damlar\u0131nda \u00e7\u00f6kmeler oldu. Baz\u0131 evleri de su bast\u0131. Ba\u015fbakanl\u0131\u011fa ba\u011fl\u0131 Afet Acil Durum Komitesi Ba\u015fkan\u0131, Ba\u015fbakanl\u0131k M\u00fcste\u015far\u0131 H\u00fcseyin Cahito\u011flu, b\u00f6lgede hasar ve zarar<\/p>\n","protected":false},"author":1,"featured_media":75490,"comment_status":"open","ping_status":"open","sticky":false,"template":"","format":"standard","meta":{"footnotes":""},"categories":[81,101],"tags":[],"class_list":["post-75489","post","type-post","status-publish","format-standard","has-post-thumbnail","hentry","category-kibris","category-manset"],"yoast_head":"<!-- This site is optimized with the Yoast SEO plugin v27.5 - https:\/\/yoast.com\/product\/yoast-seo-wordpress\/ -->\n<title>Karpaz\u2019da \u015fiddetli dolu ya\u011f\u0131\u015f\u0131 zarara neden oldu -<\/title>\n<meta name=\"robots\" content=\"index, follow, max-snippet:-1, max-image-preview:large, max-video-preview:-1\" \/>\n<link rel=\"canonical\" href=\"https:\/\/kibrisdakik.com\/?p=75489\" \/>\n<meta property=\"og:locale\" content=\"tr_TR\" \/>\n<meta property=\"og:type\" content=\"article\" \/>\n<meta property=\"og:title\" content=\"Karpaz\u2019da \u015fiddetli dolu ya\u011f\u0131\u015f\u0131 zarara neden oldu -\" \/>\n<meta property=\"og:description\" content=\"Karpaz b\u00f6lgesinde etkili olan \u015fiddetli dolu \u00f6zellikle Yenierenk\u00f6y, Ye\u015filk\u00f6y, Sipahi ve Ada\u00e7ay\u2019da zarara neden oldu. Dolu ya\u011f\u0131\u015f\u0131 nedeniyle baz\u0131 ana yollar bir s\u00fcreli\u011fine trafi\u011fe kapand\u0131. Doludan dolay\u0131 baz\u0131 ev, mand\u0131ra ve garaj damlar\u0131nda \u00e7\u00f6kmeler oldu. Baz\u0131 evleri de su bast\u0131. Ba\u015fbakanl\u0131\u011fa ba\u011fl\u0131 Afet Acil Durum Komitesi Ba\u015fkan\u0131, Ba\u015fbakanl\u0131k M\u00fcste\u015far\u0131 H\u00fcseyin Cahito\u011flu, b\u00f6lgede hasar ve zarar\" \/>\n<meta property=\"og:url\" content=\"https:\/\/kibrisdakik.com\/?p=75489\" \/>\n<meta property=\"article:published_time\" content=\"2025-02-12T11:51:04+00:00\" \/>\n<meta property=\"og:image\" content=\"https:\/\/kibrisdakik.com\/wp-content\/uploads\/2025\/02\/kar-buz-yol-temizleme-740x420.jpg\" \/>\n\t<meta property=\"og:image:width\" content=\"1200\" \/>\n\t<meta property=\"og:image:height\" content=\"762\" \/>\n\t<meta property=\"og:image:type\" content=\"image\/jpeg\" \/>\n<meta name=\"author\" content=\"admin\" \/>\n<meta name=\"twitter:card\" content=\"summary_large_image\" \/>\n<meta name=\"twitter:label1\" content=\"Yazan:\" \/>\n\t<meta name=\"twitter:data1\" content=\"admin\" \/>\n\t<meta name=\"twitter:label2\" content=\"Tahmini okuma s\u00fcresi\" \/>\n\t<meta name=\"twitter:data2\" content=\"2 dakika\" \/>\n<script type=\"application\/ld+json\" class=\"yoast-schema-graph\">{\"@context\":\"https:\\\/\\\/schema.org\",\"@graph\":[{\"@type\":\"Article\",\"@id\":\"https:\\\/\\\/kibrisdakik.com\\\/?p=75489#article\",\"isPartOf\":{\"@id\":\"https:\\\/\\\/kibrisdakik.com\\\/?p=75489\"},\"author\":{\"name\":\"admin\",\"@id\":\"https:\\\/\\\/kibrisdakik.com\\\/#\\\/schema\\\/person\\\/9cd9d437bbb44f72b73ba127e06d8e79\"},\"headline\":\"Karpaz\u2019da \u015fiddetli dolu ya\u011f\u0131\u015f\u0131 zarara neden oldu\",\"datePublished\":\"2025-02-12T11:51:04+00:00\",\"mainEntityOfPage\":{\"@id\":\"https:\\\/\\\/kibrisdakik.com\\\/?p=75489\"},\"wordCount\":506,\"commentCount\":0,\"image\":{\"@id\":\"https:\\\/\\\/kibrisdakik.com\\\/?p=75489#primaryimage\"},\"thumbnailUrl\":\"https:\\\/\\\/kibrisdakik.com\\\/wp-content\\\/uploads\\\/2025\\\/02\\\/kar-buz-yol-temizleme-740x420.jpg\",\"articleSection\":[\"K\u0131br\u0131s\",\"Man\u015fet\"],\"inLanguage\":\"tr\",\"potentialAction\":[{\"@type\":\"CommentAction\",\"name\":\"Comment\",\"target\":[\"https:\\\/\\\/kibrisdakik.com\\\/?p=75489#respond\"]}]},{\"@type\":\"WebPage\",\"@id\":\"https:\\\/\\\/kibrisdakik.com\\\/?p=75489\",\"url\":\"https:\\\/\\\/kibrisdakik.com\\\/?p=75489\",\"name\":\"Karpaz\u2019da \u015fiddetli dolu ya\u011f\u0131\u015f\u0131 zarara neden oldu -\",\"isPartOf\":{\"@id\":\"https:\\\/\\\/kibrisdakik.com\\\/#website\"},\"primaryImageOfPage\":{\"@id\":\"https:\\\/\\\/kibrisdakik.com\\\/?p=75489#primaryimage\"},\"image\":{\"@id\":\"https:\\\/\\\/kibrisdakik.com\\\/?p=75489#primaryimage\"},\"thumbnailUrl\":\"https:\\\/\\\/kibrisdakik.com\\\/wp-content\\\/uploads\\\/2025\\\/02\\\/kar-buz-yol-temizleme-740x420.jpg\",\"datePublished\":\"2025-02-12T11:51:04+00:00\",\"author\":{\"@id\":\"https:\\\/\\\/kibrisdakik.com\\\/#\\\/schema\\\/person\\\/9cd9d437bbb44f72b73ba127e06d8e79\"},\"breadcrumb\":{\"@id\":\"https:\\\/\\\/kibrisdakik.com\\\/?p=75489#breadcrumb\"},\"inLanguage\":\"tr\",\"potentialAction\":[{\"@type\":\"ReadAction\",\"target\":[\"https:\\\/\\\/kibrisdakik.com\\\/?p=75489\"]}]},{\"@type\":\"ImageObject\",\"inLanguage\":\"tr\",\"@id\":\"https:\\\/\\\/kibrisdakik.com\\\/?p=75489#primaryimage\",\"url\":\"https:\\\/\\\/kibrisdakik.com\\\/wp-content\\\/uploads\\\/2025\\\/02\\\/kar-buz-yol-temizleme-740x420.jpg\",\"contentUrl\":\"https:\\\/\\\/kibrisdakik.com\\\/wp-content\\\/uploads\\\/2025\\\/02\\\/kar-buz-yol-temizleme-740x420.jpg\",\"width\":1200,\"height\":762},{\"@type\":\"BreadcrumbList\",\"@id\":\"https:\\\/\\\/kibrisdakik.com\\\/?p=75489#breadcrumb\",\"itemListElement\":[{\"@type\":\"ListItem\",\"position\":1,\"name\":\"Home\",\"item\":\"https:\\\/\\\/kibrisdakik.com\\\/\"},{\"@type\":\"ListItem\",\"position\":2,\"name\":\"Karpaz\u2019da \u015fiddetli dolu ya\u011f\u0131\u015f\u0131 zarara neden oldu\"}]},{\"@type\":\"WebSite\",\"@id\":\"https:\\\/\\\/kibrisdakik.com\\\/#website\",\"url\":\"https:\\\/\\\/kibrisdakik.com\\\/\",\"name\":\"\",\"description\":\"Tam vaktinde haber\",\"potentialAction\":[{\"@type\":\"SearchAction\",\"target\":{\"@type\":\"EntryPoint\",\"urlTemplate\":\"https:\\\/\\\/kibrisdakik.com\\\/?s={search_term_string}\"},\"query-input\":{\"@type\":\"PropertyValueSpecification\",\"valueRequired\":true,\"valueName\":\"search_term_string\"}}],\"inLanguage\":\"tr\"},{\"@type\":\"Person\",\"@id\":\"https:\\\/\\\/kibrisdakik.com\\\/#\\\/schema\\\/person\\\/9cd9d437bbb44f72b73ba127e06d8e79\",\"name\":\"admin\",\"image\":{\"@type\":\"ImageObject\",\"inLanguage\":\"tr\",\"@id\":\"https:\\\/\\\/secure.gravatar.com\\\/avatar\\\/ccc17943b9d660506c869530f897617f7cb1c21a4bf30023f252596d83e1f007?s=96&d=mm&r=g\",\"url\":\"https:\\\/\\\/secure.gravatar.com\\\/avatar\\\/ccc17943b9d660506c869530f897617f7cb1c21a4bf30023f252596d83e1f007?s=96&d=mm&r=g\",\"contentUrl\":\"https:\\\/\\\/secure.gravatar.com\\\/avatar\\\/ccc17943b9d660506c869530f897617f7cb1c21a4bf30023f252596d83e1f007?s=96&d=mm&r=g\",\"caption\":\"admin\"},\"sameAs\":[\"https:\\\/\\\/kibrisdakik.com\"],\"url\":\"https:\\\/\\\/kibrisdakik.com\\\/?author=1\"}]}<\/script>\n<!-- \/ Yoast SEO plugin. -->","yoast_head_json":{"title":"Karpaz\u2019da \u015fiddetli dolu ya\u011f\u0131\u015f\u0131 zarara neden oldu -","robots":{"index":"index","follow":"follow","max-snippet":"max-snippet:-1","max-image-preview":"max-image-preview:large","max-video-preview":"max-video-preview:-1"},"canonical":"https:\/\/kibrisdakik.com\/?p=75489","og_locale":"tr_TR","og_type":"article","og_title":"Karpaz\u2019da \u015fiddetli dolu ya\u011f\u0131\u015f\u0131 zarara neden oldu -","og_description":"Karpaz b\u00f6lgesinde etkili olan \u015fiddetli dolu \u00f6zellikle Yenierenk\u00f6y, Ye\u015filk\u00f6y, Sipahi ve Ada\u00e7ay\u2019da zarara neden oldu. Dolu ya\u011f\u0131\u015f\u0131 nedeniyle baz\u0131 ana yollar bir s\u00fcreli\u011fine trafi\u011fe kapand\u0131. Doludan dolay\u0131 baz\u0131 ev, mand\u0131ra ve garaj damlar\u0131nda \u00e7\u00f6kmeler oldu. Baz\u0131 evleri de su bast\u0131. Ba\u015fbakanl\u0131\u011fa ba\u011fl\u0131 Afet Acil Durum Komitesi Ba\u015fkan\u0131, Ba\u015fbakanl\u0131k M\u00fcste\u015far\u0131 H\u00fcseyin Cahito\u011flu, b\u00f6lgede hasar ve zarar","og_url":"https:\/\/kibrisdakik.com\/?p=75489","article_published_time":"2025-02-12T11:51:04+00:00","og_image":[{"width":1200,"height":762,"url":"https:\/\/kibrisdakik.com\/wp-content\/uploads\/2025\/02\/kar-buz-yol-temizleme-740x420.jpg","type":"image\/jpeg"}],"author":"admin","twitter_card":"summary_large_image","twitter_misc":{"Yazan:":"admin","Tahmini okuma s\u00fcresi":"2 dakika"},"schema":{"@context":"https:\/\/schema.org","@graph":[{"@type":"Article","@id":"https:\/\/kibrisdakik.com\/?p=75489#article","isPartOf":{"@id":"https:\/\/kibrisdakik.com\/?p=75489"},"author":{"name":"admin","@id":"https:\/\/kibrisdakik.com\/#\/schema\/person\/9cd9d437bbb44f72b73ba127e06d8e79"},"headline":"Karpaz\u2019da \u015fiddetli dolu ya\u011f\u0131\u015f\u0131 zarara neden oldu","datePublished":"2025-02-12T11:51:04+00:00","mainEntityOfPage":{"@id":"https:\/\/kibrisdakik.com\/?p=75489"},"wordCount":506,"commentCount":0,"image":{"@id":"https:\/\/kibrisdakik.com\/?p=75489#primaryimage"},"thumbnailUrl":"https:\/\/kibrisdakik.com\/wp-content\/uploads\/2025\/02\/kar-buz-yol-temizleme-740x420.jpg","articleSection":["K\u0131br\u0131s","Man\u015fet"],"inLanguage":"tr","potentialAction":[{"@type":"CommentAction","name":"Comment","target":["https:\/\/kibrisdakik.com\/?p=75489#respond"]}]},{"@type":"WebPage","@id":"https:\/\/kibrisdakik.com\/?p=75489","url":"https:\/\/kibrisdakik.com\/?p=75489","name":"Karpaz\u2019da \u015fiddetli dolu ya\u011f\u0131\u015f\u0131 zarara neden oldu -","isPartOf":{"@id":"https:\/\/kibrisdakik.com\/#website"},"primaryImageOfPage":{"@id":"https:\/\/kibrisdakik.com\/?p=75489#primaryimage"},"image":{"@id":"https:\/\/kibrisdakik.com\/?p=75489#primaryimage"},"thumbnailUrl":"https:\/\/kibrisdakik.com\/wp-content\/uploads\/2025\/02\/kar-buz-yol-temizleme-740x420.jpg","datePublished":"2025-02-12T11:51:04+00:00","author":{"@id":"https:\/\/kibrisdakik.com\/#\/schema\/person\/9cd9d437bbb44f72b73ba127e06d8e79"},"breadcrumb":{"@id":"https:\/\/kibrisdakik.com\/?p=75489#breadcrumb"},"inLanguage":"tr","potentialAction":[{"@type":"ReadAction","target":["https:\/\/kibrisdakik.com\/?p=75489"]}]},{"@type":"ImageObject","inLanguage":"tr","@id":"https:\/\/kibrisdakik.com\/?p=75489#primaryimage","url":"https:\/\/kibrisdakik.com\/wp-content\/uploads\/2025\/02\/kar-buz-yol-temizleme-740x420.jpg","contentUrl":"https:\/\/kibrisdakik.com\/wp-content\/uploads\/2025\/02\/kar-buz-yol-temizleme-740x420.jpg","width":1200,"height":762},{"@type":"BreadcrumbList","@id":"https:\/\/kibrisdakik.com\/?p=75489#breadcrumb","itemListElement":[{"@type":"ListItem","position":1,"name":"Home","item":"https:\/\/kibrisdakik.com\/"},{"@type":"ListItem","position":2,"name":"Karpaz\u2019da \u015fiddetli dolu ya\u011f\u0131\u015f\u0131 zarara neden oldu"}]},{"@type":"WebSite","@id":"https:\/\/kibrisdakik.com\/#website","url":"https:\/\/kibrisdakik.com\/","name":"","description":"Tam vaktinde haber","potentialAction":[{"@type":"SearchAction","target":{"@type":"EntryPoint","urlTemplate":"https:\/\/kibrisdakik.com\/?s={search_term_string}"},"query-input":{"@type":"PropertyValueSpecification","valueRequired":true,"valueName":"search_term_string"}}],"inLanguage":"tr"},{"@type":"Person","@id":"https:\/\/kibrisdakik.com\/#\/schema\/person\/9cd9d437bbb44f72b73ba127e06d8e79","name":"admin","image":{"@type":"ImageObject","inLanguage":"tr","@id":"https:\/\/secure.gravatar.com\/avatar\/ccc17943b9d660506c869530f897617f7cb1c21a4bf30023f252596d83e1f007?s=96&d=mm&r=g","url":"https:\/\/secure.gravatar.com\/avatar\/ccc17943b9d660506c869530f897617f7cb1c21a4bf30023f252596d83e1f007?s=96&d=mm&r=g","contentUrl":"https:\/\/secure.gravatar.com\/avatar\/ccc17943b9d660506c869530f897617f7cb1c21a4bf30023f252596d83e1f007?s=96&d=mm&r=g","caption":"admin"},"sameAs":["https:\/\/kibrisdakik.com"],"url":"https:\/\/kibrisdakik.com\/?author=1"}]}},"_links":{"self":[{"href":"https:\/\/kibrisdakik.com\/index.php?rest_route=\/wp\/v2\/posts\/75489","targetHints":{"allow":["GET"]}}],"collection":[{"href":"https:\/\/kibrisdakik.com\/index.php?rest_route=\/wp\/v2\/posts"}],"about":[{"href":"https:\/\/kibrisdakik.com\/index.php?rest_route=\/wp\/v2\/types\/post"}],"author":[{"embeddable":true,"href":"https:\/\/kibrisdakik.com\/index.php?rest_route=\/wp\/v2\/users\/1"}],"replies":[{"embeddable":true,"href":"https:\/\/kibrisdakik.com\/index.php?rest_route=%2Fwp%2Fv2%2Fcomments&post=75489"}],"version-history":[{"count":0,"href":"https:\/\/kibrisdakik.com\/index.php?rest_route=\/wp\/v2\/posts\/75489\/revisions"}],"wp:featuredmedia":[{"embeddable":true,"href":"https:\/\/kibrisdakik.com\/index.php?rest_route=\/wp\/v2\/media\/75490"}],"wp:attachment":[{"href":"https:\/\/kibrisdakik.com\/index.php?rest_route=%2Fwp%2Fv2%2Fmedia&parent=75489"}],"wp:term":[{"taxonomy":"category","embeddable":true,"href":"https:\/\/kibrisdakik.com\/index.php?rest_route=%2Fwp%2Fv2%2Fcategories&post=75489"},{"taxonomy":"post_tag","embeddable":true,"href":"https:\/\/kibrisdakik.com\/index.php?rest_route=%2Fwp%2Fv2%2Ftags&post=75489"}],"curies":[{"name":"wp","href":"https:\/\/api.w.org\/{rel}","templated":true}]}}