{"id":75512,"date":"2025-02-12T18:10:05","date_gmt":"2025-02-12T15:10:05","guid":{"rendered":"https:\/\/kibrisdakik.com\/index.php\/2025\/02\/12\/erhurman-bogazici-kumyali-ve-derince-koylerini-ziyaret-etti\/"},"modified":"2025-02-12T18:10:05","modified_gmt":"2025-02-12T15:10:05","slug":"erhurman-bogazici-kumyali-ve-derince-koylerini-ziyaret-etti","status":"publish","type":"post","link":"https:\/\/kibrisdakik.com\/?p=75512","title":{"rendered":"Erh\u00fcrman, Bo\u011fazi\u00e7i, Kumyal\u0131 ve Derince k\u00f6ylerini ziyaret etti"},"content":{"rendered":"<div>\n<div class=\"mariselle-image-container none\">\n                                            <\/div>\n<p>Cumhuriyet\u00e7i T\u00fcrk Partisi (CTP) Genel Ba\u015fkan\u0131 Tufan Erh\u00fcrman, Bo\u011fazi\u00e7i, Kumyal\u0131 ve Derince k\u00f6ylerini ziyaret ederek b\u00f6lge halklar\u0131yla bir araya geldi.<\/p>\n<p>CTP\u2019den verilen bilgiye g\u00f6re, yurtta\u015flar\u0131n sorunlar\u0131n\u0131 dinleyen Erh\u00fcrman, \u00e7\u00f6z\u00fcm \u00f6nerilerini de payla\u015ft\u0131.<\/p>\n<p>Erh\u00fcrman\u2019a CTP \u0130skele \u0130l\u00e7e Ba\u015fkan\u0131 H\u00fcseyin \u00d6zt\u00f6rel ile CTP \u0130skele Milletvekili Biray Hamzo\u011fullar\u0131 e\u015flik etti.<\/p>\n<p>Ziyaretlerde yapt\u0131\u011f\u0131 konu\u015fmada n\u00fcfus politikas\u0131n\u0131n \u00f6nemine i\u015faret eden Erh\u00fcrman, \u201cN\u00fcfusu saymak yetmez, n\u00fcfus politikas\u0131na ihtiyac\u0131m\u0131z var.\u201d ifadelerini kulland\u0131.<\/p>\n<p>-\u201cEle ge\u00e7en rakam b\u00fcy\u00fcyor, al\u0131m g\u00fcc\u00fc d\u00fc\u015f\u00fcyor\u201d<\/p>\n<p>Ziyaretlerde Erh\u00fcrman, \u201cHer konuda geri geri gitti\u011fimiz endi\u015fesi ya\u015f\u0131yoruz.\u201d diyerek, ekonominin g\u00fcneye kayd\u0131\u011f\u0131na i\u015faret etti ve\u00a0 \u201cMant\u0131ken a\u00e7\u0131klanabilir bir taraf\u0131 yok. Euro 37 lirayken nas\u0131l olur da g\u00fcney daha ucuz olur?\u201d diye sordu.<\/p>\n<p>Erh\u00fcrman, bir sene \u00f6nce marketlerde \u201chi\u00e7 T\u00fcrk\u00e7e duyulmazken\u201d, \u201cbakanlar\u0131n hi\u00e7 \u00e7ekinmeden, \u2018Ekonomi G\u00fcney\u2019e kaymad\u0131\u2019 dedi\u011fini\u201d kaydetti.<\/p>\n<p>Merkez Bankas\u0131\u2019n\u0131n kendi yay\u0131mlad\u0131\u011f\u0131 raporda bir seneki de\u011fi\u015fimin g\u00f6zler \u00f6n\u00fcne serildi\u011finin alt\u0131n\u0131 \u00e7izen Erh\u00fcrman, \u201cBu \u00fclkenin Ticaret Odas\u0131 Ba\u015fkan\u0131 \u2018Allah ac\u0131s\u0131n g\u00fcneye ge\u00e7emeyenleri\u2019 dedi. Bu, ekonomi y\u00f6netimi a\u00e7\u0131s\u0131ndan yaratt\u0131klar\u0131 anla\u015f\u0131lmas\u0131 m\u00fcmk\u00fcn olmayan bir durum\u201d \u015feklinde konu\u015ftu.<\/p>\n<p>Asgari \u00fccretin euro cinsinden de artt\u0131\u011f\u0131n\u0131 vurgulayan Erh\u00fcrman, \u201cAma gelin g\u00f6r\u00fcn ki rakam b\u00fcy\u00fcyor, al\u0131m g\u00fcc\u00fc d\u00fc\u015f\u00fcyor. Para y\u00fckseliyor, alaca\u011f\u0131m\u0131z azal\u0131yor. Ekonomi alan\u0131ndaki yaratt\u0131klar\u0131 \u00e7arp\u0131kl\u0131k ortada\u201d dedi.<\/p>\n<p>Sa\u011fl\u0131k sekt\u00f6r\u00fcn\u00fcn de her ge\u00e7en g\u00fcn geriye do\u011fru gitti\u011fine i\u015faret eden Erh\u00fcrman, kanser hastalar\u0131n\u0131n ila\u00e7lar\u0131n\u0131n memlekete ge\u00e7 geldi\u011fini hat\u0131rlatt\u0131<\/p>\n<p>\u201cN\u00fcfusu saymak yetmez, n\u00fcfus politikas\u0131na ihtiyac\u0131m\u0131z var\u201d diyen Erh\u00fcrman, ad\u0131na h\u00fck\u00fcmet diyen yap\u0131n\u0131n geri d\u00f6nd\u00fcr\u00fclemez zararlar verdi\u011fini ifade etti.<\/p>\n<p>Tufan Erh\u00fcrman, \u201c\u00c7ocuklar\u0131m\u0131z, \u2018bu memlekette gelecek kurabilir miyim?\u2019 sorusunu soruyor. Torpaks\u0131zla\u015f\u0131yoruz ve varolu\u015fumuz da tehdit ediliyor. \u2018\u0130n\u015faat sekt\u00f6r\u00fcn\u00fc s\u00fcrd\u00fcr\u00fclebilir hale getirin\u2019 dedik. \u00d6yle bir noktaya getirdiler ki hem in\u015faat sekt\u00f6r\u00fcn\u00fc batma noktas\u0131na getirdiler hem de biz topraks\u0131zla\u015ft\u0131k\u201d diye ekledi.<\/p>\n<\/p><\/div>\n<p><script async\n                    defer\n                    crossorigin=\"anonymous\"\n                    src=\"https:\/\/connect.facebook.net\/tr_TR\/sdk.js#xfbml=1&#038;version=v3.3\"\n            ><\/script><\/p>\n","protected":false},"excerpt":{"rendered":"<p>Cumhuriyet\u00e7i T\u00fcrk Partisi (CTP) Genel Ba\u015fkan\u0131 Tufan Erh\u00fcrman, Bo\u011fazi\u00e7i, Kumyal\u0131 ve Derince k\u00f6ylerini ziyaret ederek b\u00f6lge halklar\u0131yla bir araya geldi. CTP\u2019den verilen bilgiye g\u00f6re, yurtta\u015flar\u0131n sorunlar\u0131n\u0131 dinleyen Erh\u00fcrman, \u00e7\u00f6z\u00fcm \u00f6nerilerini de payla\u015ft\u0131. Erh\u00fcrman\u2019a CTP \u0130skele \u0130l\u00e7e Ba\u015fkan\u0131 H\u00fcseyin \u00d6zt\u00f6rel ile CTP \u0130skele Milletvekili Biray Hamzo\u011fullar\u0131 e\u015flik etti. Ziyaretlerde yapt\u0131\u011f\u0131 konu\u015fmada n\u00fcfus politikas\u0131n\u0131n \u00f6nemine i\u015faret eden<\/p>\n","protected":false},"author":1,"featured_media":75513,"comment_status":"open","ping_status":"open","sticky":false,"template":"","format":"standard","meta":{"footnotes":""},"categories":[81,101],"tags":[],"class_list":["post-75512","post","type-post","status-publish","format-standard","has-post-thumbnail","hentry","category-kibris","category-manset"],"yoast_head":"<!-- This site is optimized with the Yoast SEO plugin v27.4 - https:\/\/yoast.com\/product\/yoast-seo-wordpress\/ -->\n<title>Erh\u00fcrman, Bo\u011fazi\u00e7i, Kumyal\u0131 ve Derince k\u00f6ylerini ziyaret etti -<\/title>\n<meta name=\"robots\" content=\"index, follow, max-snippet:-1, max-image-preview:large, max-video-preview:-1\" \/>\n<link rel=\"canonical\" href=\"https:\/\/kibrisdakik.com\/?p=75512\" \/>\n<meta property=\"og:locale\" content=\"tr_TR\" \/>\n<meta property=\"og:type\" content=\"article\" \/>\n<meta property=\"og:title\" content=\"Erh\u00fcrman, Bo\u011fazi\u00e7i, Kumyal\u0131 ve Derince k\u00f6ylerini ziyaret etti -\" \/>\n<meta property=\"og:description\" content=\"Cumhuriyet\u00e7i T\u00fcrk Partisi (CTP) Genel Ba\u015fkan\u0131 Tufan Erh\u00fcrman, Bo\u011fazi\u00e7i, Kumyal\u0131 ve Derince k\u00f6ylerini ziyaret ederek b\u00f6lge halklar\u0131yla bir araya geldi. CTP\u2019den verilen bilgiye g\u00f6re, yurtta\u015flar\u0131n sorunlar\u0131n\u0131 dinleyen Erh\u00fcrman, \u00e7\u00f6z\u00fcm \u00f6nerilerini de payla\u015ft\u0131. Erh\u00fcrman\u2019a CTP \u0130skele \u0130l\u00e7e Ba\u015fkan\u0131 H\u00fcseyin \u00d6zt\u00f6rel ile CTP \u0130skele Milletvekili Biray Hamzo\u011fullar\u0131 e\u015flik etti. Ziyaretlerde yapt\u0131\u011f\u0131 konu\u015fmada n\u00fcfus politikas\u0131n\u0131n \u00f6nemine i\u015faret eden\" \/>\n<meta property=\"og:url\" content=\"https:\/\/kibrisdakik.com\/?p=75512\" \/>\n<meta property=\"article:published_time\" content=\"2025-02-12T15:10:05+00:00\" \/>\n<meta property=\"og:image\" content=\"https:\/\/kibrisdakik.com\/wp-content\/uploads\/2025\/02\/CTP-Kumyali-Derince-Bogazici2-740x420.jpg\" \/>\n\t<meta property=\"og:image:width\" content=\"928\" \/>\n\t<meta property=\"og:image:height\" content=\"422\" \/>\n\t<meta property=\"og:image:type\" content=\"image\/jpeg\" \/>\n<meta name=\"author\" content=\"admin\" \/>\n<meta name=\"twitter:card\" content=\"summary_large_image\" \/>\n<meta name=\"twitter:label1\" content=\"Yazan:\" \/>\n\t<meta name=\"twitter:data1\" content=\"admin\" \/>\n\t<meta name=\"twitter:label2\" content=\"Tahmini okuma s\u00fcresi\" \/>\n\t<meta name=\"twitter:data2\" content=\"2 dakika\" \/>\n<script type=\"application\/ld+json\" class=\"yoast-schema-graph\">{\"@context\":\"https:\\\/\\\/schema.org\",\"@graph\":[{\"@type\":\"Article\",\"@id\":\"https:\\\/\\\/kibrisdakik.com\\\/?p=75512#article\",\"isPartOf\":{\"@id\":\"https:\\\/\\\/kibrisdakik.com\\\/?p=75512\"},\"author\":{\"name\":\"admin\",\"@id\":\"https:\\\/\\\/kibrisdakik.com\\\/#\\\/schema\\\/person\\\/9cd9d437bbb44f72b73ba127e06d8e79\"},\"headline\":\"Erh\u00fcrman, Bo\u011fazi\u00e7i, Kumyal\u0131 ve Derince k\u00f6ylerini ziyaret etti\",\"datePublished\":\"2025-02-12T15:10:05+00:00\",\"mainEntityOfPage\":{\"@id\":\"https:\\\/\\\/kibrisdakik.com\\\/?p=75512\"},\"wordCount\":425,\"commentCount\":0,\"image\":{\"@id\":\"https:\\\/\\\/kibrisdakik.com\\\/?p=75512#primaryimage\"},\"thumbnailUrl\":\"https:\\\/\\\/kibrisdakik.com\\\/wp-content\\\/uploads\\\/2025\\\/02\\\/CTP-Kumyali-Derince-Bogazici2-740x420.jpg\",\"articleSection\":[\"K\u0131br\u0131s\",\"Man\u015fet\"],\"inLanguage\":\"tr\",\"potentialAction\":[{\"@type\":\"CommentAction\",\"name\":\"Comment\",\"target\":[\"https:\\\/\\\/kibrisdakik.com\\\/?p=75512#respond\"]}]},{\"@type\":\"WebPage\",\"@id\":\"https:\\\/\\\/kibrisdakik.com\\\/?p=75512\",\"url\":\"https:\\\/\\\/kibrisdakik.com\\\/?p=75512\",\"name\":\"Erh\u00fcrman, Bo\u011fazi\u00e7i, Kumyal\u0131 ve Derince k\u00f6ylerini ziyaret etti -\",\"isPartOf\":{\"@id\":\"https:\\\/\\\/kibrisdakik.com\\\/#website\"},\"primaryImageOfPage\":{\"@id\":\"https:\\\/\\\/kibrisdakik.com\\\/?p=75512#primaryimage\"},\"image\":{\"@id\":\"https:\\\/\\\/kibrisdakik.com\\\/?p=75512#primaryimage\"},\"thumbnailUrl\":\"https:\\\/\\\/kibrisdakik.com\\\/wp-content\\\/uploads\\\/2025\\\/02\\\/CTP-Kumyali-Derince-Bogazici2-740x420.jpg\",\"datePublished\":\"2025-02-12T15:10:05+00:00\",\"author\":{\"@id\":\"https:\\\/\\\/kibrisdakik.com\\\/#\\\/schema\\\/person\\\/9cd9d437bbb44f72b73ba127e06d8e79\"},\"breadcrumb\":{\"@id\":\"https:\\\/\\\/kibrisdakik.com\\\/?p=75512#breadcrumb\"},\"inLanguage\":\"tr\",\"potentialAction\":[{\"@type\":\"ReadAction\",\"target\":[\"https:\\\/\\\/kibrisdakik.com\\\/?p=75512\"]}]},{\"@type\":\"ImageObject\",\"inLanguage\":\"tr\",\"@id\":\"https:\\\/\\\/kibrisdakik.com\\\/?p=75512#primaryimage\",\"url\":\"https:\\\/\\\/kibrisdakik.com\\\/wp-content\\\/uploads\\\/2025\\\/02\\\/CTP-Kumyali-Derince-Bogazici2-740x420.jpg\",\"contentUrl\":\"https:\\\/\\\/kibrisdakik.com\\\/wp-content\\\/uploads\\\/2025\\\/02\\\/CTP-Kumyali-Derince-Bogazici2-740x420.jpg\",\"width\":928,\"height\":422},{\"@type\":\"BreadcrumbList\",\"@id\":\"https:\\\/\\\/kibrisdakik.com\\\/?p=75512#breadcrumb\",\"itemListElement\":[{\"@type\":\"ListItem\",\"position\":1,\"name\":\"Home\",\"item\":\"https:\\\/\\\/kibrisdakik.com\\\/\"},{\"@type\":\"ListItem\",\"position\":2,\"name\":\"Erh\u00fcrman, Bo\u011fazi\u00e7i, Kumyal\u0131 ve Derince k\u00f6ylerini ziyaret etti\"}]},{\"@type\":\"WebSite\",\"@id\":\"https:\\\/\\\/kibrisdakik.com\\\/#website\",\"url\":\"https:\\\/\\\/kibrisdakik.com\\\/\",\"name\":\"\",\"description\":\"Tam vaktinde haber\",\"potentialAction\":[{\"@type\":\"SearchAction\",\"target\":{\"@type\":\"EntryPoint\",\"urlTemplate\":\"https:\\\/\\\/kibrisdakik.com\\\/?s={search_term_string}\"},\"query-input\":{\"@type\":\"PropertyValueSpecification\",\"valueRequired\":true,\"valueName\":\"search_term_string\"}}],\"inLanguage\":\"tr\"},{\"@type\":\"Person\",\"@id\":\"https:\\\/\\\/kibrisdakik.com\\\/#\\\/schema\\\/person\\\/9cd9d437bbb44f72b73ba127e06d8e79\",\"name\":\"admin\",\"image\":{\"@type\":\"ImageObject\",\"inLanguage\":\"tr\",\"@id\":\"https:\\\/\\\/secure.gravatar.com\\\/avatar\\\/ccc17943b9d660506c869530f897617f7cb1c21a4bf30023f252596d83e1f007?s=96&d=mm&r=g\",\"url\":\"https:\\\/\\\/secure.gravatar.com\\\/avatar\\\/ccc17943b9d660506c869530f897617f7cb1c21a4bf30023f252596d83e1f007?s=96&d=mm&r=g\",\"contentUrl\":\"https:\\\/\\\/secure.gravatar.com\\\/avatar\\\/ccc17943b9d660506c869530f897617f7cb1c21a4bf30023f252596d83e1f007?s=96&d=mm&r=g\",\"caption\":\"admin\"},\"sameAs\":[\"https:\\\/\\\/kibrisdakik.com\"],\"url\":\"https:\\\/\\\/kibrisdakik.com\\\/?author=1\"}]}<\/script>\n<!-- \/ Yoast SEO plugin. -->","yoast_head_json":{"title":"Erh\u00fcrman, Bo\u011fazi\u00e7i, Kumyal\u0131 ve Derince k\u00f6ylerini ziyaret etti -","robots":{"index":"index","follow":"follow","max-snippet":"max-snippet:-1","max-image-preview":"max-image-preview:large","max-video-preview":"max-video-preview:-1"},"canonical":"https:\/\/kibrisdakik.com\/?p=75512","og_locale":"tr_TR","og_type":"article","og_title":"Erh\u00fcrman, Bo\u011fazi\u00e7i, Kumyal\u0131 ve Derince k\u00f6ylerini ziyaret etti -","og_description":"Cumhuriyet\u00e7i T\u00fcrk Partisi (CTP) Genel Ba\u015fkan\u0131 Tufan Erh\u00fcrman, Bo\u011fazi\u00e7i, Kumyal\u0131 ve Derince k\u00f6ylerini ziyaret ederek b\u00f6lge halklar\u0131yla bir araya geldi. CTP\u2019den verilen bilgiye g\u00f6re, yurtta\u015flar\u0131n sorunlar\u0131n\u0131 dinleyen Erh\u00fcrman, \u00e7\u00f6z\u00fcm \u00f6nerilerini de payla\u015ft\u0131. Erh\u00fcrman\u2019a CTP \u0130skele \u0130l\u00e7e Ba\u015fkan\u0131 H\u00fcseyin \u00d6zt\u00f6rel ile CTP \u0130skele Milletvekili Biray Hamzo\u011fullar\u0131 e\u015flik etti. Ziyaretlerde yapt\u0131\u011f\u0131 konu\u015fmada n\u00fcfus politikas\u0131n\u0131n \u00f6nemine i\u015faret eden","og_url":"https:\/\/kibrisdakik.com\/?p=75512","article_published_time":"2025-02-12T15:10:05+00:00","og_image":[{"width":928,"height":422,"url":"https:\/\/kibrisdakik.com\/wp-content\/uploads\/2025\/02\/CTP-Kumyali-Derince-Bogazici2-740x420.jpg","type":"image\/jpeg"}],"author":"admin","twitter_card":"summary_large_image","twitter_misc":{"Yazan:":"admin","Tahmini okuma s\u00fcresi":"2 dakika"},"schema":{"@context":"https:\/\/schema.org","@graph":[{"@type":"Article","@id":"https:\/\/kibrisdakik.com\/?p=75512#article","isPartOf":{"@id":"https:\/\/kibrisdakik.com\/?p=75512"},"author":{"name":"admin","@id":"https:\/\/kibrisdakik.com\/#\/schema\/person\/9cd9d437bbb44f72b73ba127e06d8e79"},"headline":"Erh\u00fcrman, Bo\u011fazi\u00e7i, Kumyal\u0131 ve Derince k\u00f6ylerini ziyaret etti","datePublished":"2025-02-12T15:10:05+00:00","mainEntityOfPage":{"@id":"https:\/\/kibrisdakik.com\/?p=75512"},"wordCount":425,"commentCount":0,"image":{"@id":"https:\/\/kibrisdakik.com\/?p=75512#primaryimage"},"thumbnailUrl":"https:\/\/kibrisdakik.com\/wp-content\/uploads\/2025\/02\/CTP-Kumyali-Derince-Bogazici2-740x420.jpg","articleSection":["K\u0131br\u0131s","Man\u015fet"],"inLanguage":"tr","potentialAction":[{"@type":"CommentAction","name":"Comment","target":["https:\/\/kibrisdakik.com\/?p=75512#respond"]}]},{"@type":"WebPage","@id":"https:\/\/kibrisdakik.com\/?p=75512","url":"https:\/\/kibrisdakik.com\/?p=75512","name":"Erh\u00fcrman, Bo\u011fazi\u00e7i, Kumyal\u0131 ve Derince k\u00f6ylerini ziyaret etti -","isPartOf":{"@id":"https:\/\/kibrisdakik.com\/#website"},"primaryImageOfPage":{"@id":"https:\/\/kibrisdakik.com\/?p=75512#primaryimage"},"image":{"@id":"https:\/\/kibrisdakik.com\/?p=75512#primaryimage"},"thumbnailUrl":"https:\/\/kibrisdakik.com\/wp-content\/uploads\/2025\/02\/CTP-Kumyali-Derince-Bogazici2-740x420.jpg","datePublished":"2025-02-12T15:10:05+00:00","author":{"@id":"https:\/\/kibrisdakik.com\/#\/schema\/person\/9cd9d437bbb44f72b73ba127e06d8e79"},"breadcrumb":{"@id":"https:\/\/kibrisdakik.com\/?p=75512#breadcrumb"},"inLanguage":"tr","potentialAction":[{"@type":"ReadAction","target":["https:\/\/kibrisdakik.com\/?p=75512"]}]},{"@type":"ImageObject","inLanguage":"tr","@id":"https:\/\/kibrisdakik.com\/?p=75512#primaryimage","url":"https:\/\/kibrisdakik.com\/wp-content\/uploads\/2025\/02\/CTP-Kumyali-Derince-Bogazici2-740x420.jpg","contentUrl":"https:\/\/kibrisdakik.com\/wp-content\/uploads\/2025\/02\/CTP-Kumyali-Derince-Bogazici2-740x420.jpg","width":928,"height":422},{"@type":"BreadcrumbList","@id":"https:\/\/kibrisdakik.com\/?p=75512#breadcrumb","itemListElement":[{"@type":"ListItem","position":1,"name":"Home","item":"https:\/\/kibrisdakik.com\/"},{"@type":"ListItem","position":2,"name":"Erh\u00fcrman, Bo\u011fazi\u00e7i, Kumyal\u0131 ve Derince k\u00f6ylerini ziyaret etti"}]},{"@type":"WebSite","@id":"https:\/\/kibrisdakik.com\/#website","url":"https:\/\/kibrisdakik.com\/","name":"","description":"Tam vaktinde haber","potentialAction":[{"@type":"SearchAction","target":{"@type":"EntryPoint","urlTemplate":"https:\/\/kibrisdakik.com\/?s={search_term_string}"},"query-input":{"@type":"PropertyValueSpecification","valueRequired":true,"valueName":"search_term_string"}}],"inLanguage":"tr"},{"@type":"Person","@id":"https:\/\/kibrisdakik.com\/#\/schema\/person\/9cd9d437bbb44f72b73ba127e06d8e79","name":"admin","image":{"@type":"ImageObject","inLanguage":"tr","@id":"https:\/\/secure.gravatar.com\/avatar\/ccc17943b9d660506c869530f897617f7cb1c21a4bf30023f252596d83e1f007?s=96&d=mm&r=g","url":"https:\/\/secure.gravatar.com\/avatar\/ccc17943b9d660506c869530f897617f7cb1c21a4bf30023f252596d83e1f007?s=96&d=mm&r=g","contentUrl":"https:\/\/secure.gravatar.com\/avatar\/ccc17943b9d660506c869530f897617f7cb1c21a4bf30023f252596d83e1f007?s=96&d=mm&r=g","caption":"admin"},"sameAs":["https:\/\/kibrisdakik.com"],"url":"https:\/\/kibrisdakik.com\/?author=1"}]}},"_links":{"self":[{"href":"https:\/\/kibrisdakik.com\/index.php?rest_route=\/wp\/v2\/posts\/75512","targetHints":{"allow":["GET"]}}],"collection":[{"href":"https:\/\/kibrisdakik.com\/index.php?rest_route=\/wp\/v2\/posts"}],"about":[{"href":"https:\/\/kibrisdakik.com\/index.php?rest_route=\/wp\/v2\/types\/post"}],"author":[{"embeddable":true,"href":"https:\/\/kibrisdakik.com\/index.php?rest_route=\/wp\/v2\/users\/1"}],"replies":[{"embeddable":true,"href":"https:\/\/kibrisdakik.com\/index.php?rest_route=%2Fwp%2Fv2%2Fcomments&post=75512"}],"version-history":[{"count":0,"href":"https:\/\/kibrisdakik.com\/index.php?rest_route=\/wp\/v2\/posts\/75512\/revisions"}],"wp:featuredmedia":[{"embeddable":true,"href":"https:\/\/kibrisdakik.com\/index.php?rest_route=\/wp\/v2\/media\/75513"}],"wp:attachment":[{"href":"https:\/\/kibrisdakik.com\/index.php?rest_route=%2Fwp%2Fv2%2Fmedia&parent=75512"}],"wp:term":[{"taxonomy":"category","embeddable":true,"href":"https:\/\/kibrisdakik.com\/index.php?rest_route=%2Fwp%2Fv2%2Fcategories&post=75512"},{"taxonomy":"post_tag","embeddable":true,"href":"https:\/\/kibrisdakik.com\/index.php?rest_route=%2Fwp%2Fv2%2Ftags&post=75512"}],"curies":[{"name":"wp","href":"https:\/\/api.w.org\/{rel}","templated":true}]}}