{"id":75520,"date":"2025-02-12T19:54:48","date_gmt":"2025-02-12T16:54:48","guid":{"rendered":"https:\/\/kibrisdakik.com\/index.php\/2025\/02\/12\/tatar-limasol-direnisi-mucadele-tarihine-2-plevne-savunmasi-olarak-gecen-bir-direnis-oykusudur\/"},"modified":"2025-02-12T19:54:48","modified_gmt":"2025-02-12T16:54:48","slug":"tatar-limasol-direnisi-mucadele-tarihine-2-plevne-savunmasi-olarak-gecen-bir-direnis-oykusudur","status":"publish","type":"post","link":"https:\/\/kibrisdakik.com\/?p=75520","title":{"rendered":"Tatar: Limasol Direni\u015fi, m\u00fccadele tarihine 2. Plevne Savunmas\u0131 olarak ge\u00e7en bir direni\u015f \u00f6yk\u00fcs\u00fcd\u00fcr"},"content":{"rendered":"<div>\n<div class=\"mariselle-image-container none\">\n                                            <\/div>\n<p>Cumhurba\u015fkan\u0131 Ersin Tatar, Limasol Direni\u015fi\u2019nin T\u00fcrk Mukavemet Te\u015fkilat\u0131 \u00f6nc\u00fcl\u00fc\u011f\u00fcnde ger\u00e7ekle\u015fen ve m\u00fccadele tarihine 2. Plevne Savunmas\u0131 olarak ge\u00e7en bir direni\u015f \u00f6yk\u00fcs\u00fc oldu\u011funu kaydetti.<\/p>\n<p>Cumhurba\u015fkanl\u0131\u011f\u0131\u2019ndan yap\u0131lan a\u00e7\u0131klamaya g\u00f6re, Cumhurba\u015fkan\u0131 Ersin Tatar, K\u0131br\u0131s T\u00fcrk halk\u0131n\u0131n varolu\u015f m\u00fccadelesi y\u0131llar\u0131nda, 10-13 \u015eubat 1964 tarihlerinde Limasol\u2019da verilen direni\u015f ve bu direni\u015fte \u015fehit d\u00fc\u015fenlerle ilgili mesaj yay\u0131mlad\u0131.<\/p>\n<p>Cumhurba\u015fkan\u0131 Ersin Tatar, 13 \u015eubat Limasol \u015eehitleri\u2019nin 61\u2019inci y\u0131l d\u00f6n\u00fcm\u00fc nedeniyle yay\u0131mlad\u0131\u011f\u0131 yaz\u0131l\u0131 mesajda, Limasol Direni\u015fi\u2019ni \u201cfevkalade efsanevi bir direni\u015f \u00f6yk\u00fcs\u00fc\u201d olarak niteledi.<\/p>\n<p>Tatar, mesaj\u0131nda \u015fu ifadelere yer verdi:<\/p>\n<p>\u201c13 \u015eubat sabah\u0131n\u0131n ilk \u0131\u015f\u0131klar\u0131yla z\u0131rhland\u0131r\u0131lm\u0131\u015f dozerler \u00f6nc\u00fcl\u00fc\u011f\u00fcnde y\u00fczlerce Rum, Limasol\u2019un T\u00fcrk b\u00f6lgesine kar\u015f\u0131 taarruza ge\u00e7ti. T\u00fcrk mevzileri tank ve roketatar mermileriyle harabeye \u00e7evrildi ancak m\u00fccahitlerimiz direni\u015fini s\u00fcrd\u00fcrd\u00fc.<\/p>\n<p>Direni\u015f esnas\u0131nda 5 m\u00fccahidimiz \u015fehit d\u00fc\u015ft\u00fc, Rum z\u0131rhl\u0131 arac\u0131 tahrip edildi. Ba\u015far\u0131ya ula\u015famayan Rumlar, \u2018ate\u015f-kes\u2019 anla\u015fmas\u0131n\u0131 imzalad\u0131.Sonras\u0131nda Rumlar, Limasol Sanca\u011f\u0131na ba\u011fl\u0131 Piskobu, Ba\u011flarbasi, A\u015fagi Binatl\u0131, Evdim ve \u00c7anakkale T\u00fcrk yerle\u015fim yerlerine y\u00f6nelik sald\u0131r\u0131larda bulundu.<\/p>\n<p>M\u00fccahitlerimiz Rumlara ge\u00e7it vermedi. Bu direni\u015flerde \u2018Limasol\u2019un Sesi\u2019 radyosunun yay\u0131nlar\u0131 M\u00fccahitlerimize b\u00fcy\u00fck bir moral g\u00fc\u00e7 kayna\u011f\u0131 oldu.Bu m\u00fccadele s\u0131ras\u0131nda TMT\u2019nin ve \u015eago gibi kahraman m\u00fccahitlerin direni\u015fi efsanevi duru\u015funu en iyi \u015fekilde g\u00f6sterdi.<\/p>\n<p>Limasol Direni\u015fi, T\u00fcrk Mukavemet Te\u015fkilat\u0131 \u00f6nc\u00fcl\u00fc\u011f\u00fcnde ger\u00e7ekle\u015fen ve m\u00fccadele tarihine 2. Plevne Savunmas\u0131 olarak ge\u00e7en fevkalade efsanevi bir direni\u015f \u00f6yk\u00fcs\u00fcd\u00fcr.\u201d<\/p>\n<p>-\u201cRum taraf\u0131n\u0131n bu hakimiyet\u00e7i tutumu da asla kabul edilemez\u201d<\/p>\n<p>1960\u2019ta kurulan K\u0131br\u0131s Cumhuriyeti\u2019ni \u201cEnosis s\u0131\u00e7rama tahtas\u0131\u201d olarak de\u011ferlendiren Rumlar\u0131n hedefinin K\u0131br\u0131s\u2019\u0131 Yunanistan\u2019a ba\u011flamak, anayasa de\u011fi\u015fikli\u011fiyle K\u0131br\u0131s T\u00fcrk halk\u0131n\u0131 bir az\u0131nl\u0131k stat\u00fcs\u00fcne indirgemek ve adada yok etmek oldu\u011funu belirten Tatar, \u201cK\u0131br\u0131s T\u00fcrk halk\u0131n\u0131 \u2018az\u0131nl\u0131k\u2019 g\u00f6ren bu zihniyete g\u00f6re halk\u0131m\u0131z\u0131n siyasi e\u015fitli\u011fi, egemenli\u011fi yoktur. Bu zihniyete g\u00f6re halk\u0131m\u0131z az\u0131nl\u0131k haklar\u0131na raz\u0131 olmal\u0131, T\u00fcrkiye\u2019nin garant\u00f6rl\u00fc\u011f\u00fc kalkmal\u0131, T\u00fcrk askeri K\u0131br\u0131s\u2019tan uzakla\u015ft\u0131r\u0131lmal\u0131d\u0131r. Bunlar\u0131 ge\u00e7mi\u015fte reddettik, \u015fimdi de reddediyoruz.\u201d dedi.<\/p>\n<p>K\u0131br\u0131s\u2019ta T\u00fcrk varl\u0131\u011f\u0131 oldu\u011fu s\u00fcrece de Rum-Yunan ikilisinin bu hayallerinin ger\u00e7ekle\u015fmesinin imkan\u0131 da olmad\u0131\u011f\u0131n\u0131 vurgulayan Cumhurba\u015fkan\u0131 Tatar, K\u0131br\u0131s\u2019\u0131n ikinci bir Girit asla olmayaca\u011f\u0131n\u0131 belirtti.<\/p>\n<p>K\u0131br\u0131s sorununa \u00e7\u00f6z\u00fcm bulabilmek amac\u0131yla uzun y\u0131llardan beri s\u00fcrd\u00fcr\u00fclen m\u00fczakere s\u00fcre\u00e7lerinin de Rum-Yunan ikilisinin uzla\u015fmaz ve olumsuz tutumlar\u0131 nedeniyle bir sonuca ula\u015famad\u0131\u011f\u0131n\u0131 kaydeden Tatar, \u201cM\u00fczakere s\u00fcrecinin ba\u015flad\u0131\u011f\u0131 g\u00fcnden beri Rum-Yunan ikilisi adil ve kal\u0131c\u0131 bir anla\u015fmay\u0131 reddederken, halk\u0131m\u0131z\u0131n siyasi e\u015fitli\u011fini, egemenli\u011fini ve t\u00fcm me\u015fru haklar\u0131n\u0131 da yok saymaktad\u0131r. Rum taraf\u0131n\u0131n bu hakimiyet\u00e7i tutumu da asla kabul edilemez.\u201d ifadelerini kulland\u0131.<\/p>\n<p><em>-\u201cEgemen iki ayr\u0131 devlete dayal\u0131 \u00e7\u00f6z\u00fcm modeli i\u00e7in u\u011fra\u015f\u0131m\u0131z devam edecek\u201d<\/em><\/p>\n<p>Uzun y\u0131llardan beri g\u00fcndemde bulunan federasyona dayal\u0131 \u00e7\u00f6z\u00fcm modelinin, Annan Plan\u0131 referandumu, Mont Pelerin ve Crans Montana g\u00f6r\u00fc\u015fmelerinde \u00e7\u00f6kt\u00fc\u011f\u00fcn\u00fc ve bunun m\u00fcmk\u00fcn olmad\u0131\u011f\u0131n\u0131n g\u00f6zler \u00f6n\u00fcne serildi\u011fini belirten Tatar, \u201cT\u00fcrk taraf\u0131n\u0131n hakl\u0131l\u0131\u011f\u0131 bir kez daha g\u00f6r\u00fclm\u00fc\u015ft\u00fcr.\u201d dedi.<\/p>\n<p>Tatar, \u015f\u00f6yle devam etti:<\/p>\n<p>\u201cBu geli\u015fmeler sonras\u0131nda egemen iki e\u015fit devlete dayal\u0131 \u00e7\u00f6z\u00fcm modeli taraf\u0131m\u0131zdan g\u00fcndeme getirilirken, T\u00fcrkiye de bu g\u00f6r\u00fc\u015f\u00fcm\u00fcze destek vermi\u015f, halk\u0131m\u0131z da bunu Cumhurba\u015fkanl\u0131\u011f\u0131 se\u00e7imlerinde onaylam\u0131\u015ft\u0131r. T\u00fcrkiye Cumhurba\u015fkan\u0131 Say\u0131n Recep Tayyip Erdo\u011fan\u2019\u0131n \u2018federasyon bitmi\u015ftir, tek \u00e7\u00f6z\u00fcm yolu iki ayr\u0131 devlettir\u2019 a\u00e7\u0131klamas\u0131 da d\u00fcnyaya \u00f6nemli bir mesaj olurken, bizlere de b\u00fcy\u00fck bir g\u00fc\u00e7 vermi\u015ftir.\u00a0 Bu yolda halk\u0131m\u0131zdan ve T\u00fcrkiye\u2019den ald\u0131\u011f\u0131m\u0131z g\u00fc\u00e7 ve destekle kararl\u0131l\u0131kla y\u00fcr\u00fcmeye devam edece\u011fiz.<\/p>\n<p>Egemen iki ayr\u0131 devlete dayal\u0131 \u00e7\u00f6z\u00fcm modeli i\u00e7in u\u011fra\u015f\u0131m\u0131z devam edecek ve bu yoldan geri ad\u0131m atmayaca\u011f\u0131z. Temennimiz, Rum-Yunan ikilisinin tahriklerine ve gerginlik yaratma \u00e7abalar\u0131na son vermesi ve diyalog \u00e7a\u011fr\u0131lar\u0131m\u0131za olumlu yan\u0131t vermesidir. \u00c7\u00fcnk\u00fc, K\u0131br\u0131s ve b\u00f6lge i\u00e7in en ger\u00e7ek\u00e7i ve kal\u0131c\u0131 \u00e7\u00f6z\u00fcm \u015fekli egemen iki ayr\u0131 devlete dayal\u0131 \u00e7\u00f6z\u00fcm modelidir ve bu g\u00f6r\u00fc\u015f\u00fcm\u00fcz de uluslararas\u0131 alanda da destek g\u00f6rmeye ba\u015flam\u0131\u015ft\u0131r.<\/p>\n<p>K\u0131br\u0131s T\u00fcrk\u00fc\u2019n\u00fcn varolu\u015f m\u00fccadelesinde canlar\u0131n\u0131 feda eden 13 \u015eubat Limasol \u015eehitlerimizi rahmet, minnet ve sayg\u0131yla an\u0131yoruz. Onlar\u0131n g\u00f6sterdi\u011fi cesaret ve fedak\u00e2rl\u0131k, bizlere ba\u011f\u0131ms\u0131zl\u0131k ve \u00f6zg\u00fcrl\u00fck m\u00fccadelesinin kutsall\u0131\u011f\u0131n\u0131 hat\u0131rlatmaktad\u0131r.<\/p>\n<p>Vatan u\u011fruna verilen bu b\u00fcy\u00fck m\u00fccadele, hi\u00e7bir zaman unutulmayacak ve gelecek nesillere aktar\u0131larak ya\u015fat\u0131lacakt\u0131r. Aziz \u015fehitlerimizin ruhlar\u0131 \u015fad olsun.\u201d<\/p>\n<\/p><\/div>\n<p><script async\n                    defer\n                    crossorigin=\"anonymous\"\n                    src=\"https:\/\/connect.facebook.net\/tr_TR\/sdk.js#xfbml=1&#038;version=v3.3\"\n            ><\/script><\/p>\n","protected":false},"excerpt":{"rendered":"<p>Cumhurba\u015fkan\u0131 Ersin Tatar, Limasol Direni\u015fi\u2019nin T\u00fcrk Mukavemet Te\u015fkilat\u0131 \u00f6nc\u00fcl\u00fc\u011f\u00fcnde ger\u00e7ekle\u015fen ve m\u00fccadele tarihine 2. Plevne Savunmas\u0131 olarak ge\u00e7en bir direni\u015f \u00f6yk\u00fcs\u00fc oldu\u011funu kaydetti. Cumhurba\u015fkanl\u0131\u011f\u0131\u2019ndan yap\u0131lan a\u00e7\u0131klamaya g\u00f6re, Cumhurba\u015fkan\u0131 Ersin Tatar, K\u0131br\u0131s T\u00fcrk halk\u0131n\u0131n varolu\u015f m\u00fccadelesi y\u0131llar\u0131nda, 10-13 \u015eubat 1964 tarihlerinde Limasol\u2019da verilen direni\u015f ve bu direni\u015fte \u015fehit d\u00fc\u015fenlerle ilgili mesaj yay\u0131mlad\u0131. Cumhurba\u015fkan\u0131 Ersin Tatar, 13<\/p>\n","protected":false},"author":1,"featured_media":75521,"comment_status":"open","ping_status":"open","sticky":false,"template":"","format":"standard","meta":{"footnotes":""},"categories":[81,101],"tags":[],"class_list":["post-75520","post","type-post","status-publish","format-standard","has-post-thumbnail","hentry","category-kibris","category-manset"],"yoast_head":"<!-- This site is optimized with the Yoast SEO plugin v27.5 - https:\/\/yoast.com\/product\/yoast-seo-wordpress\/ -->\n<title>Tatar: Limasol Direni\u015fi, m\u00fccadele tarihine 2. Plevne Savunmas\u0131 olarak ge\u00e7en bir direni\u015f \u00f6yk\u00fcs\u00fcd\u00fcr -<\/title>\n<meta name=\"robots\" content=\"index, follow, max-snippet:-1, max-image-preview:large, max-video-preview:-1\" \/>\n<link rel=\"canonical\" href=\"https:\/\/kibrisdakik.com\/?p=75520\" \/>\n<meta property=\"og:locale\" content=\"tr_TR\" \/>\n<meta property=\"og:type\" content=\"article\" \/>\n<meta property=\"og:title\" content=\"Tatar: Limasol Direni\u015fi, m\u00fccadele tarihine 2. Plevne Savunmas\u0131 olarak ge\u00e7en bir direni\u015f \u00f6yk\u00fcs\u00fcd\u00fcr -\" \/>\n<meta property=\"og:description\" content=\"Cumhurba\u015fkan\u0131 Ersin Tatar, Limasol Direni\u015fi\u2019nin T\u00fcrk Mukavemet Te\u015fkilat\u0131 \u00f6nc\u00fcl\u00fc\u011f\u00fcnde ger\u00e7ekle\u015fen ve m\u00fccadele tarihine 2. Plevne Savunmas\u0131 olarak ge\u00e7en bir direni\u015f \u00f6yk\u00fcs\u00fc oldu\u011funu kaydetti. Cumhurba\u015fkanl\u0131\u011f\u0131\u2019ndan yap\u0131lan a\u00e7\u0131klamaya g\u00f6re, Cumhurba\u015fkan\u0131 Ersin Tatar, K\u0131br\u0131s T\u00fcrk halk\u0131n\u0131n varolu\u015f m\u00fccadelesi y\u0131llar\u0131nda, 10-13 \u015eubat 1964 tarihlerinde Limasol\u2019da verilen direni\u015f ve bu direni\u015fte \u015fehit d\u00fc\u015fenlerle ilgili mesaj yay\u0131mlad\u0131. Cumhurba\u015fkan\u0131 Ersin Tatar, 13\" \/>\n<meta property=\"og:url\" content=\"https:\/\/kibrisdakik.com\/?p=75520\" \/>\n<meta property=\"article:published_time\" content=\"2025-02-12T16:54:48+00:00\" \/>\n<meta property=\"og:image\" content=\"https:\/\/kibrisdakik.com\/wp-content\/uploads\/2025\/02\/TATAR-LIMASOL-DIRENISI-740x420.jpg\" \/>\n\t<meta property=\"og:image:width\" content=\"926\" \/>\n\t<meta property=\"og:image:height\" content=\"569\" \/>\n\t<meta property=\"og:image:type\" content=\"image\/jpeg\" \/>\n<meta name=\"author\" content=\"admin\" \/>\n<meta name=\"twitter:card\" content=\"summary_large_image\" \/>\n<meta name=\"twitter:label1\" content=\"Yazan:\" \/>\n\t<meta name=\"twitter:data1\" content=\"admin\" \/>\n\t<meta name=\"twitter:label2\" content=\"Tahmini okuma s\u00fcresi\" \/>\n\t<meta name=\"twitter:data2\" content=\"5 dakika\" \/>\n<script type=\"application\/ld+json\" class=\"yoast-schema-graph\">{\"@context\":\"https:\\\/\\\/schema.org\",\"@graph\":[{\"@type\":\"Article\",\"@id\":\"https:\\\/\\\/kibrisdakik.com\\\/?p=75520#article\",\"isPartOf\":{\"@id\":\"https:\\\/\\\/kibrisdakik.com\\\/?p=75520\"},\"author\":{\"name\":\"admin\",\"@id\":\"https:\\\/\\\/kibrisdakik.com\\\/#\\\/schema\\\/person\\\/9cd9d437bbb44f72b73ba127e06d8e79\"},\"headline\":\"Tatar: Limasol Direni\u015fi, m\u00fccadele tarihine 2. Plevne Savunmas\u0131 olarak ge\u00e7en bir direni\u015f \u00f6yk\u00fcs\u00fcd\u00fcr\",\"datePublished\":\"2025-02-12T16:54:48+00:00\",\"mainEntityOfPage\":{\"@id\":\"https:\\\/\\\/kibrisdakik.com\\\/?p=75520\"},\"wordCount\":931,\"commentCount\":0,\"image\":{\"@id\":\"https:\\\/\\\/kibrisdakik.com\\\/?p=75520#primaryimage\"},\"thumbnailUrl\":\"https:\\\/\\\/kibrisdakik.com\\\/wp-content\\\/uploads\\\/2025\\\/02\\\/TATAR-LIMASOL-DIRENISI-740x420.jpg\",\"articleSection\":[\"K\u0131br\u0131s\",\"Man\u015fet\"],\"inLanguage\":\"tr\",\"potentialAction\":[{\"@type\":\"CommentAction\",\"name\":\"Comment\",\"target\":[\"https:\\\/\\\/kibrisdakik.com\\\/?p=75520#respond\"]}]},{\"@type\":\"WebPage\",\"@id\":\"https:\\\/\\\/kibrisdakik.com\\\/?p=75520\",\"url\":\"https:\\\/\\\/kibrisdakik.com\\\/?p=75520\",\"name\":\"Tatar: Limasol Direni\u015fi, m\u00fccadele tarihine 2. Plevne Savunmas\u0131 olarak ge\u00e7en bir direni\u015f \u00f6yk\u00fcs\u00fcd\u00fcr -\",\"isPartOf\":{\"@id\":\"https:\\\/\\\/kibrisdakik.com\\\/#website\"},\"primaryImageOfPage\":{\"@id\":\"https:\\\/\\\/kibrisdakik.com\\\/?p=75520#primaryimage\"},\"image\":{\"@id\":\"https:\\\/\\\/kibrisdakik.com\\\/?p=75520#primaryimage\"},\"thumbnailUrl\":\"https:\\\/\\\/kibrisdakik.com\\\/wp-content\\\/uploads\\\/2025\\\/02\\\/TATAR-LIMASOL-DIRENISI-740x420.jpg\",\"datePublished\":\"2025-02-12T16:54:48+00:00\",\"author\":{\"@id\":\"https:\\\/\\\/kibrisdakik.com\\\/#\\\/schema\\\/person\\\/9cd9d437bbb44f72b73ba127e06d8e79\"},\"breadcrumb\":{\"@id\":\"https:\\\/\\\/kibrisdakik.com\\\/?p=75520#breadcrumb\"},\"inLanguage\":\"tr\",\"potentialAction\":[{\"@type\":\"ReadAction\",\"target\":[\"https:\\\/\\\/kibrisdakik.com\\\/?p=75520\"]}]},{\"@type\":\"ImageObject\",\"inLanguage\":\"tr\",\"@id\":\"https:\\\/\\\/kibrisdakik.com\\\/?p=75520#primaryimage\",\"url\":\"https:\\\/\\\/kibrisdakik.com\\\/wp-content\\\/uploads\\\/2025\\\/02\\\/TATAR-LIMASOL-DIRENISI-740x420.jpg\",\"contentUrl\":\"https:\\\/\\\/kibrisdakik.com\\\/wp-content\\\/uploads\\\/2025\\\/02\\\/TATAR-LIMASOL-DIRENISI-740x420.jpg\",\"width\":926,\"height\":569},{\"@type\":\"BreadcrumbList\",\"@id\":\"https:\\\/\\\/kibrisdakik.com\\\/?p=75520#breadcrumb\",\"itemListElement\":[{\"@type\":\"ListItem\",\"position\":1,\"name\":\"Home\",\"item\":\"https:\\\/\\\/kibrisdakik.com\\\/\"},{\"@type\":\"ListItem\",\"position\":2,\"name\":\"Tatar: Limasol Direni\u015fi, m\u00fccadele tarihine 2. Plevne Savunmas\u0131 olarak ge\u00e7en bir direni\u015f \u00f6yk\u00fcs\u00fcd\u00fcr\"}]},{\"@type\":\"WebSite\",\"@id\":\"https:\\\/\\\/kibrisdakik.com\\\/#website\",\"url\":\"https:\\\/\\\/kibrisdakik.com\\\/\",\"name\":\"\",\"description\":\"Tam vaktinde haber\",\"potentialAction\":[{\"@type\":\"SearchAction\",\"target\":{\"@type\":\"EntryPoint\",\"urlTemplate\":\"https:\\\/\\\/kibrisdakik.com\\\/?s={search_term_string}\"},\"query-input\":{\"@type\":\"PropertyValueSpecification\",\"valueRequired\":true,\"valueName\":\"search_term_string\"}}],\"inLanguage\":\"tr\"},{\"@type\":\"Person\",\"@id\":\"https:\\\/\\\/kibrisdakik.com\\\/#\\\/schema\\\/person\\\/9cd9d437bbb44f72b73ba127e06d8e79\",\"name\":\"admin\",\"image\":{\"@type\":\"ImageObject\",\"inLanguage\":\"tr\",\"@id\":\"https:\\\/\\\/secure.gravatar.com\\\/avatar\\\/ccc17943b9d660506c869530f897617f7cb1c21a4bf30023f252596d83e1f007?s=96&d=mm&r=g\",\"url\":\"https:\\\/\\\/secure.gravatar.com\\\/avatar\\\/ccc17943b9d660506c869530f897617f7cb1c21a4bf30023f252596d83e1f007?s=96&d=mm&r=g\",\"contentUrl\":\"https:\\\/\\\/secure.gravatar.com\\\/avatar\\\/ccc17943b9d660506c869530f897617f7cb1c21a4bf30023f252596d83e1f007?s=96&d=mm&r=g\",\"caption\":\"admin\"},\"sameAs\":[\"https:\\\/\\\/kibrisdakik.com\"],\"url\":\"https:\\\/\\\/kibrisdakik.com\\\/?author=1\"}]}<\/script>\n<!-- \/ Yoast SEO plugin. -->","yoast_head_json":{"title":"Tatar: Limasol Direni\u015fi, m\u00fccadele tarihine 2. Plevne Savunmas\u0131 olarak ge\u00e7en bir direni\u015f \u00f6yk\u00fcs\u00fcd\u00fcr -","robots":{"index":"index","follow":"follow","max-snippet":"max-snippet:-1","max-image-preview":"max-image-preview:large","max-video-preview":"max-video-preview:-1"},"canonical":"https:\/\/kibrisdakik.com\/?p=75520","og_locale":"tr_TR","og_type":"article","og_title":"Tatar: Limasol Direni\u015fi, m\u00fccadele tarihine 2. Plevne Savunmas\u0131 olarak ge\u00e7en bir direni\u015f \u00f6yk\u00fcs\u00fcd\u00fcr -","og_description":"Cumhurba\u015fkan\u0131 Ersin Tatar, Limasol Direni\u015fi\u2019nin T\u00fcrk Mukavemet Te\u015fkilat\u0131 \u00f6nc\u00fcl\u00fc\u011f\u00fcnde ger\u00e7ekle\u015fen ve m\u00fccadele tarihine 2. Plevne Savunmas\u0131 olarak ge\u00e7en bir direni\u015f \u00f6yk\u00fcs\u00fc oldu\u011funu kaydetti. Cumhurba\u015fkanl\u0131\u011f\u0131\u2019ndan yap\u0131lan a\u00e7\u0131klamaya g\u00f6re, Cumhurba\u015fkan\u0131 Ersin Tatar, K\u0131br\u0131s T\u00fcrk halk\u0131n\u0131n varolu\u015f m\u00fccadelesi y\u0131llar\u0131nda, 10-13 \u015eubat 1964 tarihlerinde Limasol\u2019da verilen direni\u015f ve bu direni\u015fte \u015fehit d\u00fc\u015fenlerle ilgili mesaj yay\u0131mlad\u0131. Cumhurba\u015fkan\u0131 Ersin Tatar, 13","og_url":"https:\/\/kibrisdakik.com\/?p=75520","article_published_time":"2025-02-12T16:54:48+00:00","og_image":[{"width":926,"height":569,"url":"https:\/\/kibrisdakik.com\/wp-content\/uploads\/2025\/02\/TATAR-LIMASOL-DIRENISI-740x420.jpg","type":"image\/jpeg"}],"author":"admin","twitter_card":"summary_large_image","twitter_misc":{"Yazan:":"admin","Tahmini okuma s\u00fcresi":"5 dakika"},"schema":{"@context":"https:\/\/schema.org","@graph":[{"@type":"Article","@id":"https:\/\/kibrisdakik.com\/?p=75520#article","isPartOf":{"@id":"https:\/\/kibrisdakik.com\/?p=75520"},"author":{"name":"admin","@id":"https:\/\/kibrisdakik.com\/#\/schema\/person\/9cd9d437bbb44f72b73ba127e06d8e79"},"headline":"Tatar: Limasol Direni\u015fi, m\u00fccadele tarihine 2. Plevne Savunmas\u0131 olarak ge\u00e7en bir direni\u015f \u00f6yk\u00fcs\u00fcd\u00fcr","datePublished":"2025-02-12T16:54:48+00:00","mainEntityOfPage":{"@id":"https:\/\/kibrisdakik.com\/?p=75520"},"wordCount":931,"commentCount":0,"image":{"@id":"https:\/\/kibrisdakik.com\/?p=75520#primaryimage"},"thumbnailUrl":"https:\/\/kibrisdakik.com\/wp-content\/uploads\/2025\/02\/TATAR-LIMASOL-DIRENISI-740x420.jpg","articleSection":["K\u0131br\u0131s","Man\u015fet"],"inLanguage":"tr","potentialAction":[{"@type":"CommentAction","name":"Comment","target":["https:\/\/kibrisdakik.com\/?p=75520#respond"]}]},{"@type":"WebPage","@id":"https:\/\/kibrisdakik.com\/?p=75520","url":"https:\/\/kibrisdakik.com\/?p=75520","name":"Tatar: Limasol Direni\u015fi, m\u00fccadele tarihine 2. Plevne Savunmas\u0131 olarak ge\u00e7en bir direni\u015f \u00f6yk\u00fcs\u00fcd\u00fcr -","isPartOf":{"@id":"https:\/\/kibrisdakik.com\/#website"},"primaryImageOfPage":{"@id":"https:\/\/kibrisdakik.com\/?p=75520#primaryimage"},"image":{"@id":"https:\/\/kibrisdakik.com\/?p=75520#primaryimage"},"thumbnailUrl":"https:\/\/kibrisdakik.com\/wp-content\/uploads\/2025\/02\/TATAR-LIMASOL-DIRENISI-740x420.jpg","datePublished":"2025-02-12T16:54:48+00:00","author":{"@id":"https:\/\/kibrisdakik.com\/#\/schema\/person\/9cd9d437bbb44f72b73ba127e06d8e79"},"breadcrumb":{"@id":"https:\/\/kibrisdakik.com\/?p=75520#breadcrumb"},"inLanguage":"tr","potentialAction":[{"@type":"ReadAction","target":["https:\/\/kibrisdakik.com\/?p=75520"]}]},{"@type":"ImageObject","inLanguage":"tr","@id":"https:\/\/kibrisdakik.com\/?p=75520#primaryimage","url":"https:\/\/kibrisdakik.com\/wp-content\/uploads\/2025\/02\/TATAR-LIMASOL-DIRENISI-740x420.jpg","contentUrl":"https:\/\/kibrisdakik.com\/wp-content\/uploads\/2025\/02\/TATAR-LIMASOL-DIRENISI-740x420.jpg","width":926,"height":569},{"@type":"BreadcrumbList","@id":"https:\/\/kibrisdakik.com\/?p=75520#breadcrumb","itemListElement":[{"@type":"ListItem","position":1,"name":"Home","item":"https:\/\/kibrisdakik.com\/"},{"@type":"ListItem","position":2,"name":"Tatar: Limasol Direni\u015fi, m\u00fccadele tarihine 2. Plevne Savunmas\u0131 olarak ge\u00e7en bir direni\u015f \u00f6yk\u00fcs\u00fcd\u00fcr"}]},{"@type":"WebSite","@id":"https:\/\/kibrisdakik.com\/#website","url":"https:\/\/kibrisdakik.com\/","name":"","description":"Tam vaktinde haber","potentialAction":[{"@type":"SearchAction","target":{"@type":"EntryPoint","urlTemplate":"https:\/\/kibrisdakik.com\/?s={search_term_string}"},"query-input":{"@type":"PropertyValueSpecification","valueRequired":true,"valueName":"search_term_string"}}],"inLanguage":"tr"},{"@type":"Person","@id":"https:\/\/kibrisdakik.com\/#\/schema\/person\/9cd9d437bbb44f72b73ba127e06d8e79","name":"admin","image":{"@type":"ImageObject","inLanguage":"tr","@id":"https:\/\/secure.gravatar.com\/avatar\/ccc17943b9d660506c869530f897617f7cb1c21a4bf30023f252596d83e1f007?s=96&d=mm&r=g","url":"https:\/\/secure.gravatar.com\/avatar\/ccc17943b9d660506c869530f897617f7cb1c21a4bf30023f252596d83e1f007?s=96&d=mm&r=g","contentUrl":"https:\/\/secure.gravatar.com\/avatar\/ccc17943b9d660506c869530f897617f7cb1c21a4bf30023f252596d83e1f007?s=96&d=mm&r=g","caption":"admin"},"sameAs":["https:\/\/kibrisdakik.com"],"url":"https:\/\/kibrisdakik.com\/?author=1"}]}},"_links":{"self":[{"href":"https:\/\/kibrisdakik.com\/index.php?rest_route=\/wp\/v2\/posts\/75520","targetHints":{"allow":["GET"]}}],"collection":[{"href":"https:\/\/kibrisdakik.com\/index.php?rest_route=\/wp\/v2\/posts"}],"about":[{"href":"https:\/\/kibrisdakik.com\/index.php?rest_route=\/wp\/v2\/types\/post"}],"author":[{"embeddable":true,"href":"https:\/\/kibrisdakik.com\/index.php?rest_route=\/wp\/v2\/users\/1"}],"replies":[{"embeddable":true,"href":"https:\/\/kibrisdakik.com\/index.php?rest_route=%2Fwp%2Fv2%2Fcomments&post=75520"}],"version-history":[{"count":0,"href":"https:\/\/kibrisdakik.com\/index.php?rest_route=\/wp\/v2\/posts\/75520\/revisions"}],"wp:featuredmedia":[{"embeddable":true,"href":"https:\/\/kibrisdakik.com\/index.php?rest_route=\/wp\/v2\/media\/75521"}],"wp:attachment":[{"href":"https:\/\/kibrisdakik.com\/index.php?rest_route=%2Fwp%2Fv2%2Fmedia&parent=75520"}],"wp:term":[{"taxonomy":"category","embeddable":true,"href":"https:\/\/kibrisdakik.com\/index.php?rest_route=%2Fwp%2Fv2%2Fcategories&post=75520"},{"taxonomy":"post_tag","embeddable":true,"href":"https:\/\/kibrisdakik.com\/index.php?rest_route=%2Fwp%2Fv2%2Ftags&post=75520"}],"curies":[{"name":"wp","href":"https:\/\/api.w.org\/{rel}","templated":true}]}}