{"id":75522,"date":"2025-02-12T19:57:51","date_gmt":"2025-02-12T16:57:51","guid":{"rendered":"https:\/\/kibrisdakik.com\/index.php\/2025\/02\/12\/cumhurbaskani-tatar-turkiye-bedensel-engelliler-spor-federasyonu-yonetimini-kabul-etti\/"},"modified":"2025-02-12T19:57:51","modified_gmt":"2025-02-12T16:57:51","slug":"cumhurbaskani-tatar-turkiye-bedensel-engelliler-spor-federasyonu-yonetimini-kabul-etti","status":"publish","type":"post","link":"https:\/\/kibrisdakik.com\/?p=75522","title":{"rendered":"Cumhurba\u015fkan\u0131 Tatar, T\u00fcrkiye Bedensel Engelliler Spor Federasyonu y\u00f6netimini kabul etti"},"content":{"rendered":"<div>\n<div class=\"mariselle-image-container none\">\n                                            <\/div>\n<p>Cumhurba\u015fkan\u0131 Ersin Tatar, Alparslan Erko\u00e7 ba\u015fkanl\u0131\u011f\u0131ndaki T\u00fcrkiye Bedensel Engelliler Spor Federasyonu ve sporculardan olu\u015fan heyeti kabul etti.<\/p>\n<p>Cumhurba\u015fkanl\u0131\u011f\u0131\u2019ndan yap\u0131lan a\u00e7\u0131klamaya g\u00f6re, Cumhurba\u015fkan\u0131 Tatar kabuldeki konu\u015fmas\u0131nda, K\u0131br\u0131s T\u00fcrklerinin h\u00e2l\u00e2 ambargolara maruz kald\u0131\u011f\u0131n\u0131 ve T\u00fcrkiye \u00fczerinden d\u00fcnyaya a\u00e7\u0131ld\u0131\u011f\u0131n\u0131 belirtti. Tatar, T\u00fcrk d\u00fcnyas\u0131 ile uluslararas\u0131 baz\u0131 temaslar\u0131n yap\u0131lmas\u0131n\u0131n \u00f6nemini vurgulayarak, T\u00fcrkiye Cumhuriyeti ile artan temaslar\u0131n elzem oldu\u011funa dikkat \u00e7ekti.<\/p>\n<p>Cumhurba\u015fkan\u0131 Tatar, engelli bireylerin yasal d\u00fczenlemelerle engelsiz ya\u015fam s\u00fcrmeleri ve sportif, sosyal faaliyetlerde yer almalar\u0131 i\u00e7in devlet olarak y\u00fcr\u00fct\u00fclen \u00e7al\u0131\u015fmalar\u0131n de\u011ferli oldu\u011funu belirtti.<\/p>\n<\/p><\/div>\n<p><script async\n                    defer\n                    crossorigin=\"anonymous\"\n                    src=\"https:\/\/connect.facebook.net\/tr_TR\/sdk.js#xfbml=1&#038;version=v3.3\"\n            ><\/script><\/p>\n","protected":false},"excerpt":{"rendered":"<p>Cumhurba\u015fkan\u0131 Ersin Tatar, Alparslan Erko\u00e7 ba\u015fkanl\u0131\u011f\u0131ndaki T\u00fcrkiye Bedensel Engelliler Spor Federasyonu ve sporculardan olu\u015fan heyeti kabul etti. Cumhurba\u015fkanl\u0131\u011f\u0131\u2019ndan yap\u0131lan a\u00e7\u0131klamaya g\u00f6re, Cumhurba\u015fkan\u0131 Tatar kabuldeki konu\u015fmas\u0131nda, K\u0131br\u0131s T\u00fcrklerinin h\u00e2l\u00e2 ambargolara maruz kald\u0131\u011f\u0131n\u0131 ve T\u00fcrkiye \u00fczerinden d\u00fcnyaya a\u00e7\u0131ld\u0131\u011f\u0131n\u0131 belirtti. Tatar, T\u00fcrk d\u00fcnyas\u0131 ile uluslararas\u0131 baz\u0131 temaslar\u0131n yap\u0131lmas\u0131n\u0131n \u00f6nemini vurgulayarak, T\u00fcrkiye Cumhuriyeti ile artan temaslar\u0131n elzem oldu\u011funa dikkat<\/p>\n","protected":false},"author":1,"featured_media":75523,"comment_status":"open","ping_status":"open","sticky":false,"template":"","format":"standard","meta":{"footnotes":""},"categories":[81,101],"tags":[],"class_list":["post-75522","post","type-post","status-publish","format-standard","has-post-thumbnail","hentry","category-kibris","category-manset"],"yoast_head":"<!-- This site is optimized with the Yoast SEO plugin v27.5 - https:\/\/yoast.com\/product\/yoast-seo-wordpress\/ -->\n<title>Cumhurba\u015fkan\u0131 Tatar, T\u00fcrkiye Bedensel Engelliler Spor Federasyonu y\u00f6netimini kabul etti -<\/title>\n<meta name=\"robots\" content=\"index, follow, max-snippet:-1, max-image-preview:large, max-video-preview:-1\" \/>\n<link rel=\"canonical\" href=\"https:\/\/kibrisdakik.com\/?p=75522\" \/>\n<meta property=\"og:locale\" content=\"tr_TR\" \/>\n<meta property=\"og:type\" content=\"article\" \/>\n<meta property=\"og:title\" content=\"Cumhurba\u015fkan\u0131 Tatar, T\u00fcrkiye Bedensel Engelliler Spor Federasyonu y\u00f6netimini kabul etti -\" \/>\n<meta property=\"og:description\" content=\"Cumhurba\u015fkan\u0131 Ersin Tatar, Alparslan Erko\u00e7 ba\u015fkanl\u0131\u011f\u0131ndaki T\u00fcrkiye Bedensel Engelliler Spor Federasyonu ve sporculardan olu\u015fan heyeti kabul etti. Cumhurba\u015fkanl\u0131\u011f\u0131\u2019ndan yap\u0131lan a\u00e7\u0131klamaya g\u00f6re, Cumhurba\u015fkan\u0131 Tatar kabuldeki konu\u015fmas\u0131nda, K\u0131br\u0131s T\u00fcrklerinin h\u00e2l\u00e2 ambargolara maruz kald\u0131\u011f\u0131n\u0131 ve T\u00fcrkiye \u00fczerinden d\u00fcnyaya a\u00e7\u0131ld\u0131\u011f\u0131n\u0131 belirtti. Tatar, T\u00fcrk d\u00fcnyas\u0131 ile uluslararas\u0131 baz\u0131 temaslar\u0131n yap\u0131lmas\u0131n\u0131n \u00f6nemini vurgulayarak, T\u00fcrkiye Cumhuriyeti ile artan temaslar\u0131n elzem oldu\u011funa dikkat\" \/>\n<meta property=\"og:url\" content=\"https:\/\/kibrisdakik.com\/?p=75522\" \/>\n<meta property=\"article:published_time\" content=\"2025-02-12T16:57:51+00:00\" \/>\n<meta property=\"og:image\" content=\"https:\/\/kibrisdakik.com\/wp-content\/uploads\/2025\/02\/TATAR-BEDENSEL-ENGELLILER-SPOR-5-740x411.jpg\" \/>\n\t<meta property=\"og:image:width\" content=\"928\" \/>\n\t<meta property=\"og:image:height\" content=\"411\" \/>\n\t<meta property=\"og:image:type\" content=\"image\/jpeg\" \/>\n<meta name=\"author\" content=\"admin\" \/>\n<meta name=\"twitter:card\" content=\"summary_large_image\" \/>\n<meta name=\"twitter:label1\" content=\"Yazan:\" \/>\n\t<meta name=\"twitter:data1\" content=\"admin\" \/>\n\t<meta name=\"twitter:label2\" content=\"Tahmini okuma s\u00fcresi\" \/>\n\t<meta name=\"twitter:data2\" content=\"1 dakika\" \/>\n<script type=\"application\/ld+json\" class=\"yoast-schema-graph\">{\"@context\":\"https:\\\/\\\/schema.org\",\"@graph\":[{\"@type\":\"Article\",\"@id\":\"https:\\\/\\\/kibrisdakik.com\\\/?p=75522#article\",\"isPartOf\":{\"@id\":\"https:\\\/\\\/kibrisdakik.com\\\/?p=75522\"},\"author\":{\"name\":\"admin\",\"@id\":\"https:\\\/\\\/kibrisdakik.com\\\/#\\\/schema\\\/person\\\/9cd9d437bbb44f72b73ba127e06d8e79\"},\"headline\":\"Cumhurba\u015fkan\u0131 Tatar, T\u00fcrkiye Bedensel Engelliler Spor Federasyonu y\u00f6netimini kabul etti\",\"datePublished\":\"2025-02-12T16:57:51+00:00\",\"mainEntityOfPage\":{\"@id\":\"https:\\\/\\\/kibrisdakik.com\\\/?p=75522\"},\"wordCount\":135,\"commentCount\":0,\"image\":{\"@id\":\"https:\\\/\\\/kibrisdakik.com\\\/?p=75522#primaryimage\"},\"thumbnailUrl\":\"https:\\\/\\\/kibrisdakik.com\\\/wp-content\\\/uploads\\\/2025\\\/02\\\/TATAR-BEDENSEL-ENGELLILER-SPOR-5-740x411.jpg\",\"articleSection\":[\"K\u0131br\u0131s\",\"Man\u015fet\"],\"inLanguage\":\"tr\",\"potentialAction\":[{\"@type\":\"CommentAction\",\"name\":\"Comment\",\"target\":[\"https:\\\/\\\/kibrisdakik.com\\\/?p=75522#respond\"]}]},{\"@type\":\"WebPage\",\"@id\":\"https:\\\/\\\/kibrisdakik.com\\\/?p=75522\",\"url\":\"https:\\\/\\\/kibrisdakik.com\\\/?p=75522\",\"name\":\"Cumhurba\u015fkan\u0131 Tatar, T\u00fcrkiye Bedensel Engelliler Spor Federasyonu y\u00f6netimini kabul etti -\",\"isPartOf\":{\"@id\":\"https:\\\/\\\/kibrisdakik.com\\\/#website\"},\"primaryImageOfPage\":{\"@id\":\"https:\\\/\\\/kibrisdakik.com\\\/?p=75522#primaryimage\"},\"image\":{\"@id\":\"https:\\\/\\\/kibrisdakik.com\\\/?p=75522#primaryimage\"},\"thumbnailUrl\":\"https:\\\/\\\/kibrisdakik.com\\\/wp-content\\\/uploads\\\/2025\\\/02\\\/TATAR-BEDENSEL-ENGELLILER-SPOR-5-740x411.jpg\",\"datePublished\":\"2025-02-12T16:57:51+00:00\",\"author\":{\"@id\":\"https:\\\/\\\/kibrisdakik.com\\\/#\\\/schema\\\/person\\\/9cd9d437bbb44f72b73ba127e06d8e79\"},\"breadcrumb\":{\"@id\":\"https:\\\/\\\/kibrisdakik.com\\\/?p=75522#breadcrumb\"},\"inLanguage\":\"tr\",\"potentialAction\":[{\"@type\":\"ReadAction\",\"target\":[\"https:\\\/\\\/kibrisdakik.com\\\/?p=75522\"]}]},{\"@type\":\"ImageObject\",\"inLanguage\":\"tr\",\"@id\":\"https:\\\/\\\/kibrisdakik.com\\\/?p=75522#primaryimage\",\"url\":\"https:\\\/\\\/kibrisdakik.com\\\/wp-content\\\/uploads\\\/2025\\\/02\\\/TATAR-BEDENSEL-ENGELLILER-SPOR-5-740x411.jpg\",\"contentUrl\":\"https:\\\/\\\/kibrisdakik.com\\\/wp-content\\\/uploads\\\/2025\\\/02\\\/TATAR-BEDENSEL-ENGELLILER-SPOR-5-740x411.jpg\",\"width\":928,\"height\":411},{\"@type\":\"BreadcrumbList\",\"@id\":\"https:\\\/\\\/kibrisdakik.com\\\/?p=75522#breadcrumb\",\"itemListElement\":[{\"@type\":\"ListItem\",\"position\":1,\"name\":\"Home\",\"item\":\"https:\\\/\\\/kibrisdakik.com\\\/\"},{\"@type\":\"ListItem\",\"position\":2,\"name\":\"Cumhurba\u015fkan\u0131 Tatar, T\u00fcrkiye Bedensel Engelliler Spor Federasyonu y\u00f6netimini kabul etti\"}]},{\"@type\":\"WebSite\",\"@id\":\"https:\\\/\\\/kibrisdakik.com\\\/#website\",\"url\":\"https:\\\/\\\/kibrisdakik.com\\\/\",\"name\":\"\",\"description\":\"Tam vaktinde haber\",\"potentialAction\":[{\"@type\":\"SearchAction\",\"target\":{\"@type\":\"EntryPoint\",\"urlTemplate\":\"https:\\\/\\\/kibrisdakik.com\\\/?s={search_term_string}\"},\"query-input\":{\"@type\":\"PropertyValueSpecification\",\"valueRequired\":true,\"valueName\":\"search_term_string\"}}],\"inLanguage\":\"tr\"},{\"@type\":\"Person\",\"@id\":\"https:\\\/\\\/kibrisdakik.com\\\/#\\\/schema\\\/person\\\/9cd9d437bbb44f72b73ba127e06d8e79\",\"name\":\"admin\",\"image\":{\"@type\":\"ImageObject\",\"inLanguage\":\"tr\",\"@id\":\"https:\\\/\\\/secure.gravatar.com\\\/avatar\\\/ccc17943b9d660506c869530f897617f7cb1c21a4bf30023f252596d83e1f007?s=96&d=mm&r=g\",\"url\":\"https:\\\/\\\/secure.gravatar.com\\\/avatar\\\/ccc17943b9d660506c869530f897617f7cb1c21a4bf30023f252596d83e1f007?s=96&d=mm&r=g\",\"contentUrl\":\"https:\\\/\\\/secure.gravatar.com\\\/avatar\\\/ccc17943b9d660506c869530f897617f7cb1c21a4bf30023f252596d83e1f007?s=96&d=mm&r=g\",\"caption\":\"admin\"},\"sameAs\":[\"https:\\\/\\\/kibrisdakik.com\"],\"url\":\"https:\\\/\\\/kibrisdakik.com\\\/?author=1\"}]}<\/script>\n<!-- \/ Yoast SEO plugin. -->","yoast_head_json":{"title":"Cumhurba\u015fkan\u0131 Tatar, T\u00fcrkiye Bedensel Engelliler Spor Federasyonu y\u00f6netimini kabul etti -","robots":{"index":"index","follow":"follow","max-snippet":"max-snippet:-1","max-image-preview":"max-image-preview:large","max-video-preview":"max-video-preview:-1"},"canonical":"https:\/\/kibrisdakik.com\/?p=75522","og_locale":"tr_TR","og_type":"article","og_title":"Cumhurba\u015fkan\u0131 Tatar, T\u00fcrkiye Bedensel Engelliler Spor Federasyonu y\u00f6netimini kabul etti -","og_description":"Cumhurba\u015fkan\u0131 Ersin Tatar, Alparslan Erko\u00e7 ba\u015fkanl\u0131\u011f\u0131ndaki T\u00fcrkiye Bedensel Engelliler Spor Federasyonu ve sporculardan olu\u015fan heyeti kabul etti. Cumhurba\u015fkanl\u0131\u011f\u0131\u2019ndan yap\u0131lan a\u00e7\u0131klamaya g\u00f6re, Cumhurba\u015fkan\u0131 Tatar kabuldeki konu\u015fmas\u0131nda, K\u0131br\u0131s T\u00fcrklerinin h\u00e2l\u00e2 ambargolara maruz kald\u0131\u011f\u0131n\u0131 ve T\u00fcrkiye \u00fczerinden d\u00fcnyaya a\u00e7\u0131ld\u0131\u011f\u0131n\u0131 belirtti. Tatar, T\u00fcrk d\u00fcnyas\u0131 ile uluslararas\u0131 baz\u0131 temaslar\u0131n yap\u0131lmas\u0131n\u0131n \u00f6nemini vurgulayarak, T\u00fcrkiye Cumhuriyeti ile artan temaslar\u0131n elzem oldu\u011funa dikkat","og_url":"https:\/\/kibrisdakik.com\/?p=75522","article_published_time":"2025-02-12T16:57:51+00:00","og_image":[{"width":928,"height":411,"url":"https:\/\/kibrisdakik.com\/wp-content\/uploads\/2025\/02\/TATAR-BEDENSEL-ENGELLILER-SPOR-5-740x411.jpg","type":"image\/jpeg"}],"author":"admin","twitter_card":"summary_large_image","twitter_misc":{"Yazan:":"admin","Tahmini okuma s\u00fcresi":"1 dakika"},"schema":{"@context":"https:\/\/schema.org","@graph":[{"@type":"Article","@id":"https:\/\/kibrisdakik.com\/?p=75522#article","isPartOf":{"@id":"https:\/\/kibrisdakik.com\/?p=75522"},"author":{"name":"admin","@id":"https:\/\/kibrisdakik.com\/#\/schema\/person\/9cd9d437bbb44f72b73ba127e06d8e79"},"headline":"Cumhurba\u015fkan\u0131 Tatar, T\u00fcrkiye Bedensel Engelliler Spor Federasyonu y\u00f6netimini kabul etti","datePublished":"2025-02-12T16:57:51+00:00","mainEntityOfPage":{"@id":"https:\/\/kibrisdakik.com\/?p=75522"},"wordCount":135,"commentCount":0,"image":{"@id":"https:\/\/kibrisdakik.com\/?p=75522#primaryimage"},"thumbnailUrl":"https:\/\/kibrisdakik.com\/wp-content\/uploads\/2025\/02\/TATAR-BEDENSEL-ENGELLILER-SPOR-5-740x411.jpg","articleSection":["K\u0131br\u0131s","Man\u015fet"],"inLanguage":"tr","potentialAction":[{"@type":"CommentAction","name":"Comment","target":["https:\/\/kibrisdakik.com\/?p=75522#respond"]}]},{"@type":"WebPage","@id":"https:\/\/kibrisdakik.com\/?p=75522","url":"https:\/\/kibrisdakik.com\/?p=75522","name":"Cumhurba\u015fkan\u0131 Tatar, T\u00fcrkiye Bedensel Engelliler Spor Federasyonu y\u00f6netimini kabul etti -","isPartOf":{"@id":"https:\/\/kibrisdakik.com\/#website"},"primaryImageOfPage":{"@id":"https:\/\/kibrisdakik.com\/?p=75522#primaryimage"},"image":{"@id":"https:\/\/kibrisdakik.com\/?p=75522#primaryimage"},"thumbnailUrl":"https:\/\/kibrisdakik.com\/wp-content\/uploads\/2025\/02\/TATAR-BEDENSEL-ENGELLILER-SPOR-5-740x411.jpg","datePublished":"2025-02-12T16:57:51+00:00","author":{"@id":"https:\/\/kibrisdakik.com\/#\/schema\/person\/9cd9d437bbb44f72b73ba127e06d8e79"},"breadcrumb":{"@id":"https:\/\/kibrisdakik.com\/?p=75522#breadcrumb"},"inLanguage":"tr","potentialAction":[{"@type":"ReadAction","target":["https:\/\/kibrisdakik.com\/?p=75522"]}]},{"@type":"ImageObject","inLanguage":"tr","@id":"https:\/\/kibrisdakik.com\/?p=75522#primaryimage","url":"https:\/\/kibrisdakik.com\/wp-content\/uploads\/2025\/02\/TATAR-BEDENSEL-ENGELLILER-SPOR-5-740x411.jpg","contentUrl":"https:\/\/kibrisdakik.com\/wp-content\/uploads\/2025\/02\/TATAR-BEDENSEL-ENGELLILER-SPOR-5-740x411.jpg","width":928,"height":411},{"@type":"BreadcrumbList","@id":"https:\/\/kibrisdakik.com\/?p=75522#breadcrumb","itemListElement":[{"@type":"ListItem","position":1,"name":"Home","item":"https:\/\/kibrisdakik.com\/"},{"@type":"ListItem","position":2,"name":"Cumhurba\u015fkan\u0131 Tatar, T\u00fcrkiye Bedensel Engelliler Spor Federasyonu y\u00f6netimini kabul etti"}]},{"@type":"WebSite","@id":"https:\/\/kibrisdakik.com\/#website","url":"https:\/\/kibrisdakik.com\/","name":"","description":"Tam vaktinde haber","potentialAction":[{"@type":"SearchAction","target":{"@type":"EntryPoint","urlTemplate":"https:\/\/kibrisdakik.com\/?s={search_term_string}"},"query-input":{"@type":"PropertyValueSpecification","valueRequired":true,"valueName":"search_term_string"}}],"inLanguage":"tr"},{"@type":"Person","@id":"https:\/\/kibrisdakik.com\/#\/schema\/person\/9cd9d437bbb44f72b73ba127e06d8e79","name":"admin","image":{"@type":"ImageObject","inLanguage":"tr","@id":"https:\/\/secure.gravatar.com\/avatar\/ccc17943b9d660506c869530f897617f7cb1c21a4bf30023f252596d83e1f007?s=96&d=mm&r=g","url":"https:\/\/secure.gravatar.com\/avatar\/ccc17943b9d660506c869530f897617f7cb1c21a4bf30023f252596d83e1f007?s=96&d=mm&r=g","contentUrl":"https:\/\/secure.gravatar.com\/avatar\/ccc17943b9d660506c869530f897617f7cb1c21a4bf30023f252596d83e1f007?s=96&d=mm&r=g","caption":"admin"},"sameAs":["https:\/\/kibrisdakik.com"],"url":"https:\/\/kibrisdakik.com\/?author=1"}]}},"_links":{"self":[{"href":"https:\/\/kibrisdakik.com\/index.php?rest_route=\/wp\/v2\/posts\/75522","targetHints":{"allow":["GET"]}}],"collection":[{"href":"https:\/\/kibrisdakik.com\/index.php?rest_route=\/wp\/v2\/posts"}],"about":[{"href":"https:\/\/kibrisdakik.com\/index.php?rest_route=\/wp\/v2\/types\/post"}],"author":[{"embeddable":true,"href":"https:\/\/kibrisdakik.com\/index.php?rest_route=\/wp\/v2\/users\/1"}],"replies":[{"embeddable":true,"href":"https:\/\/kibrisdakik.com\/index.php?rest_route=%2Fwp%2Fv2%2Fcomments&post=75522"}],"version-history":[{"count":0,"href":"https:\/\/kibrisdakik.com\/index.php?rest_route=\/wp\/v2\/posts\/75522\/revisions"}],"wp:featuredmedia":[{"embeddable":true,"href":"https:\/\/kibrisdakik.com\/index.php?rest_route=\/wp\/v2\/media\/75523"}],"wp:attachment":[{"href":"https:\/\/kibrisdakik.com\/index.php?rest_route=%2Fwp%2Fv2%2Fmedia&parent=75522"}],"wp:term":[{"taxonomy":"category","embeddable":true,"href":"https:\/\/kibrisdakik.com\/index.php?rest_route=%2Fwp%2Fv2%2Fcategories&post=75522"},{"taxonomy":"post_tag","embeddable":true,"href":"https:\/\/kibrisdakik.com\/index.php?rest_route=%2Fwp%2Fv2%2Ftags&post=75522"}],"curies":[{"name":"wp","href":"https:\/\/api.w.org\/{rel}","templated":true}]}}