{"id":75526,"date":"2025-02-12T20:03:54","date_gmt":"2025-02-12T17:03:54","guid":{"rendered":"https:\/\/kibrisdakik.com\/index.php\/2025\/02\/12\/berova-berat-kandili-dolayisiyla-mesaj-yayimladi\/"},"modified":"2025-02-12T20:03:54","modified_gmt":"2025-02-12T17:03:54","slug":"berova-berat-kandili-dolayisiyla-mesaj-yayimladi","status":"publish","type":"post","link":"https:\/\/kibrisdakik.com\/?p=75526","title":{"rendered":"Berova, Berat Kandili dolay\u0131s\u0131yla mesaj yay\u0131mlad\u0131"},"content":{"rendered":"<div>\n<div class=\"mariselle-image-container none\">\n                                            <\/div>\n<p>Maliye Bakan\u0131 \u00d6zdemir Berova, yar\u0131n gece idrak edilecek Berat Kandili vesilesiyle mesaj yay\u0131mlayarak, Berat Kandili\u2019nin t\u00fcm insanl\u0131\u011fa hay\u0131rlar getirmesini diledi.<\/p>\n<p>Ramazan ay\u0131n\u0131n m\u00fcjdecisi olan Berat Kandili\u2019ne kavu\u015fman\u0131n huzur ve mutlulu\u011funu ya\u015fad\u0131klar\u0131n\u0131 belirten Berova, \u201cYar\u0131n gece idrak edece\u011fimiz Berat gecesi, ilahi rahmetin, r\u0131z\u0131k ve \u015fifa kap\u0131lar\u0131n\u0131n sonuna kadar a\u00e7\u0131k oldu\u011fu, iman, ibadet ve d\u00fc\u015f\u00fcnce hayat\u0131m\u0131z bak\u0131m\u0131ndan kendimizi yenilememiz, \u00fcmitlerimizi tazelememiz i\u00e7in b\u00fcy\u00fck bir f\u0131rsatt\u0131r.\u201d ifadelerine yer verdi.<\/p>\n<p>Manevi duygular\u0131n kuvvetlendi\u011fi; sevgi, sayg\u0131, ho\u015fg\u00f6r\u00fc ve karde\u015fli\u011fin en i\u00e7ten \u015fekilde hissedildi\u011fi bu m\u00fcstesna gecenin, \u00fclkeye, millete, \u0130slam \u00e2lemine ve t\u00fcm insanl\u0131\u011fa bar\u0131\u015f, huzur ve sa\u011fl\u0131k getirmesini temenni eden Berova, Berat Kandili\u2019ni en kalbi duygularla tebrik etti\u011fini belirtti.<\/p>\n<\/p><\/div>\n<p><script async\n                    defer\n                    crossorigin=\"anonymous\"\n                    src=\"https:\/\/connect.facebook.net\/tr_TR\/sdk.js#xfbml=1&#038;version=v3.3\"\n            ><\/script><\/p>\n","protected":false},"excerpt":{"rendered":"<p>Maliye Bakan\u0131 \u00d6zdemir Berova, yar\u0131n gece idrak edilecek Berat Kandili vesilesiyle mesaj yay\u0131mlayarak, Berat Kandili\u2019nin t\u00fcm insanl\u0131\u011fa hay\u0131rlar getirmesini diledi. Ramazan ay\u0131n\u0131n m\u00fcjdecisi olan Berat Kandili\u2019ne kavu\u015fman\u0131n huzur ve mutlulu\u011funu ya\u015fad\u0131klar\u0131n\u0131 belirten Berova, \u201cYar\u0131n gece idrak edece\u011fimiz Berat gecesi, ilahi rahmetin, r\u0131z\u0131k ve \u015fifa kap\u0131lar\u0131n\u0131n sonuna kadar a\u00e7\u0131k oldu\u011fu, iman, ibadet ve d\u00fc\u015f\u00fcnce hayat\u0131m\u0131z bak\u0131m\u0131ndan<\/p>\n","protected":false},"author":1,"featured_media":75527,"comment_status":"open","ping_status":"open","sticky":false,"template":"","format":"standard","meta":{"footnotes":""},"categories":[81,101],"tags":[],"class_list":["post-75526","post","type-post","status-publish","format-standard","has-post-thumbnail","hentry","category-kibris","category-manset"],"yoast_head":"<!-- This site is optimized with the Yoast SEO plugin v27.4 - https:\/\/yoast.com\/product\/yoast-seo-wordpress\/ -->\n<title>Berova, Berat Kandili dolay\u0131s\u0131yla mesaj yay\u0131mlad\u0131 -<\/title>\n<meta name=\"robots\" content=\"index, follow, max-snippet:-1, max-image-preview:large, max-video-preview:-1\" \/>\n<link rel=\"canonical\" href=\"https:\/\/kibrisdakik.com\/?p=75526\" \/>\n<meta property=\"og:locale\" content=\"tr_TR\" \/>\n<meta property=\"og:type\" content=\"article\" \/>\n<meta property=\"og:title\" content=\"Berova, Berat Kandili dolay\u0131s\u0131yla mesaj yay\u0131mlad\u0131 -\" \/>\n<meta property=\"og:description\" content=\"Maliye Bakan\u0131 \u00d6zdemir Berova, yar\u0131n gece idrak edilecek Berat Kandili vesilesiyle mesaj yay\u0131mlayarak, Berat Kandili\u2019nin t\u00fcm insanl\u0131\u011fa hay\u0131rlar getirmesini diledi. Ramazan ay\u0131n\u0131n m\u00fcjdecisi olan Berat Kandili\u2019ne kavu\u015fman\u0131n huzur ve mutlulu\u011funu ya\u015fad\u0131klar\u0131n\u0131 belirten Berova, \u201cYar\u0131n gece idrak edece\u011fimiz Berat gecesi, ilahi rahmetin, r\u0131z\u0131k ve \u015fifa kap\u0131lar\u0131n\u0131n sonuna kadar a\u00e7\u0131k oldu\u011fu, iman, ibadet ve d\u00fc\u015f\u00fcnce hayat\u0131m\u0131z bak\u0131m\u0131ndan\" \/>\n<meta property=\"og:url\" content=\"https:\/\/kibrisdakik.com\/?p=75526\" \/>\n<meta property=\"article:published_time\" content=\"2025-02-12T17:03:54+00:00\" \/>\n<meta property=\"og:image\" content=\"https:\/\/kibrisdakik.com\/wp-content\/uploads\/2025\/02\/BEROVA-KANDIL-740x420.jpg\" \/>\n\t<meta property=\"og:image:width\" content=\"1024\" \/>\n\t<meta property=\"og:image:height\" content=\"726\" \/>\n\t<meta property=\"og:image:type\" content=\"image\/jpeg\" \/>\n<meta name=\"author\" content=\"admin\" \/>\n<meta name=\"twitter:card\" content=\"summary_large_image\" \/>\n<meta name=\"twitter:label1\" content=\"Yazan:\" \/>\n\t<meta name=\"twitter:data1\" content=\"admin\" \/>\n\t<meta name=\"twitter:label2\" content=\"Tahmini okuma s\u00fcresi\" \/>\n\t<meta name=\"twitter:data2\" content=\"1 dakika\" \/>\n<script type=\"application\/ld+json\" class=\"yoast-schema-graph\">{\"@context\":\"https:\\\/\\\/schema.org\",\"@graph\":[{\"@type\":\"Article\",\"@id\":\"https:\\\/\\\/kibrisdakik.com\\\/?p=75526#article\",\"isPartOf\":{\"@id\":\"https:\\\/\\\/kibrisdakik.com\\\/?p=75526\"},\"author\":{\"name\":\"admin\",\"@id\":\"https:\\\/\\\/kibrisdakik.com\\\/#\\\/schema\\\/person\\\/9cd9d437bbb44f72b73ba127e06d8e79\"},\"headline\":\"Berova, Berat Kandili dolay\u0131s\u0131yla mesaj yay\u0131mlad\u0131\",\"datePublished\":\"2025-02-12T17:03:54+00:00\",\"mainEntityOfPage\":{\"@id\":\"https:\\\/\\\/kibrisdakik.com\\\/?p=75526\"},\"wordCount\":163,\"commentCount\":0,\"image\":{\"@id\":\"https:\\\/\\\/kibrisdakik.com\\\/?p=75526#primaryimage\"},\"thumbnailUrl\":\"https:\\\/\\\/kibrisdakik.com\\\/wp-content\\\/uploads\\\/2025\\\/02\\\/BEROVA-KANDIL-740x420.jpg\",\"articleSection\":[\"K\u0131br\u0131s\",\"Man\u015fet\"],\"inLanguage\":\"tr\",\"potentialAction\":[{\"@type\":\"CommentAction\",\"name\":\"Comment\",\"target\":[\"https:\\\/\\\/kibrisdakik.com\\\/?p=75526#respond\"]}]},{\"@type\":\"WebPage\",\"@id\":\"https:\\\/\\\/kibrisdakik.com\\\/?p=75526\",\"url\":\"https:\\\/\\\/kibrisdakik.com\\\/?p=75526\",\"name\":\"Berova, Berat Kandili dolay\u0131s\u0131yla mesaj yay\u0131mlad\u0131 -\",\"isPartOf\":{\"@id\":\"https:\\\/\\\/kibrisdakik.com\\\/#website\"},\"primaryImageOfPage\":{\"@id\":\"https:\\\/\\\/kibrisdakik.com\\\/?p=75526#primaryimage\"},\"image\":{\"@id\":\"https:\\\/\\\/kibrisdakik.com\\\/?p=75526#primaryimage\"},\"thumbnailUrl\":\"https:\\\/\\\/kibrisdakik.com\\\/wp-content\\\/uploads\\\/2025\\\/02\\\/BEROVA-KANDIL-740x420.jpg\",\"datePublished\":\"2025-02-12T17:03:54+00:00\",\"author\":{\"@id\":\"https:\\\/\\\/kibrisdakik.com\\\/#\\\/schema\\\/person\\\/9cd9d437bbb44f72b73ba127e06d8e79\"},\"breadcrumb\":{\"@id\":\"https:\\\/\\\/kibrisdakik.com\\\/?p=75526#breadcrumb\"},\"inLanguage\":\"tr\",\"potentialAction\":[{\"@type\":\"ReadAction\",\"target\":[\"https:\\\/\\\/kibrisdakik.com\\\/?p=75526\"]}]},{\"@type\":\"ImageObject\",\"inLanguage\":\"tr\",\"@id\":\"https:\\\/\\\/kibrisdakik.com\\\/?p=75526#primaryimage\",\"url\":\"https:\\\/\\\/kibrisdakik.com\\\/wp-content\\\/uploads\\\/2025\\\/02\\\/BEROVA-KANDIL-740x420.jpg\",\"contentUrl\":\"https:\\\/\\\/kibrisdakik.com\\\/wp-content\\\/uploads\\\/2025\\\/02\\\/BEROVA-KANDIL-740x420.jpg\",\"width\":1024,\"height\":726},{\"@type\":\"BreadcrumbList\",\"@id\":\"https:\\\/\\\/kibrisdakik.com\\\/?p=75526#breadcrumb\",\"itemListElement\":[{\"@type\":\"ListItem\",\"position\":1,\"name\":\"Home\",\"item\":\"https:\\\/\\\/kibrisdakik.com\\\/\"},{\"@type\":\"ListItem\",\"position\":2,\"name\":\"Berova, Berat Kandili dolay\u0131s\u0131yla mesaj yay\u0131mlad\u0131\"}]},{\"@type\":\"WebSite\",\"@id\":\"https:\\\/\\\/kibrisdakik.com\\\/#website\",\"url\":\"https:\\\/\\\/kibrisdakik.com\\\/\",\"name\":\"\",\"description\":\"Tam vaktinde haber\",\"potentialAction\":[{\"@type\":\"SearchAction\",\"target\":{\"@type\":\"EntryPoint\",\"urlTemplate\":\"https:\\\/\\\/kibrisdakik.com\\\/?s={search_term_string}\"},\"query-input\":{\"@type\":\"PropertyValueSpecification\",\"valueRequired\":true,\"valueName\":\"search_term_string\"}}],\"inLanguage\":\"tr\"},{\"@type\":\"Person\",\"@id\":\"https:\\\/\\\/kibrisdakik.com\\\/#\\\/schema\\\/person\\\/9cd9d437bbb44f72b73ba127e06d8e79\",\"name\":\"admin\",\"image\":{\"@type\":\"ImageObject\",\"inLanguage\":\"tr\",\"@id\":\"https:\\\/\\\/secure.gravatar.com\\\/avatar\\\/ccc17943b9d660506c869530f897617f7cb1c21a4bf30023f252596d83e1f007?s=96&d=mm&r=g\",\"url\":\"https:\\\/\\\/secure.gravatar.com\\\/avatar\\\/ccc17943b9d660506c869530f897617f7cb1c21a4bf30023f252596d83e1f007?s=96&d=mm&r=g\",\"contentUrl\":\"https:\\\/\\\/secure.gravatar.com\\\/avatar\\\/ccc17943b9d660506c869530f897617f7cb1c21a4bf30023f252596d83e1f007?s=96&d=mm&r=g\",\"caption\":\"admin\"},\"sameAs\":[\"https:\\\/\\\/kibrisdakik.com\"],\"url\":\"https:\\\/\\\/kibrisdakik.com\\\/?author=1\"}]}<\/script>\n<!-- \/ Yoast SEO plugin. -->","yoast_head_json":{"title":"Berova, Berat Kandili dolay\u0131s\u0131yla mesaj yay\u0131mlad\u0131 -","robots":{"index":"index","follow":"follow","max-snippet":"max-snippet:-1","max-image-preview":"max-image-preview:large","max-video-preview":"max-video-preview:-1"},"canonical":"https:\/\/kibrisdakik.com\/?p=75526","og_locale":"tr_TR","og_type":"article","og_title":"Berova, Berat Kandili dolay\u0131s\u0131yla mesaj yay\u0131mlad\u0131 -","og_description":"Maliye Bakan\u0131 \u00d6zdemir Berova, yar\u0131n gece idrak edilecek Berat Kandili vesilesiyle mesaj yay\u0131mlayarak, Berat Kandili\u2019nin t\u00fcm insanl\u0131\u011fa hay\u0131rlar getirmesini diledi. Ramazan ay\u0131n\u0131n m\u00fcjdecisi olan Berat Kandili\u2019ne kavu\u015fman\u0131n huzur ve mutlulu\u011funu ya\u015fad\u0131klar\u0131n\u0131 belirten Berova, \u201cYar\u0131n gece idrak edece\u011fimiz Berat gecesi, ilahi rahmetin, r\u0131z\u0131k ve \u015fifa kap\u0131lar\u0131n\u0131n sonuna kadar a\u00e7\u0131k oldu\u011fu, iman, ibadet ve d\u00fc\u015f\u00fcnce hayat\u0131m\u0131z bak\u0131m\u0131ndan","og_url":"https:\/\/kibrisdakik.com\/?p=75526","article_published_time":"2025-02-12T17:03:54+00:00","og_image":[{"width":1024,"height":726,"url":"https:\/\/kibrisdakik.com\/wp-content\/uploads\/2025\/02\/BEROVA-KANDIL-740x420.jpg","type":"image\/jpeg"}],"author":"admin","twitter_card":"summary_large_image","twitter_misc":{"Yazan:":"admin","Tahmini okuma s\u00fcresi":"1 dakika"},"schema":{"@context":"https:\/\/schema.org","@graph":[{"@type":"Article","@id":"https:\/\/kibrisdakik.com\/?p=75526#article","isPartOf":{"@id":"https:\/\/kibrisdakik.com\/?p=75526"},"author":{"name":"admin","@id":"https:\/\/kibrisdakik.com\/#\/schema\/person\/9cd9d437bbb44f72b73ba127e06d8e79"},"headline":"Berova, Berat Kandili dolay\u0131s\u0131yla mesaj yay\u0131mlad\u0131","datePublished":"2025-02-12T17:03:54+00:00","mainEntityOfPage":{"@id":"https:\/\/kibrisdakik.com\/?p=75526"},"wordCount":163,"commentCount":0,"image":{"@id":"https:\/\/kibrisdakik.com\/?p=75526#primaryimage"},"thumbnailUrl":"https:\/\/kibrisdakik.com\/wp-content\/uploads\/2025\/02\/BEROVA-KANDIL-740x420.jpg","articleSection":["K\u0131br\u0131s","Man\u015fet"],"inLanguage":"tr","potentialAction":[{"@type":"CommentAction","name":"Comment","target":["https:\/\/kibrisdakik.com\/?p=75526#respond"]}]},{"@type":"WebPage","@id":"https:\/\/kibrisdakik.com\/?p=75526","url":"https:\/\/kibrisdakik.com\/?p=75526","name":"Berova, Berat Kandili dolay\u0131s\u0131yla mesaj yay\u0131mlad\u0131 -","isPartOf":{"@id":"https:\/\/kibrisdakik.com\/#website"},"primaryImageOfPage":{"@id":"https:\/\/kibrisdakik.com\/?p=75526#primaryimage"},"image":{"@id":"https:\/\/kibrisdakik.com\/?p=75526#primaryimage"},"thumbnailUrl":"https:\/\/kibrisdakik.com\/wp-content\/uploads\/2025\/02\/BEROVA-KANDIL-740x420.jpg","datePublished":"2025-02-12T17:03:54+00:00","author":{"@id":"https:\/\/kibrisdakik.com\/#\/schema\/person\/9cd9d437bbb44f72b73ba127e06d8e79"},"breadcrumb":{"@id":"https:\/\/kibrisdakik.com\/?p=75526#breadcrumb"},"inLanguage":"tr","potentialAction":[{"@type":"ReadAction","target":["https:\/\/kibrisdakik.com\/?p=75526"]}]},{"@type":"ImageObject","inLanguage":"tr","@id":"https:\/\/kibrisdakik.com\/?p=75526#primaryimage","url":"https:\/\/kibrisdakik.com\/wp-content\/uploads\/2025\/02\/BEROVA-KANDIL-740x420.jpg","contentUrl":"https:\/\/kibrisdakik.com\/wp-content\/uploads\/2025\/02\/BEROVA-KANDIL-740x420.jpg","width":1024,"height":726},{"@type":"BreadcrumbList","@id":"https:\/\/kibrisdakik.com\/?p=75526#breadcrumb","itemListElement":[{"@type":"ListItem","position":1,"name":"Home","item":"https:\/\/kibrisdakik.com\/"},{"@type":"ListItem","position":2,"name":"Berova, Berat Kandili dolay\u0131s\u0131yla mesaj yay\u0131mlad\u0131"}]},{"@type":"WebSite","@id":"https:\/\/kibrisdakik.com\/#website","url":"https:\/\/kibrisdakik.com\/","name":"","description":"Tam vaktinde haber","potentialAction":[{"@type":"SearchAction","target":{"@type":"EntryPoint","urlTemplate":"https:\/\/kibrisdakik.com\/?s={search_term_string}"},"query-input":{"@type":"PropertyValueSpecification","valueRequired":true,"valueName":"search_term_string"}}],"inLanguage":"tr"},{"@type":"Person","@id":"https:\/\/kibrisdakik.com\/#\/schema\/person\/9cd9d437bbb44f72b73ba127e06d8e79","name":"admin","image":{"@type":"ImageObject","inLanguage":"tr","@id":"https:\/\/secure.gravatar.com\/avatar\/ccc17943b9d660506c869530f897617f7cb1c21a4bf30023f252596d83e1f007?s=96&d=mm&r=g","url":"https:\/\/secure.gravatar.com\/avatar\/ccc17943b9d660506c869530f897617f7cb1c21a4bf30023f252596d83e1f007?s=96&d=mm&r=g","contentUrl":"https:\/\/secure.gravatar.com\/avatar\/ccc17943b9d660506c869530f897617f7cb1c21a4bf30023f252596d83e1f007?s=96&d=mm&r=g","caption":"admin"},"sameAs":["https:\/\/kibrisdakik.com"],"url":"https:\/\/kibrisdakik.com\/?author=1"}]}},"_links":{"self":[{"href":"https:\/\/kibrisdakik.com\/index.php?rest_route=\/wp\/v2\/posts\/75526","targetHints":{"allow":["GET"]}}],"collection":[{"href":"https:\/\/kibrisdakik.com\/index.php?rest_route=\/wp\/v2\/posts"}],"about":[{"href":"https:\/\/kibrisdakik.com\/index.php?rest_route=\/wp\/v2\/types\/post"}],"author":[{"embeddable":true,"href":"https:\/\/kibrisdakik.com\/index.php?rest_route=\/wp\/v2\/users\/1"}],"replies":[{"embeddable":true,"href":"https:\/\/kibrisdakik.com\/index.php?rest_route=%2Fwp%2Fv2%2Fcomments&post=75526"}],"version-history":[{"count":0,"href":"https:\/\/kibrisdakik.com\/index.php?rest_route=\/wp\/v2\/posts\/75526\/revisions"}],"wp:featuredmedia":[{"embeddable":true,"href":"https:\/\/kibrisdakik.com\/index.php?rest_route=\/wp\/v2\/media\/75527"}],"wp:attachment":[{"href":"https:\/\/kibrisdakik.com\/index.php?rest_route=%2Fwp%2Fv2%2Fmedia&parent=75526"}],"wp:term":[{"taxonomy":"category","embeddable":true,"href":"https:\/\/kibrisdakik.com\/index.php?rest_route=%2Fwp%2Fv2%2Fcategories&post=75526"},{"taxonomy":"post_tag","embeddable":true,"href":"https:\/\/kibrisdakik.com\/index.php?rest_route=%2Fwp%2Fv2%2Ftags&post=75526"}],"curies":[{"name":"wp","href":"https:\/\/api.w.org\/{rel}","templated":true}]}}