{"id":75528,"date":"2025-02-12T20:35:25","date_gmt":"2025-02-12T17:35:25","guid":{"rendered":"https:\/\/kibrisdakik.com\/index.php\/2025\/02\/12\/balikesirdeki-kazada-hayatini-kaybeden-sahsin-kimligi-belli-oldu\/"},"modified":"2025-02-12T20:35:25","modified_gmt":"2025-02-12T17:35:25","slug":"balikesirdeki-kazada-hayatini-kaybeden-sahsin-kimligi-belli-oldu","status":"publish","type":"post","link":"https:\/\/kibrisdakik.com\/?p=75528","title":{"rendered":"Bal\u0131kesir\u2019deki kazada hayat\u0131n\u0131 kaybeden \u015fahs\u0131n kimli\u011fi belli oldu"},"content":{"rendered":"<div>\n<div class=\"mariselle-image-container center\">\n                                            <\/div>\n<p>Polis Bas\u0131n Subayl\u0131\u011f\u0131\u2019ndan verilen bilgiye g\u00f6re bug\u00fcn saat 17.00 s\u0131ralar\u0131nda, Bal\u0131kesir\u2019de H\u00fcseyin \u00d6zyi\u011fit Caddesi \u00fczerinde, Hamiyet G\u00d6RG\u00dc (K-65), y\u00f6netimindeki GK 713 plakal\u0131 ara\u00e7 ile kuzey istikametine do\u011fru seyretti\u011fi esnada dikkatsizli\u011fi sonucu direksiyon hakimiyetini kaybederek yolun solundan  \u00e7\u0131k\u0131p arac\u0131n\u0131n sa\u011f yan k\u0131sm\u0131 ile yol kenar\u0131nda bulunan servi a\u011fac\u0131na \u00e7arp\u0131p sol yan k\u0131sm\u0131 \u00fczerine devrilmi\u015ftir. Ara\u00e7 s\u00fcr\u00fcc\u00fcs\u00fc olay yerinde ya\u015fam\u0131n\u0131 yitirmi\u015ftir.<\/p>\n<p>Polisin kazayla ilgili soru\u015fturmas\u0131 devam etmektedir.<\/p>\n<p>BRT\/PGM<\/p>\n<\/p><\/div>\n<p><script async\n                    defer\n                    crossorigin=\"anonymous\"\n                    src=\"https:\/\/connect.facebook.net\/tr_TR\/sdk.js#xfbml=1&#038;version=v3.3\"\n            ><\/script><\/p>\n","protected":false},"excerpt":{"rendered":"<p>Polis Bas\u0131n Subayl\u0131\u011f\u0131\u2019ndan verilen bilgiye g\u00f6re bug\u00fcn saat 17.00 s\u0131ralar\u0131nda, Bal\u0131kesir\u2019de H\u00fcseyin \u00d6zyi\u011fit Caddesi \u00fczerinde, Hamiyet G\u00d6RG\u00dc (K-65), y\u00f6netimindeki GK 713 plakal\u0131 ara\u00e7 ile kuzey istikametine do\u011fru seyretti\u011fi esnada dikkatsizli\u011fi sonucu direksiyon hakimiyetini kaybederek yolun solundan \u00e7\u0131k\u0131p arac\u0131n\u0131n sa\u011f yan k\u0131sm\u0131 ile yol kenar\u0131nda bulunan servi a\u011fac\u0131na \u00e7arp\u0131p sol yan k\u0131sm\u0131 \u00fczerine devrilmi\u015ftir. Ara\u00e7 s\u00fcr\u00fcc\u00fcs\u00fc<\/p>\n","protected":false},"author":1,"featured_media":75529,"comment_status":"open","ping_status":"open","sticky":false,"template":"","format":"standard","meta":{"footnotes":""},"categories":[81,101],"tags":[],"class_list":["post-75528","post","type-post","status-publish","format-standard","has-post-thumbnail","hentry","category-kibris","category-manset"],"yoast_head":"<!-- This site is optimized with the Yoast SEO plugin v27.5 - https:\/\/yoast.com\/product\/yoast-seo-wordpress\/ -->\n<title>Bal\u0131kesir\u2019deki kazada hayat\u0131n\u0131 kaybeden \u015fahs\u0131n kimli\u011fi belli oldu -<\/title>\n<meta name=\"robots\" content=\"index, follow, max-snippet:-1, max-image-preview:large, max-video-preview:-1\" \/>\n<link rel=\"canonical\" href=\"https:\/\/kibrisdakik.com\/?p=75528\" \/>\n<meta property=\"og:locale\" content=\"tr_TR\" \/>\n<meta property=\"og:type\" content=\"article\" \/>\n<meta property=\"og:title\" content=\"Bal\u0131kesir\u2019deki kazada hayat\u0131n\u0131 kaybeden \u015fahs\u0131n kimli\u011fi belli oldu -\" \/>\n<meta property=\"og:description\" content=\"Polis Bas\u0131n Subayl\u0131\u011f\u0131\u2019ndan verilen bilgiye g\u00f6re bug\u00fcn saat 17.00 s\u0131ralar\u0131nda, Bal\u0131kesir\u2019de H\u00fcseyin \u00d6zyi\u011fit Caddesi \u00fczerinde, Hamiyet G\u00d6RG\u00dc (K-65), y\u00f6netimindeki GK 713 plakal\u0131 ara\u00e7 ile kuzey istikametine do\u011fru seyretti\u011fi esnada dikkatsizli\u011fi sonucu direksiyon hakimiyetini kaybederek yolun solundan \u00e7\u0131k\u0131p arac\u0131n\u0131n sa\u011f yan k\u0131sm\u0131 ile yol kenar\u0131nda bulunan servi a\u011fac\u0131na \u00e7arp\u0131p sol yan k\u0131sm\u0131 \u00fczerine devrilmi\u015ftir. Ara\u00e7 s\u00fcr\u00fcc\u00fcs\u00fc\" \/>\n<meta property=\"og:url\" content=\"https:\/\/kibrisdakik.com\/?p=75528\" \/>\n<meta property=\"article:published_time\" content=\"2025-02-12T17:35:25+00:00\" \/>\n<meta property=\"og:image\" content=\"https:\/\/kibrisdakik.com\/wp-content\/uploads\/2025\/02\/aslkjda-740x420.jpg\" \/>\n\t<meta property=\"og:image:width\" content=\"1069\" \/>\n\t<meta property=\"og:image:height\" content=\"539\" \/>\n\t<meta property=\"og:image:type\" content=\"image\/jpeg\" \/>\n<meta name=\"author\" content=\"admin\" \/>\n<meta name=\"twitter:card\" content=\"summary_large_image\" \/>\n<meta name=\"twitter:label1\" content=\"Yazan:\" \/>\n\t<meta name=\"twitter:data1\" content=\"admin\" \/>\n<script type=\"application\/ld+json\" class=\"yoast-schema-graph\">{\"@context\":\"https:\\\/\\\/schema.org\",\"@graph\":[{\"@type\":\"Article\",\"@id\":\"https:\\\/\\\/kibrisdakik.com\\\/?p=75528#article\",\"isPartOf\":{\"@id\":\"https:\\\/\\\/kibrisdakik.com\\\/?p=75528\"},\"author\":{\"name\":\"admin\",\"@id\":\"https:\\\/\\\/kibrisdakik.com\\\/#\\\/schema\\\/person\\\/9cd9d437bbb44f72b73ba127e06d8e79\"},\"headline\":\"Bal\u0131kesir\u2019deki kazada hayat\u0131n\u0131 kaybeden \u015fahs\u0131n kimli\u011fi belli oldu\",\"datePublished\":\"2025-02-12T17:35:25+00:00\",\"mainEntityOfPage\":{\"@id\":\"https:\\\/\\\/kibrisdakik.com\\\/?p=75528\"},\"wordCount\":110,\"commentCount\":0,\"image\":{\"@id\":\"https:\\\/\\\/kibrisdakik.com\\\/?p=75528#primaryimage\"},\"thumbnailUrl\":\"https:\\\/\\\/kibrisdakik.com\\\/wp-content\\\/uploads\\\/2025\\\/02\\\/aslkjda-740x420.jpg\",\"articleSection\":[\"K\u0131br\u0131s\",\"Man\u015fet\"],\"inLanguage\":\"tr\",\"potentialAction\":[{\"@type\":\"CommentAction\",\"name\":\"Comment\",\"target\":[\"https:\\\/\\\/kibrisdakik.com\\\/?p=75528#respond\"]}]},{\"@type\":\"WebPage\",\"@id\":\"https:\\\/\\\/kibrisdakik.com\\\/?p=75528\",\"url\":\"https:\\\/\\\/kibrisdakik.com\\\/?p=75528\",\"name\":\"Bal\u0131kesir\u2019deki kazada hayat\u0131n\u0131 kaybeden \u015fahs\u0131n kimli\u011fi belli oldu -\",\"isPartOf\":{\"@id\":\"https:\\\/\\\/kibrisdakik.com\\\/#website\"},\"primaryImageOfPage\":{\"@id\":\"https:\\\/\\\/kibrisdakik.com\\\/?p=75528#primaryimage\"},\"image\":{\"@id\":\"https:\\\/\\\/kibrisdakik.com\\\/?p=75528#primaryimage\"},\"thumbnailUrl\":\"https:\\\/\\\/kibrisdakik.com\\\/wp-content\\\/uploads\\\/2025\\\/02\\\/aslkjda-740x420.jpg\",\"datePublished\":\"2025-02-12T17:35:25+00:00\",\"author\":{\"@id\":\"https:\\\/\\\/kibrisdakik.com\\\/#\\\/schema\\\/person\\\/9cd9d437bbb44f72b73ba127e06d8e79\"},\"breadcrumb\":{\"@id\":\"https:\\\/\\\/kibrisdakik.com\\\/?p=75528#breadcrumb\"},\"inLanguage\":\"tr\",\"potentialAction\":[{\"@type\":\"ReadAction\",\"target\":[\"https:\\\/\\\/kibrisdakik.com\\\/?p=75528\"]}]},{\"@type\":\"ImageObject\",\"inLanguage\":\"tr\",\"@id\":\"https:\\\/\\\/kibrisdakik.com\\\/?p=75528#primaryimage\",\"url\":\"https:\\\/\\\/kibrisdakik.com\\\/wp-content\\\/uploads\\\/2025\\\/02\\\/aslkjda-740x420.jpg\",\"contentUrl\":\"https:\\\/\\\/kibrisdakik.com\\\/wp-content\\\/uploads\\\/2025\\\/02\\\/aslkjda-740x420.jpg\",\"width\":1069,\"height\":539},{\"@type\":\"BreadcrumbList\",\"@id\":\"https:\\\/\\\/kibrisdakik.com\\\/?p=75528#breadcrumb\",\"itemListElement\":[{\"@type\":\"ListItem\",\"position\":1,\"name\":\"Home\",\"item\":\"https:\\\/\\\/kibrisdakik.com\\\/\"},{\"@type\":\"ListItem\",\"position\":2,\"name\":\"Bal\u0131kesir\u2019deki kazada hayat\u0131n\u0131 kaybeden \u015fahs\u0131n kimli\u011fi belli oldu\"}]},{\"@type\":\"WebSite\",\"@id\":\"https:\\\/\\\/kibrisdakik.com\\\/#website\",\"url\":\"https:\\\/\\\/kibrisdakik.com\\\/\",\"name\":\"\",\"description\":\"Tam vaktinde haber\",\"potentialAction\":[{\"@type\":\"SearchAction\",\"target\":{\"@type\":\"EntryPoint\",\"urlTemplate\":\"https:\\\/\\\/kibrisdakik.com\\\/?s={search_term_string}\"},\"query-input\":{\"@type\":\"PropertyValueSpecification\",\"valueRequired\":true,\"valueName\":\"search_term_string\"}}],\"inLanguage\":\"tr\"},{\"@type\":\"Person\",\"@id\":\"https:\\\/\\\/kibrisdakik.com\\\/#\\\/schema\\\/person\\\/9cd9d437bbb44f72b73ba127e06d8e79\",\"name\":\"admin\",\"image\":{\"@type\":\"ImageObject\",\"inLanguage\":\"tr\",\"@id\":\"https:\\\/\\\/secure.gravatar.com\\\/avatar\\\/ccc17943b9d660506c869530f897617f7cb1c21a4bf30023f252596d83e1f007?s=96&d=mm&r=g\",\"url\":\"https:\\\/\\\/secure.gravatar.com\\\/avatar\\\/ccc17943b9d660506c869530f897617f7cb1c21a4bf30023f252596d83e1f007?s=96&d=mm&r=g\",\"contentUrl\":\"https:\\\/\\\/secure.gravatar.com\\\/avatar\\\/ccc17943b9d660506c869530f897617f7cb1c21a4bf30023f252596d83e1f007?s=96&d=mm&r=g\",\"caption\":\"admin\"},\"sameAs\":[\"https:\\\/\\\/kibrisdakik.com\"],\"url\":\"https:\\\/\\\/kibrisdakik.com\\\/?author=1\"}]}<\/script>\n<!-- \/ Yoast SEO plugin. -->","yoast_head_json":{"title":"Bal\u0131kesir\u2019deki kazada hayat\u0131n\u0131 kaybeden \u015fahs\u0131n kimli\u011fi belli oldu -","robots":{"index":"index","follow":"follow","max-snippet":"max-snippet:-1","max-image-preview":"max-image-preview:large","max-video-preview":"max-video-preview:-1"},"canonical":"https:\/\/kibrisdakik.com\/?p=75528","og_locale":"tr_TR","og_type":"article","og_title":"Bal\u0131kesir\u2019deki kazada hayat\u0131n\u0131 kaybeden \u015fahs\u0131n kimli\u011fi belli oldu -","og_description":"Polis Bas\u0131n Subayl\u0131\u011f\u0131\u2019ndan verilen bilgiye g\u00f6re bug\u00fcn saat 17.00 s\u0131ralar\u0131nda, Bal\u0131kesir\u2019de H\u00fcseyin \u00d6zyi\u011fit Caddesi \u00fczerinde, Hamiyet G\u00d6RG\u00dc (K-65), y\u00f6netimindeki GK 713 plakal\u0131 ara\u00e7 ile kuzey istikametine do\u011fru seyretti\u011fi esnada dikkatsizli\u011fi sonucu direksiyon hakimiyetini kaybederek yolun solundan \u00e7\u0131k\u0131p arac\u0131n\u0131n sa\u011f yan k\u0131sm\u0131 ile yol kenar\u0131nda bulunan servi a\u011fac\u0131na \u00e7arp\u0131p sol yan k\u0131sm\u0131 \u00fczerine devrilmi\u015ftir. Ara\u00e7 s\u00fcr\u00fcc\u00fcs\u00fc","og_url":"https:\/\/kibrisdakik.com\/?p=75528","article_published_time":"2025-02-12T17:35:25+00:00","og_image":[{"width":1069,"height":539,"url":"https:\/\/kibrisdakik.com\/wp-content\/uploads\/2025\/02\/aslkjda-740x420.jpg","type":"image\/jpeg"}],"author":"admin","twitter_card":"summary_large_image","twitter_misc":{"Yazan:":"admin"},"schema":{"@context":"https:\/\/schema.org","@graph":[{"@type":"Article","@id":"https:\/\/kibrisdakik.com\/?p=75528#article","isPartOf":{"@id":"https:\/\/kibrisdakik.com\/?p=75528"},"author":{"name":"admin","@id":"https:\/\/kibrisdakik.com\/#\/schema\/person\/9cd9d437bbb44f72b73ba127e06d8e79"},"headline":"Bal\u0131kesir\u2019deki kazada hayat\u0131n\u0131 kaybeden \u015fahs\u0131n kimli\u011fi belli oldu","datePublished":"2025-02-12T17:35:25+00:00","mainEntityOfPage":{"@id":"https:\/\/kibrisdakik.com\/?p=75528"},"wordCount":110,"commentCount":0,"image":{"@id":"https:\/\/kibrisdakik.com\/?p=75528#primaryimage"},"thumbnailUrl":"https:\/\/kibrisdakik.com\/wp-content\/uploads\/2025\/02\/aslkjda-740x420.jpg","articleSection":["K\u0131br\u0131s","Man\u015fet"],"inLanguage":"tr","potentialAction":[{"@type":"CommentAction","name":"Comment","target":["https:\/\/kibrisdakik.com\/?p=75528#respond"]}]},{"@type":"WebPage","@id":"https:\/\/kibrisdakik.com\/?p=75528","url":"https:\/\/kibrisdakik.com\/?p=75528","name":"Bal\u0131kesir\u2019deki kazada hayat\u0131n\u0131 kaybeden \u015fahs\u0131n kimli\u011fi belli oldu -","isPartOf":{"@id":"https:\/\/kibrisdakik.com\/#website"},"primaryImageOfPage":{"@id":"https:\/\/kibrisdakik.com\/?p=75528#primaryimage"},"image":{"@id":"https:\/\/kibrisdakik.com\/?p=75528#primaryimage"},"thumbnailUrl":"https:\/\/kibrisdakik.com\/wp-content\/uploads\/2025\/02\/aslkjda-740x420.jpg","datePublished":"2025-02-12T17:35:25+00:00","author":{"@id":"https:\/\/kibrisdakik.com\/#\/schema\/person\/9cd9d437bbb44f72b73ba127e06d8e79"},"breadcrumb":{"@id":"https:\/\/kibrisdakik.com\/?p=75528#breadcrumb"},"inLanguage":"tr","potentialAction":[{"@type":"ReadAction","target":["https:\/\/kibrisdakik.com\/?p=75528"]}]},{"@type":"ImageObject","inLanguage":"tr","@id":"https:\/\/kibrisdakik.com\/?p=75528#primaryimage","url":"https:\/\/kibrisdakik.com\/wp-content\/uploads\/2025\/02\/aslkjda-740x420.jpg","contentUrl":"https:\/\/kibrisdakik.com\/wp-content\/uploads\/2025\/02\/aslkjda-740x420.jpg","width":1069,"height":539},{"@type":"BreadcrumbList","@id":"https:\/\/kibrisdakik.com\/?p=75528#breadcrumb","itemListElement":[{"@type":"ListItem","position":1,"name":"Home","item":"https:\/\/kibrisdakik.com\/"},{"@type":"ListItem","position":2,"name":"Bal\u0131kesir\u2019deki kazada hayat\u0131n\u0131 kaybeden \u015fahs\u0131n kimli\u011fi belli oldu"}]},{"@type":"WebSite","@id":"https:\/\/kibrisdakik.com\/#website","url":"https:\/\/kibrisdakik.com\/","name":"","description":"Tam vaktinde haber","potentialAction":[{"@type":"SearchAction","target":{"@type":"EntryPoint","urlTemplate":"https:\/\/kibrisdakik.com\/?s={search_term_string}"},"query-input":{"@type":"PropertyValueSpecification","valueRequired":true,"valueName":"search_term_string"}}],"inLanguage":"tr"},{"@type":"Person","@id":"https:\/\/kibrisdakik.com\/#\/schema\/person\/9cd9d437bbb44f72b73ba127e06d8e79","name":"admin","image":{"@type":"ImageObject","inLanguage":"tr","@id":"https:\/\/secure.gravatar.com\/avatar\/ccc17943b9d660506c869530f897617f7cb1c21a4bf30023f252596d83e1f007?s=96&d=mm&r=g","url":"https:\/\/secure.gravatar.com\/avatar\/ccc17943b9d660506c869530f897617f7cb1c21a4bf30023f252596d83e1f007?s=96&d=mm&r=g","contentUrl":"https:\/\/secure.gravatar.com\/avatar\/ccc17943b9d660506c869530f897617f7cb1c21a4bf30023f252596d83e1f007?s=96&d=mm&r=g","caption":"admin"},"sameAs":["https:\/\/kibrisdakik.com"],"url":"https:\/\/kibrisdakik.com\/?author=1"}]}},"_links":{"self":[{"href":"https:\/\/kibrisdakik.com\/index.php?rest_route=\/wp\/v2\/posts\/75528","targetHints":{"allow":["GET"]}}],"collection":[{"href":"https:\/\/kibrisdakik.com\/index.php?rest_route=\/wp\/v2\/posts"}],"about":[{"href":"https:\/\/kibrisdakik.com\/index.php?rest_route=\/wp\/v2\/types\/post"}],"author":[{"embeddable":true,"href":"https:\/\/kibrisdakik.com\/index.php?rest_route=\/wp\/v2\/users\/1"}],"replies":[{"embeddable":true,"href":"https:\/\/kibrisdakik.com\/index.php?rest_route=%2Fwp%2Fv2%2Fcomments&post=75528"}],"version-history":[{"count":0,"href":"https:\/\/kibrisdakik.com\/index.php?rest_route=\/wp\/v2\/posts\/75528\/revisions"}],"wp:featuredmedia":[{"embeddable":true,"href":"https:\/\/kibrisdakik.com\/index.php?rest_route=\/wp\/v2\/media\/75529"}],"wp:attachment":[{"href":"https:\/\/kibrisdakik.com\/index.php?rest_route=%2Fwp%2Fv2%2Fmedia&parent=75528"}],"wp:term":[{"taxonomy":"category","embeddable":true,"href":"https:\/\/kibrisdakik.com\/index.php?rest_route=%2Fwp%2Fv2%2Fcategories&post=75528"},{"taxonomy":"post_tag","embeddable":true,"href":"https:\/\/kibrisdakik.com\/index.php?rest_route=%2Fwp%2Fv2%2Ftags&post=75528"}],"curies":[{"name":"wp","href":"https:\/\/api.w.org\/{rel}","templated":true}]}}