{"id":75534,"date":"2025-02-12T16:17:13","date_gmt":"2025-02-12T13:17:13","guid":{"rendered":"https:\/\/kibrisdakik.com\/index.php\/2025\/02\/12\/ab-2025te-ekonomi-ve-guvenlige-odaklanacak\/"},"modified":"2025-02-12T16:17:13","modified_gmt":"2025-02-12T13:17:13","slug":"ab-2025te-ekonomi-ve-guvenlige-odaklanacak","status":"publish","type":"post","link":"https:\/\/kibrisdakik.com\/?p=75534","title":{"rendered":"AB 2025\u2019te ekonomi ve g\u00fcvenli\u011fe odaklanacak"},"content":{"rendered":"<p><\/p>\n<div>\n<div class=\"mariselle-image-container center\">\n                <img loading=\"lazy\" decoding=\"async\" width=\"864\" height=\"486\" class=\"lazy-image\" alt=\"\" sizes=\"auto, (max-width: 864px) 100vw, 864px\" src=\"https:\/\/brtk.net\/wp-content\/uploads\/2025\/02\/02\/1738493993972AB-BRUKSEL-BAYRAK.jpg?ver=8f259c748ee5ba261fc36af367a5528e\" srcset=\"https:\/\/brtk.net\/wp-content\/uploads\/2025\/02\/02\/1738493993972AB-BRUKSEL-BAYRAK.jpg?ver=8f259c748ee5ba261fc36af367a5528e 864w, https:\/\/brtk.net\/wp-content\/uploads\/2025\/02\/02\/1738493993972AB-BRUKSEL-BAYRAK-300x169.jpg?ver=74ac95d53ca2b4ad1eaab1c07a20fee7 300w, https:\/\/brtk.net\/wp-content\/uploads\/2025\/02\/02\/1738493993972AB-BRUKSEL-BAYRAK-768x432.jpg?ver=74ac95d53ca2b4ad1eaab1c07a20fee7 768w\"\/>                            <\/div>\n<p> Avrupa Birli\u011fi (AB) Komisyonu, bu y\u0131l ekonomik rekabet\u00e7ili\u011fi art\u0131rmaya, savunmay\u0131 geli\u015ftirmeye y\u00f6nelik politikalara ve giri\u015fimlere yo\u011funla\u015facak.<\/p>\n<p>AB Komisyonu, 2025 y\u0131l\u0131 \u00e7al\u0131\u015fma program\u0131n\u0131 yay\u0131mlad\u0131.<\/p>\n<p>Programa g\u00f6re, AB\u2019nin ana hedefi bu y\u0131l, rekabet g\u00fcc\u00fcn\u00fc art\u0131rmak, savunmay\u0131 geli\u015ftirmek ve ekonomik dayan\u0131kl\u0131l\u0131\u011f\u0131 g\u00fc\u00e7lendirmek olacak. AB Komisyonu bu alanlardaki giri\u015fimlere \u00f6ncelik ve h\u0131z verecek.<\/p>\n<p>AB, kurallar\u0131n\u0131n pratikte uygulanmas\u0131n\u0131 kolayla\u015ft\u0131racak, idari y\u00fckleri azaltacak ve kurallar\u0131n\u0131 basitle\u015ftirecek tedbirler hayata ge\u00e7irecek.<\/p>\n<p>Bu kapsamda, rekabet g\u00fcc\u00fcn\u00fc art\u0131rmak amac\u0131yla AB politikalar\u0131 ve yasalar\u0131n\u0131n etkinli\u011fine y\u00f6nelik de\u011fi\u015fiklikler devreye al\u0131nacak.<\/p>\n<p>\u00d6zellikle s\u00fcrd\u00fcr\u00fclebilir finans raporlamas\u0131, s\u00fcrd\u00fcr\u00fclebilirlik durum tespiti ve yat\u0131r\u0131m s\u0131n\u0131fland\u0131rmas\u0131 alanlar\u0131nda kapsaml\u0131 bir basitle\u015ftirmeye gidilmesi planlan\u0131yor.<\/p>\n<p>Sanayinin karbondan ar\u0131nmas\u0131n\u0131 h\u0131zland\u0131rma yasas\u0131 gibi giri\u015fimlerle birlikte izin, yetkilendirme ve raporlama \u015fartlar\u0131 da kolayla\u015ft\u0131r\u0131lacak.<\/p>\n<p>KOB\u0130\u2019lerin daha az engelle kar\u015f\u0131la\u015fmalar\u0131 i\u00e7in yasal y\u00fckler hafifletilirken ortak tar\u0131m politikas\u0131 ve \u00e7ift\u00e7ileri etkileyen di\u011fer politika alanlar\u0131yla ilgili sadele\u015fme \u00f6nlemlerine y\u00f6nelik ad\u0131mlar at\u0131lacak.<\/p>\n<p>Savunma alan\u0131nda yat\u0131r\u0131m hedeflerine ula\u015f\u0131lmas\u0131na yard\u0131mc\u0131 olacak ve yenilik\u00e7i \u015firketlerin geli\u015fmesine imkan sa\u011flayacak \u00f6nlemler \u00fczerinde de \u00e7al\u0131\u015fmalar devreye sokulacak.<\/p>\n<p>Temiz Sanayi Mutabakat\u0131 ile emisyonlar\u0131n 2040 y\u0131l\u0131na kadar y\u00fczde 90 azalt\u0131lmas\u0131 hedefleniyor.<\/p>\n<p>AB\u2019nin savunma sanayisini g\u00fc\u00e7lendirilecek ve ba\u011f\u0131ml\u0131l\u0131klar\u0131 azaltacak ad\u0131mlara \u00f6ncelik verilecek.<\/p>\n<\/p><\/div>\n<p><script async\n                    defer\n                    crossorigin=\"anonymous\"\n                    src=\"https:\/\/connect.facebook.net\/tr_TR\/sdk.js#xfbml=1&#038;version=v3.3\"\n            ><\/script><\/p>\n","protected":false},"excerpt":{"rendered":"<p>Avrupa Birli\u011fi (AB) Komisyonu, bu y\u0131l ekonomik rekabet\u00e7ili\u011fi art\u0131rmaya, savunmay\u0131 geli\u015ftirmeye y\u00f6nelik politikalara ve giri\u015fimlere yo\u011funla\u015facak. AB Komisyonu, 2025 y\u0131l\u0131 \u00e7al\u0131\u015fma program\u0131n\u0131 yay\u0131mlad\u0131. Programa g\u00f6re, AB\u2019nin ana hedefi bu y\u0131l, rekabet g\u00fcc\u00fcn\u00fc art\u0131rmak, savunmay\u0131 geli\u015ftirmek ve ekonomik dayan\u0131kl\u0131l\u0131\u011f\u0131 g\u00fc\u00e7lendirmek olacak. AB Komisyonu bu alanlardaki giri\u015fimlere \u00f6ncelik ve h\u0131z verecek. AB, kurallar\u0131n\u0131n pratikte uygulanmas\u0131n\u0131 kolayla\u015ft\u0131racak, idari<\/p>\n","protected":false},"author":1,"featured_media":74883,"comment_status":"open","ping_status":"open","sticky":false,"template":"","format":"standard","meta":{"footnotes":""},"categories":[1],"tags":[],"class_list":["post-75534","post","type-post","status-publish","format-standard","has-post-thumbnail","hentry","category-gundem"],"yoast_head":"<!-- This site is optimized with the Yoast SEO plugin v27.5 - https:\/\/yoast.com\/product\/yoast-seo-wordpress\/ -->\n<title>AB 2025\u2019te ekonomi ve g\u00fcvenli\u011fe odaklanacak -<\/title>\n<meta name=\"robots\" content=\"index, follow, max-snippet:-1, max-image-preview:large, max-video-preview:-1\" \/>\n<link rel=\"canonical\" href=\"https:\/\/kibrisdakik.com\/?p=75534\" \/>\n<meta property=\"og:locale\" content=\"tr_TR\" \/>\n<meta property=\"og:type\" content=\"article\" \/>\n<meta property=\"og:title\" content=\"AB 2025\u2019te ekonomi ve g\u00fcvenli\u011fe odaklanacak -\" \/>\n<meta property=\"og:description\" content=\"Avrupa Birli\u011fi (AB) Komisyonu, bu y\u0131l ekonomik rekabet\u00e7ili\u011fi art\u0131rmaya, savunmay\u0131 geli\u015ftirmeye y\u00f6nelik politikalara ve giri\u015fimlere yo\u011funla\u015facak. AB Komisyonu, 2025 y\u0131l\u0131 \u00e7al\u0131\u015fma program\u0131n\u0131 yay\u0131mlad\u0131. Programa g\u00f6re, AB\u2019nin ana hedefi bu y\u0131l, rekabet g\u00fcc\u00fcn\u00fc art\u0131rmak, savunmay\u0131 geli\u015ftirmek ve ekonomik dayan\u0131kl\u0131l\u0131\u011f\u0131 g\u00fc\u00e7lendirmek olacak. AB Komisyonu bu alanlardaki giri\u015fimlere \u00f6ncelik ve h\u0131z verecek. AB, kurallar\u0131n\u0131n pratikte uygulanmas\u0131n\u0131 kolayla\u015ft\u0131racak, idari\" \/>\n<meta property=\"og:url\" content=\"https:\/\/kibrisdakik.com\/?p=75534\" \/>\n<meta property=\"article:published_time\" content=\"2025-02-12T13:17:13+00:00\" \/>\n<meta property=\"og:image\" content=\"https:\/\/kibrisdakik.com\/wp-content\/uploads\/2025\/02\/1738493993972AB-BRUKSEL-BAYRAK-740x420.jpg\" \/>\n\t<meta property=\"og:image:width\" content=\"864\" \/>\n\t<meta property=\"og:image:height\" content=\"486\" \/>\n\t<meta property=\"og:image:type\" content=\"image\/jpeg\" \/>\n<meta name=\"author\" content=\"admin\" \/>\n<meta name=\"twitter:card\" content=\"summary_large_image\" \/>\n<meta name=\"twitter:label1\" content=\"Yazan:\" \/>\n\t<meta name=\"twitter:data1\" content=\"admin\" \/>\n\t<meta name=\"twitter:label2\" content=\"Tahmini okuma s\u00fcresi\" \/>\n\t<meta name=\"twitter:data2\" content=\"1 dakika\" \/>\n<script type=\"application\/ld+json\" class=\"yoast-schema-graph\">{\"@context\":\"https:\\\/\\\/schema.org\",\"@graph\":[{\"@type\":\"Article\",\"@id\":\"https:\\\/\\\/kibrisdakik.com\\\/?p=75534#article\",\"isPartOf\":{\"@id\":\"https:\\\/\\\/kibrisdakik.com\\\/?p=75534\"},\"author\":{\"name\":\"admin\",\"@id\":\"https:\\\/\\\/kibrisdakik.com\\\/#\\\/schema\\\/person\\\/9cd9d437bbb44f72b73ba127e06d8e79\"},\"headline\":\"AB 2025\u2019te ekonomi ve g\u00fcvenli\u011fe odaklanacak\",\"datePublished\":\"2025-02-12T13:17:13+00:00\",\"mainEntityOfPage\":{\"@id\":\"https:\\\/\\\/kibrisdakik.com\\\/?p=75534\"},\"wordCount\":281,\"commentCount\":0,\"image\":{\"@id\":\"https:\\\/\\\/kibrisdakik.com\\\/?p=75534#primaryimage\"},\"thumbnailUrl\":\"https:\\\/\\\/kibrisdakik.com\\\/wp-content\\\/uploads\\\/2025\\\/02\\\/1738493993972AB-BRUKSEL-BAYRAK-740x420.jpg\",\"articleSection\":[\"G\u00fcndem\"],\"inLanguage\":\"tr\",\"potentialAction\":[{\"@type\":\"CommentAction\",\"name\":\"Comment\",\"target\":[\"https:\\\/\\\/kibrisdakik.com\\\/?p=75534#respond\"]}]},{\"@type\":\"WebPage\",\"@id\":\"https:\\\/\\\/kibrisdakik.com\\\/?p=75534\",\"url\":\"https:\\\/\\\/kibrisdakik.com\\\/?p=75534\",\"name\":\"AB 2025\u2019te ekonomi ve g\u00fcvenli\u011fe odaklanacak -\",\"isPartOf\":{\"@id\":\"https:\\\/\\\/kibrisdakik.com\\\/#website\"},\"primaryImageOfPage\":{\"@id\":\"https:\\\/\\\/kibrisdakik.com\\\/?p=75534#primaryimage\"},\"image\":{\"@id\":\"https:\\\/\\\/kibrisdakik.com\\\/?p=75534#primaryimage\"},\"thumbnailUrl\":\"https:\\\/\\\/kibrisdakik.com\\\/wp-content\\\/uploads\\\/2025\\\/02\\\/1738493993972AB-BRUKSEL-BAYRAK-740x420.jpg\",\"datePublished\":\"2025-02-12T13:17:13+00:00\",\"author\":{\"@id\":\"https:\\\/\\\/kibrisdakik.com\\\/#\\\/schema\\\/person\\\/9cd9d437bbb44f72b73ba127e06d8e79\"},\"breadcrumb\":{\"@id\":\"https:\\\/\\\/kibrisdakik.com\\\/?p=75534#breadcrumb\"},\"inLanguage\":\"tr\",\"potentialAction\":[{\"@type\":\"ReadAction\",\"target\":[\"https:\\\/\\\/kibrisdakik.com\\\/?p=75534\"]}]},{\"@type\":\"ImageObject\",\"inLanguage\":\"tr\",\"@id\":\"https:\\\/\\\/kibrisdakik.com\\\/?p=75534#primaryimage\",\"url\":\"https:\\\/\\\/kibrisdakik.com\\\/wp-content\\\/uploads\\\/2025\\\/02\\\/1738493993972AB-BRUKSEL-BAYRAK-740x420.jpg\",\"contentUrl\":\"https:\\\/\\\/kibrisdakik.com\\\/wp-content\\\/uploads\\\/2025\\\/02\\\/1738493993972AB-BRUKSEL-BAYRAK-740x420.jpg\",\"width\":864,\"height\":486},{\"@type\":\"BreadcrumbList\",\"@id\":\"https:\\\/\\\/kibrisdakik.com\\\/?p=75534#breadcrumb\",\"itemListElement\":[{\"@type\":\"ListItem\",\"position\":1,\"name\":\"Home\",\"item\":\"https:\\\/\\\/kibrisdakik.com\\\/\"},{\"@type\":\"ListItem\",\"position\":2,\"name\":\"AB 2025\u2019te ekonomi ve g\u00fcvenli\u011fe odaklanacak\"}]},{\"@type\":\"WebSite\",\"@id\":\"https:\\\/\\\/kibrisdakik.com\\\/#website\",\"url\":\"https:\\\/\\\/kibrisdakik.com\\\/\",\"name\":\"\",\"description\":\"Tam vaktinde haber\",\"potentialAction\":[{\"@type\":\"SearchAction\",\"target\":{\"@type\":\"EntryPoint\",\"urlTemplate\":\"https:\\\/\\\/kibrisdakik.com\\\/?s={search_term_string}\"},\"query-input\":{\"@type\":\"PropertyValueSpecification\",\"valueRequired\":true,\"valueName\":\"search_term_string\"}}],\"inLanguage\":\"tr\"},{\"@type\":\"Person\",\"@id\":\"https:\\\/\\\/kibrisdakik.com\\\/#\\\/schema\\\/person\\\/9cd9d437bbb44f72b73ba127e06d8e79\",\"name\":\"admin\",\"image\":{\"@type\":\"ImageObject\",\"inLanguage\":\"tr\",\"@id\":\"https:\\\/\\\/secure.gravatar.com\\\/avatar\\\/ccc17943b9d660506c869530f897617f7cb1c21a4bf30023f252596d83e1f007?s=96&d=mm&r=g\",\"url\":\"https:\\\/\\\/secure.gravatar.com\\\/avatar\\\/ccc17943b9d660506c869530f897617f7cb1c21a4bf30023f252596d83e1f007?s=96&d=mm&r=g\",\"contentUrl\":\"https:\\\/\\\/secure.gravatar.com\\\/avatar\\\/ccc17943b9d660506c869530f897617f7cb1c21a4bf30023f252596d83e1f007?s=96&d=mm&r=g\",\"caption\":\"admin\"},\"sameAs\":[\"https:\\\/\\\/kibrisdakik.com\"],\"url\":\"https:\\\/\\\/kibrisdakik.com\\\/?author=1\"}]}<\/script>\n<!-- \/ Yoast SEO plugin. -->","yoast_head_json":{"title":"AB 2025\u2019te ekonomi ve g\u00fcvenli\u011fe odaklanacak -","robots":{"index":"index","follow":"follow","max-snippet":"max-snippet:-1","max-image-preview":"max-image-preview:large","max-video-preview":"max-video-preview:-1"},"canonical":"https:\/\/kibrisdakik.com\/?p=75534","og_locale":"tr_TR","og_type":"article","og_title":"AB 2025\u2019te ekonomi ve g\u00fcvenli\u011fe odaklanacak -","og_description":"Avrupa Birli\u011fi (AB) Komisyonu, bu y\u0131l ekonomik rekabet\u00e7ili\u011fi art\u0131rmaya, savunmay\u0131 geli\u015ftirmeye y\u00f6nelik politikalara ve giri\u015fimlere yo\u011funla\u015facak. AB Komisyonu, 2025 y\u0131l\u0131 \u00e7al\u0131\u015fma program\u0131n\u0131 yay\u0131mlad\u0131. Programa g\u00f6re, AB\u2019nin ana hedefi bu y\u0131l, rekabet g\u00fcc\u00fcn\u00fc art\u0131rmak, savunmay\u0131 geli\u015ftirmek ve ekonomik dayan\u0131kl\u0131l\u0131\u011f\u0131 g\u00fc\u00e7lendirmek olacak. AB Komisyonu bu alanlardaki giri\u015fimlere \u00f6ncelik ve h\u0131z verecek. AB, kurallar\u0131n\u0131n pratikte uygulanmas\u0131n\u0131 kolayla\u015ft\u0131racak, idari","og_url":"https:\/\/kibrisdakik.com\/?p=75534","article_published_time":"2025-02-12T13:17:13+00:00","og_image":[{"width":864,"height":486,"url":"https:\/\/kibrisdakik.com\/wp-content\/uploads\/2025\/02\/1738493993972AB-BRUKSEL-BAYRAK-740x420.jpg","type":"image\/jpeg"}],"author":"admin","twitter_card":"summary_large_image","twitter_misc":{"Yazan:":"admin","Tahmini okuma s\u00fcresi":"1 dakika"},"schema":{"@context":"https:\/\/schema.org","@graph":[{"@type":"Article","@id":"https:\/\/kibrisdakik.com\/?p=75534#article","isPartOf":{"@id":"https:\/\/kibrisdakik.com\/?p=75534"},"author":{"name":"admin","@id":"https:\/\/kibrisdakik.com\/#\/schema\/person\/9cd9d437bbb44f72b73ba127e06d8e79"},"headline":"AB 2025\u2019te ekonomi ve g\u00fcvenli\u011fe odaklanacak","datePublished":"2025-02-12T13:17:13+00:00","mainEntityOfPage":{"@id":"https:\/\/kibrisdakik.com\/?p=75534"},"wordCount":281,"commentCount":0,"image":{"@id":"https:\/\/kibrisdakik.com\/?p=75534#primaryimage"},"thumbnailUrl":"https:\/\/kibrisdakik.com\/wp-content\/uploads\/2025\/02\/1738493993972AB-BRUKSEL-BAYRAK-740x420.jpg","articleSection":["G\u00fcndem"],"inLanguage":"tr","potentialAction":[{"@type":"CommentAction","name":"Comment","target":["https:\/\/kibrisdakik.com\/?p=75534#respond"]}]},{"@type":"WebPage","@id":"https:\/\/kibrisdakik.com\/?p=75534","url":"https:\/\/kibrisdakik.com\/?p=75534","name":"AB 2025\u2019te ekonomi ve g\u00fcvenli\u011fe odaklanacak -","isPartOf":{"@id":"https:\/\/kibrisdakik.com\/#website"},"primaryImageOfPage":{"@id":"https:\/\/kibrisdakik.com\/?p=75534#primaryimage"},"image":{"@id":"https:\/\/kibrisdakik.com\/?p=75534#primaryimage"},"thumbnailUrl":"https:\/\/kibrisdakik.com\/wp-content\/uploads\/2025\/02\/1738493993972AB-BRUKSEL-BAYRAK-740x420.jpg","datePublished":"2025-02-12T13:17:13+00:00","author":{"@id":"https:\/\/kibrisdakik.com\/#\/schema\/person\/9cd9d437bbb44f72b73ba127e06d8e79"},"breadcrumb":{"@id":"https:\/\/kibrisdakik.com\/?p=75534#breadcrumb"},"inLanguage":"tr","potentialAction":[{"@type":"ReadAction","target":["https:\/\/kibrisdakik.com\/?p=75534"]}]},{"@type":"ImageObject","inLanguage":"tr","@id":"https:\/\/kibrisdakik.com\/?p=75534#primaryimage","url":"https:\/\/kibrisdakik.com\/wp-content\/uploads\/2025\/02\/1738493993972AB-BRUKSEL-BAYRAK-740x420.jpg","contentUrl":"https:\/\/kibrisdakik.com\/wp-content\/uploads\/2025\/02\/1738493993972AB-BRUKSEL-BAYRAK-740x420.jpg","width":864,"height":486},{"@type":"BreadcrumbList","@id":"https:\/\/kibrisdakik.com\/?p=75534#breadcrumb","itemListElement":[{"@type":"ListItem","position":1,"name":"Home","item":"https:\/\/kibrisdakik.com\/"},{"@type":"ListItem","position":2,"name":"AB 2025\u2019te ekonomi ve g\u00fcvenli\u011fe odaklanacak"}]},{"@type":"WebSite","@id":"https:\/\/kibrisdakik.com\/#website","url":"https:\/\/kibrisdakik.com\/","name":"","description":"Tam vaktinde haber","potentialAction":[{"@type":"SearchAction","target":{"@type":"EntryPoint","urlTemplate":"https:\/\/kibrisdakik.com\/?s={search_term_string}"},"query-input":{"@type":"PropertyValueSpecification","valueRequired":true,"valueName":"search_term_string"}}],"inLanguage":"tr"},{"@type":"Person","@id":"https:\/\/kibrisdakik.com\/#\/schema\/person\/9cd9d437bbb44f72b73ba127e06d8e79","name":"admin","image":{"@type":"ImageObject","inLanguage":"tr","@id":"https:\/\/secure.gravatar.com\/avatar\/ccc17943b9d660506c869530f897617f7cb1c21a4bf30023f252596d83e1f007?s=96&d=mm&r=g","url":"https:\/\/secure.gravatar.com\/avatar\/ccc17943b9d660506c869530f897617f7cb1c21a4bf30023f252596d83e1f007?s=96&d=mm&r=g","contentUrl":"https:\/\/secure.gravatar.com\/avatar\/ccc17943b9d660506c869530f897617f7cb1c21a4bf30023f252596d83e1f007?s=96&d=mm&r=g","caption":"admin"},"sameAs":["https:\/\/kibrisdakik.com"],"url":"https:\/\/kibrisdakik.com\/?author=1"}]}},"_links":{"self":[{"href":"https:\/\/kibrisdakik.com\/index.php?rest_route=\/wp\/v2\/posts\/75534","targetHints":{"allow":["GET"]}}],"collection":[{"href":"https:\/\/kibrisdakik.com\/index.php?rest_route=\/wp\/v2\/posts"}],"about":[{"href":"https:\/\/kibrisdakik.com\/index.php?rest_route=\/wp\/v2\/types\/post"}],"author":[{"embeddable":true,"href":"https:\/\/kibrisdakik.com\/index.php?rest_route=\/wp\/v2\/users\/1"}],"replies":[{"embeddable":true,"href":"https:\/\/kibrisdakik.com\/index.php?rest_route=%2Fwp%2Fv2%2Fcomments&post=75534"}],"version-history":[{"count":0,"href":"https:\/\/kibrisdakik.com\/index.php?rest_route=\/wp\/v2\/posts\/75534\/revisions"}],"wp:featuredmedia":[{"embeddable":true,"href":"https:\/\/kibrisdakik.com\/index.php?rest_route=\/wp\/v2\/media\/74883"}],"wp:attachment":[{"href":"https:\/\/kibrisdakik.com\/index.php?rest_route=%2Fwp%2Fv2%2Fmedia&parent=75534"}],"wp:term":[{"taxonomy":"category","embeddable":true,"href":"https:\/\/kibrisdakik.com\/index.php?rest_route=%2Fwp%2Fv2%2Fcategories&post=75534"},{"taxonomy":"post_tag","embeddable":true,"href":"https:\/\/kibrisdakik.com\/index.php?rest_route=%2Fwp%2Fv2%2Ftags&post=75534"}],"curies":[{"name":"wp","href":"https:\/\/api.w.org\/{rel}","templated":true}]}}