{"id":75554,"date":"2025-02-13T14:33:03","date_gmt":"2025-02-13T11:33:03","guid":{"rendered":"https:\/\/kibrisdakik.com\/index.php\/2025\/02\/13\/limasol-sehitleri-anildi\/"},"modified":"2025-02-13T14:33:03","modified_gmt":"2025-02-13T11:33:03","slug":"limasol-sehitleri-anildi","status":"publish","type":"post","link":"https:\/\/kibrisdakik.com\/?p=75554","title":{"rendered":"Limasol \u015eehitleri an\u0131ld\u0131"},"content":{"rendered":"<div>\n<div class=\"mariselle-image-container center\">\n                                            <\/div>\n<p>K\u0131br\u0131s T\u00fcrk halk\u0131n\u0131n varolu\u015f m\u00fccadelesi y\u0131llar\u0131nda, 10-13 \u015eubat 1964 tarihlerinde Limasol\u2019da verilen direni\u015f ve bu direni\u015fte \u015fehit d\u00fc\u015fenler, Girne\u2019deki Limasol-Girne \u015eehitleri ve \u00d6zg\u00fcrl\u00fck An\u0131t\u0131\u2019nda d\u00fczenlenen t\u00f6renle an\u0131ld\u0131.<\/p>\n<p>T\u00f6rene Cumhurba\u015fkan\u0131 Ersin Tatar, Cumhuriyet Meclisi Ba\u015fkan\u0131 Ziya \u00d6zt\u00fcrkler, Girne Kaymakam\u0131 Cemal \u00d6zcemo\u011flu, Girne Belediye Ba\u015fkan\u0131 Murat \u015eenkul, baz\u0131 milletvekilleri, b\u00f6lge okullar\u0131, kurum ve kurulu\u015flar, askeri erkan ve dernek temsilcileri kat\u0131ld\u0131.<\/p>\n<p>An\u0131ta protokol s\u0131ras\u0131na g\u00f6re \u00e7elenklerin konulmas\u0131, sayg\u0131 duru\u015fu, sayg\u0131 at\u0131\u015f\u0131 ve \u0130stiklal Mar\u015f\u0131 e\u015fli\u011finde bayraklar\u0131n g\u00f6ndere \u00e7ekilmesiyle ba\u015flayan t\u00f6rende, konu\u015fmalar yap\u0131ld\u0131 ve \u00f6\u011frenciler taraf\u0131ndan \u015fiirler okundu.<\/p>\n<p>T\u00f6renin konu\u015fmalar\u0131n\u0131 Cumhurba\u015fkan\u0131 Ersin Tatar ile T\u00fcrk Mukavemet Te\u015fkilat\u0131 M\u00fccahitler Derne\u011fi Girne \u015eube Ba\u015fkan\u0131 Erbil Ayd\u0131nova yapt\u0131.<\/p>\n<p><strong>\u2013 Tatar: \u201cLimasol Direni\u015fi\u2019nde  g\u00f6sterilen cesaret halk\u0131 bu g\u00fcnlere kadar ta\u015f\u0131yabildi\u201d<\/strong><\/p>\n<p>Cumhurba\u015fkan\u0131 Ersin Tatar t\u00f6rende yapt\u0131\u011f\u0131 konu\u015fmada, Limasol Direni\u015fi\u2019nin tarihte Plevne m\u00fccadelesine benzetildi\u011fini s\u00f6yleyerek, Limasol\u2019daki kahramanl\u0131klar\u0131n unutulmas\u0131n\u0131n m\u00fcmk\u00fcn olmad\u0131\u011f\u0131n\u0131 vurgulad\u0131 ve \u201cLimasol Direni\u015fi\u2019nde milletimize yak\u0131\u015f\u0131r bir \u015fekilde g\u00f6sterilen cesaret halk\u0131 bu g\u00fcnlere kadar ta\u015f\u0131yabildi\u201d dedi.<\/p>\n<p>Rum taraf\u0131 ve Yunanistan\u2019\u0131n o d\u00f6nemdeki hedefinin ENOS\u0130S ve Akritas Plan\u0131 ile K\u0131br\u0131s\u2019\u0131 bir Yunan adas\u0131 yapmak oldu\u011funu an\u0131msatan Cumhurba\u015fkan\u0131 Tatar, K\u0131br\u0131sl\u0131 T\u00fcrklere orant\u0131s\u0131z g\u00fc\u00e7le sald\u0131r\u0131ld\u0131\u011f\u0131n\u0131 belirtti.<\/p>\n<p>Rumlar\u0131n K\u0131br\u0131s\u2019\u0131 Yunanistan\u2019a ba\u011flama emellerine ula\u015fmak i\u00e7in her t\u00fcrl\u00fc insanl\u0131k hakk\u0131n\u0131 g\u00f6z ard\u0131 etti\u011fini s\u00f6yleyen Cumhurba\u015fkan\u0131 Tatar, 103 T\u00fcrk k\u00f6y\u00fcnde yakma, y\u0131kma ve bu k\u00f6ylerde ya\u015fayan halk\u0131 g\u00f6\u00e7 ettirmek suretiyle bir imha plan\u0131 ve bir soyk\u0131r\u0131m hareketiyle kar\u015f\u0131 kar\u015f\u0131ya kalan K\u0131br\u0131s T\u00fcrk\u00fc\u2019n\u00fcn hi\u00e7 boyun e\u011femeyerek direndi\u011fini ve Anavatan T\u00fcrkiye Cumhuriyeti\u2019nin de gayretleri ve deste\u011fiyle bug\u00fcnlere geldi\u011fini anlatt\u0131.<\/p>\n<p><strong>-\u201cKKTC, bizlerin ba\u011f\u0131ms\u0131zl\u0131\u011f\u0131n\u0131n, \u00f6zg\u00fcrl\u00fc\u011f\u00fcn\u00fcn, h\u00fcrriyetinin ve onurlu ya\u015fam\u0131n\u0131n simgesi ve ifadesidir\u201d<\/strong><\/p>\n<p>\u201cKKTC bizlerin ba\u011f\u0131ms\u0131zl\u0131\u011f\u0131n\u0131n, \u00f6zg\u00fcrl\u00fc\u011f\u00fcn\u00fcn, h\u00fcrriyetinin ve onurlu ya\u015fam\u0131n\u0131n simgesi ve ifadesidir\u201d diyen Cumhurba\u015fkan\u0131 Tatar, milli iradeden geri ad\u0131m at\u0131lmayaca\u011f\u0131n\u0131 ve egemenlik kabul edilmezse, devlet kabul edilmezse, anavatanla olan ba\u011flara sayg\u0131 g\u00f6sterilmezse, T\u00fcrk askerinin cayd\u0131r\u0131c\u0131 bir g\u00fc\u00e7 olarak adadaki varl\u0131\u011f\u0131 kabul edilmezse bir \u00e7\u00f6z\u00fcme ula\u015f\u0131lamayaca\u011f\u0131n\u0131 belirtti. Tatar, \u201cElbette ko\u015fullar yerine getirilirse biz de bir anla\u015fmadan yanay\u0131z\u201d dedi.<\/p>\n<p>51 y\u0131ld\u0131r bu \u00fclkede bar\u0131\u015f, istiklal ve huzur oldu\u011funu ve K\u0131br\u0131s T\u00fcrk halk\u0131n\u0131n g\u00fcvende ve onurlu bir \u015fekilde ya\u015famaya devam etti\u011fini s\u00f6yleyen Cumhurba\u015fkan\u0131 Tatar, bu zenginli\u011fi ve g\u00fcvenli\u011fi tehlikeye atmaya kimsenin hakk\u0131 olmad\u0131\u011f\u0131n\u0131 vurgulad\u0131.<\/p>\n<p>\u015eehitleri rahmet ve minnetle anan Tatar, bu topraklar\u0131n \u015fehitlere bor\u00e7lu olundu\u011funu s\u00f6yledi.<\/p>\n<p><strong>-Ayd\u0131nova: \u201c51 y\u0131ll\u0131k bar\u0131\u015f ortam\u0131n\u0131n devam\u0131 arzumuzdur\u201d<\/strong><\/p>\n<p>T\u00fcrk Mukavemet Te\u015fkilat\u0131 M\u00fccahitler Derne\u011fi Girne \u015eube Ba\u015fkan\u0131 Erbil Ayd\u0131nova, Kanl\u0131 Noel olay\u0131n\u0131n 52\u2019nci g\u00fcn\u00fc Limasol T\u00fcrk halk\u0131na kar\u015f\u0131 sald\u0131r\u0131 ba\u015flat\u0131ld\u0131\u011f\u0131n\u0131 belirterek, Limasol Direni\u015fi\u2019nde ya\u015fananlar\u0131 anlatt\u0131. Ayd\u0131nova, tarihe \u201c2. Plevne M\u00fcdafaas\u0131\u201d olarak ge\u00e7en Limasol Direni\u015fi\u2019ne katk\u0131 koyanlara minnet, hayat\u0131n\u0131 kaybedenlere rahmet diledi.<\/p>\n<p>Gen\u00e7lere seslenen Ayd\u0131nova, m\u00fccadele y\u0131llar\u0131nda halk\u0131n can\u0131n\u0131 kurtarmak i\u00e7in g\u00f6\u00e7 etti\u011finden ve \u00e7ekilen s\u0131k\u0131nt\u0131lardan bahsetti.<\/p>\n<p>K\u0131br\u0131s\u2019ta bar\u0131\u015f\u0131n 51 y\u0131ld\u0131r devam etti\u011fini vurgulayan Ayd\u0131nova, y\u0131llard\u0131r y\u00fcr\u00fct\u00fclen temaslardan Rumlar\u0131n T\u00fcrkleri az\u0131nl\u0131k g\u00f6rmesi nedeniyle sonu\u00e7 al\u0131namad\u0131\u011f\u0131n\u0131 s\u00f6yledi.<\/p>\n<p>T\u00fcrkiye\u2019nin etkin ve fiili garantisinin \u00f6nemine vurgu yapan Ayd\u0131nova, \u201c51 y\u0131ll\u0131k bar\u0131\u015f ortam\u0131n\u0131n devam\u0131 arzumuzdur\u201d dedi.<\/p>\n<\/p><\/div>\n<p><script async\n                    defer\n                    crossorigin=\"anonymous\"\n                    src=\"https:\/\/connect.facebook.net\/tr_TR\/sdk.js#xfbml=1&#038;version=v3.3\"\n            ><\/script><\/p>\n","protected":false},"excerpt":{"rendered":"<p>K\u0131br\u0131s T\u00fcrk halk\u0131n\u0131n varolu\u015f m\u00fccadelesi y\u0131llar\u0131nda, 10-13 \u015eubat 1964 tarihlerinde Limasol\u2019da verilen direni\u015f ve bu direni\u015fte \u015fehit d\u00fc\u015fenler, Girne\u2019deki Limasol-Girne \u015eehitleri ve \u00d6zg\u00fcrl\u00fck An\u0131t\u0131\u2019nda d\u00fczenlenen t\u00f6renle an\u0131ld\u0131. T\u00f6rene Cumhurba\u015fkan\u0131 Ersin Tatar, Cumhuriyet Meclisi Ba\u015fkan\u0131 Ziya \u00d6zt\u00fcrkler, Girne Kaymakam\u0131 Cemal \u00d6zcemo\u011flu, Girne Belediye Ba\u015fkan\u0131 Murat \u015eenkul, baz\u0131 milletvekilleri, b\u00f6lge okullar\u0131, kurum ve kurulu\u015flar, askeri erkan ve<\/p>\n","protected":false},"author":1,"featured_media":75555,"comment_status":"open","ping_status":"open","sticky":false,"template":"","format":"standard","meta":{"footnotes":""},"categories":[81,101],"tags":[],"class_list":["post-75554","post","type-post","status-publish","format-standard","has-post-thumbnail","hentry","category-kibris","category-manset"],"yoast_head":"<!-- This site is optimized with the Yoast SEO plugin v27.5 - https:\/\/yoast.com\/product\/yoast-seo-wordpress\/ -->\n<title>Limasol \u015eehitleri an\u0131ld\u0131 -<\/title>\n<meta name=\"robots\" content=\"index, follow, max-snippet:-1, max-image-preview:large, max-video-preview:-1\" \/>\n<link rel=\"canonical\" href=\"https:\/\/kibrisdakik.com\/?p=75554\" \/>\n<meta property=\"og:locale\" content=\"tr_TR\" \/>\n<meta property=\"og:type\" content=\"article\" \/>\n<meta property=\"og:title\" content=\"Limasol \u015eehitleri an\u0131ld\u0131 -\" \/>\n<meta property=\"og:description\" content=\"K\u0131br\u0131s T\u00fcrk halk\u0131n\u0131n varolu\u015f m\u00fccadelesi y\u0131llar\u0131nda, 10-13 \u015eubat 1964 tarihlerinde Limasol\u2019da verilen direni\u015f ve bu direni\u015fte \u015fehit d\u00fc\u015fenler, Girne\u2019deki Limasol-Girne \u015eehitleri ve \u00d6zg\u00fcrl\u00fck An\u0131t\u0131\u2019nda d\u00fczenlenen t\u00f6renle an\u0131ld\u0131. T\u00f6rene Cumhurba\u015fkan\u0131 Ersin Tatar, Cumhuriyet Meclisi Ba\u015fkan\u0131 Ziya \u00d6zt\u00fcrkler, Girne Kaymakam\u0131 Cemal \u00d6zcemo\u011flu, Girne Belediye Ba\u015fkan\u0131 Murat \u015eenkul, baz\u0131 milletvekilleri, b\u00f6lge okullar\u0131, kurum ve kurulu\u015flar, askeri erkan ve\" \/>\n<meta property=\"og:url\" content=\"https:\/\/kibrisdakik.com\/?p=75554\" \/>\n<meta property=\"article:published_time\" content=\"2025-02-13T11:33:03+00:00\" \/>\n<meta property=\"og:image\" content=\"https:\/\/kibrisdakik.com\/wp-content\/uploads\/2025\/02\/llll-740x420.jpg\" \/>\n\t<meta property=\"og:image:width\" content=\"2480\" \/>\n\t<meta property=\"og:image:height\" content=\"1656\" \/>\n\t<meta property=\"og:image:type\" content=\"image\/jpeg\" \/>\n<meta name=\"author\" content=\"admin\" \/>\n<meta name=\"twitter:card\" content=\"summary_large_image\" \/>\n<meta name=\"twitter:label1\" content=\"Yazan:\" \/>\n\t<meta name=\"twitter:data1\" content=\"admin\" \/>\n\t<meta name=\"twitter:label2\" content=\"Tahmini okuma s\u00fcresi\" \/>\n\t<meta name=\"twitter:data2\" content=\"3 dakika\" \/>\n<script type=\"application\/ld+json\" class=\"yoast-schema-graph\">{\"@context\":\"https:\\\/\\\/schema.org\",\"@graph\":[{\"@type\":\"Article\",\"@id\":\"https:\\\/\\\/kibrisdakik.com\\\/?p=75554#article\",\"isPartOf\":{\"@id\":\"https:\\\/\\\/kibrisdakik.com\\\/?p=75554\"},\"author\":{\"name\":\"admin\",\"@id\":\"https:\\\/\\\/kibrisdakik.com\\\/#\\\/schema\\\/person\\\/9cd9d437bbb44f72b73ba127e06d8e79\"},\"headline\":\"Limasol \u015eehitleri an\u0131ld\u0131\",\"datePublished\":\"2025-02-13T11:33:03+00:00\",\"mainEntityOfPage\":{\"@id\":\"https:\\\/\\\/kibrisdakik.com\\\/?p=75554\"},\"wordCount\":697,\"commentCount\":0,\"image\":{\"@id\":\"https:\\\/\\\/kibrisdakik.com\\\/?p=75554#primaryimage\"},\"thumbnailUrl\":\"https:\\\/\\\/kibrisdakik.com\\\/wp-content\\\/uploads\\\/2025\\\/02\\\/llll-740x420.jpg\",\"articleSection\":[\"K\u0131br\u0131s\",\"Man\u015fet\"],\"inLanguage\":\"tr\",\"potentialAction\":[{\"@type\":\"CommentAction\",\"name\":\"Comment\",\"target\":[\"https:\\\/\\\/kibrisdakik.com\\\/?p=75554#respond\"]}]},{\"@type\":\"WebPage\",\"@id\":\"https:\\\/\\\/kibrisdakik.com\\\/?p=75554\",\"url\":\"https:\\\/\\\/kibrisdakik.com\\\/?p=75554\",\"name\":\"Limasol \u015eehitleri an\u0131ld\u0131 -\",\"isPartOf\":{\"@id\":\"https:\\\/\\\/kibrisdakik.com\\\/#website\"},\"primaryImageOfPage\":{\"@id\":\"https:\\\/\\\/kibrisdakik.com\\\/?p=75554#primaryimage\"},\"image\":{\"@id\":\"https:\\\/\\\/kibrisdakik.com\\\/?p=75554#primaryimage\"},\"thumbnailUrl\":\"https:\\\/\\\/kibrisdakik.com\\\/wp-content\\\/uploads\\\/2025\\\/02\\\/llll-740x420.jpg\",\"datePublished\":\"2025-02-13T11:33:03+00:00\",\"author\":{\"@id\":\"https:\\\/\\\/kibrisdakik.com\\\/#\\\/schema\\\/person\\\/9cd9d437bbb44f72b73ba127e06d8e79\"},\"breadcrumb\":{\"@id\":\"https:\\\/\\\/kibrisdakik.com\\\/?p=75554#breadcrumb\"},\"inLanguage\":\"tr\",\"potentialAction\":[{\"@type\":\"ReadAction\",\"target\":[\"https:\\\/\\\/kibrisdakik.com\\\/?p=75554\"]}]},{\"@type\":\"ImageObject\",\"inLanguage\":\"tr\",\"@id\":\"https:\\\/\\\/kibrisdakik.com\\\/?p=75554#primaryimage\",\"url\":\"https:\\\/\\\/kibrisdakik.com\\\/wp-content\\\/uploads\\\/2025\\\/02\\\/llll-740x420.jpg\",\"contentUrl\":\"https:\\\/\\\/kibrisdakik.com\\\/wp-content\\\/uploads\\\/2025\\\/02\\\/llll-740x420.jpg\",\"width\":2480,\"height\":1656},{\"@type\":\"BreadcrumbList\",\"@id\":\"https:\\\/\\\/kibrisdakik.com\\\/?p=75554#breadcrumb\",\"itemListElement\":[{\"@type\":\"ListItem\",\"position\":1,\"name\":\"Home\",\"item\":\"https:\\\/\\\/kibrisdakik.com\\\/\"},{\"@type\":\"ListItem\",\"position\":2,\"name\":\"Limasol \u015eehitleri an\u0131ld\u0131\"}]},{\"@type\":\"WebSite\",\"@id\":\"https:\\\/\\\/kibrisdakik.com\\\/#website\",\"url\":\"https:\\\/\\\/kibrisdakik.com\\\/\",\"name\":\"\",\"description\":\"Tam vaktinde haber\",\"potentialAction\":[{\"@type\":\"SearchAction\",\"target\":{\"@type\":\"EntryPoint\",\"urlTemplate\":\"https:\\\/\\\/kibrisdakik.com\\\/?s={search_term_string}\"},\"query-input\":{\"@type\":\"PropertyValueSpecification\",\"valueRequired\":true,\"valueName\":\"search_term_string\"}}],\"inLanguage\":\"tr\"},{\"@type\":\"Person\",\"@id\":\"https:\\\/\\\/kibrisdakik.com\\\/#\\\/schema\\\/person\\\/9cd9d437bbb44f72b73ba127e06d8e79\",\"name\":\"admin\",\"image\":{\"@type\":\"ImageObject\",\"inLanguage\":\"tr\",\"@id\":\"https:\\\/\\\/secure.gravatar.com\\\/avatar\\\/ccc17943b9d660506c869530f897617f7cb1c21a4bf30023f252596d83e1f007?s=96&d=mm&r=g\",\"url\":\"https:\\\/\\\/secure.gravatar.com\\\/avatar\\\/ccc17943b9d660506c869530f897617f7cb1c21a4bf30023f252596d83e1f007?s=96&d=mm&r=g\",\"contentUrl\":\"https:\\\/\\\/secure.gravatar.com\\\/avatar\\\/ccc17943b9d660506c869530f897617f7cb1c21a4bf30023f252596d83e1f007?s=96&d=mm&r=g\",\"caption\":\"admin\"},\"sameAs\":[\"https:\\\/\\\/kibrisdakik.com\"],\"url\":\"https:\\\/\\\/kibrisdakik.com\\\/?author=1\"}]}<\/script>\n<!-- \/ Yoast SEO plugin. -->","yoast_head_json":{"title":"Limasol \u015eehitleri an\u0131ld\u0131 -","robots":{"index":"index","follow":"follow","max-snippet":"max-snippet:-1","max-image-preview":"max-image-preview:large","max-video-preview":"max-video-preview:-1"},"canonical":"https:\/\/kibrisdakik.com\/?p=75554","og_locale":"tr_TR","og_type":"article","og_title":"Limasol \u015eehitleri an\u0131ld\u0131 -","og_description":"K\u0131br\u0131s T\u00fcrk halk\u0131n\u0131n varolu\u015f m\u00fccadelesi y\u0131llar\u0131nda, 10-13 \u015eubat 1964 tarihlerinde Limasol\u2019da verilen direni\u015f ve bu direni\u015fte \u015fehit d\u00fc\u015fenler, Girne\u2019deki Limasol-Girne \u015eehitleri ve \u00d6zg\u00fcrl\u00fck An\u0131t\u0131\u2019nda d\u00fczenlenen t\u00f6renle an\u0131ld\u0131. T\u00f6rene Cumhurba\u015fkan\u0131 Ersin Tatar, Cumhuriyet Meclisi Ba\u015fkan\u0131 Ziya \u00d6zt\u00fcrkler, Girne Kaymakam\u0131 Cemal \u00d6zcemo\u011flu, Girne Belediye Ba\u015fkan\u0131 Murat \u015eenkul, baz\u0131 milletvekilleri, b\u00f6lge okullar\u0131, kurum ve kurulu\u015flar, askeri erkan ve","og_url":"https:\/\/kibrisdakik.com\/?p=75554","article_published_time":"2025-02-13T11:33:03+00:00","og_image":[{"width":2480,"height":1656,"url":"https:\/\/kibrisdakik.com\/wp-content\/uploads\/2025\/02\/llll-740x420.jpg","type":"image\/jpeg"}],"author":"admin","twitter_card":"summary_large_image","twitter_misc":{"Yazan:":"admin","Tahmini okuma s\u00fcresi":"3 dakika"},"schema":{"@context":"https:\/\/schema.org","@graph":[{"@type":"Article","@id":"https:\/\/kibrisdakik.com\/?p=75554#article","isPartOf":{"@id":"https:\/\/kibrisdakik.com\/?p=75554"},"author":{"name":"admin","@id":"https:\/\/kibrisdakik.com\/#\/schema\/person\/9cd9d437bbb44f72b73ba127e06d8e79"},"headline":"Limasol \u015eehitleri an\u0131ld\u0131","datePublished":"2025-02-13T11:33:03+00:00","mainEntityOfPage":{"@id":"https:\/\/kibrisdakik.com\/?p=75554"},"wordCount":697,"commentCount":0,"image":{"@id":"https:\/\/kibrisdakik.com\/?p=75554#primaryimage"},"thumbnailUrl":"https:\/\/kibrisdakik.com\/wp-content\/uploads\/2025\/02\/llll-740x420.jpg","articleSection":["K\u0131br\u0131s","Man\u015fet"],"inLanguage":"tr","potentialAction":[{"@type":"CommentAction","name":"Comment","target":["https:\/\/kibrisdakik.com\/?p=75554#respond"]}]},{"@type":"WebPage","@id":"https:\/\/kibrisdakik.com\/?p=75554","url":"https:\/\/kibrisdakik.com\/?p=75554","name":"Limasol \u015eehitleri an\u0131ld\u0131 -","isPartOf":{"@id":"https:\/\/kibrisdakik.com\/#website"},"primaryImageOfPage":{"@id":"https:\/\/kibrisdakik.com\/?p=75554#primaryimage"},"image":{"@id":"https:\/\/kibrisdakik.com\/?p=75554#primaryimage"},"thumbnailUrl":"https:\/\/kibrisdakik.com\/wp-content\/uploads\/2025\/02\/llll-740x420.jpg","datePublished":"2025-02-13T11:33:03+00:00","author":{"@id":"https:\/\/kibrisdakik.com\/#\/schema\/person\/9cd9d437bbb44f72b73ba127e06d8e79"},"breadcrumb":{"@id":"https:\/\/kibrisdakik.com\/?p=75554#breadcrumb"},"inLanguage":"tr","potentialAction":[{"@type":"ReadAction","target":["https:\/\/kibrisdakik.com\/?p=75554"]}]},{"@type":"ImageObject","inLanguage":"tr","@id":"https:\/\/kibrisdakik.com\/?p=75554#primaryimage","url":"https:\/\/kibrisdakik.com\/wp-content\/uploads\/2025\/02\/llll-740x420.jpg","contentUrl":"https:\/\/kibrisdakik.com\/wp-content\/uploads\/2025\/02\/llll-740x420.jpg","width":2480,"height":1656},{"@type":"BreadcrumbList","@id":"https:\/\/kibrisdakik.com\/?p=75554#breadcrumb","itemListElement":[{"@type":"ListItem","position":1,"name":"Home","item":"https:\/\/kibrisdakik.com\/"},{"@type":"ListItem","position":2,"name":"Limasol \u015eehitleri an\u0131ld\u0131"}]},{"@type":"WebSite","@id":"https:\/\/kibrisdakik.com\/#website","url":"https:\/\/kibrisdakik.com\/","name":"","description":"Tam vaktinde haber","potentialAction":[{"@type":"SearchAction","target":{"@type":"EntryPoint","urlTemplate":"https:\/\/kibrisdakik.com\/?s={search_term_string}"},"query-input":{"@type":"PropertyValueSpecification","valueRequired":true,"valueName":"search_term_string"}}],"inLanguage":"tr"},{"@type":"Person","@id":"https:\/\/kibrisdakik.com\/#\/schema\/person\/9cd9d437bbb44f72b73ba127e06d8e79","name":"admin","image":{"@type":"ImageObject","inLanguage":"tr","@id":"https:\/\/secure.gravatar.com\/avatar\/ccc17943b9d660506c869530f897617f7cb1c21a4bf30023f252596d83e1f007?s=96&d=mm&r=g","url":"https:\/\/secure.gravatar.com\/avatar\/ccc17943b9d660506c869530f897617f7cb1c21a4bf30023f252596d83e1f007?s=96&d=mm&r=g","contentUrl":"https:\/\/secure.gravatar.com\/avatar\/ccc17943b9d660506c869530f897617f7cb1c21a4bf30023f252596d83e1f007?s=96&d=mm&r=g","caption":"admin"},"sameAs":["https:\/\/kibrisdakik.com"],"url":"https:\/\/kibrisdakik.com\/?author=1"}]}},"_links":{"self":[{"href":"https:\/\/kibrisdakik.com\/index.php?rest_route=\/wp\/v2\/posts\/75554","targetHints":{"allow":["GET"]}}],"collection":[{"href":"https:\/\/kibrisdakik.com\/index.php?rest_route=\/wp\/v2\/posts"}],"about":[{"href":"https:\/\/kibrisdakik.com\/index.php?rest_route=\/wp\/v2\/types\/post"}],"author":[{"embeddable":true,"href":"https:\/\/kibrisdakik.com\/index.php?rest_route=\/wp\/v2\/users\/1"}],"replies":[{"embeddable":true,"href":"https:\/\/kibrisdakik.com\/index.php?rest_route=%2Fwp%2Fv2%2Fcomments&post=75554"}],"version-history":[{"count":0,"href":"https:\/\/kibrisdakik.com\/index.php?rest_route=\/wp\/v2\/posts\/75554\/revisions"}],"wp:featuredmedia":[{"embeddable":true,"href":"https:\/\/kibrisdakik.com\/index.php?rest_route=\/wp\/v2\/media\/75555"}],"wp:attachment":[{"href":"https:\/\/kibrisdakik.com\/index.php?rest_route=%2Fwp%2Fv2%2Fmedia&parent=75554"}],"wp:term":[{"taxonomy":"category","embeddable":true,"href":"https:\/\/kibrisdakik.com\/index.php?rest_route=%2Fwp%2Fv2%2Fcategories&post=75554"},{"taxonomy":"post_tag","embeddable":true,"href":"https:\/\/kibrisdakik.com\/index.php?rest_route=%2Fwp%2Fv2%2Ftags&post=75554"}],"curies":[{"name":"wp","href":"https:\/\/api.w.org\/{rel}","templated":true}]}}