{"id":75633,"date":"2025-02-14T14:13:57","date_gmt":"2025-02-14T11:13:57","guid":{"rendered":"https:\/\/kibrisdakik.com\/index.php\/2025\/02\/14\/bu-pazar-lefkosa-guzelyurt-ana-yolu-ile-alaykoy-metehan-cevre-yolunda-bisiklet-yarisi-yapilacak\/"},"modified":"2025-02-14T14:13:57","modified_gmt":"2025-02-14T11:13:57","slug":"bu-pazar-lefkosa-guzelyurt-ana-yolu-ile-alaykoy-metehan-cevre-yolunda-bisiklet-yarisi-yapilacak","status":"publish","type":"post","link":"https:\/\/kibrisdakik.com\/?p=75633","title":{"rendered":"Bu pazar Lefko\u015fa-G\u00fczelyurt ana yolu ile Alayk\u00f6y-Metehan \u00e7evre yolunda bisiklet yar\u0131\u015f\u0131 yap\u0131lacak"},"content":{"rendered":"<p><\/p>\n<div>\n<div class=\"mariselle-image-container none\">\n                <img loading=\"lazy\" decoding=\"async\" width=\"930\" height=\"410\" class=\"lazy-image\" alt=\"\" sizes=\"auto, (max-width: 930px) 100vw, 930px\" src=\"https:\/\/brtk.net\/wp-content\/uploads\/2025\/01\/03\/1735915552817polis-3118.jpg?ver=3782f7b41837e85730d849ce086b68de\" srcset=\"https:\/\/brtk.net\/wp-content\/uploads\/2025\/01\/03\/1735915552817polis-3118.jpg?ver=3782f7b41837e85730d849ce086b68de 930w, https:\/\/brtk.net\/wp-content\/uploads\/2025\/01\/03\/1735915552817polis-3118-300x132.jpg?ver=da4aa2243bd1e46a0a67a16d463a22e2 300w, https:\/\/brtk.net\/wp-content\/uploads\/2025\/01\/03\/1735915552817polis-3118-768x339.jpg?ver=da4aa2243bd1e46a0a67a16d463a22e2 768w\"\/>                            <\/div>\n<p>K\u0131br\u0131s T\u00fcrk Bisiklet Federasyonu taraf\u0131ndan, 16 \u015eubat Pazar g\u00fcn\u00fc 07.00-12.00 aras\u0131nda, Lefko\u015fa-G\u00fczelyurt ana yolu ile Alayk\u00f6y-Metehan \u00e7evre yolunda bisiklet yar\u0131\u015f\u0131 yap\u0131lacak.<\/p>\n<p>Polisten verilen bilgiye g\u00f6re, belirtilen tarih ve saatler aras\u0131nda, bisikletli sporcular Lefko\u015fa-G\u00fczelyurt ana yolunda bulunan Y\u0131lmazk\u00f6y kav\u015fa\u011f\u0131nda yar\u0131\u015fa ba\u015flay\u0131p, ana yolu takiben Alayk\u00f6y a\u011f\u0131llar \u00e7emberinden sa\u011fa d\u00f6n\u00fcp, Alayk\u00f6y-Metehan \u00e7evre yolu \u00fczerinden Sevgi \u00c7emberi\u2019ne gelinecek ve yar\u0131\u015f bu noktada bitecek.<\/p>\n<p>Yar\u0131\u015f s\u00fcresince Lefko\u015fa-G\u00fczelyurt ana yolunda bisikletli sporculara motorlu polis eskortu e\u015flik edecek, Alayk\u00f6y a\u011f\u0131llar \u00e7emberi ile Sevgi \u00c7emberi aras\u0131nda kalan \u00e7evre yolu g\u00fczergah\u0131 ise \u00e7ift y\u00f6nl\u00fc olarak ara\u00e7 trafi\u011fine tamamen kapat\u0131lacak.<\/p>\n<p>Bisiklet yar\u0131\u015f\u0131 devam etti\u011fi s\u00fcrece, bahse konu yol g\u00fczergah\u0131n\u0131 kullanacak s\u00fcr\u00fcc\u00fclerin kendileri ile sporcular\u0131n can ve mal g\u00fcvenlikleri a\u00e7\u0131s\u0131ndan yava\u015f ve dikkatli seyretmeleri, ayr\u0131ca trafik i\u015faret ve i\u015faret\u00e7ilerine uymalar\u0131 istendi.<\/p>\n<\/p><\/div>\n<p><script async\n                    defer\n                    crossorigin=\"anonymous\"\n                    src=\"https:\/\/connect.facebook.net\/tr_TR\/sdk.js#xfbml=1&#038;version=v3.3\"\n            ><\/script><\/p>\n","protected":false},"excerpt":{"rendered":"<p>K\u0131br\u0131s T\u00fcrk Bisiklet Federasyonu taraf\u0131ndan, 16 \u015eubat Pazar g\u00fcn\u00fc 07.00-12.00 aras\u0131nda, Lefko\u015fa-G\u00fczelyurt ana yolu ile Alayk\u00f6y-Metehan \u00e7evre yolunda bisiklet yar\u0131\u015f\u0131 yap\u0131lacak. Polisten verilen bilgiye g\u00f6re, belirtilen tarih ve saatler aras\u0131nda, bisikletli sporcular Lefko\u015fa-G\u00fczelyurt ana yolunda bulunan Y\u0131lmazk\u00f6y kav\u015fa\u011f\u0131nda yar\u0131\u015fa ba\u015flay\u0131p, ana yolu takiben Alayk\u00f6y a\u011f\u0131llar \u00e7emberinden sa\u011fa d\u00f6n\u00fcp, Alayk\u00f6y-Metehan \u00e7evre yolu \u00fczerinden Sevgi \u00c7emberi\u2019ne gelinecek<\/p>\n","protected":false},"author":1,"featured_media":47783,"comment_status":"open","ping_status":"open","sticky":false,"template":"","format":"standard","meta":{"footnotes":""},"categories":[1,101],"tags":[],"class_list":["post-75633","post","type-post","status-publish","format-standard","has-post-thumbnail","hentry","category-gundem","category-manset"],"yoast_head":"<!-- This site is optimized with the Yoast SEO plugin v27.5 - https:\/\/yoast.com\/product\/yoast-seo-wordpress\/ -->\n<title>Bu pazar Lefko\u015fa-G\u00fczelyurt ana yolu ile Alayk\u00f6y-Metehan \u00e7evre yolunda bisiklet yar\u0131\u015f\u0131 yap\u0131lacak -<\/title>\n<meta name=\"robots\" content=\"index, follow, max-snippet:-1, max-image-preview:large, max-video-preview:-1\" \/>\n<link rel=\"canonical\" href=\"https:\/\/kibrisdakik.com\/?p=75633\" \/>\n<meta property=\"og:locale\" content=\"tr_TR\" \/>\n<meta property=\"og:type\" content=\"article\" \/>\n<meta property=\"og:title\" content=\"Bu pazar Lefko\u015fa-G\u00fczelyurt ana yolu ile Alayk\u00f6y-Metehan \u00e7evre yolunda bisiklet yar\u0131\u015f\u0131 yap\u0131lacak -\" \/>\n<meta property=\"og:description\" content=\"K\u0131br\u0131s T\u00fcrk Bisiklet Federasyonu taraf\u0131ndan, 16 \u015eubat Pazar g\u00fcn\u00fc 07.00-12.00 aras\u0131nda, Lefko\u015fa-G\u00fczelyurt ana yolu ile Alayk\u00f6y-Metehan \u00e7evre yolunda bisiklet yar\u0131\u015f\u0131 yap\u0131lacak. Polisten verilen bilgiye g\u00f6re, belirtilen tarih ve saatler aras\u0131nda, bisikletli sporcular Lefko\u015fa-G\u00fczelyurt ana yolunda bulunan Y\u0131lmazk\u00f6y kav\u015fa\u011f\u0131nda yar\u0131\u015fa ba\u015flay\u0131p, ana yolu takiben Alayk\u00f6y a\u011f\u0131llar \u00e7emberinden sa\u011fa d\u00f6n\u00fcp, Alayk\u00f6y-Metehan \u00e7evre yolu \u00fczerinden Sevgi \u00c7emberi\u2019ne gelinecek\" \/>\n<meta property=\"og:url\" content=\"https:\/\/kibrisdakik.com\/?p=75633\" \/>\n<meta property=\"article:published_time\" content=\"2025-02-14T11:13:57+00:00\" \/>\n<meta property=\"og:image\" content=\"https:\/\/kibrisdakik.com\/wp-content\/uploads\/2024\/06\/bisiklet-yarisi-740x420.jpg\" \/>\n\t<meta property=\"og:image:width\" content=\"960\" \/>\n\t<meta property=\"og:image:height\" content=\"720\" \/>\n\t<meta property=\"og:image:type\" content=\"image\/jpeg\" \/>\n<meta name=\"author\" content=\"admin\" \/>\n<meta name=\"twitter:card\" content=\"summary_large_image\" \/>\n<meta name=\"twitter:label1\" content=\"Yazan:\" \/>\n\t<meta name=\"twitter:data1\" content=\"admin\" \/>\n\t<meta name=\"twitter:label2\" content=\"Tahmini okuma s\u00fcresi\" \/>\n\t<meta name=\"twitter:data2\" content=\"1 dakika\" \/>\n<script type=\"application\/ld+json\" class=\"yoast-schema-graph\">{\"@context\":\"https:\\\/\\\/schema.org\",\"@graph\":[{\"@type\":\"Article\",\"@id\":\"https:\\\/\\\/kibrisdakik.com\\\/?p=75633#article\",\"isPartOf\":{\"@id\":\"https:\\\/\\\/kibrisdakik.com\\\/?p=75633\"},\"author\":{\"name\":\"admin\",\"@id\":\"https:\\\/\\\/kibrisdakik.com\\\/#\\\/schema\\\/person\\\/9cd9d437bbb44f72b73ba127e06d8e79\"},\"headline\":\"Bu pazar Lefko\u015fa-G\u00fczelyurt ana yolu ile Alayk\u00f6y-Metehan \u00e7evre yolunda bisiklet yar\u0131\u015f\u0131 yap\u0131lacak\",\"datePublished\":\"2025-02-14T11:13:57+00:00\",\"mainEntityOfPage\":{\"@id\":\"https:\\\/\\\/kibrisdakik.com\\\/?p=75633\"},\"wordCount\":190,\"commentCount\":0,\"image\":{\"@id\":\"https:\\\/\\\/kibrisdakik.com\\\/?p=75633#primaryimage\"},\"thumbnailUrl\":\"https:\\\/\\\/kibrisdakik.com\\\/wp-content\\\/uploads\\\/2024\\\/06\\\/bisiklet-yarisi-740x420.jpg\",\"articleSection\":[\"G\u00fcndem\",\"Man\u015fet\"],\"inLanguage\":\"tr\",\"potentialAction\":[{\"@type\":\"CommentAction\",\"name\":\"Comment\",\"target\":[\"https:\\\/\\\/kibrisdakik.com\\\/?p=75633#respond\"]}]},{\"@type\":\"WebPage\",\"@id\":\"https:\\\/\\\/kibrisdakik.com\\\/?p=75633\",\"url\":\"https:\\\/\\\/kibrisdakik.com\\\/?p=75633\",\"name\":\"Bu pazar Lefko\u015fa-G\u00fczelyurt ana yolu ile Alayk\u00f6y-Metehan \u00e7evre yolunda bisiklet yar\u0131\u015f\u0131 yap\u0131lacak -\",\"isPartOf\":{\"@id\":\"https:\\\/\\\/kibrisdakik.com\\\/#website\"},\"primaryImageOfPage\":{\"@id\":\"https:\\\/\\\/kibrisdakik.com\\\/?p=75633#primaryimage\"},\"image\":{\"@id\":\"https:\\\/\\\/kibrisdakik.com\\\/?p=75633#primaryimage\"},\"thumbnailUrl\":\"https:\\\/\\\/kibrisdakik.com\\\/wp-content\\\/uploads\\\/2024\\\/06\\\/bisiklet-yarisi-740x420.jpg\",\"datePublished\":\"2025-02-14T11:13:57+00:00\",\"author\":{\"@id\":\"https:\\\/\\\/kibrisdakik.com\\\/#\\\/schema\\\/person\\\/9cd9d437bbb44f72b73ba127e06d8e79\"},\"breadcrumb\":{\"@id\":\"https:\\\/\\\/kibrisdakik.com\\\/?p=75633#breadcrumb\"},\"inLanguage\":\"tr\",\"potentialAction\":[{\"@type\":\"ReadAction\",\"target\":[\"https:\\\/\\\/kibrisdakik.com\\\/?p=75633\"]}]},{\"@type\":\"ImageObject\",\"inLanguage\":\"tr\",\"@id\":\"https:\\\/\\\/kibrisdakik.com\\\/?p=75633#primaryimage\",\"url\":\"https:\\\/\\\/kibrisdakik.com\\\/wp-content\\\/uploads\\\/2024\\\/06\\\/bisiklet-yarisi-740x420.jpg\",\"contentUrl\":\"https:\\\/\\\/kibrisdakik.com\\\/wp-content\\\/uploads\\\/2024\\\/06\\\/bisiklet-yarisi-740x420.jpg\",\"width\":960,\"height\":720},{\"@type\":\"BreadcrumbList\",\"@id\":\"https:\\\/\\\/kibrisdakik.com\\\/?p=75633#breadcrumb\",\"itemListElement\":[{\"@type\":\"ListItem\",\"position\":1,\"name\":\"Home\",\"item\":\"https:\\\/\\\/kibrisdakik.com\\\/\"},{\"@type\":\"ListItem\",\"position\":2,\"name\":\"Bu pazar Lefko\u015fa-G\u00fczelyurt ana yolu ile Alayk\u00f6y-Metehan \u00e7evre yolunda bisiklet yar\u0131\u015f\u0131 yap\u0131lacak\"}]},{\"@type\":\"WebSite\",\"@id\":\"https:\\\/\\\/kibrisdakik.com\\\/#website\",\"url\":\"https:\\\/\\\/kibrisdakik.com\\\/\",\"name\":\"\",\"description\":\"Tam vaktinde haber\",\"potentialAction\":[{\"@type\":\"SearchAction\",\"target\":{\"@type\":\"EntryPoint\",\"urlTemplate\":\"https:\\\/\\\/kibrisdakik.com\\\/?s={search_term_string}\"},\"query-input\":{\"@type\":\"PropertyValueSpecification\",\"valueRequired\":true,\"valueName\":\"search_term_string\"}}],\"inLanguage\":\"tr\"},{\"@type\":\"Person\",\"@id\":\"https:\\\/\\\/kibrisdakik.com\\\/#\\\/schema\\\/person\\\/9cd9d437bbb44f72b73ba127e06d8e79\",\"name\":\"admin\",\"image\":{\"@type\":\"ImageObject\",\"inLanguage\":\"tr\",\"@id\":\"https:\\\/\\\/secure.gravatar.com\\\/avatar\\\/ccc17943b9d660506c869530f897617f7cb1c21a4bf30023f252596d83e1f007?s=96&d=mm&r=g\",\"url\":\"https:\\\/\\\/secure.gravatar.com\\\/avatar\\\/ccc17943b9d660506c869530f897617f7cb1c21a4bf30023f252596d83e1f007?s=96&d=mm&r=g\",\"contentUrl\":\"https:\\\/\\\/secure.gravatar.com\\\/avatar\\\/ccc17943b9d660506c869530f897617f7cb1c21a4bf30023f252596d83e1f007?s=96&d=mm&r=g\",\"caption\":\"admin\"},\"sameAs\":[\"https:\\\/\\\/kibrisdakik.com\"],\"url\":\"https:\\\/\\\/kibrisdakik.com\\\/?author=1\"}]}<\/script>\n<!-- \/ Yoast SEO plugin. -->","yoast_head_json":{"title":"Bu pazar Lefko\u015fa-G\u00fczelyurt ana yolu ile Alayk\u00f6y-Metehan \u00e7evre yolunda bisiklet yar\u0131\u015f\u0131 yap\u0131lacak -","robots":{"index":"index","follow":"follow","max-snippet":"max-snippet:-1","max-image-preview":"max-image-preview:large","max-video-preview":"max-video-preview:-1"},"canonical":"https:\/\/kibrisdakik.com\/?p=75633","og_locale":"tr_TR","og_type":"article","og_title":"Bu pazar Lefko\u015fa-G\u00fczelyurt ana yolu ile Alayk\u00f6y-Metehan \u00e7evre yolunda bisiklet yar\u0131\u015f\u0131 yap\u0131lacak -","og_description":"K\u0131br\u0131s T\u00fcrk Bisiklet Federasyonu taraf\u0131ndan, 16 \u015eubat Pazar g\u00fcn\u00fc 07.00-12.00 aras\u0131nda, Lefko\u015fa-G\u00fczelyurt ana yolu ile Alayk\u00f6y-Metehan \u00e7evre yolunda bisiklet yar\u0131\u015f\u0131 yap\u0131lacak. Polisten verilen bilgiye g\u00f6re, belirtilen tarih ve saatler aras\u0131nda, bisikletli sporcular Lefko\u015fa-G\u00fczelyurt ana yolunda bulunan Y\u0131lmazk\u00f6y kav\u015fa\u011f\u0131nda yar\u0131\u015fa ba\u015flay\u0131p, ana yolu takiben Alayk\u00f6y a\u011f\u0131llar \u00e7emberinden sa\u011fa d\u00f6n\u00fcp, Alayk\u00f6y-Metehan \u00e7evre yolu \u00fczerinden Sevgi \u00c7emberi\u2019ne gelinecek","og_url":"https:\/\/kibrisdakik.com\/?p=75633","article_published_time":"2025-02-14T11:13:57+00:00","og_image":[{"width":960,"height":720,"url":"https:\/\/kibrisdakik.com\/wp-content\/uploads\/2024\/06\/bisiklet-yarisi-740x420.jpg","type":"image\/jpeg"}],"author":"admin","twitter_card":"summary_large_image","twitter_misc":{"Yazan:":"admin","Tahmini okuma s\u00fcresi":"1 dakika"},"schema":{"@context":"https:\/\/schema.org","@graph":[{"@type":"Article","@id":"https:\/\/kibrisdakik.com\/?p=75633#article","isPartOf":{"@id":"https:\/\/kibrisdakik.com\/?p=75633"},"author":{"name":"admin","@id":"https:\/\/kibrisdakik.com\/#\/schema\/person\/9cd9d437bbb44f72b73ba127e06d8e79"},"headline":"Bu pazar Lefko\u015fa-G\u00fczelyurt ana yolu ile Alayk\u00f6y-Metehan \u00e7evre yolunda bisiklet yar\u0131\u015f\u0131 yap\u0131lacak","datePublished":"2025-02-14T11:13:57+00:00","mainEntityOfPage":{"@id":"https:\/\/kibrisdakik.com\/?p=75633"},"wordCount":190,"commentCount":0,"image":{"@id":"https:\/\/kibrisdakik.com\/?p=75633#primaryimage"},"thumbnailUrl":"https:\/\/kibrisdakik.com\/wp-content\/uploads\/2024\/06\/bisiklet-yarisi-740x420.jpg","articleSection":["G\u00fcndem","Man\u015fet"],"inLanguage":"tr","potentialAction":[{"@type":"CommentAction","name":"Comment","target":["https:\/\/kibrisdakik.com\/?p=75633#respond"]}]},{"@type":"WebPage","@id":"https:\/\/kibrisdakik.com\/?p=75633","url":"https:\/\/kibrisdakik.com\/?p=75633","name":"Bu pazar Lefko\u015fa-G\u00fczelyurt ana yolu ile Alayk\u00f6y-Metehan \u00e7evre yolunda bisiklet yar\u0131\u015f\u0131 yap\u0131lacak -","isPartOf":{"@id":"https:\/\/kibrisdakik.com\/#website"},"primaryImageOfPage":{"@id":"https:\/\/kibrisdakik.com\/?p=75633#primaryimage"},"image":{"@id":"https:\/\/kibrisdakik.com\/?p=75633#primaryimage"},"thumbnailUrl":"https:\/\/kibrisdakik.com\/wp-content\/uploads\/2024\/06\/bisiklet-yarisi-740x420.jpg","datePublished":"2025-02-14T11:13:57+00:00","author":{"@id":"https:\/\/kibrisdakik.com\/#\/schema\/person\/9cd9d437bbb44f72b73ba127e06d8e79"},"breadcrumb":{"@id":"https:\/\/kibrisdakik.com\/?p=75633#breadcrumb"},"inLanguage":"tr","potentialAction":[{"@type":"ReadAction","target":["https:\/\/kibrisdakik.com\/?p=75633"]}]},{"@type":"ImageObject","inLanguage":"tr","@id":"https:\/\/kibrisdakik.com\/?p=75633#primaryimage","url":"https:\/\/kibrisdakik.com\/wp-content\/uploads\/2024\/06\/bisiklet-yarisi-740x420.jpg","contentUrl":"https:\/\/kibrisdakik.com\/wp-content\/uploads\/2024\/06\/bisiklet-yarisi-740x420.jpg","width":960,"height":720},{"@type":"BreadcrumbList","@id":"https:\/\/kibrisdakik.com\/?p=75633#breadcrumb","itemListElement":[{"@type":"ListItem","position":1,"name":"Home","item":"https:\/\/kibrisdakik.com\/"},{"@type":"ListItem","position":2,"name":"Bu pazar Lefko\u015fa-G\u00fczelyurt ana yolu ile Alayk\u00f6y-Metehan \u00e7evre yolunda bisiklet yar\u0131\u015f\u0131 yap\u0131lacak"}]},{"@type":"WebSite","@id":"https:\/\/kibrisdakik.com\/#website","url":"https:\/\/kibrisdakik.com\/","name":"","description":"Tam vaktinde haber","potentialAction":[{"@type":"SearchAction","target":{"@type":"EntryPoint","urlTemplate":"https:\/\/kibrisdakik.com\/?s={search_term_string}"},"query-input":{"@type":"PropertyValueSpecification","valueRequired":true,"valueName":"search_term_string"}}],"inLanguage":"tr"},{"@type":"Person","@id":"https:\/\/kibrisdakik.com\/#\/schema\/person\/9cd9d437bbb44f72b73ba127e06d8e79","name":"admin","image":{"@type":"ImageObject","inLanguage":"tr","@id":"https:\/\/secure.gravatar.com\/avatar\/ccc17943b9d660506c869530f897617f7cb1c21a4bf30023f252596d83e1f007?s=96&d=mm&r=g","url":"https:\/\/secure.gravatar.com\/avatar\/ccc17943b9d660506c869530f897617f7cb1c21a4bf30023f252596d83e1f007?s=96&d=mm&r=g","contentUrl":"https:\/\/secure.gravatar.com\/avatar\/ccc17943b9d660506c869530f897617f7cb1c21a4bf30023f252596d83e1f007?s=96&d=mm&r=g","caption":"admin"},"sameAs":["https:\/\/kibrisdakik.com"],"url":"https:\/\/kibrisdakik.com\/?author=1"}]}},"_links":{"self":[{"href":"https:\/\/kibrisdakik.com\/index.php?rest_route=\/wp\/v2\/posts\/75633","targetHints":{"allow":["GET"]}}],"collection":[{"href":"https:\/\/kibrisdakik.com\/index.php?rest_route=\/wp\/v2\/posts"}],"about":[{"href":"https:\/\/kibrisdakik.com\/index.php?rest_route=\/wp\/v2\/types\/post"}],"author":[{"embeddable":true,"href":"https:\/\/kibrisdakik.com\/index.php?rest_route=\/wp\/v2\/users\/1"}],"replies":[{"embeddable":true,"href":"https:\/\/kibrisdakik.com\/index.php?rest_route=%2Fwp%2Fv2%2Fcomments&post=75633"}],"version-history":[{"count":0,"href":"https:\/\/kibrisdakik.com\/index.php?rest_route=\/wp\/v2\/posts\/75633\/revisions"}],"wp:featuredmedia":[{"embeddable":true,"href":"https:\/\/kibrisdakik.com\/index.php?rest_route=\/wp\/v2\/media\/47783"}],"wp:attachment":[{"href":"https:\/\/kibrisdakik.com\/index.php?rest_route=%2Fwp%2Fv2%2Fmedia&parent=75633"}],"wp:term":[{"taxonomy":"category","embeddable":true,"href":"https:\/\/kibrisdakik.com\/index.php?rest_route=%2Fwp%2Fv2%2Fcategories&post=75633"},{"taxonomy":"post_tag","embeddable":true,"href":"https:\/\/kibrisdakik.com\/index.php?rest_route=%2Fwp%2Fv2%2Ftags&post=75633"}],"curies":[{"name":"wp","href":"https:\/\/api.w.org\/{rel}","templated":true}]}}