{"id":75636,"date":"2025-02-14T15:52:15","date_gmt":"2025-02-14T12:52:15","guid":{"rendered":"https:\/\/kibrisdakik.com\/index.php\/2025\/02\/14\/diren-cemberi-cevresinde-hafta-sonu-altyapi-calismasi-yapilacak\/"},"modified":"2025-02-14T15:52:15","modified_gmt":"2025-02-14T12:52:15","slug":"diren-cemberi-cevresinde-hafta-sonu-altyapi-calismasi-yapilacak","status":"publish","type":"post","link":"https:\/\/kibrisdakik.com\/?p=75636","title":{"rendered":"Diren \u00c7emberi \u00e7evresinde hafta sonu altyap\u0131 \u00e7al\u0131\u015fmas\u0131 yap\u0131lacak"},"content":{"rendered":"<div>\n<div class=\"mariselle-image-container none\">\n                                            <\/div>\n<p style=\"font-weight: 300;\"><span style=\"font-weight: 300 !important;\">\u00a0Lefko\u015fa\u2019da Diren \u00c7emberi An\u0131t\u0131\u2019n\u0131n \u00e7evresinde hafta sonu yap\u0131lacak su altyap\u0131 \u00e7al\u0131\u015fmas\u0131 nedeniyle trafikte d\u00fczenlemeye gidilecek.<\/span><\/p>\n<p style=\"font-weight: 300;\"><span style=\"font-weight: 300 !important;\">Lefko\u015fa T\u00fcrk Belediyesi\u2019nden yap\u0131lan a\u00e7\u0131klamada,\u00a0<\/span><span style=\"font-weight: 300 !important;\">Kemal \u015eemiler Caddesi\u2019ndeki\u00a0<\/span><span style=\"font-weight: 300 !important;\">Diren \u00c7emberi An\u0131t\u0131 \u00e7evresinde yar\u0131n ve pazar g\u00fcnleri su altyap\u0131 \u00e7al\u0131\u015fmas\u0131 ger\u00e7ekle\u015ftirilece\u011fi belirtildi ve t\u00fcm yurtta\u015flar\u0131n \u00e7al\u0131\u015fmalar boyunca trafik i\u015faret ve i\u015faret\u00e7ilerine dikkat etmeleri istendi.<\/span><\/p>\n<p>\u00a0<\/p>\n<\/p><\/div>\n<p><script async\n                    defer\n                    crossorigin=\"anonymous\"\n                    src=\"https:\/\/connect.facebook.net\/tr_TR\/sdk.js#xfbml=1&#038;version=v3.3\"\n            ><\/script><\/p>\n","protected":false},"excerpt":{"rendered":"<p>\u00a0Lefko\u015fa\u2019da Diren \u00c7emberi An\u0131t\u0131\u2019n\u0131n \u00e7evresinde hafta sonu yap\u0131lacak su altyap\u0131 \u00e7al\u0131\u015fmas\u0131 nedeniyle trafikte d\u00fczenlemeye gidilecek. Lefko\u015fa T\u00fcrk Belediyesi\u2019nden yap\u0131lan a\u00e7\u0131klamada,\u00a0Kemal \u015eemiler Caddesi\u2019ndeki\u00a0Diren \u00c7emberi An\u0131t\u0131 \u00e7evresinde yar\u0131n ve pazar g\u00fcnleri su altyap\u0131 \u00e7al\u0131\u015fmas\u0131 ger\u00e7ekle\u015ftirilece\u011fi belirtildi ve t\u00fcm yurtta\u015flar\u0131n \u00e7al\u0131\u015fmalar boyunca trafik i\u015faret ve i\u015faret\u00e7ilerine dikkat etmeleri istendi. \u00a0<\/p>\n","protected":false},"author":1,"featured_media":51085,"comment_status":"open","ping_status":"open","sticky":false,"template":"","format":"standard","meta":{"footnotes":""},"categories":[81,101],"tags":[],"class_list":["post-75636","post","type-post","status-publish","format-standard","has-post-thumbnail","hentry","category-kibris","category-manset"],"yoast_head":"<!-- This site is optimized with the Yoast SEO plugin v27.5 - https:\/\/yoast.com\/product\/yoast-seo-wordpress\/ -->\n<title>Diren \u00c7emberi \u00e7evresinde hafta sonu altyap\u0131 \u00e7al\u0131\u015fmas\u0131 yap\u0131lacak -<\/title>\n<meta name=\"robots\" content=\"index, follow, max-snippet:-1, max-image-preview:large, max-video-preview:-1\" \/>\n<link rel=\"canonical\" href=\"https:\/\/kibrisdakik.com\/?p=75636\" \/>\n<meta property=\"og:locale\" content=\"tr_TR\" \/>\n<meta property=\"og:type\" content=\"article\" \/>\n<meta property=\"og:title\" content=\"Diren \u00c7emberi \u00e7evresinde hafta sonu altyap\u0131 \u00e7al\u0131\u015fmas\u0131 yap\u0131lacak -\" \/>\n<meta property=\"og:description\" content=\"\u00a0Lefko\u015fa\u2019da Diren \u00c7emberi An\u0131t\u0131\u2019n\u0131n \u00e7evresinde hafta sonu yap\u0131lacak su altyap\u0131 \u00e7al\u0131\u015fmas\u0131 nedeniyle trafikte d\u00fczenlemeye gidilecek. Lefko\u015fa T\u00fcrk Belediyesi\u2019nden yap\u0131lan a\u00e7\u0131klamada,\u00a0Kemal \u015eemiler Caddesi\u2019ndeki\u00a0Diren \u00c7emberi An\u0131t\u0131 \u00e7evresinde yar\u0131n ve pazar g\u00fcnleri su altyap\u0131 \u00e7al\u0131\u015fmas\u0131 ger\u00e7ekle\u015ftirilece\u011fi belirtildi ve t\u00fcm yurtta\u015flar\u0131n \u00e7al\u0131\u015fmalar boyunca trafik i\u015faret ve i\u015faret\u00e7ilerine dikkat etmeleri istendi. \u00a0\" \/>\n<meta property=\"og:url\" content=\"https:\/\/kibrisdakik.com\/?p=75636\" \/>\n<meta property=\"article:published_time\" content=\"2025-02-14T12:52:15+00:00\" \/>\n<meta property=\"og:image\" content=\"https:\/\/kibrisdakik.com\/wp-content\/uploads\/2024\/07\/tum-suruculerin-dikkatine-740x391.jpg\" \/>\n\t<meta property=\"og:image:width\" content=\"750\" \/>\n\t<meta property=\"og:image:height\" content=\"391\" \/>\n\t<meta property=\"og:image:type\" content=\"image\/jpeg\" \/>\n<meta name=\"author\" content=\"admin\" \/>\n<meta name=\"twitter:card\" content=\"summary_large_image\" \/>\n<meta name=\"twitter:label1\" content=\"Yazan:\" \/>\n\t<meta name=\"twitter:data1\" content=\"admin\" \/>\n<script type=\"application\/ld+json\" class=\"yoast-schema-graph\">{\"@context\":\"https:\\\/\\\/schema.org\",\"@graph\":[{\"@type\":\"Article\",\"@id\":\"https:\\\/\\\/kibrisdakik.com\\\/?p=75636#article\",\"isPartOf\":{\"@id\":\"https:\\\/\\\/kibrisdakik.com\\\/?p=75636\"},\"author\":{\"name\":\"admin\",\"@id\":\"https:\\\/\\\/kibrisdakik.com\\\/#\\\/schema\\\/person\\\/9cd9d437bbb44f72b73ba127e06d8e79\"},\"headline\":\"Diren \u00c7emberi \u00e7evresinde hafta sonu altyap\u0131 \u00e7al\u0131\u015fmas\u0131 yap\u0131lacak\",\"datePublished\":\"2025-02-14T12:52:15+00:00\",\"mainEntityOfPage\":{\"@id\":\"https:\\\/\\\/kibrisdakik.com\\\/?p=75636\"},\"wordCount\":86,\"commentCount\":0,\"image\":{\"@id\":\"https:\\\/\\\/kibrisdakik.com\\\/?p=75636#primaryimage\"},\"thumbnailUrl\":\"https:\\\/\\\/kibrisdakik.com\\\/wp-content\\\/uploads\\\/2024\\\/07\\\/tum-suruculerin-dikkatine-740x391.jpg\",\"articleSection\":[\"K\u0131br\u0131s\",\"Man\u015fet\"],\"inLanguage\":\"tr\",\"potentialAction\":[{\"@type\":\"CommentAction\",\"name\":\"Comment\",\"target\":[\"https:\\\/\\\/kibrisdakik.com\\\/?p=75636#respond\"]}]},{\"@type\":\"WebPage\",\"@id\":\"https:\\\/\\\/kibrisdakik.com\\\/?p=75636\",\"url\":\"https:\\\/\\\/kibrisdakik.com\\\/?p=75636\",\"name\":\"Diren \u00c7emberi \u00e7evresinde hafta sonu altyap\u0131 \u00e7al\u0131\u015fmas\u0131 yap\u0131lacak -\",\"isPartOf\":{\"@id\":\"https:\\\/\\\/kibrisdakik.com\\\/#website\"},\"primaryImageOfPage\":{\"@id\":\"https:\\\/\\\/kibrisdakik.com\\\/?p=75636#primaryimage\"},\"image\":{\"@id\":\"https:\\\/\\\/kibrisdakik.com\\\/?p=75636#primaryimage\"},\"thumbnailUrl\":\"https:\\\/\\\/kibrisdakik.com\\\/wp-content\\\/uploads\\\/2024\\\/07\\\/tum-suruculerin-dikkatine-740x391.jpg\",\"datePublished\":\"2025-02-14T12:52:15+00:00\",\"author\":{\"@id\":\"https:\\\/\\\/kibrisdakik.com\\\/#\\\/schema\\\/person\\\/9cd9d437bbb44f72b73ba127e06d8e79\"},\"breadcrumb\":{\"@id\":\"https:\\\/\\\/kibrisdakik.com\\\/?p=75636#breadcrumb\"},\"inLanguage\":\"tr\",\"potentialAction\":[{\"@type\":\"ReadAction\",\"target\":[\"https:\\\/\\\/kibrisdakik.com\\\/?p=75636\"]}]},{\"@type\":\"ImageObject\",\"inLanguage\":\"tr\",\"@id\":\"https:\\\/\\\/kibrisdakik.com\\\/?p=75636#primaryimage\",\"url\":\"https:\\\/\\\/kibrisdakik.com\\\/wp-content\\\/uploads\\\/2024\\\/07\\\/tum-suruculerin-dikkatine-740x391.jpg\",\"contentUrl\":\"https:\\\/\\\/kibrisdakik.com\\\/wp-content\\\/uploads\\\/2024\\\/07\\\/tum-suruculerin-dikkatine-740x391.jpg\",\"width\":750,\"height\":391},{\"@type\":\"BreadcrumbList\",\"@id\":\"https:\\\/\\\/kibrisdakik.com\\\/?p=75636#breadcrumb\",\"itemListElement\":[{\"@type\":\"ListItem\",\"position\":1,\"name\":\"Home\",\"item\":\"https:\\\/\\\/kibrisdakik.com\\\/\"},{\"@type\":\"ListItem\",\"position\":2,\"name\":\"Diren \u00c7emberi \u00e7evresinde hafta sonu altyap\u0131 \u00e7al\u0131\u015fmas\u0131 yap\u0131lacak\"}]},{\"@type\":\"WebSite\",\"@id\":\"https:\\\/\\\/kibrisdakik.com\\\/#website\",\"url\":\"https:\\\/\\\/kibrisdakik.com\\\/\",\"name\":\"\",\"description\":\"Tam vaktinde haber\",\"potentialAction\":[{\"@type\":\"SearchAction\",\"target\":{\"@type\":\"EntryPoint\",\"urlTemplate\":\"https:\\\/\\\/kibrisdakik.com\\\/?s={search_term_string}\"},\"query-input\":{\"@type\":\"PropertyValueSpecification\",\"valueRequired\":true,\"valueName\":\"search_term_string\"}}],\"inLanguage\":\"tr\"},{\"@type\":\"Person\",\"@id\":\"https:\\\/\\\/kibrisdakik.com\\\/#\\\/schema\\\/person\\\/9cd9d437bbb44f72b73ba127e06d8e79\",\"name\":\"admin\",\"image\":{\"@type\":\"ImageObject\",\"inLanguage\":\"tr\",\"@id\":\"https:\\\/\\\/secure.gravatar.com\\\/avatar\\\/ccc17943b9d660506c869530f897617f7cb1c21a4bf30023f252596d83e1f007?s=96&d=mm&r=g\",\"url\":\"https:\\\/\\\/secure.gravatar.com\\\/avatar\\\/ccc17943b9d660506c869530f897617f7cb1c21a4bf30023f252596d83e1f007?s=96&d=mm&r=g\",\"contentUrl\":\"https:\\\/\\\/secure.gravatar.com\\\/avatar\\\/ccc17943b9d660506c869530f897617f7cb1c21a4bf30023f252596d83e1f007?s=96&d=mm&r=g\",\"caption\":\"admin\"},\"sameAs\":[\"https:\\\/\\\/kibrisdakik.com\"],\"url\":\"https:\\\/\\\/kibrisdakik.com\\\/?author=1\"}]}<\/script>\n<!-- \/ Yoast SEO plugin. -->","yoast_head_json":{"title":"Diren \u00c7emberi \u00e7evresinde hafta sonu altyap\u0131 \u00e7al\u0131\u015fmas\u0131 yap\u0131lacak -","robots":{"index":"index","follow":"follow","max-snippet":"max-snippet:-1","max-image-preview":"max-image-preview:large","max-video-preview":"max-video-preview:-1"},"canonical":"https:\/\/kibrisdakik.com\/?p=75636","og_locale":"tr_TR","og_type":"article","og_title":"Diren \u00c7emberi \u00e7evresinde hafta sonu altyap\u0131 \u00e7al\u0131\u015fmas\u0131 yap\u0131lacak -","og_description":"\u00a0Lefko\u015fa\u2019da Diren \u00c7emberi An\u0131t\u0131\u2019n\u0131n \u00e7evresinde hafta sonu yap\u0131lacak su altyap\u0131 \u00e7al\u0131\u015fmas\u0131 nedeniyle trafikte d\u00fczenlemeye gidilecek. Lefko\u015fa T\u00fcrk Belediyesi\u2019nden yap\u0131lan a\u00e7\u0131klamada,\u00a0Kemal \u015eemiler Caddesi\u2019ndeki\u00a0Diren \u00c7emberi An\u0131t\u0131 \u00e7evresinde yar\u0131n ve pazar g\u00fcnleri su altyap\u0131 \u00e7al\u0131\u015fmas\u0131 ger\u00e7ekle\u015ftirilece\u011fi belirtildi ve t\u00fcm yurtta\u015flar\u0131n \u00e7al\u0131\u015fmalar boyunca trafik i\u015faret ve i\u015faret\u00e7ilerine dikkat etmeleri istendi. \u00a0","og_url":"https:\/\/kibrisdakik.com\/?p=75636","article_published_time":"2025-02-14T12:52:15+00:00","og_image":[{"width":750,"height":391,"url":"https:\/\/kibrisdakik.com\/wp-content\/uploads\/2024\/07\/tum-suruculerin-dikkatine-740x391.jpg","type":"image\/jpeg"}],"author":"admin","twitter_card":"summary_large_image","twitter_misc":{"Yazan:":"admin"},"schema":{"@context":"https:\/\/schema.org","@graph":[{"@type":"Article","@id":"https:\/\/kibrisdakik.com\/?p=75636#article","isPartOf":{"@id":"https:\/\/kibrisdakik.com\/?p=75636"},"author":{"name":"admin","@id":"https:\/\/kibrisdakik.com\/#\/schema\/person\/9cd9d437bbb44f72b73ba127e06d8e79"},"headline":"Diren \u00c7emberi \u00e7evresinde hafta sonu altyap\u0131 \u00e7al\u0131\u015fmas\u0131 yap\u0131lacak","datePublished":"2025-02-14T12:52:15+00:00","mainEntityOfPage":{"@id":"https:\/\/kibrisdakik.com\/?p=75636"},"wordCount":86,"commentCount":0,"image":{"@id":"https:\/\/kibrisdakik.com\/?p=75636#primaryimage"},"thumbnailUrl":"https:\/\/kibrisdakik.com\/wp-content\/uploads\/2024\/07\/tum-suruculerin-dikkatine-740x391.jpg","articleSection":["K\u0131br\u0131s","Man\u015fet"],"inLanguage":"tr","potentialAction":[{"@type":"CommentAction","name":"Comment","target":["https:\/\/kibrisdakik.com\/?p=75636#respond"]}]},{"@type":"WebPage","@id":"https:\/\/kibrisdakik.com\/?p=75636","url":"https:\/\/kibrisdakik.com\/?p=75636","name":"Diren \u00c7emberi \u00e7evresinde hafta sonu altyap\u0131 \u00e7al\u0131\u015fmas\u0131 yap\u0131lacak -","isPartOf":{"@id":"https:\/\/kibrisdakik.com\/#website"},"primaryImageOfPage":{"@id":"https:\/\/kibrisdakik.com\/?p=75636#primaryimage"},"image":{"@id":"https:\/\/kibrisdakik.com\/?p=75636#primaryimage"},"thumbnailUrl":"https:\/\/kibrisdakik.com\/wp-content\/uploads\/2024\/07\/tum-suruculerin-dikkatine-740x391.jpg","datePublished":"2025-02-14T12:52:15+00:00","author":{"@id":"https:\/\/kibrisdakik.com\/#\/schema\/person\/9cd9d437bbb44f72b73ba127e06d8e79"},"breadcrumb":{"@id":"https:\/\/kibrisdakik.com\/?p=75636#breadcrumb"},"inLanguage":"tr","potentialAction":[{"@type":"ReadAction","target":["https:\/\/kibrisdakik.com\/?p=75636"]}]},{"@type":"ImageObject","inLanguage":"tr","@id":"https:\/\/kibrisdakik.com\/?p=75636#primaryimage","url":"https:\/\/kibrisdakik.com\/wp-content\/uploads\/2024\/07\/tum-suruculerin-dikkatine-740x391.jpg","contentUrl":"https:\/\/kibrisdakik.com\/wp-content\/uploads\/2024\/07\/tum-suruculerin-dikkatine-740x391.jpg","width":750,"height":391},{"@type":"BreadcrumbList","@id":"https:\/\/kibrisdakik.com\/?p=75636#breadcrumb","itemListElement":[{"@type":"ListItem","position":1,"name":"Home","item":"https:\/\/kibrisdakik.com\/"},{"@type":"ListItem","position":2,"name":"Diren \u00c7emberi \u00e7evresinde hafta sonu altyap\u0131 \u00e7al\u0131\u015fmas\u0131 yap\u0131lacak"}]},{"@type":"WebSite","@id":"https:\/\/kibrisdakik.com\/#website","url":"https:\/\/kibrisdakik.com\/","name":"","description":"Tam vaktinde haber","potentialAction":[{"@type":"SearchAction","target":{"@type":"EntryPoint","urlTemplate":"https:\/\/kibrisdakik.com\/?s={search_term_string}"},"query-input":{"@type":"PropertyValueSpecification","valueRequired":true,"valueName":"search_term_string"}}],"inLanguage":"tr"},{"@type":"Person","@id":"https:\/\/kibrisdakik.com\/#\/schema\/person\/9cd9d437bbb44f72b73ba127e06d8e79","name":"admin","image":{"@type":"ImageObject","inLanguage":"tr","@id":"https:\/\/secure.gravatar.com\/avatar\/ccc17943b9d660506c869530f897617f7cb1c21a4bf30023f252596d83e1f007?s=96&d=mm&r=g","url":"https:\/\/secure.gravatar.com\/avatar\/ccc17943b9d660506c869530f897617f7cb1c21a4bf30023f252596d83e1f007?s=96&d=mm&r=g","contentUrl":"https:\/\/secure.gravatar.com\/avatar\/ccc17943b9d660506c869530f897617f7cb1c21a4bf30023f252596d83e1f007?s=96&d=mm&r=g","caption":"admin"},"sameAs":["https:\/\/kibrisdakik.com"],"url":"https:\/\/kibrisdakik.com\/?author=1"}]}},"_links":{"self":[{"href":"https:\/\/kibrisdakik.com\/index.php?rest_route=\/wp\/v2\/posts\/75636","targetHints":{"allow":["GET"]}}],"collection":[{"href":"https:\/\/kibrisdakik.com\/index.php?rest_route=\/wp\/v2\/posts"}],"about":[{"href":"https:\/\/kibrisdakik.com\/index.php?rest_route=\/wp\/v2\/types\/post"}],"author":[{"embeddable":true,"href":"https:\/\/kibrisdakik.com\/index.php?rest_route=\/wp\/v2\/users\/1"}],"replies":[{"embeddable":true,"href":"https:\/\/kibrisdakik.com\/index.php?rest_route=%2Fwp%2Fv2%2Fcomments&post=75636"}],"version-history":[{"count":0,"href":"https:\/\/kibrisdakik.com\/index.php?rest_route=\/wp\/v2\/posts\/75636\/revisions"}],"wp:featuredmedia":[{"embeddable":true,"href":"https:\/\/kibrisdakik.com\/index.php?rest_route=\/wp\/v2\/media\/51085"}],"wp:attachment":[{"href":"https:\/\/kibrisdakik.com\/index.php?rest_route=%2Fwp%2Fv2%2Fmedia&parent=75636"}],"wp:term":[{"taxonomy":"category","embeddable":true,"href":"https:\/\/kibrisdakik.com\/index.php?rest_route=%2Fwp%2Fv2%2Fcategories&post=75636"},{"taxonomy":"post_tag","embeddable":true,"href":"https:\/\/kibrisdakik.com\/index.php?rest_route=%2Fwp%2Fv2%2Ftags&post=75636"}],"curies":[{"name":"wp","href":"https:\/\/api.w.org\/{rel}","templated":true}]}}