{"id":75641,"date":"2025-02-14T16:02:11","date_gmt":"2025-02-14T13:02:11","guid":{"rendered":"https:\/\/kibrisdakik.com\/index.php\/2025\/02\/14\/kayip-sehit-milletvekili-cengiz-ratip-61inci-olum-yil-donumunde-anildi\/"},"modified":"2025-02-14T16:02:11","modified_gmt":"2025-02-14T13:02:11","slug":"kayip-sehit-milletvekili-cengiz-ratip-61inci-olum-yil-donumunde-anildi","status":"publish","type":"post","link":"https:\/\/kibrisdakik.com\/?p=75641","title":{"rendered":"Kay\u0131p \u015eehit Milletvekili Cengiz Ratip, 61\u2019inci \u00f6l\u00fcm y\u0131l d\u00f6n\u00fcm\u00fcnde an\u0131ld\u0131"},"content":{"rendered":"<div>\n<div class=\"mariselle-image-container none\">\n                                            <\/div>\n<p style=\"font-weight: 300;\"><span style=\"font-weight: 300 !important;\">T\u00fcrk Cemaat Meclisi \u00fcyesiyken \u015fehit edilen ve naa\u015f\u0131 61 y\u0131ld\u0131r bulunamayan Cengiz Ratip, \u015fehit edili\u015finin 61\u2019inci y\u0131l d\u00f6n\u00fcm\u00fcnde, Cumhuriyet Meclisi\u2019nde ad\u0131n\u0131n verildi\u011fi k\u00fct\u00fcphanede d\u00fczenlenen t\u00f6renle an\u0131ld\u0131.<\/span><\/p>\n<p style=\"font-weight: 300;\"><span style=\"font-weight: 300 !important;\">T\u00f6rene, Cumhurba\u015fkan\u0131 Ersin Tatar, Cumhuriyet Meclis Ba\u015fkan\u0131 Ziya \u00d6zt\u00fcrkler, milletvekilleri, dernek temsilcileri ile Cengiz Ratip\u2019in ailesi ve sevenleri kat\u0131ld\u0131.<\/span><\/p>\n<p style=\"font-weight: 300;\"><span style=\"font-weight: 300 !important;\">Sayg\u0131 duru\u015fu ile ba\u015flayan t\u00f6rende, Cengiz Ratip\u2019in \u00f6zge\u00e7mi\u015fi okundu.<\/span><\/p>\n<p style=\"font-weight: 300;\"><span style=\"font-weight: 300 !important;\">-Tatar: \u201cDevletim ve milletim ad\u0131na Hayriye Han\u0131m\u2019dan \u00f6z\u00fcr dilemek isterim.\u201d<\/span><\/p>\n<p style=\"font-weight: 300;\"><span style=\"font-weight: 300 !important;\">Anma t\u00f6reninde konu\u015fan Cumhurba\u015fkan\u0131 Ersin Tatar, Cengiz Ratip\u2019in e\u015fi Hayriye Han\u0131m\u2019\u0131 g\u00f6rd\u00fc\u011f\u00fc zaman duyguland\u0131\u011f\u0131n\u0131 dile getirerek, Polili olarak Hayriye Han\u0131m\u2019\u0131, e\u015fini ve ailenin yeni ku\u015fa\u011f\u0131n\u0131 akraba olarak bildiklerini dile getirdi. \u00a0\u00a0<\/span><\/p>\n<p style=\"font-weight: 300;\"><span style=\"font-weight: 300 !important;\">Konu\u015fmas\u0131nda, devleti ve milleti ad\u0131na Hayriye Han\u0131m\u2019dan \u00f6z\u00fcr dilemek istedi\u011fini belirten Cumhurba\u015fkan\u0131 Tatar, 61 y\u0131ld\u0131r e\u015finin ak\u0131betinin \u00f6\u011frenmek i\u00e7in kendilerinden haber bekledi\u011fini ve bu nedenle kendisinden en samimi duygularla \u00f6z\u00fcr dilemek istedi\u011fini ifade etti.<\/span><\/p>\n<p style=\"font-weight: 300;\"><span style=\"font-weight: 300 !important;\">Cumhurba\u015fkan\u0131 Tatar, Hayriye Han\u0131m\u2019\u0131n e\u015finin neden bulunamad\u0131\u011f\u0131na dair birtak\u0131m \u015fikayetler etti\u011fini ve bu \u015fikayetlerin de devam etti\u011fini kaydederek, \u201c\u00c7\u00fcnk\u00fc o zaman\u0131n su\u00e7lular\u0131n bir milletvekilini al\u0131p g\u00f6t\u00fcr\u00fcp, \u015fehit etmeleri ger\u00e7ekten olacak i\u015f de\u011fil.\u201d dedi.<\/span><\/p>\n<p style=\"font-weight: 300;\"><span style=\"font-weight: 300 !important;\">D\u00fcnyan\u0131n her yerinde \u00e7at\u0131\u015fmalarda ya da sava\u015flarda kay\u0131plar olabildi\u011fini de kaydeden Tatar, \u00e7at\u0131\u015fman\u0131n olmad\u0131\u011f\u0131, sava\u015f\u0131n olmad\u0131\u011f\u0131, sivil hayat\u0131n devam etmekte oldu\u011fu bir durumda bir milletvekillerinin al\u0131n\u0131p, katledildi\u011fini ve bilinmedik bir yere at\u0131ld\u0131\u011f\u0131n\u0131 an\u0131msatt\u0131.<\/span><\/p>\n<p style=\"font-weight: 300;\"><span style=\"font-weight: 300 !important;\">Tatar,\u00a0 bar\u0131\u015ftan bahsedenlerin, bir anla\u015fmadan bahsedenlerin bir kez daha s\u00f6ylediklerini kulaklar\u0131n\u0131n duymas\u0131 gerekti\u011fini de i\u015faret ederek, \u201cBiz bu topraklarda bu \u015fehitlerimizi beyhude vermedik.\u201d ifadesini kulland\u0131.<\/span><\/p>\n<p style=\"font-weight: 300;\"><span style=\"font-weight: 300 !important;\">\u00dclkedeki \u00f6zg\u00fcrl\u00fc\u011f\u00fc, bar\u0131\u015f\u0131, huzuru, g\u00fcvenli\u011fi \u015fehitlere bor\u00e7lu olduklar\u0131n\u0131 kaydeden Tatar, \u015fehitler listesinin ba\u015f\u0131nda ise zaman\u0131n\u0131n sevilen, pop\u00fcler, gelecek vaat eden, de\u011ferli Milletvekili Cengiz Ratip\u2019in geldi\u011fini s\u00f6yledi.<\/span><\/p>\n<p style=\"font-weight: 300;\"><span style=\"font-weight: 300 !important;\">Tatar, konu\u015fmas\u0131nda anma t\u00f6renini d\u00fczenleyen Meclis Ba\u015fkanl\u0131\u011f\u0131\u2019na ve Meclis Ba\u015fkan\u0131\u2019na da te\u015fekk\u00fcr ederek, yak\u0131n bir gelecekte ta\u015f\u0131nacak Cumhuriyet Meclisi\u2019nde de yine Ratip\u2019in ad\u0131n\u0131n b\u00fcy\u00fck bir k\u00fct\u00fcphane salonuna verilmesiyle onun ad\u0131n\u0131n ya\u015fat\u0131laca\u011f\u0131n\u0131 kaydetti. \u00a0\u00a0\u00a0\u00a0\u00a0\u00a0<\/span><\/p>\n<p style=\"font-weight: 300;\"><span style=\"font-weight: 300 !important;\">Konu\u015fmas\u0131nda, Hayriye Han\u0131m\u2019a bir kez daha hitap eden Tatar, Ratip\u2019in bedeninin bulunmas\u0131 i\u00e7in u\u011fra\u015fmaya ve \u00e7al\u0131\u015fmalara devam edeceklerini yineledi.<\/span><\/p>\n<p style=\"font-weight: 300;\"><span style=\"font-weight: 300 !important;\">Tatar, Kay\u0131p \u015eah\u0131slar Komitesi (K\u015eK) T\u00fcrk \u00dcyesi Hakk\u0131 M\u00fcft\u00fczade\u2019nin meseleyi en yak\u0131ndan takip eden ki\u015fi oldu\u011fundan da bahsederek, \u201c\u0130n\u015fallah g\u00fcn gelir bu da olur. Su\u00e7lular\u0131n mahkemeye verilmesi noktas\u0131nda da uluslararas\u0131 camiaya bask\u0131 yapaca\u011f\u0131z. \u00c7\u00fcnk\u00fc bu basite al\u0131nacak bir olay de\u011fildir.\u201d dedi.<\/span><\/p>\n<p style=\"font-weight: 300;\"><span style=\"font-weight: 300 !important;\">KKTC\u2019de bar\u0131\u015f, huzur ve g\u00fcven i\u00e7erisinde ya\u015fan\u0131yorsa, bunun \u015fehitlere bor\u00e7lu olundu\u011funu kaydeden Tatar, \u015f\u00f6yle kaydetti: \u201cBundan sonraki s\u00fcre\u00e7te, egemenli\u011fimizin, devletimizin mutlak surette teyidi olmadan resmi m\u00fczakere s\u00fcrecine ge\u00e7mek ve bizleri tehlikeye, maceraya atabilecek, Anavatan\u0131m\u0131zla ba\u011flar\u0131m\u0131z\u0131 kopartabilecek bir s\u00fcrece asla girmememiz gerekti\u011fini de y\u00fcce Mecliste bir kez daha ifade etmek istiyorum.\u201d<\/span><\/p>\n<p style=\"font-weight: 300;\"><span style=\"font-weight: 300 !important;\">Tatar, konu\u015fmas\u0131n\u0131, \u201c\u015eehitlerimizin mekanlar\u0131 cennet olsun, ruhlar\u0131 \u015fad olsun. Cengiz Ratip b\u00fcy\u00fc\u011f\u00fcm\u00fcz\u00fc de bir kez daha ayn\u0131 duygularla yad ediyorum, ruhu \u015fad olsun, mek\u00e2n\u0131 cennet olsun.\u201d s\u00f6zleriyle tamamlad\u0131 .\u00a0 \u00a0 \u00a0 \u00a0 \u00a0 \u00a0 \u00a0\u00a0<\/span><\/p>\n<p style=\"font-weight: 300;\"><span style=\"font-weight: 300 !important;\">-\u00d6zt\u00fcrkler: \u201cHem ailesine hem de bizlere \u00e7ok ciddi manevi de\u011ferler b\u0131rakt\u0131\u201d<\/span><\/p>\n<p style=\"font-weight: 300;\"><span style=\"font-weight: 300 !important;\">Meclis Ba\u015fkan\u0131 Ziya \u00d6zt\u00fcrkler konu\u015fmas\u0131n\u0131n ba\u015f\u0131nda, T\u00fcrk Cemaat Meclisi \u00dcyesi Cengiz Ratip\u2019i sayg\u0131yla anmak \u00fczere ad\u0131n\u0131 verdikleri k\u00fct\u00fcphanede bir araya geldiklerini kaydetti.<\/span><\/p>\n<p style=\"font-weight: 300;\"><span style=\"font-weight: 300 !important;\">Cengiz Ratip\u2019i ailesinden ve kitaplardan okudu\u011funu dile getiren \u00d6zt\u00fcrkler, onun \u00e7ok ulvi g\u00f6revlerde bulundu\u011funu belirtti.<\/span><\/p>\n<p style=\"font-weight: 300;\"><span style=\"font-weight: 300 !important;\">Ratip\u2019in 1961 y\u0131l\u0131nda T\u00fcrk Cemaat Meclisi \u00dcyesi se\u00e7ildikten sonra, \u00f6zellikle 1964 y\u0131l\u0131nda Erenk\u00f6y\u2019deki esirlerin kurtulmas\u0131 ad\u0131na yapm\u0131\u015f oldu\u011fu g\u00f6r\u00fc\u015fmelere de dikkat \u00e7eken \u00d6zt\u00fcrkler, arabuluculuk konusundaki ba\u015far\u0131lar\u0131n\u0131n da hep dile getirildi\u011fini an\u0131msatt\u0131.<\/span><\/p>\n<p style=\"font-weight: 300;\"><span style=\"font-weight: 300 !important;\">\u00d6zt\u00fcrkler, Ratip\u2019in 1964 y\u0131l\u0131nda cesur bir \u015fekilde Poli\u2019deki T\u00fcrk evlerinin y\u0131k\u0131lmas\u0131na m\u00fcdahale etmeye \u00e7al\u0131\u015ft\u0131\u011f\u0131 bir g\u00fcnde \u015fehit edildi\u011fini hat\u0131rlatarak, \u015f\u00f6yle belirtti: \u201cRuhu \u015fad olsun, \u00e7ok m\u00fccadeleci, yard\u0131msever bir ki\u015fiydi. Milletvekili maa\u015f\u0131yla bir\u00e7ok fakir insana yard\u0131mc\u0131 oldu. Mill\u00ee m\u00fccadele y\u0131llar\u0131nda da \u00e7ok ciddi g\u00f6revler \u00fcstlendi\u011fini biliyoruz. Bu ba\u011flamda da hem ailesine hem de bizlere \u00e7ok ciddi manevi de\u011ferler b\u0131rakt\u0131.\u201d<\/span><\/p>\n<p style=\"font-weight: 300;\"><span style=\"font-weight: 300 !important;\">Yak\u0131n bir zamanda yeni Meclis binas\u0131nda yeni k\u00fct\u00fcphanenin de temelleri at\u0131laca\u011f\u0131 bilgisini veren \u00d6zt\u00fcrkler, \u201c\u00c7ok daha \u00e7a\u011fda\u015f, b\u00fcy\u00fck ve herkesin daha rahat bir \u015fekilde ula\u015faca\u011f\u0131 bir k\u00fct\u00fcphanenin temelleri at\u0131lacakt\u0131r.\u201d \u015feklinde kaydetti.<\/span><\/p>\n<p style=\"font-weight: 300;\"><span style=\"font-weight: 300 !important;\">\u201cYeni meclisteki k\u00fct\u00fcphane salonunda da Cengiz Ratip\u2019in ismi verilecek\u201d<\/span><\/p>\n<p style=\"font-weight: 300;\"><span style=\"font-weight: 300 !important;\">\u00d6zt\u00fcrkler, yine ayn\u0131 \u015fekilde oradaki k\u00fct\u00fcphaneye de isminin verilece\u011fini ve Cengiz Ratip\u2019in ya\u015fat\u0131laca\u011f\u0131n\u0131 s\u00f6yleyerek, \u201cMek\u00e2n\u0131 cennet olsun, sayg\u0131yla an\u0131yorum.\u201d dedi.\u00a0 \u00a0<\/span><\/p>\n<p style=\"font-weight: 300;\"><span style=\"font-weight: 300 !important;\">-G\u00f6keri: \u201cBu mesele ge\u00e7mi\u015fte kalm\u0131\u015f bir trajedi de\u011fil, hala \u00e7\u00f6z\u00fcm bekleyen insani bir sorundur\u201d<\/span><\/p>\n<p style=\"font-weight: 300;\"><span style=\"font-weight: 300 !important;\">Aile ad\u0131na konu\u015fan Mustafa Kemal G\u00f6keri, anlaml\u0131 bir anma t\u00f6reni d\u00fczenleyen Meclis Ba\u015fkan\u0131 Ziya \u00d6zt\u00fcrkler\u2019e te\u015fekk\u00fcr ederek, \u201cBug\u00fcn babam Cengiz Ratip\u2019in Rumlar taraf\u0131ndan \u201ckay\u0131p\u201d edili\u015finin 61\u2019inci y\u0131l d\u00f6n\u00fcm\u00fcnde derin bir h\u00fcz\u00fcnle huzurlar\u0131n\u0131zday\u0131m.\u201d dedi.<\/span><\/p>\n<p style=\"font-weight: 300;\"><span style=\"font-weight: 300 !important;\">Cengiz Ratip\u2019in sadece Meclisin bir \u00fcyesi de\u011fil, kendisini halk\u0131na adam\u0131\u015f, ilkelerinden \u00f6d\u00fcn vermeyen bir milletvekili ve devlet adam\u0131 oldu\u011funu kaydeden G\u00f6keri, babas\u0131n\u0131n bar\u0131\u015f yanl\u0131s\u0131 bir ki\u015fi oldu\u011funu da belirtti.<\/span><\/p>\n<p style=\"font-weight: 300;\"><span style=\"font-weight: 300 !important;\">G\u00f6keri, Ratip\u2019in gerek Rum gerekse de T\u00fcrk toplumundan yard\u0131ma muhta\u00e7 kimseyi asla geri \u00e7evirmedi\u011fini vurgulayarak, her iki taraf aras\u0131ndaki sorunlar\u0131n diyalog ve bar\u0131\u015f\u00e7\u0131l yollarla \u00e7\u00f6z\u00fclmesini savundu\u011funu da kaydetti.\u00a0\u00a0\u00a0<\/span><\/p>\n<p style=\"font-weight: 300;\"><span style=\"font-weight: 300 !important;\">-\u201cYan\u0131nda arkada\u015f\u0131 \u00f6\u011fretmen Turgut S\u0131tk\u0131\u2019yla birlikte \u015fehit edildiler.\u201d<\/span><\/p>\n<p style=\"font-weight: 300;\"><span style=\"font-weight: 300 !important;\">Ratip\u2019in Rum silahl\u0131 milisler taraf\u0131ndan 14 \u015eubat 1964\u2019te pusuya d\u00fc\u015f\u00fcr\u00fcld\u00fc\u011f\u00fcn\u00fc hat\u0131rlatan G\u00f6keri, \u201cYan\u0131nda arkada\u015f\u0131 \u00d6\u011fretmen Turgut S\u0131tk\u0131\u2019yla birlikte \u015fehit edildiler. Ruhlar\u0131 \u015fad olsun.\u201d ifadelerini kulland\u0131.<\/span><\/p>\n<p style=\"font-weight: 300;\"><span style=\"font-weight: 300 !important;\">G\u00f6keri, onlarca y\u0131ld\u0131r t\u0131pk\u0131 bir\u00e7ok aile gibi kendilerinin de belirsizli\u011fin ac\u0131s\u0131n\u0131 ya\u015fad\u0131klar\u0131na dikkat \u00e7ekerek, babas\u0131n\u0131n hala daha Kay\u0131p \u015eah\u0131slar Komitesi taraf\u0131ndan arand\u0131\u011f\u0131n\u0131 an\u0131msatt\u0131.<\/span><\/p>\n<p style=\"font-weight: 300;\"><span style=\"font-weight: 300 !important;\">Y\u0131llard\u0131r cevap arad\u0131klar\u0131n\u0131, adalet beklediklerini ve onun ak\u0131betini \u00f6\u011frenmek i\u00e7in beklediklerini vurgulayan G\u00f6keri, ancak bug\u00fcne kadar herhangi bir kaz\u0131 \u00e7al\u0131\u015fmas\u0131nda Ratip\u2019e dair herhangi bir kal\u0131nt\u0131ya ula\u015f\u0131lamad\u0131\u011f\u0131n\u0131 i\u015faret etti.<\/span><\/p>\n<p style=\"font-weight: 300;\"><span style=\"font-weight: 300 !important;\">G\u00f6keri, K\u015eK\u2019nin kendisine yeni bir g\u00f6m\u00fc yeri tespit edildi\u011fine dair bir bilgi verdi\u011fini belirterek, hava \u015fartlar\u0131n\u0131n uygunlu\u011funa g\u00f6re nisan ve haziran aylar\u0131 aras\u0131nda s\u00f6z konusu noktada yeniden kaz\u0131lara ba\u015flanaca\u011f\u0131n\u0131 a\u00e7\u0131klad\u0131.\u00a0<\/span><\/p>\n<p style=\"font-weight: 300;\"><span style=\"font-weight: 300 !important;\">Konu\u015fmas\u0131nda kay\u0131p \u015fah\u0131slar konusunun sadece kendilerinin de\u011fil, t\u00fcm toplumun kanayan bir yaras\u0131 oldu\u011funun alt\u0131n\u0131 \u00e7izen G\u00f6keri, \u201cBu mesele ge\u00e7mi\u015fte kalm\u0131\u015f bir trajedi de\u011fil, hala \u00e7\u00f6z\u00fcm bekleyen insani bir sorundur.\u201d dedi.\u00a0\u00a0\u00a0\u00a0<\/span><\/p>\n<p style=\"font-weight: 300;\"><span style=\"font-weight: 300 !important;\">G\u00f6keri, sevdiklerinin ak\u0131betini bilmemenin, nesiller boyunca ta\u015f\u0131nan tarifsiz bir ac\u0131 oldu\u011funu da s\u00f6yleyerek, hakikatin ortaya \u00e7\u0131kmas\u0131, m\u00fcmk\u00fcnse sorumlular\u0131n hesap vermesi ve toplumun bar\u0131\u015f i\u00e7erisinde ilerleyebilmesi i\u00e7in herkese d\u00fc\u015fen g\u00f6revler oldu\u011fu hat\u0131rlatmas\u0131nda bulundu.<\/span><\/p>\n<p style=\"font-weight: 300;\"><span style=\"font-weight: 300 !important;\">Konu\u015fmas\u0131nda, K\u015eK\u2019nin \u00e7al\u0131\u015fmalar\u0131n\u0131n daha g\u00fc\u00e7l\u00fc bir \u015fekilde desteklenmesi gerekti\u011fini aktaran G\u00f6keri, s\u00fcrecin h\u0131zland\u0131r\u0131lmas\u0131n\u0131n da \u00f6nemine i\u015faret etti.<\/span><\/p>\n<p style=\"font-weight: 300;\"><span style=\"font-weight: 300 !important;\">G\u00f6keri, kay\u0131p yak\u0131nlar\u0131n\u0131n y\u0131llard\u0131r cevap bekledi\u011fini vurgulayarak, \u201cBizler ise adaletin zulme h\u00fck\u00fcm geldi\u011fi, hakikatin zamanla g\u00f6m\u00fclmedi\u011fi bir gelecek in\u015fa etmek zorunday\u0131z.\u201d \u015feklinde kaydetti.<\/span><\/p>\n<p style=\"font-weight: 300;\"><span style=\"font-weight: 300 !important;\">Kay\u0131plar\u0131n\u0131 asla unutmayacaklar\u0131n\u0131, hat\u0131ralar\u0131n\u0131 sadece s\u00f6zlerle de\u011fil, eylemleriyle de ya\u015fatacaklar\u0131 s\u00f6z\u00fcn\u00fc veren G\u00f6keri, \u201cT\u00fcm \u015fehit ve kay\u0131plar\u0131n ruhlar\u0131 \u015fad olsun.\u201d dedi.<\/span><\/p>\n<p>\u00a0<\/p>\n<p>\u00a0<\/p>\n<\/p><\/div>\n<p><script async\n                    defer\n                    crossorigin=\"anonymous\"\n                    src=\"https:\/\/connect.facebook.net\/tr_TR\/sdk.js#xfbml=1&#038;version=v3.3\"\n            ><\/script><\/p>\n","protected":false},"excerpt":{"rendered":"<p>T\u00fcrk Cemaat Meclisi \u00fcyesiyken \u015fehit edilen ve naa\u015f\u0131 61 y\u0131ld\u0131r bulunamayan Cengiz Ratip, \u015fehit edili\u015finin 61\u2019inci y\u0131l d\u00f6n\u00fcm\u00fcnde, Cumhuriyet Meclisi\u2019nde ad\u0131n\u0131n verildi\u011fi k\u00fct\u00fcphanede d\u00fczenlenen t\u00f6renle an\u0131ld\u0131. T\u00f6rene, Cumhurba\u015fkan\u0131 Ersin Tatar, Cumhuriyet Meclis Ba\u015fkan\u0131 Ziya \u00d6zt\u00fcrkler, milletvekilleri, dernek temsilcileri ile Cengiz Ratip\u2019in ailesi ve sevenleri kat\u0131ld\u0131. Sayg\u0131 duru\u015fu ile ba\u015flayan t\u00f6rende, Cengiz Ratip\u2019in \u00f6zge\u00e7mi\u015fi okundu. -Tatar:<\/p>\n","protected":false},"author":1,"featured_media":75642,"comment_status":"open","ping_status":"open","sticky":false,"template":"","format":"standard","meta":{"footnotes":""},"categories":[81,101],"tags":[],"class_list":["post-75641","post","type-post","status-publish","format-standard","has-post-thumbnail","hentry","category-kibris","category-manset"],"yoast_head":"<!-- This site is optimized with the Yoast SEO plugin v27.5 - https:\/\/yoast.com\/product\/yoast-seo-wordpress\/ -->\n<title>Kay\u0131p \u015eehit Milletvekili Cengiz Ratip, 61\u2019inci \u00f6l\u00fcm y\u0131l d\u00f6n\u00fcm\u00fcnde an\u0131ld\u0131 -<\/title>\n<meta name=\"robots\" content=\"index, follow, max-snippet:-1, max-image-preview:large, max-video-preview:-1\" \/>\n<link rel=\"canonical\" href=\"https:\/\/kibrisdakik.com\/?p=75641\" \/>\n<meta property=\"og:locale\" content=\"tr_TR\" \/>\n<meta property=\"og:type\" content=\"article\" \/>\n<meta property=\"og:title\" content=\"Kay\u0131p \u015eehit Milletvekili Cengiz Ratip, 61\u2019inci \u00f6l\u00fcm y\u0131l d\u00f6n\u00fcm\u00fcnde an\u0131ld\u0131 -\" \/>\n<meta property=\"og:description\" content=\"T\u00fcrk Cemaat Meclisi \u00fcyesiyken \u015fehit edilen ve naa\u015f\u0131 61 y\u0131ld\u0131r bulunamayan Cengiz Ratip, \u015fehit edili\u015finin 61\u2019inci y\u0131l d\u00f6n\u00fcm\u00fcnde, Cumhuriyet Meclisi\u2019nde ad\u0131n\u0131n verildi\u011fi k\u00fct\u00fcphanede d\u00fczenlenen t\u00f6renle an\u0131ld\u0131. T\u00f6rene, Cumhurba\u015fkan\u0131 Ersin Tatar, Cumhuriyet Meclis Ba\u015fkan\u0131 Ziya \u00d6zt\u00fcrkler, milletvekilleri, dernek temsilcileri ile Cengiz Ratip\u2019in ailesi ve sevenleri kat\u0131ld\u0131. Sayg\u0131 duru\u015fu ile ba\u015flayan t\u00f6rende, Cengiz Ratip\u2019in \u00f6zge\u00e7mi\u015fi okundu. -Tatar:\" \/>\n<meta property=\"og:url\" content=\"https:\/\/kibrisdakik.com\/?p=75641\" \/>\n<meta property=\"article:published_time\" content=\"2025-02-14T13:02:11+00:00\" \/>\n<meta property=\"og:image\" content=\"https:\/\/kibrisdakik.com\/wp-content\/uploads\/2025\/02\/CENGIZ-RATIP-ANMA-MECLIS1-740x418.jpeg\" \/>\n\t<meta property=\"og:image:width\" content=\"928\" \/>\n\t<meta property=\"og:image:height\" content=\"418\" \/>\n\t<meta property=\"og:image:type\" content=\"image\/jpeg\" \/>\n<meta name=\"author\" content=\"admin\" \/>\n<meta name=\"twitter:card\" content=\"summary_large_image\" \/>\n<meta name=\"twitter:label1\" content=\"Yazan:\" \/>\n\t<meta name=\"twitter:data1\" content=\"admin\" \/>\n\t<meta name=\"twitter:label2\" content=\"Tahmini okuma s\u00fcresi\" \/>\n\t<meta name=\"twitter:data2\" content=\"7 dakika\" \/>\n<script type=\"application\/ld+json\" class=\"yoast-schema-graph\">{\"@context\":\"https:\\\/\\\/schema.org\",\"@graph\":[{\"@type\":\"Article\",\"@id\":\"https:\\\/\\\/kibrisdakik.com\\\/?p=75641#article\",\"isPartOf\":{\"@id\":\"https:\\\/\\\/kibrisdakik.com\\\/?p=75641\"},\"author\":{\"name\":\"admin\",\"@id\":\"https:\\\/\\\/kibrisdakik.com\\\/#\\\/schema\\\/person\\\/9cd9d437bbb44f72b73ba127e06d8e79\"},\"headline\":\"Kay\u0131p \u015eehit Milletvekili Cengiz Ratip, 61\u2019inci \u00f6l\u00fcm y\u0131l d\u00f6n\u00fcm\u00fcnde an\u0131ld\u0131\",\"datePublished\":\"2025-02-14T13:02:11+00:00\",\"mainEntityOfPage\":{\"@id\":\"https:\\\/\\\/kibrisdakik.com\\\/?p=75641\"},\"wordCount\":1446,\"commentCount\":0,\"image\":{\"@id\":\"https:\\\/\\\/kibrisdakik.com\\\/?p=75641#primaryimage\"},\"thumbnailUrl\":\"https:\\\/\\\/kibrisdakik.com\\\/wp-content\\\/uploads\\\/2025\\\/02\\\/CENGIZ-RATIP-ANMA-MECLIS1-740x418.jpeg\",\"articleSection\":[\"K\u0131br\u0131s\",\"Man\u015fet\"],\"inLanguage\":\"tr\",\"potentialAction\":[{\"@type\":\"CommentAction\",\"name\":\"Comment\",\"target\":[\"https:\\\/\\\/kibrisdakik.com\\\/?p=75641#respond\"]}]},{\"@type\":\"WebPage\",\"@id\":\"https:\\\/\\\/kibrisdakik.com\\\/?p=75641\",\"url\":\"https:\\\/\\\/kibrisdakik.com\\\/?p=75641\",\"name\":\"Kay\u0131p \u015eehit Milletvekili Cengiz Ratip, 61\u2019inci \u00f6l\u00fcm y\u0131l d\u00f6n\u00fcm\u00fcnde an\u0131ld\u0131 -\",\"isPartOf\":{\"@id\":\"https:\\\/\\\/kibrisdakik.com\\\/#website\"},\"primaryImageOfPage\":{\"@id\":\"https:\\\/\\\/kibrisdakik.com\\\/?p=75641#primaryimage\"},\"image\":{\"@id\":\"https:\\\/\\\/kibrisdakik.com\\\/?p=75641#primaryimage\"},\"thumbnailUrl\":\"https:\\\/\\\/kibrisdakik.com\\\/wp-content\\\/uploads\\\/2025\\\/02\\\/CENGIZ-RATIP-ANMA-MECLIS1-740x418.jpeg\",\"datePublished\":\"2025-02-14T13:02:11+00:00\",\"author\":{\"@id\":\"https:\\\/\\\/kibrisdakik.com\\\/#\\\/schema\\\/person\\\/9cd9d437bbb44f72b73ba127e06d8e79\"},\"breadcrumb\":{\"@id\":\"https:\\\/\\\/kibrisdakik.com\\\/?p=75641#breadcrumb\"},\"inLanguage\":\"tr\",\"potentialAction\":[{\"@type\":\"ReadAction\",\"target\":[\"https:\\\/\\\/kibrisdakik.com\\\/?p=75641\"]}]},{\"@type\":\"ImageObject\",\"inLanguage\":\"tr\",\"@id\":\"https:\\\/\\\/kibrisdakik.com\\\/?p=75641#primaryimage\",\"url\":\"https:\\\/\\\/kibrisdakik.com\\\/wp-content\\\/uploads\\\/2025\\\/02\\\/CENGIZ-RATIP-ANMA-MECLIS1-740x418.jpeg\",\"contentUrl\":\"https:\\\/\\\/kibrisdakik.com\\\/wp-content\\\/uploads\\\/2025\\\/02\\\/CENGIZ-RATIP-ANMA-MECLIS1-740x418.jpeg\",\"width\":928,\"height\":418},{\"@type\":\"BreadcrumbList\",\"@id\":\"https:\\\/\\\/kibrisdakik.com\\\/?p=75641#breadcrumb\",\"itemListElement\":[{\"@type\":\"ListItem\",\"position\":1,\"name\":\"Home\",\"item\":\"https:\\\/\\\/kibrisdakik.com\\\/\"},{\"@type\":\"ListItem\",\"position\":2,\"name\":\"Kay\u0131p \u015eehit Milletvekili Cengiz Ratip, 61\u2019inci \u00f6l\u00fcm y\u0131l d\u00f6n\u00fcm\u00fcnde an\u0131ld\u0131\"}]},{\"@type\":\"WebSite\",\"@id\":\"https:\\\/\\\/kibrisdakik.com\\\/#website\",\"url\":\"https:\\\/\\\/kibrisdakik.com\\\/\",\"name\":\"\",\"description\":\"Tam vaktinde haber\",\"potentialAction\":[{\"@type\":\"SearchAction\",\"target\":{\"@type\":\"EntryPoint\",\"urlTemplate\":\"https:\\\/\\\/kibrisdakik.com\\\/?s={search_term_string}\"},\"query-input\":{\"@type\":\"PropertyValueSpecification\",\"valueRequired\":true,\"valueName\":\"search_term_string\"}}],\"inLanguage\":\"tr\"},{\"@type\":\"Person\",\"@id\":\"https:\\\/\\\/kibrisdakik.com\\\/#\\\/schema\\\/person\\\/9cd9d437bbb44f72b73ba127e06d8e79\",\"name\":\"admin\",\"image\":{\"@type\":\"ImageObject\",\"inLanguage\":\"tr\",\"@id\":\"https:\\\/\\\/secure.gravatar.com\\\/avatar\\\/ccc17943b9d660506c869530f897617f7cb1c21a4bf30023f252596d83e1f007?s=96&d=mm&r=g\",\"url\":\"https:\\\/\\\/secure.gravatar.com\\\/avatar\\\/ccc17943b9d660506c869530f897617f7cb1c21a4bf30023f252596d83e1f007?s=96&d=mm&r=g\",\"contentUrl\":\"https:\\\/\\\/secure.gravatar.com\\\/avatar\\\/ccc17943b9d660506c869530f897617f7cb1c21a4bf30023f252596d83e1f007?s=96&d=mm&r=g\",\"caption\":\"admin\"},\"sameAs\":[\"https:\\\/\\\/kibrisdakik.com\"],\"url\":\"https:\\\/\\\/kibrisdakik.com\\\/?author=1\"}]}<\/script>\n<!-- \/ Yoast SEO plugin. -->","yoast_head_json":{"title":"Kay\u0131p \u015eehit Milletvekili Cengiz Ratip, 61\u2019inci \u00f6l\u00fcm y\u0131l d\u00f6n\u00fcm\u00fcnde an\u0131ld\u0131 -","robots":{"index":"index","follow":"follow","max-snippet":"max-snippet:-1","max-image-preview":"max-image-preview:large","max-video-preview":"max-video-preview:-1"},"canonical":"https:\/\/kibrisdakik.com\/?p=75641","og_locale":"tr_TR","og_type":"article","og_title":"Kay\u0131p \u015eehit Milletvekili Cengiz Ratip, 61\u2019inci \u00f6l\u00fcm y\u0131l d\u00f6n\u00fcm\u00fcnde an\u0131ld\u0131 -","og_description":"T\u00fcrk Cemaat Meclisi \u00fcyesiyken \u015fehit edilen ve naa\u015f\u0131 61 y\u0131ld\u0131r bulunamayan Cengiz Ratip, \u015fehit edili\u015finin 61\u2019inci y\u0131l d\u00f6n\u00fcm\u00fcnde, Cumhuriyet Meclisi\u2019nde ad\u0131n\u0131n verildi\u011fi k\u00fct\u00fcphanede d\u00fczenlenen t\u00f6renle an\u0131ld\u0131. T\u00f6rene, Cumhurba\u015fkan\u0131 Ersin Tatar, Cumhuriyet Meclis Ba\u015fkan\u0131 Ziya \u00d6zt\u00fcrkler, milletvekilleri, dernek temsilcileri ile Cengiz Ratip\u2019in ailesi ve sevenleri kat\u0131ld\u0131. Sayg\u0131 duru\u015fu ile ba\u015flayan t\u00f6rende, Cengiz Ratip\u2019in \u00f6zge\u00e7mi\u015fi okundu. -Tatar:","og_url":"https:\/\/kibrisdakik.com\/?p=75641","article_published_time":"2025-02-14T13:02:11+00:00","og_image":[{"width":928,"height":418,"url":"https:\/\/kibrisdakik.com\/wp-content\/uploads\/2025\/02\/CENGIZ-RATIP-ANMA-MECLIS1-740x418.jpeg","type":"image\/jpeg"}],"author":"admin","twitter_card":"summary_large_image","twitter_misc":{"Yazan:":"admin","Tahmini okuma s\u00fcresi":"7 dakika"},"schema":{"@context":"https:\/\/schema.org","@graph":[{"@type":"Article","@id":"https:\/\/kibrisdakik.com\/?p=75641#article","isPartOf":{"@id":"https:\/\/kibrisdakik.com\/?p=75641"},"author":{"name":"admin","@id":"https:\/\/kibrisdakik.com\/#\/schema\/person\/9cd9d437bbb44f72b73ba127e06d8e79"},"headline":"Kay\u0131p \u015eehit Milletvekili Cengiz Ratip, 61\u2019inci \u00f6l\u00fcm y\u0131l d\u00f6n\u00fcm\u00fcnde an\u0131ld\u0131","datePublished":"2025-02-14T13:02:11+00:00","mainEntityOfPage":{"@id":"https:\/\/kibrisdakik.com\/?p=75641"},"wordCount":1446,"commentCount":0,"image":{"@id":"https:\/\/kibrisdakik.com\/?p=75641#primaryimage"},"thumbnailUrl":"https:\/\/kibrisdakik.com\/wp-content\/uploads\/2025\/02\/CENGIZ-RATIP-ANMA-MECLIS1-740x418.jpeg","articleSection":["K\u0131br\u0131s","Man\u015fet"],"inLanguage":"tr","potentialAction":[{"@type":"CommentAction","name":"Comment","target":["https:\/\/kibrisdakik.com\/?p=75641#respond"]}]},{"@type":"WebPage","@id":"https:\/\/kibrisdakik.com\/?p=75641","url":"https:\/\/kibrisdakik.com\/?p=75641","name":"Kay\u0131p \u015eehit Milletvekili Cengiz Ratip, 61\u2019inci \u00f6l\u00fcm y\u0131l d\u00f6n\u00fcm\u00fcnde an\u0131ld\u0131 -","isPartOf":{"@id":"https:\/\/kibrisdakik.com\/#website"},"primaryImageOfPage":{"@id":"https:\/\/kibrisdakik.com\/?p=75641#primaryimage"},"image":{"@id":"https:\/\/kibrisdakik.com\/?p=75641#primaryimage"},"thumbnailUrl":"https:\/\/kibrisdakik.com\/wp-content\/uploads\/2025\/02\/CENGIZ-RATIP-ANMA-MECLIS1-740x418.jpeg","datePublished":"2025-02-14T13:02:11+00:00","author":{"@id":"https:\/\/kibrisdakik.com\/#\/schema\/person\/9cd9d437bbb44f72b73ba127e06d8e79"},"breadcrumb":{"@id":"https:\/\/kibrisdakik.com\/?p=75641#breadcrumb"},"inLanguage":"tr","potentialAction":[{"@type":"ReadAction","target":["https:\/\/kibrisdakik.com\/?p=75641"]}]},{"@type":"ImageObject","inLanguage":"tr","@id":"https:\/\/kibrisdakik.com\/?p=75641#primaryimage","url":"https:\/\/kibrisdakik.com\/wp-content\/uploads\/2025\/02\/CENGIZ-RATIP-ANMA-MECLIS1-740x418.jpeg","contentUrl":"https:\/\/kibrisdakik.com\/wp-content\/uploads\/2025\/02\/CENGIZ-RATIP-ANMA-MECLIS1-740x418.jpeg","width":928,"height":418},{"@type":"BreadcrumbList","@id":"https:\/\/kibrisdakik.com\/?p=75641#breadcrumb","itemListElement":[{"@type":"ListItem","position":1,"name":"Home","item":"https:\/\/kibrisdakik.com\/"},{"@type":"ListItem","position":2,"name":"Kay\u0131p \u015eehit Milletvekili Cengiz Ratip, 61\u2019inci \u00f6l\u00fcm y\u0131l d\u00f6n\u00fcm\u00fcnde an\u0131ld\u0131"}]},{"@type":"WebSite","@id":"https:\/\/kibrisdakik.com\/#website","url":"https:\/\/kibrisdakik.com\/","name":"","description":"Tam vaktinde haber","potentialAction":[{"@type":"SearchAction","target":{"@type":"EntryPoint","urlTemplate":"https:\/\/kibrisdakik.com\/?s={search_term_string}"},"query-input":{"@type":"PropertyValueSpecification","valueRequired":true,"valueName":"search_term_string"}}],"inLanguage":"tr"},{"@type":"Person","@id":"https:\/\/kibrisdakik.com\/#\/schema\/person\/9cd9d437bbb44f72b73ba127e06d8e79","name":"admin","image":{"@type":"ImageObject","inLanguage":"tr","@id":"https:\/\/secure.gravatar.com\/avatar\/ccc17943b9d660506c869530f897617f7cb1c21a4bf30023f252596d83e1f007?s=96&d=mm&r=g","url":"https:\/\/secure.gravatar.com\/avatar\/ccc17943b9d660506c869530f897617f7cb1c21a4bf30023f252596d83e1f007?s=96&d=mm&r=g","contentUrl":"https:\/\/secure.gravatar.com\/avatar\/ccc17943b9d660506c869530f897617f7cb1c21a4bf30023f252596d83e1f007?s=96&d=mm&r=g","caption":"admin"},"sameAs":["https:\/\/kibrisdakik.com"],"url":"https:\/\/kibrisdakik.com\/?author=1"}]}},"_links":{"self":[{"href":"https:\/\/kibrisdakik.com\/index.php?rest_route=\/wp\/v2\/posts\/75641","targetHints":{"allow":["GET"]}}],"collection":[{"href":"https:\/\/kibrisdakik.com\/index.php?rest_route=\/wp\/v2\/posts"}],"about":[{"href":"https:\/\/kibrisdakik.com\/index.php?rest_route=\/wp\/v2\/types\/post"}],"author":[{"embeddable":true,"href":"https:\/\/kibrisdakik.com\/index.php?rest_route=\/wp\/v2\/users\/1"}],"replies":[{"embeddable":true,"href":"https:\/\/kibrisdakik.com\/index.php?rest_route=%2Fwp%2Fv2%2Fcomments&post=75641"}],"version-history":[{"count":0,"href":"https:\/\/kibrisdakik.com\/index.php?rest_route=\/wp\/v2\/posts\/75641\/revisions"}],"wp:featuredmedia":[{"embeddable":true,"href":"https:\/\/kibrisdakik.com\/index.php?rest_route=\/wp\/v2\/media\/75642"}],"wp:attachment":[{"href":"https:\/\/kibrisdakik.com\/index.php?rest_route=%2Fwp%2Fv2%2Fmedia&parent=75641"}],"wp:term":[{"taxonomy":"category","embeddable":true,"href":"https:\/\/kibrisdakik.com\/index.php?rest_route=%2Fwp%2Fv2%2Fcategories&post=75641"},{"taxonomy":"post_tag","embeddable":true,"href":"https:\/\/kibrisdakik.com\/index.php?rest_route=%2Fwp%2Fv2%2Ftags&post=75641"}],"curies":[{"name":"wp","href":"https:\/\/api.w.org\/{rel}","templated":true}]}}