{"id":75657,"date":"2025-02-14T16:54:48","date_gmt":"2025-02-14T13:54:48","guid":{"rendered":"https:\/\/kibrisdakik.com\/index.php\/2025\/02\/14\/camurova-atis-alaninda-17-21-subat-arasinda-top-atislari-yapilacak\/"},"modified":"2025-02-14T16:54:48","modified_gmt":"2025-02-14T13:54:48","slug":"camurova-atis-alaninda-17-21-subat-arasinda-top-atislari-yapilacak","status":"publish","type":"post","link":"https:\/\/kibrisdakik.com\/?p=75657","title":{"rendered":"\u00c7amurova at\u0131\u015f alan\u0131nda 17-21 \u015eubat aras\u0131nda top at\u0131\u015flar\u0131 yap\u0131lacak"},"content":{"rendered":"<div>\n<div class=\"mariselle-image-container none\">\n                                            <\/div>\n<p style=\"font-weight: 300;\"><span style=\"font-weight: 300 !important;\">G\u00fczelyurt Kaymakaml\u0131\u011f\u0131, 17-21 \u015eubat tarihleri aras\u0131nda \u00c7amurova at\u0131\u015f alan\u0131nda top at\u0131\u015flar\u0131 yap\u0131laca\u011f\u0131n\u0131 duyurdu.<\/span><\/p>\n<p style=\"font-weight: 300;\"><span style=\"font-weight: 300 !important;\">Kaymakaml\u0131k\u2019tan yap\u0131lan yaz\u0131l\u0131 a\u00e7\u0131klamada, at\u0131\u015flar\u0131n 07.30-17.30 saatleri aras\u0131nda ger\u00e7ekle\u015ftirilece\u011fi ifade edilerek, at\u0131\u015f yap\u0131lacak g\u00fcn ve saatlerde can ve mal emniyeti a\u00e7\u0131s\u0131ndan s\u00f6z konusu b\u00f6lgelere girilmemesi gerekti\u011fi vurguland\u0131.<\/span><\/p>\n<p style=\"font-weight: 300;\"><span style=\"font-weight: 300 !important;\">At\u0131\u015flara m\u00fcteakip b\u00f6lgede k\u00f6r giden mermileri arama ve imha i\u015fleminin devam edilece\u011fine dikkat \u00e7ekilen a\u00e7\u0131klamada, komutanl\u0131k\u00e7a serbest giri\u015f duyurusu yap\u0131l\u0131ncaya kadar b\u00f6lgeye girilmemesi uyar\u0131s\u0131nda da bulunuldu.<\/span><\/p>\n<p>\u00a0<\/p>\n<p>\u00a0<\/p>\n<\/p><\/div>\n<p><script async\n                    defer\n                    crossorigin=\"anonymous\"\n                    src=\"https:\/\/connect.facebook.net\/tr_TR\/sdk.js#xfbml=1&#038;version=v3.3\"\n            ><\/script><\/p>\n","protected":false},"excerpt":{"rendered":"<p>G\u00fczelyurt Kaymakaml\u0131\u011f\u0131, 17-21 \u015eubat tarihleri aras\u0131nda \u00c7amurova at\u0131\u015f alan\u0131nda top at\u0131\u015flar\u0131 yap\u0131laca\u011f\u0131n\u0131 duyurdu. Kaymakaml\u0131k\u2019tan yap\u0131lan yaz\u0131l\u0131 a\u00e7\u0131klamada, at\u0131\u015flar\u0131n 07.30-17.30 saatleri aras\u0131nda ger\u00e7ekle\u015ftirilece\u011fi ifade edilerek, at\u0131\u015f yap\u0131lacak g\u00fcn ve saatlerde can ve mal emniyeti a\u00e7\u0131s\u0131ndan s\u00f6z konusu b\u00f6lgelere girilmemesi gerekti\u011fi vurguland\u0131. At\u0131\u015flara m\u00fcteakip b\u00f6lgede k\u00f6r giden mermileri arama ve imha i\u015fleminin devam edilece\u011fine dikkat \u00e7ekilen a\u00e7\u0131klamada,<\/p>\n","protected":false},"author":1,"featured_media":75658,"comment_status":"open","ping_status":"open","sticky":false,"template":"","format":"standard","meta":{"footnotes":""},"categories":[81,101],"tags":[],"class_list":["post-75657","post","type-post","status-publish","format-standard","has-post-thumbnail","hentry","category-kibris","category-manset"],"yoast_head":"<!-- This site is optimized with the Yoast SEO plugin v27.5 - https:\/\/yoast.com\/product\/yoast-seo-wordpress\/ -->\n<title>\u00c7amurova at\u0131\u015f alan\u0131nda 17-21 \u015eubat aras\u0131nda top at\u0131\u015flar\u0131 yap\u0131lacak -<\/title>\n<meta name=\"robots\" content=\"index, follow, max-snippet:-1, max-image-preview:large, max-video-preview:-1\" \/>\n<link rel=\"canonical\" href=\"https:\/\/kibrisdakik.com\/?p=75657\" \/>\n<meta property=\"og:locale\" content=\"tr_TR\" \/>\n<meta property=\"og:type\" content=\"article\" \/>\n<meta property=\"og:title\" content=\"\u00c7amurova at\u0131\u015f alan\u0131nda 17-21 \u015eubat aras\u0131nda top at\u0131\u015flar\u0131 yap\u0131lacak -\" \/>\n<meta property=\"og:description\" content=\"G\u00fczelyurt Kaymakaml\u0131\u011f\u0131, 17-21 \u015eubat tarihleri aras\u0131nda \u00c7amurova at\u0131\u015f alan\u0131nda top at\u0131\u015flar\u0131 yap\u0131laca\u011f\u0131n\u0131 duyurdu. Kaymakaml\u0131k\u2019tan yap\u0131lan yaz\u0131l\u0131 a\u00e7\u0131klamada, at\u0131\u015flar\u0131n 07.30-17.30 saatleri aras\u0131nda ger\u00e7ekle\u015ftirilece\u011fi ifade edilerek, at\u0131\u015f yap\u0131lacak g\u00fcn ve saatlerde can ve mal emniyeti a\u00e7\u0131s\u0131ndan s\u00f6z konusu b\u00f6lgelere girilmemesi gerekti\u011fi vurguland\u0131. At\u0131\u015flara m\u00fcteakip b\u00f6lgede k\u00f6r giden mermileri arama ve imha i\u015fleminin devam edilece\u011fine dikkat \u00e7ekilen a\u00e7\u0131klamada,\" \/>\n<meta property=\"og:url\" content=\"https:\/\/kibrisdakik.com\/?p=75657\" \/>\n<meta property=\"article:published_time\" content=\"2025-02-14T13:54:48+00:00\" \/>\n<meta property=\"og:image\" content=\"https:\/\/kibrisdakik.com\/wp-content\/uploads\/2025\/02\/4top-atisi-740x420.jpg\" \/>\n\t<meta property=\"og:image:width\" content=\"928\" \/>\n\t<meta property=\"og:image:height\" content=\"425\" \/>\n\t<meta property=\"og:image:type\" content=\"image\/jpeg\" \/>\n<meta name=\"author\" content=\"admin\" \/>\n<meta name=\"twitter:card\" content=\"summary_large_image\" \/>\n<meta name=\"twitter:label1\" content=\"Yazan:\" \/>\n\t<meta name=\"twitter:data1\" content=\"admin\" \/>\n\t<meta name=\"twitter:label2\" content=\"Tahmini okuma s\u00fcresi\" \/>\n\t<meta name=\"twitter:data2\" content=\"1 dakika\" \/>\n<script type=\"application\/ld+json\" class=\"yoast-schema-graph\">{\"@context\":\"https:\\\/\\\/schema.org\",\"@graph\":[{\"@type\":\"Article\",\"@id\":\"https:\\\/\\\/kibrisdakik.com\\\/?p=75657#article\",\"isPartOf\":{\"@id\":\"https:\\\/\\\/kibrisdakik.com\\\/?p=75657\"},\"author\":{\"name\":\"admin\",\"@id\":\"https:\\\/\\\/kibrisdakik.com\\\/#\\\/schema\\\/person\\\/9cd9d437bbb44f72b73ba127e06d8e79\"},\"headline\":\"\u00c7amurova at\u0131\u015f alan\u0131nda 17-21 \u015eubat aras\u0131nda top at\u0131\u015flar\u0131 yap\u0131lacak\",\"datePublished\":\"2025-02-14T13:54:48+00:00\",\"mainEntityOfPage\":{\"@id\":\"https:\\\/\\\/kibrisdakik.com\\\/?p=75657\"},\"wordCount\":117,\"commentCount\":0,\"image\":{\"@id\":\"https:\\\/\\\/kibrisdakik.com\\\/?p=75657#primaryimage\"},\"thumbnailUrl\":\"https:\\\/\\\/kibrisdakik.com\\\/wp-content\\\/uploads\\\/2025\\\/02\\\/4top-atisi-740x420.jpg\",\"articleSection\":[\"K\u0131br\u0131s\",\"Man\u015fet\"],\"inLanguage\":\"tr\",\"potentialAction\":[{\"@type\":\"CommentAction\",\"name\":\"Comment\",\"target\":[\"https:\\\/\\\/kibrisdakik.com\\\/?p=75657#respond\"]}]},{\"@type\":\"WebPage\",\"@id\":\"https:\\\/\\\/kibrisdakik.com\\\/?p=75657\",\"url\":\"https:\\\/\\\/kibrisdakik.com\\\/?p=75657\",\"name\":\"\u00c7amurova at\u0131\u015f alan\u0131nda 17-21 \u015eubat aras\u0131nda top at\u0131\u015flar\u0131 yap\u0131lacak -\",\"isPartOf\":{\"@id\":\"https:\\\/\\\/kibrisdakik.com\\\/#website\"},\"primaryImageOfPage\":{\"@id\":\"https:\\\/\\\/kibrisdakik.com\\\/?p=75657#primaryimage\"},\"image\":{\"@id\":\"https:\\\/\\\/kibrisdakik.com\\\/?p=75657#primaryimage\"},\"thumbnailUrl\":\"https:\\\/\\\/kibrisdakik.com\\\/wp-content\\\/uploads\\\/2025\\\/02\\\/4top-atisi-740x420.jpg\",\"datePublished\":\"2025-02-14T13:54:48+00:00\",\"author\":{\"@id\":\"https:\\\/\\\/kibrisdakik.com\\\/#\\\/schema\\\/person\\\/9cd9d437bbb44f72b73ba127e06d8e79\"},\"breadcrumb\":{\"@id\":\"https:\\\/\\\/kibrisdakik.com\\\/?p=75657#breadcrumb\"},\"inLanguage\":\"tr\",\"potentialAction\":[{\"@type\":\"ReadAction\",\"target\":[\"https:\\\/\\\/kibrisdakik.com\\\/?p=75657\"]}]},{\"@type\":\"ImageObject\",\"inLanguage\":\"tr\",\"@id\":\"https:\\\/\\\/kibrisdakik.com\\\/?p=75657#primaryimage\",\"url\":\"https:\\\/\\\/kibrisdakik.com\\\/wp-content\\\/uploads\\\/2025\\\/02\\\/4top-atisi-740x420.jpg\",\"contentUrl\":\"https:\\\/\\\/kibrisdakik.com\\\/wp-content\\\/uploads\\\/2025\\\/02\\\/4top-atisi-740x420.jpg\",\"width\":928,\"height\":425},{\"@type\":\"BreadcrumbList\",\"@id\":\"https:\\\/\\\/kibrisdakik.com\\\/?p=75657#breadcrumb\",\"itemListElement\":[{\"@type\":\"ListItem\",\"position\":1,\"name\":\"Home\",\"item\":\"https:\\\/\\\/kibrisdakik.com\\\/\"},{\"@type\":\"ListItem\",\"position\":2,\"name\":\"\u00c7amurova at\u0131\u015f alan\u0131nda 17-21 \u015eubat aras\u0131nda top at\u0131\u015flar\u0131 yap\u0131lacak\"}]},{\"@type\":\"WebSite\",\"@id\":\"https:\\\/\\\/kibrisdakik.com\\\/#website\",\"url\":\"https:\\\/\\\/kibrisdakik.com\\\/\",\"name\":\"\",\"description\":\"Tam vaktinde haber\",\"potentialAction\":[{\"@type\":\"SearchAction\",\"target\":{\"@type\":\"EntryPoint\",\"urlTemplate\":\"https:\\\/\\\/kibrisdakik.com\\\/?s={search_term_string}\"},\"query-input\":{\"@type\":\"PropertyValueSpecification\",\"valueRequired\":true,\"valueName\":\"search_term_string\"}}],\"inLanguage\":\"tr\"},{\"@type\":\"Person\",\"@id\":\"https:\\\/\\\/kibrisdakik.com\\\/#\\\/schema\\\/person\\\/9cd9d437bbb44f72b73ba127e06d8e79\",\"name\":\"admin\",\"image\":{\"@type\":\"ImageObject\",\"inLanguage\":\"tr\",\"@id\":\"https:\\\/\\\/secure.gravatar.com\\\/avatar\\\/ccc17943b9d660506c869530f897617f7cb1c21a4bf30023f252596d83e1f007?s=96&d=mm&r=g\",\"url\":\"https:\\\/\\\/secure.gravatar.com\\\/avatar\\\/ccc17943b9d660506c869530f897617f7cb1c21a4bf30023f252596d83e1f007?s=96&d=mm&r=g\",\"contentUrl\":\"https:\\\/\\\/secure.gravatar.com\\\/avatar\\\/ccc17943b9d660506c869530f897617f7cb1c21a4bf30023f252596d83e1f007?s=96&d=mm&r=g\",\"caption\":\"admin\"},\"sameAs\":[\"https:\\\/\\\/kibrisdakik.com\"],\"url\":\"https:\\\/\\\/kibrisdakik.com\\\/?author=1\"}]}<\/script>\n<!-- \/ Yoast SEO plugin. -->","yoast_head_json":{"title":"\u00c7amurova at\u0131\u015f alan\u0131nda 17-21 \u015eubat aras\u0131nda top at\u0131\u015flar\u0131 yap\u0131lacak -","robots":{"index":"index","follow":"follow","max-snippet":"max-snippet:-1","max-image-preview":"max-image-preview:large","max-video-preview":"max-video-preview:-1"},"canonical":"https:\/\/kibrisdakik.com\/?p=75657","og_locale":"tr_TR","og_type":"article","og_title":"\u00c7amurova at\u0131\u015f alan\u0131nda 17-21 \u015eubat aras\u0131nda top at\u0131\u015flar\u0131 yap\u0131lacak -","og_description":"G\u00fczelyurt Kaymakaml\u0131\u011f\u0131, 17-21 \u015eubat tarihleri aras\u0131nda \u00c7amurova at\u0131\u015f alan\u0131nda top at\u0131\u015flar\u0131 yap\u0131laca\u011f\u0131n\u0131 duyurdu. Kaymakaml\u0131k\u2019tan yap\u0131lan yaz\u0131l\u0131 a\u00e7\u0131klamada, at\u0131\u015flar\u0131n 07.30-17.30 saatleri aras\u0131nda ger\u00e7ekle\u015ftirilece\u011fi ifade edilerek, at\u0131\u015f yap\u0131lacak g\u00fcn ve saatlerde can ve mal emniyeti a\u00e7\u0131s\u0131ndan s\u00f6z konusu b\u00f6lgelere girilmemesi gerekti\u011fi vurguland\u0131. At\u0131\u015flara m\u00fcteakip b\u00f6lgede k\u00f6r giden mermileri arama ve imha i\u015fleminin devam edilece\u011fine dikkat \u00e7ekilen a\u00e7\u0131klamada,","og_url":"https:\/\/kibrisdakik.com\/?p=75657","article_published_time":"2025-02-14T13:54:48+00:00","og_image":[{"width":928,"height":425,"url":"https:\/\/kibrisdakik.com\/wp-content\/uploads\/2025\/02\/4top-atisi-740x420.jpg","type":"image\/jpeg"}],"author":"admin","twitter_card":"summary_large_image","twitter_misc":{"Yazan:":"admin","Tahmini okuma s\u00fcresi":"1 dakika"},"schema":{"@context":"https:\/\/schema.org","@graph":[{"@type":"Article","@id":"https:\/\/kibrisdakik.com\/?p=75657#article","isPartOf":{"@id":"https:\/\/kibrisdakik.com\/?p=75657"},"author":{"name":"admin","@id":"https:\/\/kibrisdakik.com\/#\/schema\/person\/9cd9d437bbb44f72b73ba127e06d8e79"},"headline":"\u00c7amurova at\u0131\u015f alan\u0131nda 17-21 \u015eubat aras\u0131nda top at\u0131\u015flar\u0131 yap\u0131lacak","datePublished":"2025-02-14T13:54:48+00:00","mainEntityOfPage":{"@id":"https:\/\/kibrisdakik.com\/?p=75657"},"wordCount":117,"commentCount":0,"image":{"@id":"https:\/\/kibrisdakik.com\/?p=75657#primaryimage"},"thumbnailUrl":"https:\/\/kibrisdakik.com\/wp-content\/uploads\/2025\/02\/4top-atisi-740x420.jpg","articleSection":["K\u0131br\u0131s","Man\u015fet"],"inLanguage":"tr","potentialAction":[{"@type":"CommentAction","name":"Comment","target":["https:\/\/kibrisdakik.com\/?p=75657#respond"]}]},{"@type":"WebPage","@id":"https:\/\/kibrisdakik.com\/?p=75657","url":"https:\/\/kibrisdakik.com\/?p=75657","name":"\u00c7amurova at\u0131\u015f alan\u0131nda 17-21 \u015eubat aras\u0131nda top at\u0131\u015flar\u0131 yap\u0131lacak -","isPartOf":{"@id":"https:\/\/kibrisdakik.com\/#website"},"primaryImageOfPage":{"@id":"https:\/\/kibrisdakik.com\/?p=75657#primaryimage"},"image":{"@id":"https:\/\/kibrisdakik.com\/?p=75657#primaryimage"},"thumbnailUrl":"https:\/\/kibrisdakik.com\/wp-content\/uploads\/2025\/02\/4top-atisi-740x420.jpg","datePublished":"2025-02-14T13:54:48+00:00","author":{"@id":"https:\/\/kibrisdakik.com\/#\/schema\/person\/9cd9d437bbb44f72b73ba127e06d8e79"},"breadcrumb":{"@id":"https:\/\/kibrisdakik.com\/?p=75657#breadcrumb"},"inLanguage":"tr","potentialAction":[{"@type":"ReadAction","target":["https:\/\/kibrisdakik.com\/?p=75657"]}]},{"@type":"ImageObject","inLanguage":"tr","@id":"https:\/\/kibrisdakik.com\/?p=75657#primaryimage","url":"https:\/\/kibrisdakik.com\/wp-content\/uploads\/2025\/02\/4top-atisi-740x420.jpg","contentUrl":"https:\/\/kibrisdakik.com\/wp-content\/uploads\/2025\/02\/4top-atisi-740x420.jpg","width":928,"height":425},{"@type":"BreadcrumbList","@id":"https:\/\/kibrisdakik.com\/?p=75657#breadcrumb","itemListElement":[{"@type":"ListItem","position":1,"name":"Home","item":"https:\/\/kibrisdakik.com\/"},{"@type":"ListItem","position":2,"name":"\u00c7amurova at\u0131\u015f alan\u0131nda 17-21 \u015eubat aras\u0131nda top at\u0131\u015flar\u0131 yap\u0131lacak"}]},{"@type":"WebSite","@id":"https:\/\/kibrisdakik.com\/#website","url":"https:\/\/kibrisdakik.com\/","name":"","description":"Tam vaktinde haber","potentialAction":[{"@type":"SearchAction","target":{"@type":"EntryPoint","urlTemplate":"https:\/\/kibrisdakik.com\/?s={search_term_string}"},"query-input":{"@type":"PropertyValueSpecification","valueRequired":true,"valueName":"search_term_string"}}],"inLanguage":"tr"},{"@type":"Person","@id":"https:\/\/kibrisdakik.com\/#\/schema\/person\/9cd9d437bbb44f72b73ba127e06d8e79","name":"admin","image":{"@type":"ImageObject","inLanguage":"tr","@id":"https:\/\/secure.gravatar.com\/avatar\/ccc17943b9d660506c869530f897617f7cb1c21a4bf30023f252596d83e1f007?s=96&d=mm&r=g","url":"https:\/\/secure.gravatar.com\/avatar\/ccc17943b9d660506c869530f897617f7cb1c21a4bf30023f252596d83e1f007?s=96&d=mm&r=g","contentUrl":"https:\/\/secure.gravatar.com\/avatar\/ccc17943b9d660506c869530f897617f7cb1c21a4bf30023f252596d83e1f007?s=96&d=mm&r=g","caption":"admin"},"sameAs":["https:\/\/kibrisdakik.com"],"url":"https:\/\/kibrisdakik.com\/?author=1"}]}},"_links":{"self":[{"href":"https:\/\/kibrisdakik.com\/index.php?rest_route=\/wp\/v2\/posts\/75657","targetHints":{"allow":["GET"]}}],"collection":[{"href":"https:\/\/kibrisdakik.com\/index.php?rest_route=\/wp\/v2\/posts"}],"about":[{"href":"https:\/\/kibrisdakik.com\/index.php?rest_route=\/wp\/v2\/types\/post"}],"author":[{"embeddable":true,"href":"https:\/\/kibrisdakik.com\/index.php?rest_route=\/wp\/v2\/users\/1"}],"replies":[{"embeddable":true,"href":"https:\/\/kibrisdakik.com\/index.php?rest_route=%2Fwp%2Fv2%2Fcomments&post=75657"}],"version-history":[{"count":0,"href":"https:\/\/kibrisdakik.com\/index.php?rest_route=\/wp\/v2\/posts\/75657\/revisions"}],"wp:featuredmedia":[{"embeddable":true,"href":"https:\/\/kibrisdakik.com\/index.php?rest_route=\/wp\/v2\/media\/75658"}],"wp:attachment":[{"href":"https:\/\/kibrisdakik.com\/index.php?rest_route=%2Fwp%2Fv2%2Fmedia&parent=75657"}],"wp:term":[{"taxonomy":"category","embeddable":true,"href":"https:\/\/kibrisdakik.com\/index.php?rest_route=%2Fwp%2Fv2%2Fcategories&post=75657"},{"taxonomy":"post_tag","embeddable":true,"href":"https:\/\/kibrisdakik.com\/index.php?rest_route=%2Fwp%2Fv2%2Ftags&post=75657"}],"curies":[{"name":"wp","href":"https:\/\/api.w.org\/{rel}","templated":true}]}}