{"id":75789,"date":"2025-02-17T09:46:03","date_gmt":"2025-02-17T06:46:03","guid":{"rendered":"https:\/\/kibrisdakik.com\/index.php\/2025\/02\/17\/piyanist-ruya-taner-naci-talat-vakfinda-resital-verdi\/"},"modified":"2025-02-17T09:46:03","modified_gmt":"2025-02-17T06:46:03","slug":"piyanist-ruya-taner-naci-talat-vakfinda-resital-verdi","status":"publish","type":"post","link":"https:\/\/kibrisdakik.com\/?p=75789","title":{"rendered":"Piyanist R\u00fcya Taner, Naci Talat Vakf\u0131\u2019nda resital verdi"},"content":{"rendered":"<p> <br \/>\n<\/p>\n<div>\n<div class=\"mariselle-image-container center\">\n                <img loading=\"lazy\" decoding=\"async\" width=\"2560\" height=\"1327\" class=\"lazy-image\" alt=\"\" sizes=\"auto, (max-width: 2560px) 100vw, 2560px\" src=\"https:\/\/brtk.net\/wp-content\/uploads\/2025\/02\/17\/ruya-taner-scaled.jpg?ver=936d0a25b66d9d03d11a4b20687edfe4\" srcset=\"https:\/\/brtk.net\/wp-content\/uploads\/2025\/02\/17\/ruya-taner-scaled.jpg?ver=936d0a25b66d9d03d11a4b20687edfe4 2560w, https:\/\/brtk.net\/wp-content\/uploads\/2025\/02\/17\/ruya-taner-300x156.jpg?ver=936d0a25b66d9d03d11a4b20687edfe4 300w, https:\/\/brtk.net\/wp-content\/uploads\/2025\/02\/17\/ruya-taner-1024x531.jpg?ver=27239ddb18a23d4c97646a990ddbc3d4 1024w, https:\/\/brtk.net\/wp-content\/uploads\/2025\/02\/17\/ruya-taner-768x398.jpg?ver=3b66de14ca193cde78e18abf1bdefb0e 768w, https:\/\/brtk.net\/wp-content\/uploads\/2025\/02\/17\/ruya-taner-1536x796.jpg?ver=c51c5f25cfd03dba9e1a80d927194254 1536w, https:\/\/brtk.net\/wp-content\/uploads\/2025\/02\/17\/ruya-taner-2048x1062.jpg?ver=32645be54bbde35c0ad46ee53df1b6d0 2048w\"\/>                            <\/div>\n<p> Konser piyanisti R\u00fcya Taner, Lefko\u015fa\u2019daki Naci Talat Vakf\u0131\u2019nda \u201cAsya\u2019n\u0131n Tatl\u0131 Sular\u0131\u201d adl\u0131 yeni projesi kapsam\u0131nda piyano resitali verdi, T\u00fcrkiye ve Asya ba\u015fta olmak \u00fczere farkl\u0131 b\u00f6lgelerin bestecilerinden eserler seslendirdi.<\/p>\n<p>Verilen bilgiye g\u00f6re, Naci Talat Vakf\u0131 M\u00fctevelli Heyeti Ba\u015fkan\u0131 S\u0131la Usar \u0130ncirli\u2019nin a\u00e7\u0131l\u0131\u015f konu\u015fmas\u0131n\u0131 yapt\u0131\u011f\u0131 geceye, Cumhurba\u015fkan\u0131 Ersin Tatar, Cumhuriyet\u00e7i T\u00fcrk Partisi (CTP) Genel Ba\u015fkan\u0131 Tufan Erh\u00fcrman, Slovakya B\u00fcy\u00fckel\u00e7isi Martin Bezak, Cumhuriyet Meclisi Ba\u015fkan Yard\u0131mc\u0131s\u0131 Fazilet \u00d6zdenefe, Turizm Planlama Dairesi M\u00fcd\u00fcr\u00fc Mazlum Korta\u015f, Eski Ba\u015fbakan Sibel Siber, Eski Y\u00fcksek Mahkeme Ba\u015fkan\u0131 Narin \u015eefik, Eski Bakan \u00d6zdil Nami, milletvekilleri ve sanatseverler kat\u0131ld\u0131.<\/p>\n<p>Bu arada, R\u00fcya Taner\u2019in \u201cAsya\u2019n\u0131n Tatl\u0131 Sular\u0131\u201d projesi, farkl\u0131 \u015fehirlerde sanatseverlerle bulu\u015facak. Bir sonraki resital, 20 \u015eubat Per\u015fembe g\u00fcn\u00fc saat 20.00\u2019de Eski\u015fehir B\u00fcy\u00fck\u015fehir Belediyesi Sanat ve K\u00fclt\u00fcr Merkezi\u2019nde yap\u0131lacak. Resital, KKTC\u2019nin Kurucu Cumhurba\u015fkan\u0131 Rauf Raif Denkta\u015f\u2019a ithafen d\u00fczenlenen anma etkinli\u011fi kapsam\u0131nda ger\u00e7ekle\u015fecek.<\/p>\n<p>R\u00fcya Taner, ayr\u0131ca 24 \u015eubat\u2019ta saat 20.00\u2019de \u0130zmir Ahmed Adnan Saygun Sanat Merkezi\u2019nde sanatseverlerle bulu\u015facak.<\/p>\n<\/p><\/div>\n<p><script async\n                    defer\n                    crossorigin=\"anonymous\"\n                    src=\"https:\/\/connect.facebook.net\/tr_TR\/sdk.js#xfbml=1&#038;version=v3.3\"\n            ><\/script><br \/>\n<br \/><br \/>\n<br \/><a href=\"https:\/\/brtk.net\/piyanist-ruya-taner-naci-talat-vakfinda-resital-verdi\/\">kpostasi <\/a><\/p>\n","protected":false},"excerpt":{"rendered":"<p>Konser piyanisti R\u00fcya Taner, Lefko\u015fa\u2019daki Naci Talat Vakf\u0131\u2019nda \u201cAsya\u2019n\u0131n Tatl\u0131 Sular\u0131\u201d adl\u0131 yeni projesi kapsam\u0131nda piyano resitali verdi, T\u00fcrkiye ve Asya ba\u015fta olmak \u00fczere farkl\u0131 b\u00f6lgelerin bestecilerinden eserler seslendirdi. Verilen bilgiye g\u00f6re, Naci Talat Vakf\u0131 M\u00fctevelli Heyeti Ba\u015fkan\u0131 S\u0131la Usar \u0130ncirli\u2019nin a\u00e7\u0131l\u0131\u015f konu\u015fmas\u0131n\u0131 yapt\u0131\u011f\u0131 geceye, Cumhurba\u015fkan\u0131 Ersin Tatar, Cumhuriyet\u00e7i T\u00fcrk Partisi (CTP) Genel Ba\u015fkan\u0131 Tufan<\/p>\n","protected":false},"author":1,"featured_media":75790,"comment_status":"open","ping_status":"open","sticky":false,"template":"","format":"standard","meta":{"footnotes":""},"categories":[1,81,101],"tags":[],"class_list":["post-75789","post","type-post","status-publish","format-standard","has-post-thumbnail","hentry","category-gundem","category-kibris","category-manset"],"yoast_head":"<!-- This site is optimized with the Yoast SEO plugin v27.4 - https:\/\/yoast.com\/product\/yoast-seo-wordpress\/ -->\n<title>Piyanist R\u00fcya Taner, Naci Talat Vakf\u0131\u2019nda resital verdi -<\/title>\n<meta name=\"robots\" content=\"index, follow, max-snippet:-1, max-image-preview:large, max-video-preview:-1\" \/>\n<link rel=\"canonical\" href=\"https:\/\/kibrisdakik.com\/?p=75789\" \/>\n<meta property=\"og:locale\" content=\"tr_TR\" \/>\n<meta property=\"og:type\" content=\"article\" \/>\n<meta property=\"og:title\" content=\"Piyanist R\u00fcya Taner, Naci Talat Vakf\u0131\u2019nda resital verdi -\" \/>\n<meta property=\"og:description\" content=\"Konser piyanisti R\u00fcya Taner, Lefko\u015fa\u2019daki Naci Talat Vakf\u0131\u2019nda \u201cAsya\u2019n\u0131n Tatl\u0131 Sular\u0131\u201d adl\u0131 yeni projesi kapsam\u0131nda piyano resitali verdi, T\u00fcrkiye ve Asya ba\u015fta olmak \u00fczere farkl\u0131 b\u00f6lgelerin bestecilerinden eserler seslendirdi. Verilen bilgiye g\u00f6re, Naci Talat Vakf\u0131 M\u00fctevelli Heyeti Ba\u015fkan\u0131 S\u0131la Usar \u0130ncirli\u2019nin a\u00e7\u0131l\u0131\u015f konu\u015fmas\u0131n\u0131 yapt\u0131\u011f\u0131 geceye, Cumhurba\u015fkan\u0131 Ersin Tatar, Cumhuriyet\u00e7i T\u00fcrk Partisi (CTP) Genel Ba\u015fkan\u0131 Tufan\" \/>\n<meta property=\"og:url\" content=\"https:\/\/kibrisdakik.com\/?p=75789\" \/>\n<meta property=\"article:published_time\" content=\"2025-02-17T06:46:03+00:00\" \/>\n<meta property=\"og:image\" content=\"https:\/\/kibrisdakik.com\/wp-content\/uploads\/2025\/02\/ruya-taner-scaled-740x420.jpg\" \/>\n\t<meta property=\"og:image:width\" content=\"2560\" \/>\n\t<meta property=\"og:image:height\" content=\"1327\" \/>\n\t<meta property=\"og:image:type\" content=\"image\/jpeg\" \/>\n<meta name=\"author\" content=\"admin\" \/>\n<meta name=\"twitter:card\" content=\"summary_large_image\" \/>\n<meta name=\"twitter:label1\" content=\"Yazan:\" \/>\n\t<meta name=\"twitter:data1\" content=\"admin\" \/>\n\t<meta name=\"twitter:label2\" content=\"Tahmini okuma s\u00fcresi\" \/>\n\t<meta name=\"twitter:data2\" content=\"1 dakika\" \/>\n<script type=\"application\/ld+json\" class=\"yoast-schema-graph\">{\"@context\":\"https:\\\/\\\/schema.org\",\"@graph\":[{\"@type\":\"Article\",\"@id\":\"https:\\\/\\\/kibrisdakik.com\\\/?p=75789#article\",\"isPartOf\":{\"@id\":\"https:\\\/\\\/kibrisdakik.com\\\/?p=75789\"},\"author\":{\"name\":\"admin\",\"@id\":\"https:\\\/\\\/kibrisdakik.com\\\/#\\\/schema\\\/person\\\/9cd9d437bbb44f72b73ba127e06d8e79\"},\"headline\":\"Piyanist R\u00fcya Taner, Naci Talat Vakf\u0131\u2019nda resital verdi\",\"datePublished\":\"2025-02-17T06:46:03+00:00\",\"mainEntityOfPage\":{\"@id\":\"https:\\\/\\\/kibrisdakik.com\\\/?p=75789\"},\"wordCount\":221,\"commentCount\":0,\"image\":{\"@id\":\"https:\\\/\\\/kibrisdakik.com\\\/?p=75789#primaryimage\"},\"thumbnailUrl\":\"https:\\\/\\\/kibrisdakik.com\\\/wp-content\\\/uploads\\\/2025\\\/02\\\/ruya-taner-scaled-740x420.jpg\",\"articleSection\":[\"G\u00fcndem\",\"K\u0131br\u0131s\",\"Man\u015fet\"],\"inLanguage\":\"tr\",\"potentialAction\":[{\"@type\":\"CommentAction\",\"name\":\"Comment\",\"target\":[\"https:\\\/\\\/kibrisdakik.com\\\/?p=75789#respond\"]}]},{\"@type\":\"WebPage\",\"@id\":\"https:\\\/\\\/kibrisdakik.com\\\/?p=75789\",\"url\":\"https:\\\/\\\/kibrisdakik.com\\\/?p=75789\",\"name\":\"Piyanist R\u00fcya Taner, Naci Talat Vakf\u0131\u2019nda resital verdi -\",\"isPartOf\":{\"@id\":\"https:\\\/\\\/kibrisdakik.com\\\/#website\"},\"primaryImageOfPage\":{\"@id\":\"https:\\\/\\\/kibrisdakik.com\\\/?p=75789#primaryimage\"},\"image\":{\"@id\":\"https:\\\/\\\/kibrisdakik.com\\\/?p=75789#primaryimage\"},\"thumbnailUrl\":\"https:\\\/\\\/kibrisdakik.com\\\/wp-content\\\/uploads\\\/2025\\\/02\\\/ruya-taner-scaled-740x420.jpg\",\"datePublished\":\"2025-02-17T06:46:03+00:00\",\"author\":{\"@id\":\"https:\\\/\\\/kibrisdakik.com\\\/#\\\/schema\\\/person\\\/9cd9d437bbb44f72b73ba127e06d8e79\"},\"breadcrumb\":{\"@id\":\"https:\\\/\\\/kibrisdakik.com\\\/?p=75789#breadcrumb\"},\"inLanguage\":\"tr\",\"potentialAction\":[{\"@type\":\"ReadAction\",\"target\":[\"https:\\\/\\\/kibrisdakik.com\\\/?p=75789\"]}]},{\"@type\":\"ImageObject\",\"inLanguage\":\"tr\",\"@id\":\"https:\\\/\\\/kibrisdakik.com\\\/?p=75789#primaryimage\",\"url\":\"https:\\\/\\\/kibrisdakik.com\\\/wp-content\\\/uploads\\\/2025\\\/02\\\/ruya-taner-scaled-740x420.jpg\",\"contentUrl\":\"https:\\\/\\\/kibrisdakik.com\\\/wp-content\\\/uploads\\\/2025\\\/02\\\/ruya-taner-scaled-740x420.jpg\",\"width\":2560,\"height\":1327},{\"@type\":\"BreadcrumbList\",\"@id\":\"https:\\\/\\\/kibrisdakik.com\\\/?p=75789#breadcrumb\",\"itemListElement\":[{\"@type\":\"ListItem\",\"position\":1,\"name\":\"Home\",\"item\":\"https:\\\/\\\/kibrisdakik.com\\\/\"},{\"@type\":\"ListItem\",\"position\":2,\"name\":\"Piyanist R\u00fcya Taner, Naci Talat Vakf\u0131\u2019nda resital verdi\"}]},{\"@type\":\"WebSite\",\"@id\":\"https:\\\/\\\/kibrisdakik.com\\\/#website\",\"url\":\"https:\\\/\\\/kibrisdakik.com\\\/\",\"name\":\"\",\"description\":\"Tam vaktinde haber\",\"potentialAction\":[{\"@type\":\"SearchAction\",\"target\":{\"@type\":\"EntryPoint\",\"urlTemplate\":\"https:\\\/\\\/kibrisdakik.com\\\/?s={search_term_string}\"},\"query-input\":{\"@type\":\"PropertyValueSpecification\",\"valueRequired\":true,\"valueName\":\"search_term_string\"}}],\"inLanguage\":\"tr\"},{\"@type\":\"Person\",\"@id\":\"https:\\\/\\\/kibrisdakik.com\\\/#\\\/schema\\\/person\\\/9cd9d437bbb44f72b73ba127e06d8e79\",\"name\":\"admin\",\"image\":{\"@type\":\"ImageObject\",\"inLanguage\":\"tr\",\"@id\":\"https:\\\/\\\/secure.gravatar.com\\\/avatar\\\/ccc17943b9d660506c869530f897617f7cb1c21a4bf30023f252596d83e1f007?s=96&d=mm&r=g\",\"url\":\"https:\\\/\\\/secure.gravatar.com\\\/avatar\\\/ccc17943b9d660506c869530f897617f7cb1c21a4bf30023f252596d83e1f007?s=96&d=mm&r=g\",\"contentUrl\":\"https:\\\/\\\/secure.gravatar.com\\\/avatar\\\/ccc17943b9d660506c869530f897617f7cb1c21a4bf30023f252596d83e1f007?s=96&d=mm&r=g\",\"caption\":\"admin\"},\"sameAs\":[\"https:\\\/\\\/kibrisdakik.com\"],\"url\":\"https:\\\/\\\/kibrisdakik.com\\\/?author=1\"}]}<\/script>\n<!-- \/ Yoast SEO plugin. -->","yoast_head_json":{"title":"Piyanist R\u00fcya Taner, Naci Talat Vakf\u0131\u2019nda resital verdi -","robots":{"index":"index","follow":"follow","max-snippet":"max-snippet:-1","max-image-preview":"max-image-preview:large","max-video-preview":"max-video-preview:-1"},"canonical":"https:\/\/kibrisdakik.com\/?p=75789","og_locale":"tr_TR","og_type":"article","og_title":"Piyanist R\u00fcya Taner, Naci Talat Vakf\u0131\u2019nda resital verdi -","og_description":"Konser piyanisti R\u00fcya Taner, Lefko\u015fa\u2019daki Naci Talat Vakf\u0131\u2019nda \u201cAsya\u2019n\u0131n Tatl\u0131 Sular\u0131\u201d adl\u0131 yeni projesi kapsam\u0131nda piyano resitali verdi, T\u00fcrkiye ve Asya ba\u015fta olmak \u00fczere farkl\u0131 b\u00f6lgelerin bestecilerinden eserler seslendirdi. Verilen bilgiye g\u00f6re, Naci Talat Vakf\u0131 M\u00fctevelli Heyeti Ba\u015fkan\u0131 S\u0131la Usar \u0130ncirli\u2019nin a\u00e7\u0131l\u0131\u015f konu\u015fmas\u0131n\u0131 yapt\u0131\u011f\u0131 geceye, Cumhurba\u015fkan\u0131 Ersin Tatar, Cumhuriyet\u00e7i T\u00fcrk Partisi (CTP) Genel Ba\u015fkan\u0131 Tufan","og_url":"https:\/\/kibrisdakik.com\/?p=75789","article_published_time":"2025-02-17T06:46:03+00:00","og_image":[{"width":2560,"height":1327,"url":"https:\/\/kibrisdakik.com\/wp-content\/uploads\/2025\/02\/ruya-taner-scaled-740x420.jpg","type":"image\/jpeg"}],"author":"admin","twitter_card":"summary_large_image","twitter_misc":{"Yazan:":"admin","Tahmini okuma s\u00fcresi":"1 dakika"},"schema":{"@context":"https:\/\/schema.org","@graph":[{"@type":"Article","@id":"https:\/\/kibrisdakik.com\/?p=75789#article","isPartOf":{"@id":"https:\/\/kibrisdakik.com\/?p=75789"},"author":{"name":"admin","@id":"https:\/\/kibrisdakik.com\/#\/schema\/person\/9cd9d437bbb44f72b73ba127e06d8e79"},"headline":"Piyanist R\u00fcya Taner, Naci Talat Vakf\u0131\u2019nda resital verdi","datePublished":"2025-02-17T06:46:03+00:00","mainEntityOfPage":{"@id":"https:\/\/kibrisdakik.com\/?p=75789"},"wordCount":221,"commentCount":0,"image":{"@id":"https:\/\/kibrisdakik.com\/?p=75789#primaryimage"},"thumbnailUrl":"https:\/\/kibrisdakik.com\/wp-content\/uploads\/2025\/02\/ruya-taner-scaled-740x420.jpg","articleSection":["G\u00fcndem","K\u0131br\u0131s","Man\u015fet"],"inLanguage":"tr","potentialAction":[{"@type":"CommentAction","name":"Comment","target":["https:\/\/kibrisdakik.com\/?p=75789#respond"]}]},{"@type":"WebPage","@id":"https:\/\/kibrisdakik.com\/?p=75789","url":"https:\/\/kibrisdakik.com\/?p=75789","name":"Piyanist R\u00fcya Taner, Naci Talat Vakf\u0131\u2019nda resital verdi -","isPartOf":{"@id":"https:\/\/kibrisdakik.com\/#website"},"primaryImageOfPage":{"@id":"https:\/\/kibrisdakik.com\/?p=75789#primaryimage"},"image":{"@id":"https:\/\/kibrisdakik.com\/?p=75789#primaryimage"},"thumbnailUrl":"https:\/\/kibrisdakik.com\/wp-content\/uploads\/2025\/02\/ruya-taner-scaled-740x420.jpg","datePublished":"2025-02-17T06:46:03+00:00","author":{"@id":"https:\/\/kibrisdakik.com\/#\/schema\/person\/9cd9d437bbb44f72b73ba127e06d8e79"},"breadcrumb":{"@id":"https:\/\/kibrisdakik.com\/?p=75789#breadcrumb"},"inLanguage":"tr","potentialAction":[{"@type":"ReadAction","target":["https:\/\/kibrisdakik.com\/?p=75789"]}]},{"@type":"ImageObject","inLanguage":"tr","@id":"https:\/\/kibrisdakik.com\/?p=75789#primaryimage","url":"https:\/\/kibrisdakik.com\/wp-content\/uploads\/2025\/02\/ruya-taner-scaled-740x420.jpg","contentUrl":"https:\/\/kibrisdakik.com\/wp-content\/uploads\/2025\/02\/ruya-taner-scaled-740x420.jpg","width":2560,"height":1327},{"@type":"BreadcrumbList","@id":"https:\/\/kibrisdakik.com\/?p=75789#breadcrumb","itemListElement":[{"@type":"ListItem","position":1,"name":"Home","item":"https:\/\/kibrisdakik.com\/"},{"@type":"ListItem","position":2,"name":"Piyanist R\u00fcya Taner, Naci Talat Vakf\u0131\u2019nda resital verdi"}]},{"@type":"WebSite","@id":"https:\/\/kibrisdakik.com\/#website","url":"https:\/\/kibrisdakik.com\/","name":"","description":"Tam vaktinde haber","potentialAction":[{"@type":"SearchAction","target":{"@type":"EntryPoint","urlTemplate":"https:\/\/kibrisdakik.com\/?s={search_term_string}"},"query-input":{"@type":"PropertyValueSpecification","valueRequired":true,"valueName":"search_term_string"}}],"inLanguage":"tr"},{"@type":"Person","@id":"https:\/\/kibrisdakik.com\/#\/schema\/person\/9cd9d437bbb44f72b73ba127e06d8e79","name":"admin","image":{"@type":"ImageObject","inLanguage":"tr","@id":"https:\/\/secure.gravatar.com\/avatar\/ccc17943b9d660506c869530f897617f7cb1c21a4bf30023f252596d83e1f007?s=96&d=mm&r=g","url":"https:\/\/secure.gravatar.com\/avatar\/ccc17943b9d660506c869530f897617f7cb1c21a4bf30023f252596d83e1f007?s=96&d=mm&r=g","contentUrl":"https:\/\/secure.gravatar.com\/avatar\/ccc17943b9d660506c869530f897617f7cb1c21a4bf30023f252596d83e1f007?s=96&d=mm&r=g","caption":"admin"},"sameAs":["https:\/\/kibrisdakik.com"],"url":"https:\/\/kibrisdakik.com\/?author=1"}]}},"_links":{"self":[{"href":"https:\/\/kibrisdakik.com\/index.php?rest_route=\/wp\/v2\/posts\/75789","targetHints":{"allow":["GET"]}}],"collection":[{"href":"https:\/\/kibrisdakik.com\/index.php?rest_route=\/wp\/v2\/posts"}],"about":[{"href":"https:\/\/kibrisdakik.com\/index.php?rest_route=\/wp\/v2\/types\/post"}],"author":[{"embeddable":true,"href":"https:\/\/kibrisdakik.com\/index.php?rest_route=\/wp\/v2\/users\/1"}],"replies":[{"embeddable":true,"href":"https:\/\/kibrisdakik.com\/index.php?rest_route=%2Fwp%2Fv2%2Fcomments&post=75789"}],"version-history":[{"count":0,"href":"https:\/\/kibrisdakik.com\/index.php?rest_route=\/wp\/v2\/posts\/75789\/revisions"}],"wp:featuredmedia":[{"embeddable":true,"href":"https:\/\/kibrisdakik.com\/index.php?rest_route=\/wp\/v2\/media\/75790"}],"wp:attachment":[{"href":"https:\/\/kibrisdakik.com\/index.php?rest_route=%2Fwp%2Fv2%2Fmedia&parent=75789"}],"wp:term":[{"taxonomy":"category","embeddable":true,"href":"https:\/\/kibrisdakik.com\/index.php?rest_route=%2Fwp%2Fv2%2Fcategories&post=75789"},{"taxonomy":"post_tag","embeddable":true,"href":"https:\/\/kibrisdakik.com\/index.php?rest_route=%2Fwp%2Fv2%2Ftags&post=75789"}],"curies":[{"name":"wp","href":"https:\/\/api.w.org\/{rel}","templated":true}]}}