{"id":7580,"date":"2023-05-25T13:37:21","date_gmt":"2023-05-25T13:37:21","guid":{"rendered":"https:\/\/kibrisdakik.com\/index.php\/2023\/05\/25\/altugra-kktcnin-gozlemci-uye-olarak-eitye-katilmasinin-onemini-vurguladi\/"},"modified":"2023-05-25T13:37:21","modified_gmt":"2023-05-25T13:37:21","slug":"altugra-kktcnin-gozlemci-uye-olarak-eitye-katilmasinin-onemini-vurguladi","status":"publish","type":"post","link":"https:\/\/kibrisdakik.com\/?p=7580","title":{"rendered":"Altu\u011fra, KKTC\u2019nin g\u00f6zlemci \u00fcye olarak E\u0130T\u2019ye kat\u0131lmas\u0131n\u0131n \u00f6nemini vurgulad\u0131"},"content":{"rendered":"<p><\/p>\n<div>\n<div class=\"mariselle-image-container none\">\n                <img width=\"2210\" height=\"1430\" class=\"lazy-image\" alt=\"\" decoding=\"async\" loading=\"lazy\" sizes=\"auto, (max-width: 2210px) 100vw, 2210px\" src=\"https:\/\/brtk.net\/wp-content\/uploads\/2023\/05\/25\/altugra10.jpg?ver=6110c20d07a4e54d8f1a215f348a6945\" srcset=\"https:\/\/brtk.net\/wp-content\/uploads\/2023\/05\/25\/altugra10.jpg?ver=6110c20d07a4e54d8f1a215f348a6945 2210w, https:\/\/brtk.net\/wp-content\/uploads\/2023\/05\/25\/altugra10-300x194.jpg?ver=46b41c8efcb221ebc275049b6d73bec9 300w, https:\/\/brtk.net\/wp-content\/uploads\/2023\/05\/25\/altugra10-1024x663.jpg?ver=46b41c8efcb221ebc275049b6d73bec9 1024w, https:\/\/brtk.net\/wp-content\/uploads\/2023\/05\/25\/altugra10-768x497.jpg?ver=46b41c8efcb221ebc275049b6d73bec9 768w, https:\/\/brtk.net\/wp-content\/uploads\/2023\/05\/25\/altugra10-1536x994.jpg?ver=cb465b43696c64037dbcdcf1a31c6406 1536w, https:\/\/brtk.net\/wp-content\/uploads\/2023\/05\/25\/altugra10-2048x1325.jpg?ver=6b2b9dc4713e9f8bec2fdadd83124530 2048w\"\/>                            <\/div>\n<p style=\"font-weight: 300;\">\u00a0Sa\u011fl\u0131k Bakan\u0131 \u0130zlem G\u00fcr\u00e7a\u011f Altu\u011fra, <a href=\"https:\/\/brtk.net\/\"\/><a href=\"https:\/\/brtk.net\/\"\/><a href=\"https:\/\/brtk.net\/\"\/><a href=\"https:\/\/brtk.net\/\"\/><a href=\"https:\/\/brtk.net\/\"\/><a href=\"https:\/\/brtk.net\/\"\/><a href=\"https:\/\/brtk.net\/\"\/><a href=\"https:\/\/brtk.net\/\"\/><a href=\"https:\/\/brtk.net\/\"\/><a href=\"https:\/\/brtk.net\/\">KKTC<\/a>\u2018nin g\u00f6zlemci \u00fcye olarak Ekonomik \u0130\u015fbirli\u011fi Te\u015fkilat\u0131 (E\u0130T) toplant\u0131s\u0131na kat\u0131lmas\u0131n\u0131n \u00f6nemli oldu\u011funu ve bunun <a href=\"https:\/\/brtk.net\/\"\/><a href=\"https:\/\/brtk.net\/\"\/><a href=\"https:\/\/brtk.net\/\"\/><a href=\"https:\/\/brtk.net\/\"\/><a href=\"https:\/\/brtk.net\/\"\/><a href=\"https:\/\/brtk.net\/\"\/><a href=\"https:\/\/brtk.net\/\"\/><a href=\"https:\/\/brtk.net\/\"\/><a href=\"https:\/\/brtk.net\/\"\/><a href=\"https:\/\/brtk.net\/\">KKTC<\/a>\u2018nin devlet olarak ad\u0131n\u0131n duyulmas\u0131na katk\u0131 sa\u011flad\u0131\u011f\u0131n\u0131 belirtti.<\/p>\n<p style=\"font-weight: 300;\">E\u0130T\u2019nin 5\u2019inci Sa\u011fl\u0131k Bakanlar\u0131 Toplant\u0131s\u0131\u2019na kat\u0131lmak \u00fczere Cenevre\u2019de bulunan Altu\u011fra, AA muhabirine de\u011ferlendirmelerde bulundu.<\/p>\n<p style=\"font-weight: 300;\">E\u0130T\u2019nin b\u00f6ylesine anlaml\u0131 bir etkinli\u011fe g\u00f6zlemci \u00fcye olarak <a href=\"https:\/\/brtk.net\/\"\/><a href=\"https:\/\/brtk.net\/\"\/><a href=\"https:\/\/brtk.net\/\"\/><a href=\"https:\/\/brtk.net\/\"\/><a href=\"https:\/\/brtk.net\/\"\/><a href=\"https:\/\/brtk.net\/\"\/><a href=\"https:\/\/brtk.net\/\"\/><a href=\"https:\/\/brtk.net\/\"\/><a href=\"https:\/\/brtk.net\/\"\/><a href=\"https:\/\/brtk.net\/\">KKTC<\/a> ad\u0131na kat\u0131lmaktan mutluluk duyduklar\u0131n\u0131 belirten Altu\u011fra, toplant\u0131n\u0131n, dost ve karde\u015f \u00fclkeleri olan Azerbaycan\u2019\u0131n ev sahipli\u011finde d\u00fczenlenmesinin kendileri i\u00e7in daha anlaml\u0131 oldu\u011funu s\u00f6yledi.<\/p>\n<p style=\"font-weight: 300;\">Altu\u011fra, \u201cBu toplant\u0131da E\u0130T \u00fcyesi \u00fclkelerle bizim de kimli\u011fimizle varl\u0131k g\u00f6stermemiz, <a href=\"https:\/\/brtk.net\/\"\/><a href=\"https:\/\/brtk.net\/\"\/><a href=\"https:\/\/brtk.net\/\"\/><a href=\"https:\/\/brtk.net\/\"\/><a href=\"https:\/\/brtk.net\/\"\/><a href=\"https:\/\/brtk.net\/\"\/><a href=\"https:\/\/brtk.net\/\"\/><a href=\"https:\/\/brtk.net\/\"\/><a href=\"https:\/\/brtk.net\/\"\/><a href=\"https:\/\/brtk.net\/\">KKTC<\/a> devletinin daha g\u00f6r\u00fcn\u00fcr olmas\u0131 a\u00e7\u0131s\u0131ndan \u00e7ok \u00f6nemli. <a href=\"https:\/\/brtk.net\/\"\/><a href=\"https:\/\/brtk.net\/\"\/><a href=\"https:\/\/brtk.net\/\"\/><a href=\"https:\/\/brtk.net\/\"\/><a href=\"https:\/\/brtk.net\/\"\/><a href=\"https:\/\/brtk.net\/\"\/><a href=\"https:\/\/brtk.net\/\"\/><a href=\"https:\/\/brtk.net\/\"\/><a href=\"https:\/\/brtk.net\/\"\/><a href=\"https:\/\/brtk.net\/\">KKTC<\/a>\u2018nin devlet olarak ad\u0131n\u0131n duyulmas\u0131 a\u00e7\u0131s\u0131ndan da olduk\u00e7a anlaml\u0131d\u0131r. Bu te\u015fkilatta yer alan \u00fclkelerin birbiriyle dayan\u0131\u015fma i\u00e7erisinde olmas\u0131, edindi\u011fi tecr\u00fcbeleri payla\u015fmas\u0131 ve herhangi ihtiya\u00e7 halinde birbirine verebilece\u011fi deste\u011fin \u00f6nemli oldu\u011funa inan\u0131yorum. \u0130nsani yard\u0131mlar\u0131n \u00f6ncelenerek bu ad\u0131mlar\u0131n at\u0131lmas\u0131 da olduk\u00e7a \u00f6nemlidir.\u201d dedi.<\/p>\n<p style=\"font-weight: 300;\">T\u00fcrkiye Cumhurba\u015fkan\u0131 Recep Tayyip Erdo\u011fan ve <a href=\"https:\/\/brtk.net\/\"\/><a href=\"https:\/\/brtk.net\/\"\/><a href=\"https:\/\/brtk.net\/\"\/><a href=\"https:\/\/brtk.net\/\"\/><a href=\"https:\/\/brtk.net\/\"\/><a href=\"https:\/\/brtk.net\/\"\/><a href=\"https:\/\/brtk.net\/\"\/><a href=\"https:\/\/brtk.net\/\"\/><a href=\"https:\/\/brtk.net\/\"\/><a href=\"https:\/\/brtk.net\/\">KKTC<\/a> Cumhurba\u015fkan\u0131 <a href=\"https:\/\/brtk.net\/\" target=\"_blank\" rel=\"noopener\">Ersin Tatar<\/a>\u2018\u0131n her platformda K\u0131br\u0131s konusunda savunduklar\u0131 \u201ciki devletli \u00e7\u00f6z\u00fcm\u201d politikas\u0131n\u0131 g\u00fc\u00e7l\u00fc bir \u015fekilde dile getirdi\u011fini hat\u0131rlatan Altu\u011fra, bu toplant\u0131da devlet olarak g\u00f6r\u00fcn\u00fcr olmalar\u0131n\u0131n bu politikayla uyu\u015ftu\u011funu s\u00f6yledi.<\/p>\n<p style=\"font-weight: 300;\"><strong>\u2013 \u201cSalg\u0131n\u0131n a\u011f\u0131r \u015fartlar\u0131n\u0131 T\u00fcrkiye\u2019nin etkin deste\u011fiyle ba\u015far\u0131yla y\u00f6nettik\u201d<\/strong><\/p>\n<p style=\"font-weight: 300;\">Kovid-19 s\u00fcrecinde k\u00fcresel bir sa\u011fl\u0131k krizi ya\u015fand\u0131\u011f\u0131n\u0131 ve insanlar\u0131n ma\u011fdur oldu\u011funu kaydeden Altu\u011fra, al\u0131nan \u00f6nlemler ve a\u015f\u0131larla bu s\u00fcrecin atlat\u0131ld\u0131\u011f\u0131n\u0131 s\u00f6yledi.<\/p>\n<p style=\"font-weight: 300;\">Altu\u011fra, \u201c<a href=\"https:\/\/brtk.net\/\"\/><a href=\"https:\/\/brtk.net\/\"\/><a href=\"https:\/\/brtk.net\/\"\/><a href=\"https:\/\/brtk.net\/\"\/><a href=\"https:\/\/brtk.net\/\"\/><a href=\"https:\/\/brtk.net\/\"\/><a href=\"https:\/\/brtk.net\/\"\/><a href=\"https:\/\/brtk.net\/\"\/><a href=\"https:\/\/brtk.net\/\"\/><a href=\"https:\/\/brtk.net\/\">KKTC<\/a>\u2018de de salg\u0131n\u0131n a\u011f\u0131r \u015fartlar\u0131n\u0131 al\u0131nan \u00f6nlemler ve her zaman yan\u0131m\u0131zda olan ana vatan T\u00fcrkiye\u2019nin etkin deste\u011fiyle ba\u015far\u0131yla y\u00f6nettik. \u00dclkemize a\u015f\u0131lar a\u011f\u0131rl\u0131kl\u0131 olarak T\u00fcrkiye\u2019den geldi. <a href=\"https:\/\/brtk.net\/\"\/><a href=\"https:\/\/brtk.net\/\"\/><a href=\"https:\/\/brtk.net\/\"\/><a href=\"https:\/\/brtk.net\/\"\/><a href=\"https:\/\/brtk.net\/\"\/><a href=\"https:\/\/brtk.net\/\"\/><a href=\"https:\/\/brtk.net\/\"\/><a href=\"https:\/\/brtk.net\/\"\/><a href=\"https:\/\/brtk.net\/\"\/><a href=\"https:\/\/brtk.net\/\">KKTC<\/a>\u2018nin a\u015f\u0131lanmas\u0131n\u0131 sa\u011flayan T\u00fcrkiye oldu. T\u00fcrkiye, salg\u0131n s\u00fcrecinde 90 g\u00fcn gibi k\u0131sa bir s\u00fcrede 100 yatakl\u0131 ve tam te\u015fekk\u00fcll\u00fc bir acil durum hastanesinin in\u015fas\u0131n\u0131 tamamlad\u0131 ve bu s\u00fcreci atlatt\u0131k. E\u0130T\u2019ye \u00fcye ve <a href=\"https:\/\/brtk.net\/\"\/><a href=\"https:\/\/brtk.net\/\"\/><a href=\"https:\/\/brtk.net\/\"\/><a href=\"https:\/\/brtk.net\/\"\/><a href=\"https:\/\/brtk.net\/\"\/><a href=\"https:\/\/brtk.net\/\"\/><a href=\"https:\/\/brtk.net\/\"\/><a href=\"https:\/\/brtk.net\/\"\/><a href=\"https:\/\/brtk.net\/\"\/><a href=\"https:\/\/brtk.net\/\">KKTC<\/a> gibi g\u00f6zlemci \u00fclkelerin dayan\u0131\u015fma i\u00e7erisinde hareket etmeleri, bu olumsuz s\u00fcre\u00e7leri \u00e7ok daha kolay atlatmaya vesile olacakt\u0131r.\u201d dedi.<\/p>\n<p style=\"font-weight: 300;\">T\u00fcrkiye\u2019de \u015fubatta ya\u015fanan ve asr\u0131n felaketi olarak an\u0131lan depremlerin kendilerini \u00fczd\u00fc\u011f\u00fcn\u00fc belirten Altu\u011fra, aralar\u0131nda <a href=\"https:\/\/brtk.net\/\"\/><a href=\"https:\/\/brtk.net\/\"\/><a href=\"https:\/\/brtk.net\/\"\/><a href=\"https:\/\/brtk.net\/\"\/><a href=\"https:\/\/brtk.net\/\"\/><a href=\"https:\/\/brtk.net\/\"\/><a href=\"https:\/\/brtk.net\/\"\/><a href=\"https:\/\/brtk.net\/\"\/><a href=\"https:\/\/brtk.net\/\"\/><a href=\"https:\/\/brtk.net\/\">KKTC<\/a> vatanda\u015flar\u0131n\u0131n da bulundu\u011fu 10 binlerce ki\u015finin ya\u015fam\u0131n\u0131 yitirmesinin ac\u0131s\u0131n\u0131 ya\u015fad\u0131\u011f\u0131n\u0131 s\u00f6yledi.<\/p>\n<p style=\"font-weight: 300;\">Altu\u011fra, deprem olur olmaz d\u00fcnyadan, <a href=\"https:\/\/brtk.net\/\"\/><a href=\"https:\/\/brtk.net\/\"\/><a href=\"https:\/\/brtk.net\/\"\/><a href=\"https:\/\/brtk.net\/\"\/><a href=\"https:\/\/brtk.net\/\"\/><a href=\"https:\/\/brtk.net\/\"\/><a href=\"https:\/\/brtk.net\/\"\/><a href=\"https:\/\/brtk.net\/\"\/><a href=\"https:\/\/brtk.net\/\"\/><a href=\"https:\/\/brtk.net\/\">KKTC<\/a> dahil T\u00fcrkiye\u2019ye yard\u0131mlar\u0131n ve sa\u011fl\u0131k personelinin gitti\u011fini an\u0131msatarak b\u00f6yle zamanlardaki dayan\u0131\u015fman\u0131n \u00f6nemine dikkati \u00e7ekti.<\/p>\n<p>\u00a0<\/p>\n<\/p><\/div>\n<p><script async\n                    defer\n                    crossorigin=\"anonymous\"\n                    src=\"https:\/\/connect.facebook.net\/tr_TR\/sdk.js#xfbml=1&#038;version=v3.3\"\n            ><\/script><\/p>\n","protected":false},"excerpt":{"rendered":"<p>\u00a0Sa\u011fl\u0131k Bakan\u0131 \u0130zlem G\u00fcr\u00e7a\u011f Altu\u011fra, KKTC\u2018nin g\u00f6zlemci \u00fcye olarak Ekonomik \u0130\u015fbirli\u011fi Te\u015fkilat\u0131 (E\u0130T) toplant\u0131s\u0131na kat\u0131lmas\u0131n\u0131n \u00f6nemli oldu\u011funu ve bunun KKTC\u2018nin devlet olarak ad\u0131n\u0131n duyulmas\u0131na katk\u0131 sa\u011flad\u0131\u011f\u0131n\u0131 belirtti. E\u0130T\u2019nin 5\u2019inci Sa\u011fl\u0131k Bakanlar\u0131 Toplant\u0131s\u0131\u2019na kat\u0131lmak \u00fczere Cenevre\u2019de bulunan Altu\u011fra, AA muhabirine de\u011ferlendirmelerde bulundu. E\u0130T\u2019nin b\u00f6ylesine anlaml\u0131 bir etkinli\u011fe g\u00f6zlemci \u00fcye olarak KKTC ad\u0131na kat\u0131lmaktan mutluluk duyduklar\u0131n\u0131 belirten<\/p>\n","protected":false},"author":1,"featured_media":7581,"comment_status":"open","ping_status":"open","sticky":false,"template":"","format":"standard","meta":{"footnotes":""},"categories":[1],"tags":[],"class_list":["post-7580","post","type-post","status-publish","format-standard","has-post-thumbnail","hentry","category-gundem"],"yoast_head":"<!-- This site is optimized with the Yoast SEO plugin v27.5 - https:\/\/yoast.com\/product\/yoast-seo-wordpress\/ -->\n<title>Altu\u011fra, KKTC\u2019nin g\u00f6zlemci \u00fcye olarak E\u0130T\u2019ye kat\u0131lmas\u0131n\u0131n \u00f6nemini vurgulad\u0131 -<\/title>\n<meta name=\"robots\" content=\"index, follow, max-snippet:-1, max-image-preview:large, max-video-preview:-1\" \/>\n<link rel=\"canonical\" href=\"https:\/\/kibrisdakik.com\/?p=7580\" \/>\n<meta property=\"og:locale\" content=\"tr_TR\" \/>\n<meta property=\"og:type\" content=\"article\" \/>\n<meta property=\"og:title\" content=\"Altu\u011fra, KKTC\u2019nin g\u00f6zlemci \u00fcye olarak E\u0130T\u2019ye kat\u0131lmas\u0131n\u0131n \u00f6nemini vurgulad\u0131 -\" \/>\n<meta property=\"og:description\" content=\"\u00a0Sa\u011fl\u0131k Bakan\u0131 \u0130zlem G\u00fcr\u00e7a\u011f Altu\u011fra, KKTC\u2018nin g\u00f6zlemci \u00fcye olarak Ekonomik \u0130\u015fbirli\u011fi Te\u015fkilat\u0131 (E\u0130T) toplant\u0131s\u0131na kat\u0131lmas\u0131n\u0131n \u00f6nemli oldu\u011funu ve bunun KKTC\u2018nin devlet olarak ad\u0131n\u0131n duyulmas\u0131na katk\u0131 sa\u011flad\u0131\u011f\u0131n\u0131 belirtti. E\u0130T\u2019nin 5\u2019inci Sa\u011fl\u0131k Bakanlar\u0131 Toplant\u0131s\u0131\u2019na kat\u0131lmak \u00fczere Cenevre\u2019de bulunan Altu\u011fra, AA muhabirine de\u011ferlendirmelerde bulundu. E\u0130T\u2019nin b\u00f6ylesine anlaml\u0131 bir etkinli\u011fe g\u00f6zlemci \u00fcye olarak KKTC ad\u0131na kat\u0131lmaktan mutluluk duyduklar\u0131n\u0131 belirten\" \/>\n<meta property=\"og:url\" content=\"https:\/\/kibrisdakik.com\/?p=7580\" \/>\n<meta property=\"article:published_time\" content=\"2023-05-25T13:37:21+00:00\" \/>\n<meta property=\"og:image\" content=\"https:\/\/kibrisdakik.com\/wp-content\/uploads\/2023\/05\/altugra10-740x420.jpg\" \/>\n\t<meta property=\"og:image:width\" content=\"2210\" \/>\n\t<meta property=\"og:image:height\" content=\"1430\" \/>\n\t<meta property=\"og:image:type\" content=\"image\/jpeg\" \/>\n<meta name=\"author\" content=\"admin\" \/>\n<meta name=\"twitter:card\" content=\"summary_large_image\" \/>\n<meta name=\"twitter:label1\" content=\"Yazan:\" \/>\n\t<meta name=\"twitter:data1\" content=\"admin\" \/>\n\t<meta name=\"twitter:label2\" content=\"Tahmini okuma s\u00fcresi\" \/>\n\t<meta name=\"twitter:data2\" content=\"3 dakika\" \/>\n<script type=\"application\/ld+json\" class=\"yoast-schema-graph\">{\"@context\":\"https:\\\/\\\/schema.org\",\"@graph\":[{\"@type\":\"Article\",\"@id\":\"https:\\\/\\\/kibrisdakik.com\\\/?p=7580#article\",\"isPartOf\":{\"@id\":\"https:\\\/\\\/kibrisdakik.com\\\/?p=7580\"},\"author\":{\"name\":\"admin\",\"@id\":\"https:\\\/\\\/kibrisdakik.com\\\/#\\\/schema\\\/person\\\/9cd9d437bbb44f72b73ba127e06d8e79\"},\"headline\":\"Altu\u011fra, KKTC\u2019nin g\u00f6zlemci \u00fcye olarak E\u0130T\u2019ye kat\u0131lmas\u0131n\u0131n \u00f6nemini vurgulad\u0131\",\"datePublished\":\"2023-05-25T13:37:21+00:00\",\"mainEntityOfPage\":{\"@id\":\"https:\\\/\\\/kibrisdakik.com\\\/?p=7580\"},\"wordCount\":543,\"commentCount\":0,\"image\":{\"@id\":\"https:\\\/\\\/kibrisdakik.com\\\/?p=7580#primaryimage\"},\"thumbnailUrl\":\"https:\\\/\\\/kibrisdakik.com\\\/wp-content\\\/uploads\\\/2023\\\/05\\\/altugra10-740x420.jpg\",\"articleSection\":[\"G\u00fcndem\"],\"inLanguage\":\"tr\",\"potentialAction\":[{\"@type\":\"CommentAction\",\"name\":\"Comment\",\"target\":[\"https:\\\/\\\/kibrisdakik.com\\\/?p=7580#respond\"]}]},{\"@type\":\"WebPage\",\"@id\":\"https:\\\/\\\/kibrisdakik.com\\\/?p=7580\",\"url\":\"https:\\\/\\\/kibrisdakik.com\\\/?p=7580\",\"name\":\"Altu\u011fra, KKTC\u2019nin g\u00f6zlemci \u00fcye olarak E\u0130T\u2019ye kat\u0131lmas\u0131n\u0131n \u00f6nemini vurgulad\u0131 -\",\"isPartOf\":{\"@id\":\"https:\\\/\\\/kibrisdakik.com\\\/#website\"},\"primaryImageOfPage\":{\"@id\":\"https:\\\/\\\/kibrisdakik.com\\\/?p=7580#primaryimage\"},\"image\":{\"@id\":\"https:\\\/\\\/kibrisdakik.com\\\/?p=7580#primaryimage\"},\"thumbnailUrl\":\"https:\\\/\\\/kibrisdakik.com\\\/wp-content\\\/uploads\\\/2023\\\/05\\\/altugra10-740x420.jpg\",\"datePublished\":\"2023-05-25T13:37:21+00:00\",\"author\":{\"@id\":\"https:\\\/\\\/kibrisdakik.com\\\/#\\\/schema\\\/person\\\/9cd9d437bbb44f72b73ba127e06d8e79\"},\"breadcrumb\":{\"@id\":\"https:\\\/\\\/kibrisdakik.com\\\/?p=7580#breadcrumb\"},\"inLanguage\":\"tr\",\"potentialAction\":[{\"@type\":\"ReadAction\",\"target\":[\"https:\\\/\\\/kibrisdakik.com\\\/?p=7580\"]}]},{\"@type\":\"ImageObject\",\"inLanguage\":\"tr\",\"@id\":\"https:\\\/\\\/kibrisdakik.com\\\/?p=7580#primaryimage\",\"url\":\"https:\\\/\\\/kibrisdakik.com\\\/wp-content\\\/uploads\\\/2023\\\/05\\\/altugra10-740x420.jpg\",\"contentUrl\":\"https:\\\/\\\/kibrisdakik.com\\\/wp-content\\\/uploads\\\/2023\\\/05\\\/altugra10-740x420.jpg\",\"width\":2210,\"height\":1430},{\"@type\":\"BreadcrumbList\",\"@id\":\"https:\\\/\\\/kibrisdakik.com\\\/?p=7580#breadcrumb\",\"itemListElement\":[{\"@type\":\"ListItem\",\"position\":1,\"name\":\"Home\",\"item\":\"https:\\\/\\\/kibrisdakik.com\\\/\"},{\"@type\":\"ListItem\",\"position\":2,\"name\":\"Altu\u011fra, KKTC\u2019nin g\u00f6zlemci \u00fcye olarak E\u0130T\u2019ye kat\u0131lmas\u0131n\u0131n \u00f6nemini vurgulad\u0131\"}]},{\"@type\":\"WebSite\",\"@id\":\"https:\\\/\\\/kibrisdakik.com\\\/#website\",\"url\":\"https:\\\/\\\/kibrisdakik.com\\\/\",\"name\":\"\",\"description\":\"Tam vaktinde haber\",\"potentialAction\":[{\"@type\":\"SearchAction\",\"target\":{\"@type\":\"EntryPoint\",\"urlTemplate\":\"https:\\\/\\\/kibrisdakik.com\\\/?s={search_term_string}\"},\"query-input\":{\"@type\":\"PropertyValueSpecification\",\"valueRequired\":true,\"valueName\":\"search_term_string\"}}],\"inLanguage\":\"tr\"},{\"@type\":\"Person\",\"@id\":\"https:\\\/\\\/kibrisdakik.com\\\/#\\\/schema\\\/person\\\/9cd9d437bbb44f72b73ba127e06d8e79\",\"name\":\"admin\",\"image\":{\"@type\":\"ImageObject\",\"inLanguage\":\"tr\",\"@id\":\"https:\\\/\\\/secure.gravatar.com\\\/avatar\\\/ccc17943b9d660506c869530f897617f7cb1c21a4bf30023f252596d83e1f007?s=96&d=mm&r=g\",\"url\":\"https:\\\/\\\/secure.gravatar.com\\\/avatar\\\/ccc17943b9d660506c869530f897617f7cb1c21a4bf30023f252596d83e1f007?s=96&d=mm&r=g\",\"contentUrl\":\"https:\\\/\\\/secure.gravatar.com\\\/avatar\\\/ccc17943b9d660506c869530f897617f7cb1c21a4bf30023f252596d83e1f007?s=96&d=mm&r=g\",\"caption\":\"admin\"},\"sameAs\":[\"https:\\\/\\\/kibrisdakik.com\"],\"url\":\"https:\\\/\\\/kibrisdakik.com\\\/?author=1\"}]}<\/script>\n<!-- \/ Yoast SEO plugin. -->","yoast_head_json":{"title":"Altu\u011fra, KKTC\u2019nin g\u00f6zlemci \u00fcye olarak E\u0130T\u2019ye kat\u0131lmas\u0131n\u0131n \u00f6nemini vurgulad\u0131 -","robots":{"index":"index","follow":"follow","max-snippet":"max-snippet:-1","max-image-preview":"max-image-preview:large","max-video-preview":"max-video-preview:-1"},"canonical":"https:\/\/kibrisdakik.com\/?p=7580","og_locale":"tr_TR","og_type":"article","og_title":"Altu\u011fra, KKTC\u2019nin g\u00f6zlemci \u00fcye olarak E\u0130T\u2019ye kat\u0131lmas\u0131n\u0131n \u00f6nemini vurgulad\u0131 -","og_description":"\u00a0Sa\u011fl\u0131k Bakan\u0131 \u0130zlem G\u00fcr\u00e7a\u011f Altu\u011fra, KKTC\u2018nin g\u00f6zlemci \u00fcye olarak Ekonomik \u0130\u015fbirli\u011fi Te\u015fkilat\u0131 (E\u0130T) toplant\u0131s\u0131na kat\u0131lmas\u0131n\u0131n \u00f6nemli oldu\u011funu ve bunun KKTC\u2018nin devlet olarak ad\u0131n\u0131n duyulmas\u0131na katk\u0131 sa\u011flad\u0131\u011f\u0131n\u0131 belirtti. E\u0130T\u2019nin 5\u2019inci Sa\u011fl\u0131k Bakanlar\u0131 Toplant\u0131s\u0131\u2019na kat\u0131lmak \u00fczere Cenevre\u2019de bulunan Altu\u011fra, AA muhabirine de\u011ferlendirmelerde bulundu. E\u0130T\u2019nin b\u00f6ylesine anlaml\u0131 bir etkinli\u011fe g\u00f6zlemci \u00fcye olarak KKTC ad\u0131na kat\u0131lmaktan mutluluk duyduklar\u0131n\u0131 belirten","og_url":"https:\/\/kibrisdakik.com\/?p=7580","article_published_time":"2023-05-25T13:37:21+00:00","og_image":[{"width":2210,"height":1430,"url":"https:\/\/kibrisdakik.com\/wp-content\/uploads\/2023\/05\/altugra10-740x420.jpg","type":"image\/jpeg"}],"author":"admin","twitter_card":"summary_large_image","twitter_misc":{"Yazan:":"admin","Tahmini okuma s\u00fcresi":"3 dakika"},"schema":{"@context":"https:\/\/schema.org","@graph":[{"@type":"Article","@id":"https:\/\/kibrisdakik.com\/?p=7580#article","isPartOf":{"@id":"https:\/\/kibrisdakik.com\/?p=7580"},"author":{"name":"admin","@id":"https:\/\/kibrisdakik.com\/#\/schema\/person\/9cd9d437bbb44f72b73ba127e06d8e79"},"headline":"Altu\u011fra, KKTC\u2019nin g\u00f6zlemci \u00fcye olarak E\u0130T\u2019ye kat\u0131lmas\u0131n\u0131n \u00f6nemini vurgulad\u0131","datePublished":"2023-05-25T13:37:21+00:00","mainEntityOfPage":{"@id":"https:\/\/kibrisdakik.com\/?p=7580"},"wordCount":543,"commentCount":0,"image":{"@id":"https:\/\/kibrisdakik.com\/?p=7580#primaryimage"},"thumbnailUrl":"https:\/\/kibrisdakik.com\/wp-content\/uploads\/2023\/05\/altugra10-740x420.jpg","articleSection":["G\u00fcndem"],"inLanguage":"tr","potentialAction":[{"@type":"CommentAction","name":"Comment","target":["https:\/\/kibrisdakik.com\/?p=7580#respond"]}]},{"@type":"WebPage","@id":"https:\/\/kibrisdakik.com\/?p=7580","url":"https:\/\/kibrisdakik.com\/?p=7580","name":"Altu\u011fra, KKTC\u2019nin g\u00f6zlemci \u00fcye olarak E\u0130T\u2019ye kat\u0131lmas\u0131n\u0131n \u00f6nemini vurgulad\u0131 -","isPartOf":{"@id":"https:\/\/kibrisdakik.com\/#website"},"primaryImageOfPage":{"@id":"https:\/\/kibrisdakik.com\/?p=7580#primaryimage"},"image":{"@id":"https:\/\/kibrisdakik.com\/?p=7580#primaryimage"},"thumbnailUrl":"https:\/\/kibrisdakik.com\/wp-content\/uploads\/2023\/05\/altugra10-740x420.jpg","datePublished":"2023-05-25T13:37:21+00:00","author":{"@id":"https:\/\/kibrisdakik.com\/#\/schema\/person\/9cd9d437bbb44f72b73ba127e06d8e79"},"breadcrumb":{"@id":"https:\/\/kibrisdakik.com\/?p=7580#breadcrumb"},"inLanguage":"tr","potentialAction":[{"@type":"ReadAction","target":["https:\/\/kibrisdakik.com\/?p=7580"]}]},{"@type":"ImageObject","inLanguage":"tr","@id":"https:\/\/kibrisdakik.com\/?p=7580#primaryimage","url":"https:\/\/kibrisdakik.com\/wp-content\/uploads\/2023\/05\/altugra10-740x420.jpg","contentUrl":"https:\/\/kibrisdakik.com\/wp-content\/uploads\/2023\/05\/altugra10-740x420.jpg","width":2210,"height":1430},{"@type":"BreadcrumbList","@id":"https:\/\/kibrisdakik.com\/?p=7580#breadcrumb","itemListElement":[{"@type":"ListItem","position":1,"name":"Home","item":"https:\/\/kibrisdakik.com\/"},{"@type":"ListItem","position":2,"name":"Altu\u011fra, KKTC\u2019nin g\u00f6zlemci \u00fcye olarak E\u0130T\u2019ye kat\u0131lmas\u0131n\u0131n \u00f6nemini vurgulad\u0131"}]},{"@type":"WebSite","@id":"https:\/\/kibrisdakik.com\/#website","url":"https:\/\/kibrisdakik.com\/","name":"","description":"Tam vaktinde haber","potentialAction":[{"@type":"SearchAction","target":{"@type":"EntryPoint","urlTemplate":"https:\/\/kibrisdakik.com\/?s={search_term_string}"},"query-input":{"@type":"PropertyValueSpecification","valueRequired":true,"valueName":"search_term_string"}}],"inLanguage":"tr"},{"@type":"Person","@id":"https:\/\/kibrisdakik.com\/#\/schema\/person\/9cd9d437bbb44f72b73ba127e06d8e79","name":"admin","image":{"@type":"ImageObject","inLanguage":"tr","@id":"https:\/\/secure.gravatar.com\/avatar\/ccc17943b9d660506c869530f897617f7cb1c21a4bf30023f252596d83e1f007?s=96&d=mm&r=g","url":"https:\/\/secure.gravatar.com\/avatar\/ccc17943b9d660506c869530f897617f7cb1c21a4bf30023f252596d83e1f007?s=96&d=mm&r=g","contentUrl":"https:\/\/secure.gravatar.com\/avatar\/ccc17943b9d660506c869530f897617f7cb1c21a4bf30023f252596d83e1f007?s=96&d=mm&r=g","caption":"admin"},"sameAs":["https:\/\/kibrisdakik.com"],"url":"https:\/\/kibrisdakik.com\/?author=1"}]}},"_links":{"self":[{"href":"https:\/\/kibrisdakik.com\/index.php?rest_route=\/wp\/v2\/posts\/7580","targetHints":{"allow":["GET"]}}],"collection":[{"href":"https:\/\/kibrisdakik.com\/index.php?rest_route=\/wp\/v2\/posts"}],"about":[{"href":"https:\/\/kibrisdakik.com\/index.php?rest_route=\/wp\/v2\/types\/post"}],"author":[{"embeddable":true,"href":"https:\/\/kibrisdakik.com\/index.php?rest_route=\/wp\/v2\/users\/1"}],"replies":[{"embeddable":true,"href":"https:\/\/kibrisdakik.com\/index.php?rest_route=%2Fwp%2Fv2%2Fcomments&post=7580"}],"version-history":[{"count":0,"href":"https:\/\/kibrisdakik.com\/index.php?rest_route=\/wp\/v2\/posts\/7580\/revisions"}],"wp:featuredmedia":[{"embeddable":true,"href":"https:\/\/kibrisdakik.com\/index.php?rest_route=\/wp\/v2\/media\/7581"}],"wp:attachment":[{"href":"https:\/\/kibrisdakik.com\/index.php?rest_route=%2Fwp%2Fv2%2Fmedia&parent=7580"}],"wp:term":[{"taxonomy":"category","embeddable":true,"href":"https:\/\/kibrisdakik.com\/index.php?rest_route=%2Fwp%2Fv2%2Fcategories&post=7580"},{"taxonomy":"post_tag","embeddable":true,"href":"https:\/\/kibrisdakik.com\/index.php?rest_route=%2Fwp%2Fv2%2Ftags&post=7580"}],"curies":[{"name":"wp","href":"https:\/\/api.w.org\/{rel}","templated":true}]}}