{"id":75802,"date":"2025-02-17T16:27:06","date_gmt":"2025-02-17T13:27:06","guid":{"rendered":"https:\/\/kibrisdakik.com\/index.php\/2025\/02\/17\/dondurucu-soguklar-geliyor-sicaklikta-8-derecelik-dusus-hafta-sonu-ise-karla-karisik-yagmur-veya-kar-bekleniyor\/"},"modified":"2025-02-17T16:27:06","modified_gmt":"2025-02-17T13:27:06","slug":"dondurucu-soguklar-geliyor-sicaklikta-8-derecelik-dusus-hafta-sonu-ise-karla-karisik-yagmur-veya-kar-bekleniyor","status":"publish","type":"post","link":"https:\/\/kibrisdakik.com\/?p=75802","title":{"rendered":"Dondurucu so\u011fuklar geliyor\u2026 S\u0131cakl\u0131kta 8 derecelik d\u00fc\u015f\u00fc\u015f, hafta sonu ise karla kar\u0131\u015f\u0131k ya\u011fmur veya kar bekleniyor"},"content":{"rendered":"<div>\n<div class=\"mariselle-image-container center\">\n                                            <\/div>\n<p>Dondurucu so\u011fuklar geliyor. Meteorolojiye g\u00f6re per\u015fembeden itibaren hava s\u0131cakl\u0131\u011f\u0131 8 derece birden d\u00fc\u015fecek.  Yar\u0131ndan itibaren, ya\u011fmur,  sis, don, hafta sonu ise karla kar\u0131\u015f\u0131k ya\u011fmur veya kar bekleniyor. R\u00fczgar da zaman zaman kuvvetli esecek.<\/p>\n<p>T\u00fcrkiye\u2019de Sibirya \u00fczerinden gelen so\u011fuk hava dalgas\u0131yla s\u0131cakl\u0131\u011f\u0131n h\u0131zla d\u00fc\u015fece\u011fi a\u00e7\u0131klan\u0131rken, KKTC  Meteoroloji Dairesi de hafta sonuna do\u011fru olduk\u00e7a so\u011fuk bir hava gelece\u011fini duyurdu.<\/p>\n<p>Meteoroloji Dairesi\u2019nin 18 \u2013 24 \u015eubat tarihlerini kapsayan d\u00f6nem i\u00e7in yay\u0131mlad\u0131\u011f\u0131 hava tahmin raporuna g\u00f6re, b\u00f6lge genellikle al\u00e7ak bas\u0131n\u00e7 sistemiyle periyodun ilk g\u00fcnleri so\u011fuk ve nemli, per\u015fembe g\u00fcn\u00fcnden itibaren ise olduk\u00e7a so\u011fuk ve nemli hava k\u00fctlesinin etkisi alt\u0131nda kalacak.<\/p>\n<p>Meteorolojinin raporuna g\u00f6re, hafta boyunca hava genellikle par\u00e7al\u0131 bulutlu ge\u00e7ecek.<\/p>\n<p>Yar\u0131n ve \u00e7ar\u015famba g\u00fcn\u00fc yer yer sa\u011fanak veya g\u00f6k g\u00fcr\u00fclt\u00fcl\u00fc sa\u011fanak ya\u011fmur, sabah saatleri de yer yer sis g\u00f6r\u00fclecek.<\/p>\n<p><strong>-Per\u015fembe g\u00fcn\u00fc s\u0131cakl\u0131klar 8 derece birden d\u00fc\u015fecek<\/strong><\/p>\n<p>Hava s\u0131cakl\u0131\u011f\u0131n\u0131n 8 derece birden d\u00fc\u015fece\u011fi per\u015fembe g\u00fcn\u00fc \u00f6\u011fleye kadar yer yer sa\u011fanak ya\u011fmurlu ge\u00e7ecek. Cuma g\u00fcn\u00fc ise sabah saatleri yer yer don olacak.<\/p>\n<p>Cumartesi ve pazar g\u00fcnleri sa\u011fanak ya\u011fmurlu, yer yer karla kar\u0131\u015f\u0131k ya\u011fmurlu veya kar ya\u011f\u0131\u015f\u0131 beklenirken, sabah saatleri yer yer don g\u00f6r\u00fclecek.  Hava, pazartesi par\u00e7al\u0131 bulutlu ge\u00e7ecek.<\/p>\n<p>En y\u00fcksek hava s\u0131cakl\u0131\u011f\u0131 periyodun ilk g\u00fcnleri i\u00e7 kesimlerde ve sahillerde 16 \u2013 19, son g\u00fcnlerinde ise 8 \u2013 11 derece dolaylar\u0131nda seyredecek.<\/p>\n<p><strong>-R\u00fczgar da kuvvetli esecek<\/strong><\/p>\n<p>R\u00fczgar, periyodun ilk g\u00fcn\u00fc G\u00fcney ve Do\u011fu y\u00f6nlerden orta, di\u011fer g\u00fcnlerde ise Kuzey ve Bat\u0131 y\u00f6nlerden kuvvetli, zaman zaman f\u0131rt\u0131nams\u0131 r\u00fczgar veya f\u0131rt\u0131na \u015feklinde esecek.<\/p>\n<\/p><\/div>\n<p><script async\n                    defer\n                    crossorigin=\"anonymous\"\n                    src=\"https:\/\/connect.facebook.net\/tr_TR\/sdk.js#xfbml=1&#038;version=v3.3\"\n            ><\/script><\/p>\n","protected":false},"excerpt":{"rendered":"<p>Dondurucu so\u011fuklar geliyor. Meteorolojiye g\u00f6re per\u015fembeden itibaren hava s\u0131cakl\u0131\u011f\u0131 8 derece birden d\u00fc\u015fecek. Yar\u0131ndan itibaren, ya\u011fmur, sis, don, hafta sonu ise karla kar\u0131\u015f\u0131k ya\u011fmur veya kar bekleniyor. R\u00fczgar da zaman zaman kuvvetli esecek. T\u00fcrkiye\u2019de Sibirya \u00fczerinden gelen so\u011fuk hava dalgas\u0131yla s\u0131cakl\u0131\u011f\u0131n h\u0131zla d\u00fc\u015fece\u011fi a\u00e7\u0131klan\u0131rken, KKTC Meteoroloji Dairesi de hafta sonuna do\u011fru olduk\u00e7a so\u011fuk bir hava<\/p>\n","protected":false},"author":1,"featured_media":75803,"comment_status":"open","ping_status":"open","sticky":false,"template":"","format":"standard","meta":{"footnotes":""},"categories":[81,101],"tags":[],"class_list":["post-75802","post","type-post","status-publish","format-standard","has-post-thumbnail","hentry","category-kibris","category-manset"],"yoast_head":"<!-- This site is optimized with the Yoast SEO plugin v27.5 - https:\/\/yoast.com\/product\/yoast-seo-wordpress\/ -->\n<title>Dondurucu so\u011fuklar geliyor\u2026 S\u0131cakl\u0131kta 8 derecelik d\u00fc\u015f\u00fc\u015f, hafta sonu ise karla kar\u0131\u015f\u0131k ya\u011fmur veya kar bekleniyor -<\/title>\n<meta name=\"robots\" content=\"index, follow, max-snippet:-1, max-image-preview:large, max-video-preview:-1\" \/>\n<link rel=\"canonical\" href=\"https:\/\/kibrisdakik.com\/?p=75802\" \/>\n<meta property=\"og:locale\" content=\"tr_TR\" \/>\n<meta property=\"og:type\" content=\"article\" \/>\n<meta property=\"og:title\" content=\"Dondurucu so\u011fuklar geliyor\u2026 S\u0131cakl\u0131kta 8 derecelik d\u00fc\u015f\u00fc\u015f, hafta sonu ise karla kar\u0131\u015f\u0131k ya\u011fmur veya kar bekleniyor -\" \/>\n<meta property=\"og:description\" content=\"Dondurucu so\u011fuklar geliyor. Meteorolojiye g\u00f6re per\u015fembeden itibaren hava s\u0131cakl\u0131\u011f\u0131 8 derece birden d\u00fc\u015fecek. Yar\u0131ndan itibaren, ya\u011fmur, sis, don, hafta sonu ise karla kar\u0131\u015f\u0131k ya\u011fmur veya kar bekleniyor. R\u00fczgar da zaman zaman kuvvetli esecek. T\u00fcrkiye\u2019de Sibirya \u00fczerinden gelen so\u011fuk hava dalgas\u0131yla s\u0131cakl\u0131\u011f\u0131n h\u0131zla d\u00fc\u015fece\u011fi a\u00e7\u0131klan\u0131rken, KKTC Meteoroloji Dairesi de hafta sonuna do\u011fru olduk\u00e7a so\u011fuk bir hava\" \/>\n<meta property=\"og:url\" content=\"https:\/\/kibrisdakik.com\/?p=75802\" \/>\n<meta property=\"article:published_time\" content=\"2025-02-17T13:27:06+00:00\" \/>\n<meta property=\"og:image\" content=\"https:\/\/kibrisdakik.com\/wp-content\/uploads\/2025\/02\/767777777777777777777-740x420.jpg\" \/>\n\t<meta property=\"og:image:width\" content=\"900\" \/>\n\t<meta property=\"og:image:height\" content=\"540\" \/>\n\t<meta property=\"og:image:type\" content=\"image\/jpeg\" \/>\n<meta name=\"author\" content=\"admin\" \/>\n<meta name=\"twitter:card\" content=\"summary_large_image\" \/>\n<meta name=\"twitter:label1\" content=\"Yazan:\" \/>\n\t<meta name=\"twitter:data1\" content=\"admin\" \/>\n\t<meta name=\"twitter:label2\" content=\"Tahmini okuma s\u00fcresi\" \/>\n\t<meta name=\"twitter:data2\" content=\"2 dakika\" \/>\n<script type=\"application\/ld+json\" class=\"yoast-schema-graph\">{\"@context\":\"https:\\\/\\\/schema.org\",\"@graph\":[{\"@type\":\"Article\",\"@id\":\"https:\\\/\\\/kibrisdakik.com\\\/?p=75802#article\",\"isPartOf\":{\"@id\":\"https:\\\/\\\/kibrisdakik.com\\\/?p=75802\"},\"author\":{\"name\":\"admin\",\"@id\":\"https:\\\/\\\/kibrisdakik.com\\\/#\\\/schema\\\/person\\\/9cd9d437bbb44f72b73ba127e06d8e79\"},\"headline\":\"Dondurucu so\u011fuklar geliyor\u2026 S\u0131cakl\u0131kta 8 derecelik d\u00fc\u015f\u00fc\u015f, hafta sonu ise karla kar\u0131\u015f\u0131k ya\u011fmur veya kar bekleniyor\",\"datePublished\":\"2025-02-17T13:27:06+00:00\",\"mainEntityOfPage\":{\"@id\":\"https:\\\/\\\/kibrisdakik.com\\\/?p=75802\"},\"wordCount\":343,\"commentCount\":0,\"image\":{\"@id\":\"https:\\\/\\\/kibrisdakik.com\\\/?p=75802#primaryimage\"},\"thumbnailUrl\":\"https:\\\/\\\/kibrisdakik.com\\\/wp-content\\\/uploads\\\/2025\\\/02\\\/767777777777777777777-740x420.jpg\",\"articleSection\":[\"K\u0131br\u0131s\",\"Man\u015fet\"],\"inLanguage\":\"tr\",\"potentialAction\":[{\"@type\":\"CommentAction\",\"name\":\"Comment\",\"target\":[\"https:\\\/\\\/kibrisdakik.com\\\/?p=75802#respond\"]}]},{\"@type\":\"WebPage\",\"@id\":\"https:\\\/\\\/kibrisdakik.com\\\/?p=75802\",\"url\":\"https:\\\/\\\/kibrisdakik.com\\\/?p=75802\",\"name\":\"Dondurucu so\u011fuklar geliyor\u2026 S\u0131cakl\u0131kta 8 derecelik d\u00fc\u015f\u00fc\u015f, hafta sonu ise karla kar\u0131\u015f\u0131k ya\u011fmur veya kar bekleniyor -\",\"isPartOf\":{\"@id\":\"https:\\\/\\\/kibrisdakik.com\\\/#website\"},\"primaryImageOfPage\":{\"@id\":\"https:\\\/\\\/kibrisdakik.com\\\/?p=75802#primaryimage\"},\"image\":{\"@id\":\"https:\\\/\\\/kibrisdakik.com\\\/?p=75802#primaryimage\"},\"thumbnailUrl\":\"https:\\\/\\\/kibrisdakik.com\\\/wp-content\\\/uploads\\\/2025\\\/02\\\/767777777777777777777-740x420.jpg\",\"datePublished\":\"2025-02-17T13:27:06+00:00\",\"author\":{\"@id\":\"https:\\\/\\\/kibrisdakik.com\\\/#\\\/schema\\\/person\\\/9cd9d437bbb44f72b73ba127e06d8e79\"},\"breadcrumb\":{\"@id\":\"https:\\\/\\\/kibrisdakik.com\\\/?p=75802#breadcrumb\"},\"inLanguage\":\"tr\",\"potentialAction\":[{\"@type\":\"ReadAction\",\"target\":[\"https:\\\/\\\/kibrisdakik.com\\\/?p=75802\"]}]},{\"@type\":\"ImageObject\",\"inLanguage\":\"tr\",\"@id\":\"https:\\\/\\\/kibrisdakik.com\\\/?p=75802#primaryimage\",\"url\":\"https:\\\/\\\/kibrisdakik.com\\\/wp-content\\\/uploads\\\/2025\\\/02\\\/767777777777777777777-740x420.jpg\",\"contentUrl\":\"https:\\\/\\\/kibrisdakik.com\\\/wp-content\\\/uploads\\\/2025\\\/02\\\/767777777777777777777-740x420.jpg\",\"width\":900,\"height\":540},{\"@type\":\"BreadcrumbList\",\"@id\":\"https:\\\/\\\/kibrisdakik.com\\\/?p=75802#breadcrumb\",\"itemListElement\":[{\"@type\":\"ListItem\",\"position\":1,\"name\":\"Home\",\"item\":\"https:\\\/\\\/kibrisdakik.com\\\/\"},{\"@type\":\"ListItem\",\"position\":2,\"name\":\"Dondurucu so\u011fuklar geliyor\u2026 S\u0131cakl\u0131kta 8 derecelik d\u00fc\u015f\u00fc\u015f, hafta sonu ise karla kar\u0131\u015f\u0131k ya\u011fmur veya kar bekleniyor\"}]},{\"@type\":\"WebSite\",\"@id\":\"https:\\\/\\\/kibrisdakik.com\\\/#website\",\"url\":\"https:\\\/\\\/kibrisdakik.com\\\/\",\"name\":\"\",\"description\":\"Tam vaktinde haber\",\"potentialAction\":[{\"@type\":\"SearchAction\",\"target\":{\"@type\":\"EntryPoint\",\"urlTemplate\":\"https:\\\/\\\/kibrisdakik.com\\\/?s={search_term_string}\"},\"query-input\":{\"@type\":\"PropertyValueSpecification\",\"valueRequired\":true,\"valueName\":\"search_term_string\"}}],\"inLanguage\":\"tr\"},{\"@type\":\"Person\",\"@id\":\"https:\\\/\\\/kibrisdakik.com\\\/#\\\/schema\\\/person\\\/9cd9d437bbb44f72b73ba127e06d8e79\",\"name\":\"admin\",\"image\":{\"@type\":\"ImageObject\",\"inLanguage\":\"tr\",\"@id\":\"https:\\\/\\\/secure.gravatar.com\\\/avatar\\\/ccc17943b9d660506c869530f897617f7cb1c21a4bf30023f252596d83e1f007?s=96&d=mm&r=g\",\"url\":\"https:\\\/\\\/secure.gravatar.com\\\/avatar\\\/ccc17943b9d660506c869530f897617f7cb1c21a4bf30023f252596d83e1f007?s=96&d=mm&r=g\",\"contentUrl\":\"https:\\\/\\\/secure.gravatar.com\\\/avatar\\\/ccc17943b9d660506c869530f897617f7cb1c21a4bf30023f252596d83e1f007?s=96&d=mm&r=g\",\"caption\":\"admin\"},\"sameAs\":[\"https:\\\/\\\/kibrisdakik.com\"],\"url\":\"https:\\\/\\\/kibrisdakik.com\\\/?author=1\"}]}<\/script>\n<!-- \/ Yoast SEO plugin. -->","yoast_head_json":{"title":"Dondurucu so\u011fuklar geliyor\u2026 S\u0131cakl\u0131kta 8 derecelik d\u00fc\u015f\u00fc\u015f, hafta sonu ise karla kar\u0131\u015f\u0131k ya\u011fmur veya kar bekleniyor -","robots":{"index":"index","follow":"follow","max-snippet":"max-snippet:-1","max-image-preview":"max-image-preview:large","max-video-preview":"max-video-preview:-1"},"canonical":"https:\/\/kibrisdakik.com\/?p=75802","og_locale":"tr_TR","og_type":"article","og_title":"Dondurucu so\u011fuklar geliyor\u2026 S\u0131cakl\u0131kta 8 derecelik d\u00fc\u015f\u00fc\u015f, hafta sonu ise karla kar\u0131\u015f\u0131k ya\u011fmur veya kar bekleniyor -","og_description":"Dondurucu so\u011fuklar geliyor. Meteorolojiye g\u00f6re per\u015fembeden itibaren hava s\u0131cakl\u0131\u011f\u0131 8 derece birden d\u00fc\u015fecek. Yar\u0131ndan itibaren, ya\u011fmur, sis, don, hafta sonu ise karla kar\u0131\u015f\u0131k ya\u011fmur veya kar bekleniyor. R\u00fczgar da zaman zaman kuvvetli esecek. T\u00fcrkiye\u2019de Sibirya \u00fczerinden gelen so\u011fuk hava dalgas\u0131yla s\u0131cakl\u0131\u011f\u0131n h\u0131zla d\u00fc\u015fece\u011fi a\u00e7\u0131klan\u0131rken, KKTC Meteoroloji Dairesi de hafta sonuna do\u011fru olduk\u00e7a so\u011fuk bir hava","og_url":"https:\/\/kibrisdakik.com\/?p=75802","article_published_time":"2025-02-17T13:27:06+00:00","og_image":[{"width":900,"height":540,"url":"https:\/\/kibrisdakik.com\/wp-content\/uploads\/2025\/02\/767777777777777777777-740x420.jpg","type":"image\/jpeg"}],"author":"admin","twitter_card":"summary_large_image","twitter_misc":{"Yazan:":"admin","Tahmini okuma s\u00fcresi":"2 dakika"},"schema":{"@context":"https:\/\/schema.org","@graph":[{"@type":"Article","@id":"https:\/\/kibrisdakik.com\/?p=75802#article","isPartOf":{"@id":"https:\/\/kibrisdakik.com\/?p=75802"},"author":{"name":"admin","@id":"https:\/\/kibrisdakik.com\/#\/schema\/person\/9cd9d437bbb44f72b73ba127e06d8e79"},"headline":"Dondurucu so\u011fuklar geliyor\u2026 S\u0131cakl\u0131kta 8 derecelik d\u00fc\u015f\u00fc\u015f, hafta sonu ise karla kar\u0131\u015f\u0131k ya\u011fmur veya kar bekleniyor","datePublished":"2025-02-17T13:27:06+00:00","mainEntityOfPage":{"@id":"https:\/\/kibrisdakik.com\/?p=75802"},"wordCount":343,"commentCount":0,"image":{"@id":"https:\/\/kibrisdakik.com\/?p=75802#primaryimage"},"thumbnailUrl":"https:\/\/kibrisdakik.com\/wp-content\/uploads\/2025\/02\/767777777777777777777-740x420.jpg","articleSection":["K\u0131br\u0131s","Man\u015fet"],"inLanguage":"tr","potentialAction":[{"@type":"CommentAction","name":"Comment","target":["https:\/\/kibrisdakik.com\/?p=75802#respond"]}]},{"@type":"WebPage","@id":"https:\/\/kibrisdakik.com\/?p=75802","url":"https:\/\/kibrisdakik.com\/?p=75802","name":"Dondurucu so\u011fuklar geliyor\u2026 S\u0131cakl\u0131kta 8 derecelik d\u00fc\u015f\u00fc\u015f, hafta sonu ise karla kar\u0131\u015f\u0131k ya\u011fmur veya kar bekleniyor -","isPartOf":{"@id":"https:\/\/kibrisdakik.com\/#website"},"primaryImageOfPage":{"@id":"https:\/\/kibrisdakik.com\/?p=75802#primaryimage"},"image":{"@id":"https:\/\/kibrisdakik.com\/?p=75802#primaryimage"},"thumbnailUrl":"https:\/\/kibrisdakik.com\/wp-content\/uploads\/2025\/02\/767777777777777777777-740x420.jpg","datePublished":"2025-02-17T13:27:06+00:00","author":{"@id":"https:\/\/kibrisdakik.com\/#\/schema\/person\/9cd9d437bbb44f72b73ba127e06d8e79"},"breadcrumb":{"@id":"https:\/\/kibrisdakik.com\/?p=75802#breadcrumb"},"inLanguage":"tr","potentialAction":[{"@type":"ReadAction","target":["https:\/\/kibrisdakik.com\/?p=75802"]}]},{"@type":"ImageObject","inLanguage":"tr","@id":"https:\/\/kibrisdakik.com\/?p=75802#primaryimage","url":"https:\/\/kibrisdakik.com\/wp-content\/uploads\/2025\/02\/767777777777777777777-740x420.jpg","contentUrl":"https:\/\/kibrisdakik.com\/wp-content\/uploads\/2025\/02\/767777777777777777777-740x420.jpg","width":900,"height":540},{"@type":"BreadcrumbList","@id":"https:\/\/kibrisdakik.com\/?p=75802#breadcrumb","itemListElement":[{"@type":"ListItem","position":1,"name":"Home","item":"https:\/\/kibrisdakik.com\/"},{"@type":"ListItem","position":2,"name":"Dondurucu so\u011fuklar geliyor\u2026 S\u0131cakl\u0131kta 8 derecelik d\u00fc\u015f\u00fc\u015f, hafta sonu ise karla kar\u0131\u015f\u0131k ya\u011fmur veya kar bekleniyor"}]},{"@type":"WebSite","@id":"https:\/\/kibrisdakik.com\/#website","url":"https:\/\/kibrisdakik.com\/","name":"","description":"Tam vaktinde haber","potentialAction":[{"@type":"SearchAction","target":{"@type":"EntryPoint","urlTemplate":"https:\/\/kibrisdakik.com\/?s={search_term_string}"},"query-input":{"@type":"PropertyValueSpecification","valueRequired":true,"valueName":"search_term_string"}}],"inLanguage":"tr"},{"@type":"Person","@id":"https:\/\/kibrisdakik.com\/#\/schema\/person\/9cd9d437bbb44f72b73ba127e06d8e79","name":"admin","image":{"@type":"ImageObject","inLanguage":"tr","@id":"https:\/\/secure.gravatar.com\/avatar\/ccc17943b9d660506c869530f897617f7cb1c21a4bf30023f252596d83e1f007?s=96&d=mm&r=g","url":"https:\/\/secure.gravatar.com\/avatar\/ccc17943b9d660506c869530f897617f7cb1c21a4bf30023f252596d83e1f007?s=96&d=mm&r=g","contentUrl":"https:\/\/secure.gravatar.com\/avatar\/ccc17943b9d660506c869530f897617f7cb1c21a4bf30023f252596d83e1f007?s=96&d=mm&r=g","caption":"admin"},"sameAs":["https:\/\/kibrisdakik.com"],"url":"https:\/\/kibrisdakik.com\/?author=1"}]}},"_links":{"self":[{"href":"https:\/\/kibrisdakik.com\/index.php?rest_route=\/wp\/v2\/posts\/75802","targetHints":{"allow":["GET"]}}],"collection":[{"href":"https:\/\/kibrisdakik.com\/index.php?rest_route=\/wp\/v2\/posts"}],"about":[{"href":"https:\/\/kibrisdakik.com\/index.php?rest_route=\/wp\/v2\/types\/post"}],"author":[{"embeddable":true,"href":"https:\/\/kibrisdakik.com\/index.php?rest_route=\/wp\/v2\/users\/1"}],"replies":[{"embeddable":true,"href":"https:\/\/kibrisdakik.com\/index.php?rest_route=%2Fwp%2Fv2%2Fcomments&post=75802"}],"version-history":[{"count":0,"href":"https:\/\/kibrisdakik.com\/index.php?rest_route=\/wp\/v2\/posts\/75802\/revisions"}],"wp:featuredmedia":[{"embeddable":true,"href":"https:\/\/kibrisdakik.com\/index.php?rest_route=\/wp\/v2\/media\/75803"}],"wp:attachment":[{"href":"https:\/\/kibrisdakik.com\/index.php?rest_route=%2Fwp%2Fv2%2Fmedia&parent=75802"}],"wp:term":[{"taxonomy":"category","embeddable":true,"href":"https:\/\/kibrisdakik.com\/index.php?rest_route=%2Fwp%2Fv2%2Fcategories&post=75802"},{"taxonomy":"post_tag","embeddable":true,"href":"https:\/\/kibrisdakik.com\/index.php?rest_route=%2Fwp%2Fv2%2Ftags&post=75802"}],"curies":[{"name":"wp","href":"https:\/\/api.w.org\/{rel}","templated":true}]}}