{"id":75841,"date":"2025-02-18T11:16:15","date_gmt":"2025-02-18T08:16:15","guid":{"rendered":"https:\/\/kibrisdakik.com\/index.php\/2025\/02\/18\/sivil-savunma-teskilati-baskanliginin-imkan-ve-kabiliyetleri-tanitilacak\/"},"modified":"2025-02-18T11:16:15","modified_gmt":"2025-02-18T08:16:15","slug":"sivil-savunma-teskilati-baskanliginin-imkan-ve-kabiliyetleri-tanitilacak","status":"publish","type":"post","link":"https:\/\/kibrisdakik.com\/?p=75841","title":{"rendered":"\u201cSivil Savunma Te\u015fkilat\u0131 Ba\u015fkanl\u0131\u011f\u0131\u2019n\u0131n \u0130mkan ve Kabiliyetleri\u201d tan\u0131t\u0131lacak"},"content":{"rendered":"<div>\n<div class=\"mariselle-image-container center\">\n                                            <\/div>\n<p> Sivil Savunma Te\u015fkilat\u0131 Ba\u015fkanl\u0131\u011f\u0131\u2019n\u0131n yenilenen ara\u00e7 ve envanterleri, yar\u0131n, Ba\u015fbakan \u00dcnal \u00dcstel\u2019in kat\u0131l\u0131m\u0131yla d\u00fczenlenecek etkinlikle tan\u0131t\u0131lacak.<\/p>\n<p>Sivil Savunma Te\u015fkilat\u0131 Ba\u015fkanl\u0131\u011f\u0131\u2019ndan a\u00e7\u0131klamada, afet ve acil durumlarda koordinat\u00f6r kurum olarak g\u00f6rev yapan, Ba\u015fbakanl\u0131k b\u00fcnyesindeki Sivil Savunma\u2019n\u0131n \u00e7a\u011f\u0131n gerektirdi\u011fi her t\u00fcrl\u00fc teknolojik ve bilimsel geli\u015fmeleri yak\u0131ndan takip etti\u011fi belirtildi. Yurti\u00e7i ve yurt d\u0131\u015f\u0131 g\u00f6revlere haz\u0131r olan Sivil Savunma\u2019n\u0131n \u00f6ncelikle arama kurtarma, orman yang\u0131nlar\u0131 ve sel\/su ta\u015fk\u0131nlar\u0131nda m\u00fcdahaleci unsur olarak her an g\u00f6rev almaya haz\u0131r oldu\u011fu da kaydedildi.<\/p>\n<p>A\u00e7\u0131klamada, \u201cZaman i\u00e7erisinde eskiyen ve y\u0131pranan ara\u00e7 filomuz, son birka\u00e7 y\u0131lda b\u00fcy\u00fck u\u011fra\u015flar sonucu Anavatan\u0131m\u0131z T\u00fcrkiye Cumhuriyeti\u2019nden al\u0131nan maddi yard\u0131m ve Ba\u015fbakan\u0131m\u0131z\u0131n deste\u011fiyle yenilenmeye ba\u015flam\u0131\u015ft\u0131r. Bu s\u00fcre\u00e7te al\u0131nan ara\u00e7lar\u0131n ve envanterlerin kamuoyuna tan\u0131t\u0131m\u0131 planlanm\u0131\u015ft\u0131r. Bu ba\u011flamda, \u2018Sivil Savunma Te\u015fkilat\u0131 Ba\u015fkanl\u0131\u011f\u0131\u2019n\u0131n \u0130mkan ve Kabiliyetleri\u2019 19 \u015eubat 2025 \u00c7ar\u015famba g\u00fcn\u00fc 12.30 \u2013 13.30 saatleri aras\u0131nda Ba\u015fbakan\u0131m\u0131z Say\u0131n \u00dcnal \u00dcstel\u2019in kat\u0131l\u0131mlar\u0131yla Sivil Savunma Te\u015fkilat\u0131 Ba\u015fkanl\u0131\u011f\u0131 Metehan E\u011fitim ve Tatbikat Alan\u0131 Lefko\u015fa\u2019da ger\u00e7ekle\u015ftirilecektir.\u201d denildi.<\/p>\n<\/p><\/div>\n<p><script async\n                    defer\n                    crossorigin=\"anonymous\"\n                    src=\"https:\/\/connect.facebook.net\/tr_TR\/sdk.js#xfbml=1&#038;version=v3.3\"\n            ><\/script><\/p>\n","protected":false},"excerpt":{"rendered":"<p>Sivil Savunma Te\u015fkilat\u0131 Ba\u015fkanl\u0131\u011f\u0131\u2019n\u0131n yenilenen ara\u00e7 ve envanterleri, yar\u0131n, Ba\u015fbakan \u00dcnal \u00dcstel\u2019in kat\u0131l\u0131m\u0131yla d\u00fczenlenecek etkinlikle tan\u0131t\u0131lacak. Sivil Savunma Te\u015fkilat\u0131 Ba\u015fkanl\u0131\u011f\u0131\u2019ndan a\u00e7\u0131klamada, afet ve acil durumlarda koordinat\u00f6r kurum olarak g\u00f6rev yapan, Ba\u015fbakanl\u0131k b\u00fcnyesindeki Sivil Savunma\u2019n\u0131n \u00e7a\u011f\u0131n gerektirdi\u011fi her t\u00fcrl\u00fc teknolojik ve bilimsel geli\u015fmeleri yak\u0131ndan takip etti\u011fi belirtildi. Yurti\u00e7i ve yurt d\u0131\u015f\u0131 g\u00f6revlere haz\u0131r olan Sivil Savunma\u2019n\u0131n<\/p>\n","protected":false},"author":1,"featured_media":75842,"comment_status":"open","ping_status":"open","sticky":false,"template":"","format":"standard","meta":{"footnotes":""},"categories":[81,101],"tags":[],"class_list":["post-75841","post","type-post","status-publish","format-standard","has-post-thumbnail","hentry","category-kibris","category-manset"],"yoast_head":"<!-- This site is optimized with the Yoast SEO plugin v27.5 - https:\/\/yoast.com\/product\/yoast-seo-wordpress\/ -->\n<title>\u201cSivil Savunma Te\u015fkilat\u0131 Ba\u015fkanl\u0131\u011f\u0131\u2019n\u0131n \u0130mkan ve Kabiliyetleri\u201d tan\u0131t\u0131lacak -<\/title>\n<meta name=\"robots\" content=\"index, follow, max-snippet:-1, max-image-preview:large, max-video-preview:-1\" \/>\n<link rel=\"canonical\" href=\"https:\/\/kibrisdakik.com\/?p=75841\" \/>\n<meta property=\"og:locale\" content=\"tr_TR\" \/>\n<meta property=\"og:type\" content=\"article\" \/>\n<meta property=\"og:title\" content=\"\u201cSivil Savunma Te\u015fkilat\u0131 Ba\u015fkanl\u0131\u011f\u0131\u2019n\u0131n \u0130mkan ve Kabiliyetleri\u201d tan\u0131t\u0131lacak -\" \/>\n<meta property=\"og:description\" content=\"Sivil Savunma Te\u015fkilat\u0131 Ba\u015fkanl\u0131\u011f\u0131\u2019n\u0131n yenilenen ara\u00e7 ve envanterleri, yar\u0131n, Ba\u015fbakan \u00dcnal \u00dcstel\u2019in kat\u0131l\u0131m\u0131yla d\u00fczenlenecek etkinlikle tan\u0131t\u0131lacak. Sivil Savunma Te\u015fkilat\u0131 Ba\u015fkanl\u0131\u011f\u0131\u2019ndan a\u00e7\u0131klamada, afet ve acil durumlarda koordinat\u00f6r kurum olarak g\u00f6rev yapan, Ba\u015fbakanl\u0131k b\u00fcnyesindeki Sivil Savunma\u2019n\u0131n \u00e7a\u011f\u0131n gerektirdi\u011fi her t\u00fcrl\u00fc teknolojik ve bilimsel geli\u015fmeleri yak\u0131ndan takip etti\u011fi belirtildi. Yurti\u00e7i ve yurt d\u0131\u015f\u0131 g\u00f6revlere haz\u0131r olan Sivil Savunma\u2019n\u0131n\" \/>\n<meta property=\"og:url\" content=\"https:\/\/kibrisdakik.com\/?p=75841\" \/>\n<meta property=\"article:published_time\" content=\"2025-02-18T08:16:15+00:00\" \/>\n<meta property=\"og:image\" content=\"https:\/\/kibrisdakik.com\/wp-content\/uploads\/2025\/02\/sivil-savunma-1-740x420.jpg\" \/>\n\t<meta property=\"og:image:width\" content=\"1008\" \/>\n\t<meta property=\"og:image:height\" content=\"489\" \/>\n\t<meta property=\"og:image:type\" content=\"image\/jpeg\" \/>\n<meta name=\"author\" content=\"admin\" \/>\n<meta name=\"twitter:card\" content=\"summary_large_image\" \/>\n<meta name=\"twitter:label1\" content=\"Yazan:\" \/>\n\t<meta name=\"twitter:data1\" content=\"admin\" \/>\n\t<meta name=\"twitter:label2\" content=\"Tahmini okuma s\u00fcresi\" \/>\n\t<meta name=\"twitter:data2\" content=\"1 dakika\" \/>\n<script type=\"application\/ld+json\" class=\"yoast-schema-graph\">{\"@context\":\"https:\\\/\\\/schema.org\",\"@graph\":[{\"@type\":\"Article\",\"@id\":\"https:\\\/\\\/kibrisdakik.com\\\/?p=75841#article\",\"isPartOf\":{\"@id\":\"https:\\\/\\\/kibrisdakik.com\\\/?p=75841\"},\"author\":{\"name\":\"admin\",\"@id\":\"https:\\\/\\\/kibrisdakik.com\\\/#\\\/schema\\\/person\\\/9cd9d437bbb44f72b73ba127e06d8e79\"},\"headline\":\"\u201cSivil Savunma Te\u015fkilat\u0131 Ba\u015fkanl\u0131\u011f\u0131\u2019n\u0131n \u0130mkan ve Kabiliyetleri\u201d tan\u0131t\u0131lacak\",\"datePublished\":\"2025-02-18T08:16:15+00:00\",\"mainEntityOfPage\":{\"@id\":\"https:\\\/\\\/kibrisdakik.com\\\/?p=75841\"},\"wordCount\":251,\"commentCount\":0,\"image\":{\"@id\":\"https:\\\/\\\/kibrisdakik.com\\\/?p=75841#primaryimage\"},\"thumbnailUrl\":\"https:\\\/\\\/kibrisdakik.com\\\/wp-content\\\/uploads\\\/2025\\\/02\\\/sivil-savunma-1-740x420.jpg\",\"articleSection\":[\"K\u0131br\u0131s\",\"Man\u015fet\"],\"inLanguage\":\"tr\",\"potentialAction\":[{\"@type\":\"CommentAction\",\"name\":\"Comment\",\"target\":[\"https:\\\/\\\/kibrisdakik.com\\\/?p=75841#respond\"]}]},{\"@type\":\"WebPage\",\"@id\":\"https:\\\/\\\/kibrisdakik.com\\\/?p=75841\",\"url\":\"https:\\\/\\\/kibrisdakik.com\\\/?p=75841\",\"name\":\"\u201cSivil Savunma Te\u015fkilat\u0131 Ba\u015fkanl\u0131\u011f\u0131\u2019n\u0131n \u0130mkan ve Kabiliyetleri\u201d tan\u0131t\u0131lacak -\",\"isPartOf\":{\"@id\":\"https:\\\/\\\/kibrisdakik.com\\\/#website\"},\"primaryImageOfPage\":{\"@id\":\"https:\\\/\\\/kibrisdakik.com\\\/?p=75841#primaryimage\"},\"image\":{\"@id\":\"https:\\\/\\\/kibrisdakik.com\\\/?p=75841#primaryimage\"},\"thumbnailUrl\":\"https:\\\/\\\/kibrisdakik.com\\\/wp-content\\\/uploads\\\/2025\\\/02\\\/sivil-savunma-1-740x420.jpg\",\"datePublished\":\"2025-02-18T08:16:15+00:00\",\"author\":{\"@id\":\"https:\\\/\\\/kibrisdakik.com\\\/#\\\/schema\\\/person\\\/9cd9d437bbb44f72b73ba127e06d8e79\"},\"breadcrumb\":{\"@id\":\"https:\\\/\\\/kibrisdakik.com\\\/?p=75841#breadcrumb\"},\"inLanguage\":\"tr\",\"potentialAction\":[{\"@type\":\"ReadAction\",\"target\":[\"https:\\\/\\\/kibrisdakik.com\\\/?p=75841\"]}]},{\"@type\":\"ImageObject\",\"inLanguage\":\"tr\",\"@id\":\"https:\\\/\\\/kibrisdakik.com\\\/?p=75841#primaryimage\",\"url\":\"https:\\\/\\\/kibrisdakik.com\\\/wp-content\\\/uploads\\\/2025\\\/02\\\/sivil-savunma-1-740x420.jpg\",\"contentUrl\":\"https:\\\/\\\/kibrisdakik.com\\\/wp-content\\\/uploads\\\/2025\\\/02\\\/sivil-savunma-1-740x420.jpg\",\"width\":1008,\"height\":489},{\"@type\":\"BreadcrumbList\",\"@id\":\"https:\\\/\\\/kibrisdakik.com\\\/?p=75841#breadcrumb\",\"itemListElement\":[{\"@type\":\"ListItem\",\"position\":1,\"name\":\"Home\",\"item\":\"https:\\\/\\\/kibrisdakik.com\\\/\"},{\"@type\":\"ListItem\",\"position\":2,\"name\":\"\u201cSivil Savunma Te\u015fkilat\u0131 Ba\u015fkanl\u0131\u011f\u0131\u2019n\u0131n \u0130mkan ve Kabiliyetleri\u201d tan\u0131t\u0131lacak\"}]},{\"@type\":\"WebSite\",\"@id\":\"https:\\\/\\\/kibrisdakik.com\\\/#website\",\"url\":\"https:\\\/\\\/kibrisdakik.com\\\/\",\"name\":\"\",\"description\":\"Tam vaktinde haber\",\"potentialAction\":[{\"@type\":\"SearchAction\",\"target\":{\"@type\":\"EntryPoint\",\"urlTemplate\":\"https:\\\/\\\/kibrisdakik.com\\\/?s={search_term_string}\"},\"query-input\":{\"@type\":\"PropertyValueSpecification\",\"valueRequired\":true,\"valueName\":\"search_term_string\"}}],\"inLanguage\":\"tr\"},{\"@type\":\"Person\",\"@id\":\"https:\\\/\\\/kibrisdakik.com\\\/#\\\/schema\\\/person\\\/9cd9d437bbb44f72b73ba127e06d8e79\",\"name\":\"admin\",\"image\":{\"@type\":\"ImageObject\",\"inLanguage\":\"tr\",\"@id\":\"https:\\\/\\\/secure.gravatar.com\\\/avatar\\\/ccc17943b9d660506c869530f897617f7cb1c21a4bf30023f252596d83e1f007?s=96&d=mm&r=g\",\"url\":\"https:\\\/\\\/secure.gravatar.com\\\/avatar\\\/ccc17943b9d660506c869530f897617f7cb1c21a4bf30023f252596d83e1f007?s=96&d=mm&r=g\",\"contentUrl\":\"https:\\\/\\\/secure.gravatar.com\\\/avatar\\\/ccc17943b9d660506c869530f897617f7cb1c21a4bf30023f252596d83e1f007?s=96&d=mm&r=g\",\"caption\":\"admin\"},\"sameAs\":[\"https:\\\/\\\/kibrisdakik.com\"],\"url\":\"https:\\\/\\\/kibrisdakik.com\\\/?author=1\"}]}<\/script>\n<!-- \/ Yoast SEO plugin. -->","yoast_head_json":{"title":"\u201cSivil Savunma Te\u015fkilat\u0131 Ba\u015fkanl\u0131\u011f\u0131\u2019n\u0131n \u0130mkan ve Kabiliyetleri\u201d tan\u0131t\u0131lacak -","robots":{"index":"index","follow":"follow","max-snippet":"max-snippet:-1","max-image-preview":"max-image-preview:large","max-video-preview":"max-video-preview:-1"},"canonical":"https:\/\/kibrisdakik.com\/?p=75841","og_locale":"tr_TR","og_type":"article","og_title":"\u201cSivil Savunma Te\u015fkilat\u0131 Ba\u015fkanl\u0131\u011f\u0131\u2019n\u0131n \u0130mkan ve Kabiliyetleri\u201d tan\u0131t\u0131lacak -","og_description":"Sivil Savunma Te\u015fkilat\u0131 Ba\u015fkanl\u0131\u011f\u0131\u2019n\u0131n yenilenen ara\u00e7 ve envanterleri, yar\u0131n, Ba\u015fbakan \u00dcnal \u00dcstel\u2019in kat\u0131l\u0131m\u0131yla d\u00fczenlenecek etkinlikle tan\u0131t\u0131lacak. Sivil Savunma Te\u015fkilat\u0131 Ba\u015fkanl\u0131\u011f\u0131\u2019ndan a\u00e7\u0131klamada, afet ve acil durumlarda koordinat\u00f6r kurum olarak g\u00f6rev yapan, Ba\u015fbakanl\u0131k b\u00fcnyesindeki Sivil Savunma\u2019n\u0131n \u00e7a\u011f\u0131n gerektirdi\u011fi her t\u00fcrl\u00fc teknolojik ve bilimsel geli\u015fmeleri yak\u0131ndan takip etti\u011fi belirtildi. Yurti\u00e7i ve yurt d\u0131\u015f\u0131 g\u00f6revlere haz\u0131r olan Sivil Savunma\u2019n\u0131n","og_url":"https:\/\/kibrisdakik.com\/?p=75841","article_published_time":"2025-02-18T08:16:15+00:00","og_image":[{"width":1008,"height":489,"url":"https:\/\/kibrisdakik.com\/wp-content\/uploads\/2025\/02\/sivil-savunma-1-740x420.jpg","type":"image\/jpeg"}],"author":"admin","twitter_card":"summary_large_image","twitter_misc":{"Yazan:":"admin","Tahmini okuma s\u00fcresi":"1 dakika"},"schema":{"@context":"https:\/\/schema.org","@graph":[{"@type":"Article","@id":"https:\/\/kibrisdakik.com\/?p=75841#article","isPartOf":{"@id":"https:\/\/kibrisdakik.com\/?p=75841"},"author":{"name":"admin","@id":"https:\/\/kibrisdakik.com\/#\/schema\/person\/9cd9d437bbb44f72b73ba127e06d8e79"},"headline":"\u201cSivil Savunma Te\u015fkilat\u0131 Ba\u015fkanl\u0131\u011f\u0131\u2019n\u0131n \u0130mkan ve Kabiliyetleri\u201d tan\u0131t\u0131lacak","datePublished":"2025-02-18T08:16:15+00:00","mainEntityOfPage":{"@id":"https:\/\/kibrisdakik.com\/?p=75841"},"wordCount":251,"commentCount":0,"image":{"@id":"https:\/\/kibrisdakik.com\/?p=75841#primaryimage"},"thumbnailUrl":"https:\/\/kibrisdakik.com\/wp-content\/uploads\/2025\/02\/sivil-savunma-1-740x420.jpg","articleSection":["K\u0131br\u0131s","Man\u015fet"],"inLanguage":"tr","potentialAction":[{"@type":"CommentAction","name":"Comment","target":["https:\/\/kibrisdakik.com\/?p=75841#respond"]}]},{"@type":"WebPage","@id":"https:\/\/kibrisdakik.com\/?p=75841","url":"https:\/\/kibrisdakik.com\/?p=75841","name":"\u201cSivil Savunma Te\u015fkilat\u0131 Ba\u015fkanl\u0131\u011f\u0131\u2019n\u0131n \u0130mkan ve Kabiliyetleri\u201d tan\u0131t\u0131lacak -","isPartOf":{"@id":"https:\/\/kibrisdakik.com\/#website"},"primaryImageOfPage":{"@id":"https:\/\/kibrisdakik.com\/?p=75841#primaryimage"},"image":{"@id":"https:\/\/kibrisdakik.com\/?p=75841#primaryimage"},"thumbnailUrl":"https:\/\/kibrisdakik.com\/wp-content\/uploads\/2025\/02\/sivil-savunma-1-740x420.jpg","datePublished":"2025-02-18T08:16:15+00:00","author":{"@id":"https:\/\/kibrisdakik.com\/#\/schema\/person\/9cd9d437bbb44f72b73ba127e06d8e79"},"breadcrumb":{"@id":"https:\/\/kibrisdakik.com\/?p=75841#breadcrumb"},"inLanguage":"tr","potentialAction":[{"@type":"ReadAction","target":["https:\/\/kibrisdakik.com\/?p=75841"]}]},{"@type":"ImageObject","inLanguage":"tr","@id":"https:\/\/kibrisdakik.com\/?p=75841#primaryimage","url":"https:\/\/kibrisdakik.com\/wp-content\/uploads\/2025\/02\/sivil-savunma-1-740x420.jpg","contentUrl":"https:\/\/kibrisdakik.com\/wp-content\/uploads\/2025\/02\/sivil-savunma-1-740x420.jpg","width":1008,"height":489},{"@type":"BreadcrumbList","@id":"https:\/\/kibrisdakik.com\/?p=75841#breadcrumb","itemListElement":[{"@type":"ListItem","position":1,"name":"Home","item":"https:\/\/kibrisdakik.com\/"},{"@type":"ListItem","position":2,"name":"\u201cSivil Savunma Te\u015fkilat\u0131 Ba\u015fkanl\u0131\u011f\u0131\u2019n\u0131n \u0130mkan ve Kabiliyetleri\u201d tan\u0131t\u0131lacak"}]},{"@type":"WebSite","@id":"https:\/\/kibrisdakik.com\/#website","url":"https:\/\/kibrisdakik.com\/","name":"","description":"Tam vaktinde haber","potentialAction":[{"@type":"SearchAction","target":{"@type":"EntryPoint","urlTemplate":"https:\/\/kibrisdakik.com\/?s={search_term_string}"},"query-input":{"@type":"PropertyValueSpecification","valueRequired":true,"valueName":"search_term_string"}}],"inLanguage":"tr"},{"@type":"Person","@id":"https:\/\/kibrisdakik.com\/#\/schema\/person\/9cd9d437bbb44f72b73ba127e06d8e79","name":"admin","image":{"@type":"ImageObject","inLanguage":"tr","@id":"https:\/\/secure.gravatar.com\/avatar\/ccc17943b9d660506c869530f897617f7cb1c21a4bf30023f252596d83e1f007?s=96&d=mm&r=g","url":"https:\/\/secure.gravatar.com\/avatar\/ccc17943b9d660506c869530f897617f7cb1c21a4bf30023f252596d83e1f007?s=96&d=mm&r=g","contentUrl":"https:\/\/secure.gravatar.com\/avatar\/ccc17943b9d660506c869530f897617f7cb1c21a4bf30023f252596d83e1f007?s=96&d=mm&r=g","caption":"admin"},"sameAs":["https:\/\/kibrisdakik.com"],"url":"https:\/\/kibrisdakik.com\/?author=1"}]}},"_links":{"self":[{"href":"https:\/\/kibrisdakik.com\/index.php?rest_route=\/wp\/v2\/posts\/75841","targetHints":{"allow":["GET"]}}],"collection":[{"href":"https:\/\/kibrisdakik.com\/index.php?rest_route=\/wp\/v2\/posts"}],"about":[{"href":"https:\/\/kibrisdakik.com\/index.php?rest_route=\/wp\/v2\/types\/post"}],"author":[{"embeddable":true,"href":"https:\/\/kibrisdakik.com\/index.php?rest_route=\/wp\/v2\/users\/1"}],"replies":[{"embeddable":true,"href":"https:\/\/kibrisdakik.com\/index.php?rest_route=%2Fwp%2Fv2%2Fcomments&post=75841"}],"version-history":[{"count":0,"href":"https:\/\/kibrisdakik.com\/index.php?rest_route=\/wp\/v2\/posts\/75841\/revisions"}],"wp:featuredmedia":[{"embeddable":true,"href":"https:\/\/kibrisdakik.com\/index.php?rest_route=\/wp\/v2\/media\/75842"}],"wp:attachment":[{"href":"https:\/\/kibrisdakik.com\/index.php?rest_route=%2Fwp%2Fv2%2Fmedia&parent=75841"}],"wp:term":[{"taxonomy":"category","embeddable":true,"href":"https:\/\/kibrisdakik.com\/index.php?rest_route=%2Fwp%2Fv2%2Fcategories&post=75841"},{"taxonomy":"post_tag","embeddable":true,"href":"https:\/\/kibrisdakik.com\/index.php?rest_route=%2Fwp%2Fv2%2Ftags&post=75841"}],"curies":[{"name":"wp","href":"https:\/\/api.w.org\/{rel}","templated":true}]}}