{"id":75859,"date":"2025-02-18T15:00:02","date_gmt":"2025-02-18T12:00:02","guid":{"rendered":"https:\/\/kibrisdakik.com\/index.php\/2025\/02\/18\/basbakan-ustel-yapimi-suren-tiyatro-binasinda-incelemelerde-bulundu-yarim-kalan-projeleri-birer-birer-siraya-koyup-bitirecegiz\/"},"modified":"2025-02-18T15:00:02","modified_gmt":"2025-02-18T12:00:02","slug":"basbakan-ustel-yapimi-suren-tiyatro-binasinda-incelemelerde-bulundu-yarim-kalan-projeleri-birer-birer-siraya-koyup-bitirecegiz","status":"publish","type":"post","link":"https:\/\/kibrisdakik.com\/?p=75859","title":{"rendered":"Ba\u015fbakan \u00dcstel, yap\u0131m\u0131 s\u00fcren tiyatro binas\u0131nda incelemelerde bulundu: \u201cYar\u0131m kalan projeleri birer birer s\u0131raya koyup, bitirece\u011fiz\u201d"},"content":{"rendered":"<div>\n<p>\u00a0<\/p>\n<div class=\"mariselle-image-container center\">\n                                            <\/div>\n<p>Ba\u015fbakan \u00dcnal \u00dcstel bug\u00fcn yap\u0131m\u0131 devam eden Devlet Tiyatrolar\u0131 Binas\u0131\u2019ndaki \u00e7al\u0131\u015fmalar\u0131 yerinde inceleyip, yetkililerden bilgi ald\u0131.<\/p>\n<p>\u00dcstel\u2019e incelemeleri s\u0131ras\u0131nda Ba\u015fbakan Yard\u0131mc\u0131s\u0131, Turizm, K\u00fclt\u00fcr, Gen\u00e7lik ve \u00c7evre Bakan\u0131 Fikri Atao\u011flu, K\u0131br\u0131s T\u00fcrk Devlet Tiyatrolar\u0131 M\u00fcd\u00fcr\u00fc Naz\u0131m Ced ve tiyatronun oyuncular\u0131 e\u015flik etti.<\/p>\n<p>\u00a0<\/p>\n<div class=\"mariselle-image-container center\">\n                <img loading=\"lazy\" decoding=\"async\" width=\"2560\" height=\"1983\" class=\"lazy-image\" alt=\"\" sizes=\"auto, (max-width: 2560px) 100vw, 2560px\" src=\"https:\/\/brtk.net\/wp-content\/uploads\/2025\/02\/18\/1204989081-scaled.jpg?ver=543d11cf049cb54e4cc510137a3752f8\" srcset=\"https:\/\/brtk.net\/wp-content\/uploads\/2025\/02\/18\/1204989081-scaled.jpg?ver=543d11cf049cb54e4cc510137a3752f8 2560w, https:\/\/brtk.net\/wp-content\/uploads\/2025\/02\/18\/1204989081-300x232.jpg?ver=543d11cf049cb54e4cc510137a3752f8 300w, https:\/\/brtk.net\/wp-content\/uploads\/2025\/02\/18\/1204989081-1024x793.jpg?ver=bd318b4095c762574fd2b8065ec7e89e 1024w, https:\/\/brtk.net\/wp-content\/uploads\/2025\/02\/18\/1204989081-768x595.jpg?ver=d53b45b2a3c5515b93cf92139d99fad1 768w, https:\/\/brtk.net\/wp-content\/uploads\/2025\/02\/18\/1204989081-1536x1190.jpg?ver=151d44ce2091da0aabc790440641cec5 1536w, https:\/\/brtk.net\/wp-content\/uploads\/2025\/02\/18\/1204989081-2048x1587.jpg?ver=9dac0e0211c6166399e55c47d3a31e6b 2048w, https:\/\/brtk.net\/wp-content\/uploads\/2025\/02\/18\/1204989081-130x100.jpg?ver=5a3564fa7dd30b716c75e4cba28630f2 130w\"\/>                            <\/div>\n<p><strong>-\u00dcstel: \u201cYar\u0131m kalan projeleri birer birer s\u0131raya koyup, bitirece\u011fiz\u201d<\/strong><\/p>\n<p>Ba\u015fbakan \u00dcnal \u00dcstel, incelemelerin ard\u0131ndan bas\u0131na yapt\u0131\u011f\u0131 a\u00e7\u0131klamada, KKTC\u2019nin sanat ve sanat\u00e7\u0131lar\u0131n\u0131n yer alaca\u011f\u0131 bir ortamda bulunmaktan duydu\u011fu mutlulu\u011fu ifade etti.<\/p>\n<p>H\u00fck\u00fcmeti kurduklar\u0131 g\u00fcn halka ne s\u00f6ylemi\u015flerse, bug\u00fcn de ayn\u0131 \u015feyleri s\u00f6ylediklerine i\u015faret eden \u00dcstel, \u201cCumhuriyet Meclisi\u2019nde de H\u00fck\u00fcmet program\u0131m\u0131za ne yazm\u0131\u015fsak, onlar\u0131 birer birer yerine getirece\u011fimizin taahh\u00fctl\u00fcn\u00fc verdik.\u201d dedi.<\/p>\n<p>\u00dcstel, bu k\u0131sa s\u00fcre i\u00e7erisinde baz\u0131 projelere \u00f6ncelik vereceklerini de s\u00f6yleyerek, 2013\u2019ten sonra kurulan istikrars\u0131z h\u00fck\u00fcmetlerden dolay\u0131 yar\u0131m kalan projeleri \u00f6ncelikle birer birer s\u0131raya koyup, bitireceklerini dile getirdi.<\/p>\n<p>Yollardan, Ercan Havaliman\u0131 ve kav\u015faklardan ba\u015flayarak, birer birer bunlar\u0131 tamamlad\u0131klar\u0131n\u0131 s\u00f6yleyen \u00dcstel, geri kalanlar\u0131 da tamamlayacaklar\u0131n\u0131 kaydetti.<\/p>\n<p>\u00dcstel, yar\u0131m kalan projelerle u\u011fra\u015f\u0131rken, halk\u0131n ihtiyac\u0131 olan projeleri de hayata ge\u00e7ireceklerini an\u0131msatarak, bug\u00fcn de halk\u0131n ihtiyac\u0131 tiyatro binas\u0131n\u0131 hayata ge\u00e7irmek i\u00e7in \u00e7al\u0131\u015ft\u0131klar\u0131n\u0131 belirtti.<\/p>\n<p>H\u00fck\u00fcmet olarak bunu yapacaklar\u0131n\u0131 s\u00f6yledikleri zaman kendilerine inanmayanlar oldu\u011funa dikkat \u00e7eken \u00dcstel, \u015f\u00f6yle devam etti:<\/p>\n<p>\u201cBize \u00e7o\u011fu inanmad\u0131. Buradaki sanat\u00e7\u0131 arkada\u015flar\u0131m da yap\u0131laca\u011f\u0131na inanmad\u0131klar\u0131n\u0131 itiraf ediyorlar. \u00c7\u00fcnk\u00fc gelmi\u015f ge\u00e7mi\u015f H\u00fck\u00fcmetler bunu yapmad\u0131lar. \u00d6m\u00fcrleri yetmedi. Ama biz dedik ki biz istikrar\u0131 sa\u011flayaca\u011f\u0131z ve bu istikrar\u0131n sayesinde \u00fclkemize hizmet etmeye, insan\u0131m\u0131z\u0131n ihtiyac\u0131 olan projeleri bir bir hayata ge\u00e7irece\u011fiz.\u201d<\/p>\n<p><strong>-\u00dcstel: \u201cBinan\u0131n sadece dekorasyondan olu\u015facak \u00fc\u00e7\u00fcnc\u00fc etab\u0131 kald\u0131\u201d<\/strong><\/p>\n<p>Ba\u015fbakan \u00dcstel, tiyatro binas\u0131n\u0131n 1999 y\u0131l\u0131nda bir yang\u0131n sonucu tamamen bertaraf olmas\u0131ndan bu yana oyunlar\u0131n\u0131 ba\u015fka yerlerde seyirciyle bulu\u015fturmaya \u00e7al\u0131\u015fan sanat\u00e7\u0131lar\u0131n oyunlar\u0131n\u0131 kendi tiyatrolar\u0131nda sahneleyebilecekleri \u00e7a\u011fda\u015f, \u00fclkeye yak\u0131\u015fan bir tiyatro binas\u0131n\u0131n \u00f6n\u00fcm\u00fczdeki g\u00fcnlerde tamamlanaca\u011f\u0131n\u0131 belirtti.<\/p>\n<p>Tiyatronun 3 etaptan olu\u015fan in\u015faat\u0131n\u0131n ilk iki etab\u0131n\u0131n bitti\u011fini kaydeden \u00dcstel, sadece dekorasyondan olu\u015fan \u00fc\u00e7\u00fcnc\u00fc etab\u0131 i\u00e7in \u00f6n\u00fcm\u00fczdeki g\u00fcnlerde ihaleye \u00e7\u0131k\u0131laca\u011f\u0131n\u0131 ve tiyatronun 2025\u2019te halka kazand\u0131r\u0131laca\u011f\u0131n\u0131 s\u00f6yledi. \u00dcstel, \u201cArt\u0131k sanat\u00e7\u0131lar\u0131m\u0131z oynad\u0131klar\u0131 eserleri ba\u015fka salonlara ihtiya\u00e7 duymadan kendi salonlar\u0131nda sergileyebilecekler.\u201d \u015feklinde belirtti.<\/p>\n<p>Konu\u015fmas\u0131nda binan\u0131n yap\u0131m\u0131nda eme\u011fi ge\u00e7enlere de te\u015fekk\u00fcr eden \u00dcstel, \u201c2025 y\u0131l\u0131 \u00e7\u0131kmadan bu binam\u0131z\u0131 a\u00e7aca\u011f\u0131z ve buradaki sanat\u00e7\u0131 karde\u015flerimizle de ilk oyunu birlikte seyredece\u011fiz.\u201d dedi.<\/p>\n<p>\u00a0<\/p>\n<div class=\"mariselle-image-container center\">\n                <img loading=\"lazy\" decoding=\"async\" width=\"2560\" height=\"1709\" class=\"lazy-image\" alt=\"\" sizes=\"auto, (max-width: 2560px) 100vw, 2560px\" src=\"https:\/\/brtk.net\/wp-content\/uploads\/2025\/02\/18\/02148018-scaled.jpg?ver=e1fa2a9fbf2968e825916312ae43f94b\" srcset=\"https:\/\/brtk.net\/wp-content\/uploads\/2025\/02\/18\/02148018-scaled.jpg?ver=e1fa2a9fbf2968e825916312ae43f94b 2560w, https:\/\/brtk.net\/wp-content\/uploads\/2025\/02\/18\/02148018-300x200.jpg?ver=e1fa2a9fbf2968e825916312ae43f94b 300w, https:\/\/brtk.net\/wp-content\/uploads\/2025\/02\/18\/02148018-1024x684.jpg?ver=beee0259826c7c86e30d4041b1234099 1024w, https:\/\/brtk.net\/wp-content\/uploads\/2025\/02\/18\/02148018-768x513.jpg?ver=beee0259826c7c86e30d4041b1234099 768w, https:\/\/brtk.net\/wp-content\/uploads\/2025\/02\/18\/02148018-1536x1025.jpg?ver=fe5cae0cf348f5334b4c6ed1dd8ec6b8 1536w, https:\/\/brtk.net\/wp-content\/uploads\/2025\/02\/18\/02148018-2048x1367.jpg?ver=bde3caea2a5bff6c583eb38acd9da744 2048w\"\/>                            <\/div>\n<p><strong>-Atao\u011flu: \u201cBinan\u0131n tamamlanaca\u011f\u0131na \u00e7o\u011fu ki\u015fi inanmam\u0131\u015ft\u0131\u201d <\/strong><\/p>\n<p>Ba\u015fbakan Yard\u0131mc\u0131s\u0131, Turizm, K\u00fclt\u00fcr, Gen\u00e7lik ve \u00c7evre Bakan\u0131 Fikri Atao\u011flu da bas\u0131na yapt\u0131\u011f\u0131 a\u00e7\u0131klamada, kendilerinin h\u00fck\u00fcmet d\u00f6neminde hep ilkleri yapt\u0131klar\u0131n\u0131 belirterek, \u00e7eyrek as\u0131r \u00f6nce yanan K\u0131br\u0131s T\u00fcrk Devlet Tiyatrolar\u0131 Binas\u0131\u2019n\u0131n da \u015fimdiki h\u00fck\u00fcmetin m\u00fcdahalesiyle bug\u00fcnlere getirildi\u011fini kaydetti.<\/p>\n<p>Tiyatro binas\u0131n\u0131n yap\u0131m\u0131na ba\u015fland\u0131\u011f\u0131 zaman \u00e7o\u011fu ki\u015finin binan\u0131n yap\u0131laca\u011f\u0131na inanmad\u0131\u011f\u0131n\u0131 i\u015faret eden Atao\u011flu, cesaret ve azimle att\u0131klar\u0131 ad\u0131mlarla \u00f6rnek projelerinde oldu\u011fu gibi tiyatrolar binas\u0131n\u0131n da yap\u0131ld\u0131\u011f\u0131n\u0131 belirtti.<\/p>\n<p>Atao\u011flu, binan\u0131n k\u0131sa bir s\u00fcre i\u00e7erisinde tamamlanaca\u011f\u0131n\u0131 s\u00f6yleyerek, \u201cTiyatromuz vatanda\u015f\u0131m\u0131z ve seyircimizin huzuruna a\u00e7\u0131lacak. Herkese hay\u0131rl\u0131 olsun.\u201d dedi. Atao\u011flu konu\u015fmas\u0131nda, \u00e7al\u0131\u015fmalara destek verdi\u011fi i\u00e7in Ba\u015fbakan \u00dcstel\u2019e de te\u015fekk\u00fcr etti.<\/p>\n<p><strong>-Elmaso\u011flu: \u201cK\u00fclt\u00fcrs\u00fcz kalan bir toplumun can damarlar\u0131ndan bir tanesi kopmu\u015f olur\u201d<\/strong><\/p>\n<p>K\u0131br\u0131s T\u00fcrk Devlet Tiyatrolar\u0131 oyuncusu Hakan Elmaso\u011flu incelemeler sonras\u0131nda yapt\u0131\u011f\u0131 a\u00e7\u0131klamas\u0131na, binan\u0131n yap\u0131lmas\u0131nda eme\u011fi ge\u00e7en herkese te\u015fekk\u00fcr ederek ba\u015flad\u0131.<\/p>\n<p>Tiyatronun halk\u0131n k\u00fclt\u00fcr sanat evi oldu\u011funu belirten Elmaso\u011flu, k\u00fclt\u00fcrs\u00fcz kalan bir toplumun can damarlar\u0131ndan bir tanesinin kopmu\u015f oldu\u011funu dile getirdi.<\/p>\n<p>Elmaso\u011flu a\u00e7\u0131klamas\u0131nda, \u201cBu can damar\u0131n\u0131n 25 y\u0131l sonra en sa\u011fl\u0131kl\u0131 bir \u015fekilde ba\u011flanmas\u0131 i\u00e7in elinden gelen her t\u00fcrl\u00fc eme\u011fi, arzuyu, iste\u011fi ortaya koyan herkese halk\u0131m ve arkada\u015flar\u0131m ad\u0131na te\u015fekk\u00fcr\u00fc bir bor\u00e7 bilirim.\u201d dedi.<\/p>\n<\/p><\/div>\n<p><script async\n                    defer\n                    crossorigin=\"anonymous\"\n                    src=\"https:\/\/connect.facebook.net\/tr_TR\/sdk.js#xfbml=1&#038;version=v3.3\"\n            ><\/script><\/p>\n","protected":false},"excerpt":{"rendered":"<p>\u00a0 Ba\u015fbakan \u00dcnal \u00dcstel bug\u00fcn yap\u0131m\u0131 devam eden Devlet Tiyatrolar\u0131 Binas\u0131\u2019ndaki \u00e7al\u0131\u015fmalar\u0131 yerinde inceleyip, yetkililerden bilgi ald\u0131. \u00dcstel\u2019e incelemeleri s\u0131ras\u0131nda Ba\u015fbakan Yard\u0131mc\u0131s\u0131, Turizm, K\u00fclt\u00fcr, Gen\u00e7lik ve \u00c7evre Bakan\u0131 Fikri Atao\u011flu, K\u0131br\u0131s T\u00fcrk Devlet Tiyatrolar\u0131 M\u00fcd\u00fcr\u00fc Naz\u0131m Ced ve tiyatronun oyuncular\u0131 e\u015flik etti. \u00a0 -\u00dcstel: \u201cYar\u0131m kalan projeleri birer birer s\u0131raya koyup, bitirece\u011fiz\u201d Ba\u015fbakan \u00dcnal \u00dcstel,<\/p>\n","protected":false},"author":1,"featured_media":75860,"comment_status":"open","ping_status":"open","sticky":false,"template":"","format":"standard","meta":{"footnotes":""},"categories":[81,101],"tags":[],"class_list":["post-75859","post","type-post","status-publish","format-standard","has-post-thumbnail","hentry","category-kibris","category-manset"],"yoast_head":"<!-- This site is optimized with the Yoast SEO plugin v27.5 - https:\/\/yoast.com\/product\/yoast-seo-wordpress\/ -->\n<title>Ba\u015fbakan \u00dcstel, yap\u0131m\u0131 s\u00fcren tiyatro binas\u0131nda incelemelerde bulundu: \u201cYar\u0131m kalan projeleri birer birer s\u0131raya koyup, bitirece\u011fiz\u201d -<\/title>\n<meta name=\"robots\" content=\"index, follow, max-snippet:-1, max-image-preview:large, max-video-preview:-1\" \/>\n<link rel=\"canonical\" href=\"https:\/\/kibrisdakik.com\/?p=75859\" \/>\n<meta property=\"og:locale\" content=\"tr_TR\" \/>\n<meta property=\"og:type\" content=\"article\" \/>\n<meta property=\"og:title\" content=\"Ba\u015fbakan \u00dcstel, yap\u0131m\u0131 s\u00fcren tiyatro binas\u0131nda incelemelerde bulundu: \u201cYar\u0131m kalan projeleri birer birer s\u0131raya koyup, bitirece\u011fiz\u201d -\" \/>\n<meta property=\"og:description\" content=\"\u00a0 Ba\u015fbakan \u00dcnal \u00dcstel bug\u00fcn yap\u0131m\u0131 devam eden Devlet Tiyatrolar\u0131 Binas\u0131\u2019ndaki \u00e7al\u0131\u015fmalar\u0131 yerinde inceleyip, yetkililerden bilgi ald\u0131. \u00dcstel\u2019e incelemeleri s\u0131ras\u0131nda Ba\u015fbakan Yard\u0131mc\u0131s\u0131, Turizm, K\u00fclt\u00fcr, Gen\u00e7lik ve \u00c7evre Bakan\u0131 Fikri Atao\u011flu, K\u0131br\u0131s T\u00fcrk Devlet Tiyatrolar\u0131 M\u00fcd\u00fcr\u00fc Naz\u0131m Ced ve tiyatronun oyuncular\u0131 e\u015flik etti. \u00a0 -\u00dcstel: \u201cYar\u0131m kalan projeleri birer birer s\u0131raya koyup, bitirece\u011fiz\u201d Ba\u015fbakan \u00dcnal \u00dcstel,\" \/>\n<meta property=\"og:url\" content=\"https:\/\/kibrisdakik.com\/?p=75859\" \/>\n<meta property=\"article:published_time\" content=\"2025-02-18T12:00:02+00:00\" \/>\n<meta property=\"og:image\" content=\"https:\/\/kibrisdakik.com\/wp-content\/uploads\/2025\/02\/02148018-scaled-740x420.jpg\" \/>\n\t<meta property=\"og:image:width\" content=\"2560\" \/>\n\t<meta property=\"og:image:height\" content=\"1709\" \/>\n\t<meta property=\"og:image:type\" content=\"image\/jpeg\" \/>\n<meta name=\"author\" content=\"admin\" \/>\n<meta name=\"twitter:card\" content=\"summary_large_image\" \/>\n<meta name=\"twitter:label1\" content=\"Yazan:\" \/>\n\t<meta name=\"twitter:data1\" content=\"admin\" \/>\n\t<meta name=\"twitter:label2\" content=\"Tahmini okuma s\u00fcresi\" \/>\n\t<meta name=\"twitter:data2\" content=\"4 dakika\" \/>\n<script type=\"application\/ld+json\" class=\"yoast-schema-graph\">{\"@context\":\"https:\\\/\\\/schema.org\",\"@graph\":[{\"@type\":\"Article\",\"@id\":\"https:\\\/\\\/kibrisdakik.com\\\/?p=75859#article\",\"isPartOf\":{\"@id\":\"https:\\\/\\\/kibrisdakik.com\\\/?p=75859\"},\"author\":{\"name\":\"admin\",\"@id\":\"https:\\\/\\\/kibrisdakik.com\\\/#\\\/schema\\\/person\\\/9cd9d437bbb44f72b73ba127e06d8e79\"},\"headline\":\"Ba\u015fbakan \u00dcstel, yap\u0131m\u0131 s\u00fcren tiyatro binas\u0131nda incelemelerde bulundu: \u201cYar\u0131m kalan projeleri birer birer s\u0131raya koyup, bitirece\u011fiz\u201d\",\"datePublished\":\"2025-02-18T12:00:02+00:00\",\"mainEntityOfPage\":{\"@id\":\"https:\\\/\\\/kibrisdakik.com\\\/?p=75859\"},\"wordCount\":829,\"commentCount\":0,\"image\":{\"@id\":\"https:\\\/\\\/kibrisdakik.com\\\/?p=75859#primaryimage\"},\"thumbnailUrl\":\"https:\\\/\\\/kibrisdakik.com\\\/wp-content\\\/uploads\\\/2025\\\/02\\\/02148018-scaled-740x420.jpg\",\"articleSection\":[\"K\u0131br\u0131s\",\"Man\u015fet\"],\"inLanguage\":\"tr\",\"potentialAction\":[{\"@type\":\"CommentAction\",\"name\":\"Comment\",\"target\":[\"https:\\\/\\\/kibrisdakik.com\\\/?p=75859#respond\"]}]},{\"@type\":\"WebPage\",\"@id\":\"https:\\\/\\\/kibrisdakik.com\\\/?p=75859\",\"url\":\"https:\\\/\\\/kibrisdakik.com\\\/?p=75859\",\"name\":\"Ba\u015fbakan \u00dcstel, yap\u0131m\u0131 s\u00fcren tiyatro binas\u0131nda incelemelerde bulundu: \u201cYar\u0131m kalan projeleri birer birer s\u0131raya koyup, bitirece\u011fiz\u201d -\",\"isPartOf\":{\"@id\":\"https:\\\/\\\/kibrisdakik.com\\\/#website\"},\"primaryImageOfPage\":{\"@id\":\"https:\\\/\\\/kibrisdakik.com\\\/?p=75859#primaryimage\"},\"image\":{\"@id\":\"https:\\\/\\\/kibrisdakik.com\\\/?p=75859#primaryimage\"},\"thumbnailUrl\":\"https:\\\/\\\/kibrisdakik.com\\\/wp-content\\\/uploads\\\/2025\\\/02\\\/02148018-scaled-740x420.jpg\",\"datePublished\":\"2025-02-18T12:00:02+00:00\",\"author\":{\"@id\":\"https:\\\/\\\/kibrisdakik.com\\\/#\\\/schema\\\/person\\\/9cd9d437bbb44f72b73ba127e06d8e79\"},\"breadcrumb\":{\"@id\":\"https:\\\/\\\/kibrisdakik.com\\\/?p=75859#breadcrumb\"},\"inLanguage\":\"tr\",\"potentialAction\":[{\"@type\":\"ReadAction\",\"target\":[\"https:\\\/\\\/kibrisdakik.com\\\/?p=75859\"]}]},{\"@type\":\"ImageObject\",\"inLanguage\":\"tr\",\"@id\":\"https:\\\/\\\/kibrisdakik.com\\\/?p=75859#primaryimage\",\"url\":\"https:\\\/\\\/kibrisdakik.com\\\/wp-content\\\/uploads\\\/2025\\\/02\\\/02148018-scaled-740x420.jpg\",\"contentUrl\":\"https:\\\/\\\/kibrisdakik.com\\\/wp-content\\\/uploads\\\/2025\\\/02\\\/02148018-scaled-740x420.jpg\",\"width\":2560,\"height\":1709},{\"@type\":\"BreadcrumbList\",\"@id\":\"https:\\\/\\\/kibrisdakik.com\\\/?p=75859#breadcrumb\",\"itemListElement\":[{\"@type\":\"ListItem\",\"position\":1,\"name\":\"Home\",\"item\":\"https:\\\/\\\/kibrisdakik.com\\\/\"},{\"@type\":\"ListItem\",\"position\":2,\"name\":\"Ba\u015fbakan \u00dcstel, yap\u0131m\u0131 s\u00fcren tiyatro binas\u0131nda incelemelerde bulundu: \u201cYar\u0131m kalan projeleri birer birer s\u0131raya koyup, bitirece\u011fiz\u201d\"}]},{\"@type\":\"WebSite\",\"@id\":\"https:\\\/\\\/kibrisdakik.com\\\/#website\",\"url\":\"https:\\\/\\\/kibrisdakik.com\\\/\",\"name\":\"\",\"description\":\"Tam vaktinde haber\",\"potentialAction\":[{\"@type\":\"SearchAction\",\"target\":{\"@type\":\"EntryPoint\",\"urlTemplate\":\"https:\\\/\\\/kibrisdakik.com\\\/?s={search_term_string}\"},\"query-input\":{\"@type\":\"PropertyValueSpecification\",\"valueRequired\":true,\"valueName\":\"search_term_string\"}}],\"inLanguage\":\"tr\"},{\"@type\":\"Person\",\"@id\":\"https:\\\/\\\/kibrisdakik.com\\\/#\\\/schema\\\/person\\\/9cd9d437bbb44f72b73ba127e06d8e79\",\"name\":\"admin\",\"image\":{\"@type\":\"ImageObject\",\"inLanguage\":\"tr\",\"@id\":\"https:\\\/\\\/secure.gravatar.com\\\/avatar\\\/ccc17943b9d660506c869530f897617f7cb1c21a4bf30023f252596d83e1f007?s=96&d=mm&r=g\",\"url\":\"https:\\\/\\\/secure.gravatar.com\\\/avatar\\\/ccc17943b9d660506c869530f897617f7cb1c21a4bf30023f252596d83e1f007?s=96&d=mm&r=g\",\"contentUrl\":\"https:\\\/\\\/secure.gravatar.com\\\/avatar\\\/ccc17943b9d660506c869530f897617f7cb1c21a4bf30023f252596d83e1f007?s=96&d=mm&r=g\",\"caption\":\"admin\"},\"sameAs\":[\"https:\\\/\\\/kibrisdakik.com\"],\"url\":\"https:\\\/\\\/kibrisdakik.com\\\/?author=1\"}]}<\/script>\n<!-- \/ Yoast SEO plugin. -->","yoast_head_json":{"title":"Ba\u015fbakan \u00dcstel, yap\u0131m\u0131 s\u00fcren tiyatro binas\u0131nda incelemelerde bulundu: \u201cYar\u0131m kalan projeleri birer birer s\u0131raya koyup, bitirece\u011fiz\u201d -","robots":{"index":"index","follow":"follow","max-snippet":"max-snippet:-1","max-image-preview":"max-image-preview:large","max-video-preview":"max-video-preview:-1"},"canonical":"https:\/\/kibrisdakik.com\/?p=75859","og_locale":"tr_TR","og_type":"article","og_title":"Ba\u015fbakan \u00dcstel, yap\u0131m\u0131 s\u00fcren tiyatro binas\u0131nda incelemelerde bulundu: \u201cYar\u0131m kalan projeleri birer birer s\u0131raya koyup, bitirece\u011fiz\u201d -","og_description":"\u00a0 Ba\u015fbakan \u00dcnal \u00dcstel bug\u00fcn yap\u0131m\u0131 devam eden Devlet Tiyatrolar\u0131 Binas\u0131\u2019ndaki \u00e7al\u0131\u015fmalar\u0131 yerinde inceleyip, yetkililerden bilgi ald\u0131. \u00dcstel\u2019e incelemeleri s\u0131ras\u0131nda Ba\u015fbakan Yard\u0131mc\u0131s\u0131, Turizm, K\u00fclt\u00fcr, Gen\u00e7lik ve \u00c7evre Bakan\u0131 Fikri Atao\u011flu, K\u0131br\u0131s T\u00fcrk Devlet Tiyatrolar\u0131 M\u00fcd\u00fcr\u00fc Naz\u0131m Ced ve tiyatronun oyuncular\u0131 e\u015flik etti. \u00a0 -\u00dcstel: \u201cYar\u0131m kalan projeleri birer birer s\u0131raya koyup, bitirece\u011fiz\u201d Ba\u015fbakan \u00dcnal \u00dcstel,","og_url":"https:\/\/kibrisdakik.com\/?p=75859","article_published_time":"2025-02-18T12:00:02+00:00","og_image":[{"width":2560,"height":1709,"url":"https:\/\/kibrisdakik.com\/wp-content\/uploads\/2025\/02\/02148018-scaled-740x420.jpg","type":"image\/jpeg"}],"author":"admin","twitter_card":"summary_large_image","twitter_misc":{"Yazan:":"admin","Tahmini okuma s\u00fcresi":"4 dakika"},"schema":{"@context":"https:\/\/schema.org","@graph":[{"@type":"Article","@id":"https:\/\/kibrisdakik.com\/?p=75859#article","isPartOf":{"@id":"https:\/\/kibrisdakik.com\/?p=75859"},"author":{"name":"admin","@id":"https:\/\/kibrisdakik.com\/#\/schema\/person\/9cd9d437bbb44f72b73ba127e06d8e79"},"headline":"Ba\u015fbakan \u00dcstel, yap\u0131m\u0131 s\u00fcren tiyatro binas\u0131nda incelemelerde bulundu: \u201cYar\u0131m kalan projeleri birer birer s\u0131raya koyup, bitirece\u011fiz\u201d","datePublished":"2025-02-18T12:00:02+00:00","mainEntityOfPage":{"@id":"https:\/\/kibrisdakik.com\/?p=75859"},"wordCount":829,"commentCount":0,"image":{"@id":"https:\/\/kibrisdakik.com\/?p=75859#primaryimage"},"thumbnailUrl":"https:\/\/kibrisdakik.com\/wp-content\/uploads\/2025\/02\/02148018-scaled-740x420.jpg","articleSection":["K\u0131br\u0131s","Man\u015fet"],"inLanguage":"tr","potentialAction":[{"@type":"CommentAction","name":"Comment","target":["https:\/\/kibrisdakik.com\/?p=75859#respond"]}]},{"@type":"WebPage","@id":"https:\/\/kibrisdakik.com\/?p=75859","url":"https:\/\/kibrisdakik.com\/?p=75859","name":"Ba\u015fbakan \u00dcstel, yap\u0131m\u0131 s\u00fcren tiyatro binas\u0131nda incelemelerde bulundu: \u201cYar\u0131m kalan projeleri birer birer s\u0131raya koyup, bitirece\u011fiz\u201d -","isPartOf":{"@id":"https:\/\/kibrisdakik.com\/#website"},"primaryImageOfPage":{"@id":"https:\/\/kibrisdakik.com\/?p=75859#primaryimage"},"image":{"@id":"https:\/\/kibrisdakik.com\/?p=75859#primaryimage"},"thumbnailUrl":"https:\/\/kibrisdakik.com\/wp-content\/uploads\/2025\/02\/02148018-scaled-740x420.jpg","datePublished":"2025-02-18T12:00:02+00:00","author":{"@id":"https:\/\/kibrisdakik.com\/#\/schema\/person\/9cd9d437bbb44f72b73ba127e06d8e79"},"breadcrumb":{"@id":"https:\/\/kibrisdakik.com\/?p=75859#breadcrumb"},"inLanguage":"tr","potentialAction":[{"@type":"ReadAction","target":["https:\/\/kibrisdakik.com\/?p=75859"]}]},{"@type":"ImageObject","inLanguage":"tr","@id":"https:\/\/kibrisdakik.com\/?p=75859#primaryimage","url":"https:\/\/kibrisdakik.com\/wp-content\/uploads\/2025\/02\/02148018-scaled-740x420.jpg","contentUrl":"https:\/\/kibrisdakik.com\/wp-content\/uploads\/2025\/02\/02148018-scaled-740x420.jpg","width":2560,"height":1709},{"@type":"BreadcrumbList","@id":"https:\/\/kibrisdakik.com\/?p=75859#breadcrumb","itemListElement":[{"@type":"ListItem","position":1,"name":"Home","item":"https:\/\/kibrisdakik.com\/"},{"@type":"ListItem","position":2,"name":"Ba\u015fbakan \u00dcstel, yap\u0131m\u0131 s\u00fcren tiyatro binas\u0131nda incelemelerde bulundu: \u201cYar\u0131m kalan projeleri birer birer s\u0131raya koyup, bitirece\u011fiz\u201d"}]},{"@type":"WebSite","@id":"https:\/\/kibrisdakik.com\/#website","url":"https:\/\/kibrisdakik.com\/","name":"","description":"Tam vaktinde haber","potentialAction":[{"@type":"SearchAction","target":{"@type":"EntryPoint","urlTemplate":"https:\/\/kibrisdakik.com\/?s={search_term_string}"},"query-input":{"@type":"PropertyValueSpecification","valueRequired":true,"valueName":"search_term_string"}}],"inLanguage":"tr"},{"@type":"Person","@id":"https:\/\/kibrisdakik.com\/#\/schema\/person\/9cd9d437bbb44f72b73ba127e06d8e79","name":"admin","image":{"@type":"ImageObject","inLanguage":"tr","@id":"https:\/\/secure.gravatar.com\/avatar\/ccc17943b9d660506c869530f897617f7cb1c21a4bf30023f252596d83e1f007?s=96&d=mm&r=g","url":"https:\/\/secure.gravatar.com\/avatar\/ccc17943b9d660506c869530f897617f7cb1c21a4bf30023f252596d83e1f007?s=96&d=mm&r=g","contentUrl":"https:\/\/secure.gravatar.com\/avatar\/ccc17943b9d660506c869530f897617f7cb1c21a4bf30023f252596d83e1f007?s=96&d=mm&r=g","caption":"admin"},"sameAs":["https:\/\/kibrisdakik.com"],"url":"https:\/\/kibrisdakik.com\/?author=1"}]}},"_links":{"self":[{"href":"https:\/\/kibrisdakik.com\/index.php?rest_route=\/wp\/v2\/posts\/75859","targetHints":{"allow":["GET"]}}],"collection":[{"href":"https:\/\/kibrisdakik.com\/index.php?rest_route=\/wp\/v2\/posts"}],"about":[{"href":"https:\/\/kibrisdakik.com\/index.php?rest_route=\/wp\/v2\/types\/post"}],"author":[{"embeddable":true,"href":"https:\/\/kibrisdakik.com\/index.php?rest_route=\/wp\/v2\/users\/1"}],"replies":[{"embeddable":true,"href":"https:\/\/kibrisdakik.com\/index.php?rest_route=%2Fwp%2Fv2%2Fcomments&post=75859"}],"version-history":[{"count":0,"href":"https:\/\/kibrisdakik.com\/index.php?rest_route=\/wp\/v2\/posts\/75859\/revisions"}],"wp:featuredmedia":[{"embeddable":true,"href":"https:\/\/kibrisdakik.com\/index.php?rest_route=\/wp\/v2\/media\/75860"}],"wp:attachment":[{"href":"https:\/\/kibrisdakik.com\/index.php?rest_route=%2Fwp%2Fv2%2Fmedia&parent=75859"}],"wp:term":[{"taxonomy":"category","embeddable":true,"href":"https:\/\/kibrisdakik.com\/index.php?rest_route=%2Fwp%2Fv2%2Fcategories&post=75859"},{"taxonomy":"post_tag","embeddable":true,"href":"https:\/\/kibrisdakik.com\/index.php?rest_route=%2Fwp%2Fv2%2Ftags&post=75859"}],"curies":[{"name":"wp","href":"https:\/\/api.w.org\/{rel}","templated":true}]}}