{"id":75869,"date":"2025-02-18T16:00:53","date_gmt":"2025-02-18T13:00:53","guid":{"rendered":"https:\/\/kibrisdakik.com\/index.php\/2025\/02\/18\/cumhurbaskani-tatar-ingiltere-kibris-turk-dernekleri-konseyi-ile-gorustu\/"},"modified":"2025-02-18T16:00:53","modified_gmt":"2025-02-18T13:00:53","slug":"cumhurbaskani-tatar-ingiltere-kibris-turk-dernekleri-konseyi-ile-gorustu","status":"publish","type":"post","link":"https:\/\/kibrisdakik.com\/?p=75869","title":{"rendered":"Cumhurba\u015fkan\u0131 Tatar, \u0130ngiltere K\u0131br\u0131s T\u00fcrk Dernekleri Konseyi ile g\u00f6r\u00fc\u015ft\u00fc"},"content":{"rendered":"<div>\n<div class=\"mariselle-image-container center\">\n                                            <\/div>\n<p> Cumhurba\u015fkan\u0131 Ersin Tatar, \u0130ngiltere K\u0131br\u0131s T\u00fcrk Dernekleri Konseyi (CTCA) Ba\u015fkan\u0131 Kenan Nafi ve beraberindeki heyeti kabul ederek, g\u00f6r\u00fc\u015ft\u00fc. <\/p>\n<p>Cumhurba\u015fkanl\u0131\u011f\u0131ndan verilen bilgiye g\u00f6re, Cumhurba\u015fkan\u0131 Ersin Tatar kabulde yapt\u0131\u011f\u0131 konu\u015fmada, \u0130ngiltere K\u0131br\u0131s T\u00fcrk Dernekleri Konseyi\u2019nin K\u0131br\u0131s T\u00fcrklerinin Birle\u015fik Krall\u0131k\u2019taki en geni\u015f \u00e7at\u0131s\u0131 oldu\u011funu belirterek, y\u00fcr\u00fct\u00fclen faaliyetleri ve K\u0131br\u0131s T\u00fcrklerinin \u00fclkedeki farkl\u0131 sekt\u00f6rlerdeki ba\u015far\u0131lar\u0131n\u0131 b\u00fcy\u00fck takdirle izledi\u011fini ifade etti.<\/p>\n<p>Cumhurba\u015fkan\u0131 Ersin Tatar, i\u00e7erisinde bulunulan ileti\u015fim \u00e7a\u011f\u0131nda, temaslar\u0131n artt\u0131\u011f\u0131n\u0131 belirterek, KKTC ve \u0130ngiltere aras\u0131ndaki ba\u011flar\u0131n daha da g\u00fc\u00e7lendi\u011fini vurgulad\u0131. K\u00fclt\u00fcrel ve tarihi ba\u011flar\u0131n desteklenmesinin \u00f6nemli oldu\u011funun alt\u0131n\u0131 \u00e7izen Cumhurba\u015fkan\u0131 Ersin Tatar, \u0130ngiltere\u2019de bulunan dernekler sayesinde, K\u0131br\u0131s T\u00fcrk\u00fcn\u00fcn sanat\u0131, tarihi, dili ve dini ile ayr\u0131 bir halk oldu\u011fu konusundaki bilincin artt\u0131\u011f\u0131n\u0131 belirtti. <\/p>\n<p>Cumhurba\u015fkan\u0131 Ersin Tatar, bu konuda verilen m\u00fccadelenin fark\u0131nda oldu\u011funu vurgulayarak, \u0130ngiltere K\u0131br\u0131s T\u00fcrk Dernekleri Konseyi ba\u015fkan\u0131na te\u015fekk\u00fcr etti ve ba\u015far\u0131lar\u0131n\u0131n devam\u0131n\u0131 diledi.<\/p>\n<p>K\u0131br\u0131s T\u00fcrk halk\u0131n\u0131n maruz kald\u0131\u011f\u0131 haks\u0131zl\u0131\u011fa da de\u011finen Cumhurba\u015fkan\u0131 Ersin Tatar, 1960 Antla\u015fmas\u0131 ile \u0130ngiltere adadan \u00e7ekilirken, aday\u0131 iki e\u015fit halka b\u0131rakt\u0131\u011f\u0131n\u0131  ancak, K\u0131br\u0131s T\u00fcrk ve Rum halklar\u0131n\u0131n e\u015fit kurucu ortakl\u0131\u011f\u0131nda 16 A\u011fustos 1960 tarihinde kurulan K\u0131br\u0131s Cumhuriyeti, Rumlar\u0131n Enosis hedefi ile silah zoruyla bir Rum devletine d\u00f6n\u00fc\u015ft\u00fcr\u00fcl\u00fcrken, K\u0131br\u0131s T\u00fcrk halk\u0131 da bu cumhuriyetten d\u0131\u015fland\u0131\u011f\u0131n\u0131 hat\u0131rlatt\u0131.<\/p>\n<p>\u0130ngiltere\u2019nin, K\u0131br\u0131s\u2019ta adil, kal\u0131c\u0131 ve s\u00fcrd\u00fcr\u00fclebilir bir anlatmaya ula\u015f\u0131labilmesi i\u00e7in mutlak surette siyasetini g\u00f6zden ge\u00e7irmesi gerekti\u011fini ifade eden Cumhurba\u015fkan\u0131 Tatar, kendisinin T\u00fcrkiye Cumhuriyeti\u2019nin deste\u011fi ile  iki devletli siyasete y\u00f6n verdiklerini kaydetti.<\/p>\n<p>Cumhurba\u015fkan\u0131 Ersin Tatar, K\u0131br\u0131s\u2019ta iki egemen devlet temelinde bir \u00e7\u00f6z\u00fcm olmas\u0131n\u0131n \u00f6nemli oldu\u011funu belirterek, co\u011frafyan\u0131n zenginliklerinden yararlanabilmek ad\u0131na gereken ad\u0131mlar\u0131n at\u0131lmas\u0131 gerekti\u011fini ifade etti. Bu konuda K\u0131br\u0131s Rum y\u00f6netiminin gerekli ad\u0131mlar\u0131 atmad\u0131\u011f\u0131n\u0131 vurgulayan Cumhurba\u015fkan\u0131 Tatar, m\u00fccadeleye ve iki devletli siyaseti savunmaya devam  edeceklerini kaydetti.<\/p>\n<p>K\u0131br\u0131s T\u00fcrk halk\u0131n\u0131n hakl\u0131 davas\u0131n\u0131 s\u00fcrd\u00fcrmesinde, KKTC\u2019nin tan\u0131t\u0131lmas\u0131nda g\u00f6revlerimizin devam etti\u011fini vurgulayan Cumhurba\u015fkan\u0131 Tatar, ger\u00e7ekleri t\u00fcm d\u00fcnyaya anlatmak ad\u0131na azimle bu yolda i\u015fbirli\u011fi i\u00e7erisinde y\u00fcr\u00fcyeceklerini belirtti.<\/p>\n<p>A\u00e7\u0131klamaya g\u00f6re, \u0130ngiltere K\u0131br\u0131s T\u00fcrk Dernekleri Konseyi (CTCA) Ba\u015fkan\u0131 Kenan Nafi ise, kendilerini kabul etti\u011fi i\u00e7in Tatar\u2019a te\u015fekk\u00fcr ederek, K\u0131br\u0131s T\u00fcrk\u00fcn\u00fcn sesini duyurmak ad\u0131na ad\u0131m at\u0131lmas\u0131n\u0131n \u00f6nemli oldu\u011funu ve bu y\u00f6nde m\u00fccadelelerini devam ettireceklerini ifade etti.<\/p>\n<p>Kenan Nafi, Cumhurba\u015fkan\u0131 Tatar\u2019\u0131, Haziran ay\u0131nda Londra\u2019da d\u00fczenlenecek olan 8. K\u0131br\u0131s T\u00fcrk K\u00fclt\u00fcr Festivali\u2019ne davet etti. Ger\u00e7ekle\u015fecek olan festivalin, daha \u00f6nce oldu\u011fu gibi K\u0131br\u0131s T\u00fcrk\u00fcn\u00fcn sesini duyurmay\u0131 ve varolu\u015f m\u00fccadelesini g\u00f6r\u00fcn\u00fcr k\u0131lmay\u0131 ama\u00e7lad\u0131\u011f\u0131n\u0131 ifade eden Nafi, K\u0131br\u0131s T\u00fcrk halk\u0131n\u0131n, k\u00fclt\u00fcr\u00fcn\u00fc ve  tarihini ya\u015fatmak i\u00e7in ellerinden gelenin en iyisini yapmak i\u00e7in \u00e7al\u0131\u015fmalar\u0131na devam edeceklerini vurgulad\u0131 ve K\u0131br\u0131s T\u00fcrk\u00fcn\u00fcn ileti\u015fim ve i\u015fbirli\u011fi i\u00e7erisinde tek ses ve tek y\u00fcrek olarak her konuda g\u00fc\u00e7lenerek yoluna devam edece\u011fi konusunda inan\u00e7 bildirdi.<\/p>\n<\/p><\/div>\n<p><script async\n                    defer\n                    crossorigin=\"anonymous\"\n                    src=\"https:\/\/connect.facebook.net\/tr_TR\/sdk.js#xfbml=1&#038;version=v3.3\"\n            ><\/script><\/p>\n","protected":false},"excerpt":{"rendered":"<p>Cumhurba\u015fkan\u0131 Ersin Tatar, \u0130ngiltere K\u0131br\u0131s T\u00fcrk Dernekleri Konseyi (CTCA) Ba\u015fkan\u0131 Kenan Nafi ve beraberindeki heyeti kabul ederek, g\u00f6r\u00fc\u015ft\u00fc. Cumhurba\u015fkanl\u0131\u011f\u0131ndan verilen bilgiye g\u00f6re, Cumhurba\u015fkan\u0131 Ersin Tatar kabulde yapt\u0131\u011f\u0131 konu\u015fmada, \u0130ngiltere K\u0131br\u0131s T\u00fcrk Dernekleri Konseyi\u2019nin K\u0131br\u0131s T\u00fcrklerinin Birle\u015fik Krall\u0131k\u2019taki en geni\u015f \u00e7at\u0131s\u0131 oldu\u011funu belirterek, y\u00fcr\u00fct\u00fclen faaliyetleri ve K\u0131br\u0131s T\u00fcrklerinin \u00fclkedeki farkl\u0131 sekt\u00f6rlerdeki ba\u015far\u0131lar\u0131n\u0131 b\u00fcy\u00fck takdirle izledi\u011fini ifade<\/p>\n","protected":false},"author":1,"featured_media":75870,"comment_status":"open","ping_status":"open","sticky":false,"template":"","format":"standard","meta":{"footnotes":""},"categories":[81,101],"tags":[],"class_list":["post-75869","post","type-post","status-publish","format-standard","has-post-thumbnail","hentry","category-kibris","category-manset"],"yoast_head":"<!-- This site is optimized with the Yoast SEO plugin v27.5 - https:\/\/yoast.com\/product\/yoast-seo-wordpress\/ -->\n<title>Cumhurba\u015fkan\u0131 Tatar, \u0130ngiltere K\u0131br\u0131s T\u00fcrk Dernekleri Konseyi ile g\u00f6r\u00fc\u015ft\u00fc -<\/title>\n<meta name=\"robots\" content=\"index, follow, max-snippet:-1, max-image-preview:large, max-video-preview:-1\" \/>\n<link rel=\"canonical\" href=\"https:\/\/kibrisdakik.com\/?p=75869\" \/>\n<meta property=\"og:locale\" content=\"tr_TR\" \/>\n<meta property=\"og:type\" content=\"article\" \/>\n<meta property=\"og:title\" content=\"Cumhurba\u015fkan\u0131 Tatar, \u0130ngiltere K\u0131br\u0131s T\u00fcrk Dernekleri Konseyi ile g\u00f6r\u00fc\u015ft\u00fc -\" \/>\n<meta property=\"og:description\" content=\"Cumhurba\u015fkan\u0131 Ersin Tatar, \u0130ngiltere K\u0131br\u0131s T\u00fcrk Dernekleri Konseyi (CTCA) Ba\u015fkan\u0131 Kenan Nafi ve beraberindeki heyeti kabul ederek, g\u00f6r\u00fc\u015ft\u00fc. Cumhurba\u015fkanl\u0131\u011f\u0131ndan verilen bilgiye g\u00f6re, Cumhurba\u015fkan\u0131 Ersin Tatar kabulde yapt\u0131\u011f\u0131 konu\u015fmada, \u0130ngiltere K\u0131br\u0131s T\u00fcrk Dernekleri Konseyi\u2019nin K\u0131br\u0131s T\u00fcrklerinin Birle\u015fik Krall\u0131k\u2019taki en geni\u015f \u00e7at\u0131s\u0131 oldu\u011funu belirterek, y\u00fcr\u00fct\u00fclen faaliyetleri ve K\u0131br\u0131s T\u00fcrklerinin \u00fclkedeki farkl\u0131 sekt\u00f6rlerdeki ba\u015far\u0131lar\u0131n\u0131 b\u00fcy\u00fck takdirle izledi\u011fini ifade\" \/>\n<meta property=\"og:url\" content=\"https:\/\/kibrisdakik.com\/?p=75869\" \/>\n<meta property=\"article:published_time\" content=\"2025-02-18T13:00:53+00:00\" \/>\n<meta property=\"og:image\" content=\"https:\/\/kibrisdakik.com\/wp-content\/uploads\/2025\/02\/808080-740x420.jpg\" \/>\n\t<meta property=\"og:image:width\" content=\"2560\" \/>\n\t<meta property=\"og:image:height\" content=\"1077\" \/>\n\t<meta property=\"og:image:type\" content=\"image\/jpeg\" \/>\n<meta name=\"author\" content=\"admin\" \/>\n<meta name=\"twitter:card\" content=\"summary_large_image\" \/>\n<meta name=\"twitter:label1\" content=\"Yazan:\" \/>\n\t<meta name=\"twitter:data1\" content=\"admin\" \/>\n\t<meta name=\"twitter:label2\" content=\"Tahmini okuma s\u00fcresi\" \/>\n\t<meta name=\"twitter:data2\" content=\"3 dakika\" \/>\n<script type=\"application\/ld+json\" class=\"yoast-schema-graph\">{\"@context\":\"https:\\\/\\\/schema.org\",\"@graph\":[{\"@type\":\"Article\",\"@id\":\"https:\\\/\\\/kibrisdakik.com\\\/?p=75869#article\",\"isPartOf\":{\"@id\":\"https:\\\/\\\/kibrisdakik.com\\\/?p=75869\"},\"author\":{\"name\":\"admin\",\"@id\":\"https:\\\/\\\/kibrisdakik.com\\\/#\\\/schema\\\/person\\\/9cd9d437bbb44f72b73ba127e06d8e79\"},\"headline\":\"Cumhurba\u015fkan\u0131 Tatar, \u0130ngiltere K\u0131br\u0131s T\u00fcrk Dernekleri Konseyi ile g\u00f6r\u00fc\u015ft\u00fc\",\"datePublished\":\"2025-02-18T13:00:53+00:00\",\"mainEntityOfPage\":{\"@id\":\"https:\\\/\\\/kibrisdakik.com\\\/?p=75869\"},\"wordCount\":661,\"commentCount\":0,\"image\":{\"@id\":\"https:\\\/\\\/kibrisdakik.com\\\/?p=75869#primaryimage\"},\"thumbnailUrl\":\"https:\\\/\\\/kibrisdakik.com\\\/wp-content\\\/uploads\\\/2025\\\/02\\\/808080-740x420.jpg\",\"articleSection\":[\"K\u0131br\u0131s\",\"Man\u015fet\"],\"inLanguage\":\"tr\",\"potentialAction\":[{\"@type\":\"CommentAction\",\"name\":\"Comment\",\"target\":[\"https:\\\/\\\/kibrisdakik.com\\\/?p=75869#respond\"]}]},{\"@type\":\"WebPage\",\"@id\":\"https:\\\/\\\/kibrisdakik.com\\\/?p=75869\",\"url\":\"https:\\\/\\\/kibrisdakik.com\\\/?p=75869\",\"name\":\"Cumhurba\u015fkan\u0131 Tatar, \u0130ngiltere K\u0131br\u0131s T\u00fcrk Dernekleri Konseyi ile g\u00f6r\u00fc\u015ft\u00fc -\",\"isPartOf\":{\"@id\":\"https:\\\/\\\/kibrisdakik.com\\\/#website\"},\"primaryImageOfPage\":{\"@id\":\"https:\\\/\\\/kibrisdakik.com\\\/?p=75869#primaryimage\"},\"image\":{\"@id\":\"https:\\\/\\\/kibrisdakik.com\\\/?p=75869#primaryimage\"},\"thumbnailUrl\":\"https:\\\/\\\/kibrisdakik.com\\\/wp-content\\\/uploads\\\/2025\\\/02\\\/808080-740x420.jpg\",\"datePublished\":\"2025-02-18T13:00:53+00:00\",\"author\":{\"@id\":\"https:\\\/\\\/kibrisdakik.com\\\/#\\\/schema\\\/person\\\/9cd9d437bbb44f72b73ba127e06d8e79\"},\"breadcrumb\":{\"@id\":\"https:\\\/\\\/kibrisdakik.com\\\/?p=75869#breadcrumb\"},\"inLanguage\":\"tr\",\"potentialAction\":[{\"@type\":\"ReadAction\",\"target\":[\"https:\\\/\\\/kibrisdakik.com\\\/?p=75869\"]}]},{\"@type\":\"ImageObject\",\"inLanguage\":\"tr\",\"@id\":\"https:\\\/\\\/kibrisdakik.com\\\/?p=75869#primaryimage\",\"url\":\"https:\\\/\\\/kibrisdakik.com\\\/wp-content\\\/uploads\\\/2025\\\/02\\\/808080-740x420.jpg\",\"contentUrl\":\"https:\\\/\\\/kibrisdakik.com\\\/wp-content\\\/uploads\\\/2025\\\/02\\\/808080-740x420.jpg\",\"width\":2560,\"height\":1077},{\"@type\":\"BreadcrumbList\",\"@id\":\"https:\\\/\\\/kibrisdakik.com\\\/?p=75869#breadcrumb\",\"itemListElement\":[{\"@type\":\"ListItem\",\"position\":1,\"name\":\"Home\",\"item\":\"https:\\\/\\\/kibrisdakik.com\\\/\"},{\"@type\":\"ListItem\",\"position\":2,\"name\":\"Cumhurba\u015fkan\u0131 Tatar, \u0130ngiltere K\u0131br\u0131s T\u00fcrk Dernekleri Konseyi ile g\u00f6r\u00fc\u015ft\u00fc\"}]},{\"@type\":\"WebSite\",\"@id\":\"https:\\\/\\\/kibrisdakik.com\\\/#website\",\"url\":\"https:\\\/\\\/kibrisdakik.com\\\/\",\"name\":\"\",\"description\":\"Tam vaktinde haber\",\"potentialAction\":[{\"@type\":\"SearchAction\",\"target\":{\"@type\":\"EntryPoint\",\"urlTemplate\":\"https:\\\/\\\/kibrisdakik.com\\\/?s={search_term_string}\"},\"query-input\":{\"@type\":\"PropertyValueSpecification\",\"valueRequired\":true,\"valueName\":\"search_term_string\"}}],\"inLanguage\":\"tr\"},{\"@type\":\"Person\",\"@id\":\"https:\\\/\\\/kibrisdakik.com\\\/#\\\/schema\\\/person\\\/9cd9d437bbb44f72b73ba127e06d8e79\",\"name\":\"admin\",\"image\":{\"@type\":\"ImageObject\",\"inLanguage\":\"tr\",\"@id\":\"https:\\\/\\\/secure.gravatar.com\\\/avatar\\\/ccc17943b9d660506c869530f897617f7cb1c21a4bf30023f252596d83e1f007?s=96&d=mm&r=g\",\"url\":\"https:\\\/\\\/secure.gravatar.com\\\/avatar\\\/ccc17943b9d660506c869530f897617f7cb1c21a4bf30023f252596d83e1f007?s=96&d=mm&r=g\",\"contentUrl\":\"https:\\\/\\\/secure.gravatar.com\\\/avatar\\\/ccc17943b9d660506c869530f897617f7cb1c21a4bf30023f252596d83e1f007?s=96&d=mm&r=g\",\"caption\":\"admin\"},\"sameAs\":[\"https:\\\/\\\/kibrisdakik.com\"],\"url\":\"https:\\\/\\\/kibrisdakik.com\\\/?author=1\"}]}<\/script>\n<!-- \/ Yoast SEO plugin. -->","yoast_head_json":{"title":"Cumhurba\u015fkan\u0131 Tatar, \u0130ngiltere K\u0131br\u0131s T\u00fcrk Dernekleri Konseyi ile g\u00f6r\u00fc\u015ft\u00fc -","robots":{"index":"index","follow":"follow","max-snippet":"max-snippet:-1","max-image-preview":"max-image-preview:large","max-video-preview":"max-video-preview:-1"},"canonical":"https:\/\/kibrisdakik.com\/?p=75869","og_locale":"tr_TR","og_type":"article","og_title":"Cumhurba\u015fkan\u0131 Tatar, \u0130ngiltere K\u0131br\u0131s T\u00fcrk Dernekleri Konseyi ile g\u00f6r\u00fc\u015ft\u00fc -","og_description":"Cumhurba\u015fkan\u0131 Ersin Tatar, \u0130ngiltere K\u0131br\u0131s T\u00fcrk Dernekleri Konseyi (CTCA) Ba\u015fkan\u0131 Kenan Nafi ve beraberindeki heyeti kabul ederek, g\u00f6r\u00fc\u015ft\u00fc. Cumhurba\u015fkanl\u0131\u011f\u0131ndan verilen bilgiye g\u00f6re, Cumhurba\u015fkan\u0131 Ersin Tatar kabulde yapt\u0131\u011f\u0131 konu\u015fmada, \u0130ngiltere K\u0131br\u0131s T\u00fcrk Dernekleri Konseyi\u2019nin K\u0131br\u0131s T\u00fcrklerinin Birle\u015fik Krall\u0131k\u2019taki en geni\u015f \u00e7at\u0131s\u0131 oldu\u011funu belirterek, y\u00fcr\u00fct\u00fclen faaliyetleri ve K\u0131br\u0131s T\u00fcrklerinin \u00fclkedeki farkl\u0131 sekt\u00f6rlerdeki ba\u015far\u0131lar\u0131n\u0131 b\u00fcy\u00fck takdirle izledi\u011fini ifade","og_url":"https:\/\/kibrisdakik.com\/?p=75869","article_published_time":"2025-02-18T13:00:53+00:00","og_image":[{"width":2560,"height":1077,"url":"https:\/\/kibrisdakik.com\/wp-content\/uploads\/2025\/02\/808080-740x420.jpg","type":"image\/jpeg"}],"author":"admin","twitter_card":"summary_large_image","twitter_misc":{"Yazan:":"admin","Tahmini okuma s\u00fcresi":"3 dakika"},"schema":{"@context":"https:\/\/schema.org","@graph":[{"@type":"Article","@id":"https:\/\/kibrisdakik.com\/?p=75869#article","isPartOf":{"@id":"https:\/\/kibrisdakik.com\/?p=75869"},"author":{"name":"admin","@id":"https:\/\/kibrisdakik.com\/#\/schema\/person\/9cd9d437bbb44f72b73ba127e06d8e79"},"headline":"Cumhurba\u015fkan\u0131 Tatar, \u0130ngiltere K\u0131br\u0131s T\u00fcrk Dernekleri Konseyi ile g\u00f6r\u00fc\u015ft\u00fc","datePublished":"2025-02-18T13:00:53+00:00","mainEntityOfPage":{"@id":"https:\/\/kibrisdakik.com\/?p=75869"},"wordCount":661,"commentCount":0,"image":{"@id":"https:\/\/kibrisdakik.com\/?p=75869#primaryimage"},"thumbnailUrl":"https:\/\/kibrisdakik.com\/wp-content\/uploads\/2025\/02\/808080-740x420.jpg","articleSection":["K\u0131br\u0131s","Man\u015fet"],"inLanguage":"tr","potentialAction":[{"@type":"CommentAction","name":"Comment","target":["https:\/\/kibrisdakik.com\/?p=75869#respond"]}]},{"@type":"WebPage","@id":"https:\/\/kibrisdakik.com\/?p=75869","url":"https:\/\/kibrisdakik.com\/?p=75869","name":"Cumhurba\u015fkan\u0131 Tatar, \u0130ngiltere K\u0131br\u0131s T\u00fcrk Dernekleri Konseyi ile g\u00f6r\u00fc\u015ft\u00fc -","isPartOf":{"@id":"https:\/\/kibrisdakik.com\/#website"},"primaryImageOfPage":{"@id":"https:\/\/kibrisdakik.com\/?p=75869#primaryimage"},"image":{"@id":"https:\/\/kibrisdakik.com\/?p=75869#primaryimage"},"thumbnailUrl":"https:\/\/kibrisdakik.com\/wp-content\/uploads\/2025\/02\/808080-740x420.jpg","datePublished":"2025-02-18T13:00:53+00:00","author":{"@id":"https:\/\/kibrisdakik.com\/#\/schema\/person\/9cd9d437bbb44f72b73ba127e06d8e79"},"breadcrumb":{"@id":"https:\/\/kibrisdakik.com\/?p=75869#breadcrumb"},"inLanguage":"tr","potentialAction":[{"@type":"ReadAction","target":["https:\/\/kibrisdakik.com\/?p=75869"]}]},{"@type":"ImageObject","inLanguage":"tr","@id":"https:\/\/kibrisdakik.com\/?p=75869#primaryimage","url":"https:\/\/kibrisdakik.com\/wp-content\/uploads\/2025\/02\/808080-740x420.jpg","contentUrl":"https:\/\/kibrisdakik.com\/wp-content\/uploads\/2025\/02\/808080-740x420.jpg","width":2560,"height":1077},{"@type":"BreadcrumbList","@id":"https:\/\/kibrisdakik.com\/?p=75869#breadcrumb","itemListElement":[{"@type":"ListItem","position":1,"name":"Home","item":"https:\/\/kibrisdakik.com\/"},{"@type":"ListItem","position":2,"name":"Cumhurba\u015fkan\u0131 Tatar, \u0130ngiltere K\u0131br\u0131s T\u00fcrk Dernekleri Konseyi ile g\u00f6r\u00fc\u015ft\u00fc"}]},{"@type":"WebSite","@id":"https:\/\/kibrisdakik.com\/#website","url":"https:\/\/kibrisdakik.com\/","name":"","description":"Tam vaktinde haber","potentialAction":[{"@type":"SearchAction","target":{"@type":"EntryPoint","urlTemplate":"https:\/\/kibrisdakik.com\/?s={search_term_string}"},"query-input":{"@type":"PropertyValueSpecification","valueRequired":true,"valueName":"search_term_string"}}],"inLanguage":"tr"},{"@type":"Person","@id":"https:\/\/kibrisdakik.com\/#\/schema\/person\/9cd9d437bbb44f72b73ba127e06d8e79","name":"admin","image":{"@type":"ImageObject","inLanguage":"tr","@id":"https:\/\/secure.gravatar.com\/avatar\/ccc17943b9d660506c869530f897617f7cb1c21a4bf30023f252596d83e1f007?s=96&d=mm&r=g","url":"https:\/\/secure.gravatar.com\/avatar\/ccc17943b9d660506c869530f897617f7cb1c21a4bf30023f252596d83e1f007?s=96&d=mm&r=g","contentUrl":"https:\/\/secure.gravatar.com\/avatar\/ccc17943b9d660506c869530f897617f7cb1c21a4bf30023f252596d83e1f007?s=96&d=mm&r=g","caption":"admin"},"sameAs":["https:\/\/kibrisdakik.com"],"url":"https:\/\/kibrisdakik.com\/?author=1"}]}},"_links":{"self":[{"href":"https:\/\/kibrisdakik.com\/index.php?rest_route=\/wp\/v2\/posts\/75869","targetHints":{"allow":["GET"]}}],"collection":[{"href":"https:\/\/kibrisdakik.com\/index.php?rest_route=\/wp\/v2\/posts"}],"about":[{"href":"https:\/\/kibrisdakik.com\/index.php?rest_route=\/wp\/v2\/types\/post"}],"author":[{"embeddable":true,"href":"https:\/\/kibrisdakik.com\/index.php?rest_route=\/wp\/v2\/users\/1"}],"replies":[{"embeddable":true,"href":"https:\/\/kibrisdakik.com\/index.php?rest_route=%2Fwp%2Fv2%2Fcomments&post=75869"}],"version-history":[{"count":0,"href":"https:\/\/kibrisdakik.com\/index.php?rest_route=\/wp\/v2\/posts\/75869\/revisions"}],"wp:featuredmedia":[{"embeddable":true,"href":"https:\/\/kibrisdakik.com\/index.php?rest_route=\/wp\/v2\/media\/75870"}],"wp:attachment":[{"href":"https:\/\/kibrisdakik.com\/index.php?rest_route=%2Fwp%2Fv2%2Fmedia&parent=75869"}],"wp:term":[{"taxonomy":"category","embeddable":true,"href":"https:\/\/kibrisdakik.com\/index.php?rest_route=%2Fwp%2Fv2%2Fcategories&post=75869"},{"taxonomy":"post_tag","embeddable":true,"href":"https:\/\/kibrisdakik.com\/index.php?rest_route=%2Fwp%2Fv2%2Ftags&post=75869"}],"curies":[{"name":"wp","href":"https:\/\/api.w.org\/{rel}","templated":true}]}}