{"id":75873,"date":"2025-02-18T16:08:20","date_gmt":"2025-02-18T13:08:20","guid":{"rendered":"https:\/\/kibrisdakik.com\/index.php\/2025\/02\/18\/sibel-tatar-halkbank-ureten-kadinlar-yarismasi-odul-torenine-katildi\/"},"modified":"2025-02-18T16:08:20","modified_gmt":"2025-02-18T13:08:20","slug":"sibel-tatar-halkbank-ureten-kadinlar-yarismasi-odul-torenine-katildi","status":"publish","type":"post","link":"https:\/\/kibrisdakik.com\/?p=75873","title":{"rendered":"Sibel Tatar, Halkbank \u00dcreten Kad\u0131nlar Yar\u0131\u015fmas\u0131 \u00f6d\u00fcl t\u00f6renine kat\u0131ld\u0131"},"content":{"rendered":"<div>\n<div class=\"mariselle-image-container center\">\n                                            <\/div>\n<p> Cumhurba\u015fkan\u0131 Ersin Tatar\u2019\u0131n e\u015fi Sibel Tatar, \u0130stanbul\u2019da d\u00fczenlenen Halkbank \u00dcreten Kad\u0131nlar Yar\u0131\u015fmas\u0131\u2019n\u0131n \u00f6d\u00fcl t\u00f6renine kat\u0131ld\u0131.<\/p>\n<p>Cumhurba\u015fkanl\u0131\u011f\u0131 Bas\u0131n ve Halkla \u0130li\u015fkiler B\u00fcrosu\u2019ndan verilen bilgiye g\u00f6re, \u00f6d\u00fcl t\u00f6renine T\u00fcrkiye Cumhuriyeti Cumhurba\u015fkan\u0131 Recep Tayyip Erdo\u011fan\u2019\u0131n e\u015fi Emine Erdo\u011fan, TC Aile ve Sosyal Hizmetler Bakan\u0131 Mahinur \u00d6zdemir G\u00f6kta\u015f, TC Sanayi ve Teknoloji Bakan\u0131 Mehmet Fatih Kac\u0131r ve Halkbank Genel M\u00fcd\u00fcr\u00fc Osman Arslan\u2019\u0131n yan\u0131 s\u0131ra Cumhuriyet tarihinin ilk kad\u0131n generali Tu\u011fgeneral \u00d6zlem Y\u0131lmaz, Alev Alatl\u0131\u2019n\u0131n k\u0131z\u0131 Funda Aktan, j\u00fcri \u00fcyeleri, yar\u0131\u015fmac\u0131lar ve davetliler kat\u0131ld\u0131.<\/p>\n<p>Yar\u0131\u015fmada, Kuzey K\u0131br\u0131s T\u00fcrk Cumhuriyeti\u2019ni temsil eden K\u0131br\u0131s T\u00fcrk Giri\u015fimci Kad\u0131nlar Derne\u011fi Kooperatifi\u2019nin (G\u0130KA-KOOP), finale kalarak \u00f6nemli bir ba\u015far\u0131ya imza att\u0131\u011f\u0131 belirtildi.<\/p>\n<p>Sibel Tatar, NTV\u2019ye verdi\u011fi r\u00f6portajda, Halk Bankas\u0131\u2019n\u0131n \u00f6d\u00fcl t\u00f6renini takdir etti\u011fini belirterek, burada bir\u00e7ok giri\u015fimci ve ba\u015far\u0131l\u0131 kad\u0131n \u00f6rneklerini g\u00f6rd\u00fc\u011f\u00fcn\u00fc s\u00f6yledi.<\/p>\n<p>\u00d6d\u00fcl alanlar\u0131 kutlayan Tatar, kad\u0131nlar\u0131n bug\u00fcn geldikleri noktada bir\u00e7ok ba\u015far\u0131l\u0131 konulara imza att\u0131klar\u0131n\u0131 fakat bunun yan\u0131nda halen kad\u0131nlar i\u00e7in m\u00fccadele edilmesi gereken konular\u0131n bulundu\u011funu vurgulad\u0131.<\/p>\n<p>M\u00fccadele etmeye devam edilece\u011fini vurgulayan Sibel Tatar, elde edilen ba\u015far\u0131larla gurur duyuldu\u011funu ve mutlu olundu\u011funu kaydetti.<\/p>\n<p>TC Cumhurba\u015fkan\u0131 Recep Tayyip Erdo\u011fan\u2019\u0131n e\u015fi Emine Erdo\u011fan ise t\u00f6rende yapt\u0131\u011f\u0131 konu\u015fmada, projeleriyle yar\u0131\u015fmaya kat\u0131lan kat\u0131l\u0131mc\u0131lara te\u015fekk\u00fcr ederek, Kuzey K\u0131br\u0131s T\u00fcrk Cumhuriyeti ile birlikte, kad\u0131nlar\u0131 merkezine alan ortak projelerin say\u0131s\u0131n\u0131n artmas\u0131 temennisinde bulundu.<\/p>\n<\/p><\/div>\n<p><script async\n                    defer\n                    crossorigin=\"anonymous\"\n                    src=\"https:\/\/connect.facebook.net\/tr_TR\/sdk.js#xfbml=1&#038;version=v3.3\"\n            ><\/script><\/p>\n","protected":false},"excerpt":{"rendered":"<p>Cumhurba\u015fkan\u0131 Ersin Tatar\u2019\u0131n e\u015fi Sibel Tatar, \u0130stanbul\u2019da d\u00fczenlenen Halkbank \u00dcreten Kad\u0131nlar Yar\u0131\u015fmas\u0131\u2019n\u0131n \u00f6d\u00fcl t\u00f6renine kat\u0131ld\u0131. Cumhurba\u015fkanl\u0131\u011f\u0131 Bas\u0131n ve Halkla \u0130li\u015fkiler B\u00fcrosu\u2019ndan verilen bilgiye g\u00f6re, \u00f6d\u00fcl t\u00f6renine T\u00fcrkiye Cumhuriyeti Cumhurba\u015fkan\u0131 Recep Tayyip Erdo\u011fan\u2019\u0131n e\u015fi Emine Erdo\u011fan, TC Aile ve Sosyal Hizmetler Bakan\u0131 Mahinur \u00d6zdemir G\u00f6kta\u015f, TC Sanayi ve Teknoloji Bakan\u0131 Mehmet Fatih Kac\u0131r ve Halkbank Genel<\/p>\n","protected":false},"author":1,"featured_media":75874,"comment_status":"open","ping_status":"open","sticky":false,"template":"","format":"standard","meta":{"footnotes":""},"categories":[81,101],"tags":[],"class_list":["post-75873","post","type-post","status-publish","format-standard","has-post-thumbnail","hentry","category-kibris","category-manset"],"yoast_head":"<!-- This site is optimized with the Yoast SEO plugin v27.5 - https:\/\/yoast.com\/product\/yoast-seo-wordpress\/ -->\n<title>Sibel Tatar, Halkbank \u00dcreten Kad\u0131nlar Yar\u0131\u015fmas\u0131 \u00f6d\u00fcl t\u00f6renine kat\u0131ld\u0131 -<\/title>\n<meta name=\"robots\" content=\"index, follow, max-snippet:-1, max-image-preview:large, max-video-preview:-1\" \/>\n<link rel=\"canonical\" href=\"https:\/\/kibrisdakik.com\/?p=75873\" \/>\n<meta property=\"og:locale\" content=\"tr_TR\" \/>\n<meta property=\"og:type\" content=\"article\" \/>\n<meta property=\"og:title\" content=\"Sibel Tatar, Halkbank \u00dcreten Kad\u0131nlar Yar\u0131\u015fmas\u0131 \u00f6d\u00fcl t\u00f6renine kat\u0131ld\u0131 -\" \/>\n<meta property=\"og:description\" content=\"Cumhurba\u015fkan\u0131 Ersin Tatar\u2019\u0131n e\u015fi Sibel Tatar, \u0130stanbul\u2019da d\u00fczenlenen Halkbank \u00dcreten Kad\u0131nlar Yar\u0131\u015fmas\u0131\u2019n\u0131n \u00f6d\u00fcl t\u00f6renine kat\u0131ld\u0131. Cumhurba\u015fkanl\u0131\u011f\u0131 Bas\u0131n ve Halkla \u0130li\u015fkiler B\u00fcrosu\u2019ndan verilen bilgiye g\u00f6re, \u00f6d\u00fcl t\u00f6renine T\u00fcrkiye Cumhuriyeti Cumhurba\u015fkan\u0131 Recep Tayyip Erdo\u011fan\u2019\u0131n e\u015fi Emine Erdo\u011fan, TC Aile ve Sosyal Hizmetler Bakan\u0131 Mahinur \u00d6zdemir G\u00f6kta\u015f, TC Sanayi ve Teknoloji Bakan\u0131 Mehmet Fatih Kac\u0131r ve Halkbank Genel\" \/>\n<meta property=\"og:url\" content=\"https:\/\/kibrisdakik.com\/?p=75873\" \/>\n<meta property=\"article:published_time\" content=\"2025-02-18T13:08:20+00:00\" \/>\n<meta property=\"og:image\" content=\"https:\/\/kibrisdakik.com\/wp-content\/uploads\/2025\/02\/85028502852-740x420.jpg\" \/>\n\t<meta property=\"og:image:width\" content=\"1600\" \/>\n\t<meta property=\"og:image:height\" content=\"1066\" \/>\n\t<meta property=\"og:image:type\" content=\"image\/jpeg\" \/>\n<meta name=\"author\" content=\"admin\" \/>\n<meta name=\"twitter:card\" content=\"summary_large_image\" \/>\n<meta name=\"twitter:label1\" content=\"Yazan:\" \/>\n\t<meta name=\"twitter:data1\" content=\"admin\" \/>\n\t<meta name=\"twitter:label2\" content=\"Tahmini okuma s\u00fcresi\" \/>\n\t<meta name=\"twitter:data2\" content=\"2 dakika\" \/>\n<script type=\"application\/ld+json\" class=\"yoast-schema-graph\">{\"@context\":\"https:\\\/\\\/schema.org\",\"@graph\":[{\"@type\":\"Article\",\"@id\":\"https:\\\/\\\/kibrisdakik.com\\\/?p=75873#article\",\"isPartOf\":{\"@id\":\"https:\\\/\\\/kibrisdakik.com\\\/?p=75873\"},\"author\":{\"name\":\"admin\",\"@id\":\"https:\\\/\\\/kibrisdakik.com\\\/#\\\/schema\\\/person\\\/9cd9d437bbb44f72b73ba127e06d8e79\"},\"headline\":\"Sibel Tatar, Halkbank \u00dcreten Kad\u0131nlar Yar\u0131\u015fmas\u0131 \u00f6d\u00fcl t\u00f6renine kat\u0131ld\u0131\",\"datePublished\":\"2025-02-18T13:08:20+00:00\",\"mainEntityOfPage\":{\"@id\":\"https:\\\/\\\/kibrisdakik.com\\\/?p=75873\"},\"wordCount\":325,\"commentCount\":0,\"image\":{\"@id\":\"https:\\\/\\\/kibrisdakik.com\\\/?p=75873#primaryimage\"},\"thumbnailUrl\":\"https:\\\/\\\/kibrisdakik.com\\\/wp-content\\\/uploads\\\/2025\\\/02\\\/85028502852-740x420.jpg\",\"articleSection\":[\"K\u0131br\u0131s\",\"Man\u015fet\"],\"inLanguage\":\"tr\",\"potentialAction\":[{\"@type\":\"CommentAction\",\"name\":\"Comment\",\"target\":[\"https:\\\/\\\/kibrisdakik.com\\\/?p=75873#respond\"]}]},{\"@type\":\"WebPage\",\"@id\":\"https:\\\/\\\/kibrisdakik.com\\\/?p=75873\",\"url\":\"https:\\\/\\\/kibrisdakik.com\\\/?p=75873\",\"name\":\"Sibel Tatar, Halkbank \u00dcreten Kad\u0131nlar Yar\u0131\u015fmas\u0131 \u00f6d\u00fcl t\u00f6renine kat\u0131ld\u0131 -\",\"isPartOf\":{\"@id\":\"https:\\\/\\\/kibrisdakik.com\\\/#website\"},\"primaryImageOfPage\":{\"@id\":\"https:\\\/\\\/kibrisdakik.com\\\/?p=75873#primaryimage\"},\"image\":{\"@id\":\"https:\\\/\\\/kibrisdakik.com\\\/?p=75873#primaryimage\"},\"thumbnailUrl\":\"https:\\\/\\\/kibrisdakik.com\\\/wp-content\\\/uploads\\\/2025\\\/02\\\/85028502852-740x420.jpg\",\"datePublished\":\"2025-02-18T13:08:20+00:00\",\"author\":{\"@id\":\"https:\\\/\\\/kibrisdakik.com\\\/#\\\/schema\\\/person\\\/9cd9d437bbb44f72b73ba127e06d8e79\"},\"breadcrumb\":{\"@id\":\"https:\\\/\\\/kibrisdakik.com\\\/?p=75873#breadcrumb\"},\"inLanguage\":\"tr\",\"potentialAction\":[{\"@type\":\"ReadAction\",\"target\":[\"https:\\\/\\\/kibrisdakik.com\\\/?p=75873\"]}]},{\"@type\":\"ImageObject\",\"inLanguage\":\"tr\",\"@id\":\"https:\\\/\\\/kibrisdakik.com\\\/?p=75873#primaryimage\",\"url\":\"https:\\\/\\\/kibrisdakik.com\\\/wp-content\\\/uploads\\\/2025\\\/02\\\/85028502852-740x420.jpg\",\"contentUrl\":\"https:\\\/\\\/kibrisdakik.com\\\/wp-content\\\/uploads\\\/2025\\\/02\\\/85028502852-740x420.jpg\",\"width\":1600,\"height\":1066},{\"@type\":\"BreadcrumbList\",\"@id\":\"https:\\\/\\\/kibrisdakik.com\\\/?p=75873#breadcrumb\",\"itemListElement\":[{\"@type\":\"ListItem\",\"position\":1,\"name\":\"Home\",\"item\":\"https:\\\/\\\/kibrisdakik.com\\\/\"},{\"@type\":\"ListItem\",\"position\":2,\"name\":\"Sibel Tatar, Halkbank \u00dcreten Kad\u0131nlar Yar\u0131\u015fmas\u0131 \u00f6d\u00fcl t\u00f6renine kat\u0131ld\u0131\"}]},{\"@type\":\"WebSite\",\"@id\":\"https:\\\/\\\/kibrisdakik.com\\\/#website\",\"url\":\"https:\\\/\\\/kibrisdakik.com\\\/\",\"name\":\"\",\"description\":\"Tam vaktinde haber\",\"potentialAction\":[{\"@type\":\"SearchAction\",\"target\":{\"@type\":\"EntryPoint\",\"urlTemplate\":\"https:\\\/\\\/kibrisdakik.com\\\/?s={search_term_string}\"},\"query-input\":{\"@type\":\"PropertyValueSpecification\",\"valueRequired\":true,\"valueName\":\"search_term_string\"}}],\"inLanguage\":\"tr\"},{\"@type\":\"Person\",\"@id\":\"https:\\\/\\\/kibrisdakik.com\\\/#\\\/schema\\\/person\\\/9cd9d437bbb44f72b73ba127e06d8e79\",\"name\":\"admin\",\"image\":{\"@type\":\"ImageObject\",\"inLanguage\":\"tr\",\"@id\":\"https:\\\/\\\/secure.gravatar.com\\\/avatar\\\/ccc17943b9d660506c869530f897617f7cb1c21a4bf30023f252596d83e1f007?s=96&d=mm&r=g\",\"url\":\"https:\\\/\\\/secure.gravatar.com\\\/avatar\\\/ccc17943b9d660506c869530f897617f7cb1c21a4bf30023f252596d83e1f007?s=96&d=mm&r=g\",\"contentUrl\":\"https:\\\/\\\/secure.gravatar.com\\\/avatar\\\/ccc17943b9d660506c869530f897617f7cb1c21a4bf30023f252596d83e1f007?s=96&d=mm&r=g\",\"caption\":\"admin\"},\"sameAs\":[\"https:\\\/\\\/kibrisdakik.com\"],\"url\":\"https:\\\/\\\/kibrisdakik.com\\\/?author=1\"}]}<\/script>\n<!-- \/ Yoast SEO plugin. -->","yoast_head_json":{"title":"Sibel Tatar, Halkbank \u00dcreten Kad\u0131nlar Yar\u0131\u015fmas\u0131 \u00f6d\u00fcl t\u00f6renine kat\u0131ld\u0131 -","robots":{"index":"index","follow":"follow","max-snippet":"max-snippet:-1","max-image-preview":"max-image-preview:large","max-video-preview":"max-video-preview:-1"},"canonical":"https:\/\/kibrisdakik.com\/?p=75873","og_locale":"tr_TR","og_type":"article","og_title":"Sibel Tatar, Halkbank \u00dcreten Kad\u0131nlar Yar\u0131\u015fmas\u0131 \u00f6d\u00fcl t\u00f6renine kat\u0131ld\u0131 -","og_description":"Cumhurba\u015fkan\u0131 Ersin Tatar\u2019\u0131n e\u015fi Sibel Tatar, \u0130stanbul\u2019da d\u00fczenlenen Halkbank \u00dcreten Kad\u0131nlar Yar\u0131\u015fmas\u0131\u2019n\u0131n \u00f6d\u00fcl t\u00f6renine kat\u0131ld\u0131. Cumhurba\u015fkanl\u0131\u011f\u0131 Bas\u0131n ve Halkla \u0130li\u015fkiler B\u00fcrosu\u2019ndan verilen bilgiye g\u00f6re, \u00f6d\u00fcl t\u00f6renine T\u00fcrkiye Cumhuriyeti Cumhurba\u015fkan\u0131 Recep Tayyip Erdo\u011fan\u2019\u0131n e\u015fi Emine Erdo\u011fan, TC Aile ve Sosyal Hizmetler Bakan\u0131 Mahinur \u00d6zdemir G\u00f6kta\u015f, TC Sanayi ve Teknoloji Bakan\u0131 Mehmet Fatih Kac\u0131r ve Halkbank Genel","og_url":"https:\/\/kibrisdakik.com\/?p=75873","article_published_time":"2025-02-18T13:08:20+00:00","og_image":[{"width":1600,"height":1066,"url":"https:\/\/kibrisdakik.com\/wp-content\/uploads\/2025\/02\/85028502852-740x420.jpg","type":"image\/jpeg"}],"author":"admin","twitter_card":"summary_large_image","twitter_misc":{"Yazan:":"admin","Tahmini okuma s\u00fcresi":"2 dakika"},"schema":{"@context":"https:\/\/schema.org","@graph":[{"@type":"Article","@id":"https:\/\/kibrisdakik.com\/?p=75873#article","isPartOf":{"@id":"https:\/\/kibrisdakik.com\/?p=75873"},"author":{"name":"admin","@id":"https:\/\/kibrisdakik.com\/#\/schema\/person\/9cd9d437bbb44f72b73ba127e06d8e79"},"headline":"Sibel Tatar, Halkbank \u00dcreten Kad\u0131nlar Yar\u0131\u015fmas\u0131 \u00f6d\u00fcl t\u00f6renine kat\u0131ld\u0131","datePublished":"2025-02-18T13:08:20+00:00","mainEntityOfPage":{"@id":"https:\/\/kibrisdakik.com\/?p=75873"},"wordCount":325,"commentCount":0,"image":{"@id":"https:\/\/kibrisdakik.com\/?p=75873#primaryimage"},"thumbnailUrl":"https:\/\/kibrisdakik.com\/wp-content\/uploads\/2025\/02\/85028502852-740x420.jpg","articleSection":["K\u0131br\u0131s","Man\u015fet"],"inLanguage":"tr","potentialAction":[{"@type":"CommentAction","name":"Comment","target":["https:\/\/kibrisdakik.com\/?p=75873#respond"]}]},{"@type":"WebPage","@id":"https:\/\/kibrisdakik.com\/?p=75873","url":"https:\/\/kibrisdakik.com\/?p=75873","name":"Sibel Tatar, Halkbank \u00dcreten Kad\u0131nlar Yar\u0131\u015fmas\u0131 \u00f6d\u00fcl t\u00f6renine kat\u0131ld\u0131 -","isPartOf":{"@id":"https:\/\/kibrisdakik.com\/#website"},"primaryImageOfPage":{"@id":"https:\/\/kibrisdakik.com\/?p=75873#primaryimage"},"image":{"@id":"https:\/\/kibrisdakik.com\/?p=75873#primaryimage"},"thumbnailUrl":"https:\/\/kibrisdakik.com\/wp-content\/uploads\/2025\/02\/85028502852-740x420.jpg","datePublished":"2025-02-18T13:08:20+00:00","author":{"@id":"https:\/\/kibrisdakik.com\/#\/schema\/person\/9cd9d437bbb44f72b73ba127e06d8e79"},"breadcrumb":{"@id":"https:\/\/kibrisdakik.com\/?p=75873#breadcrumb"},"inLanguage":"tr","potentialAction":[{"@type":"ReadAction","target":["https:\/\/kibrisdakik.com\/?p=75873"]}]},{"@type":"ImageObject","inLanguage":"tr","@id":"https:\/\/kibrisdakik.com\/?p=75873#primaryimage","url":"https:\/\/kibrisdakik.com\/wp-content\/uploads\/2025\/02\/85028502852-740x420.jpg","contentUrl":"https:\/\/kibrisdakik.com\/wp-content\/uploads\/2025\/02\/85028502852-740x420.jpg","width":1600,"height":1066},{"@type":"BreadcrumbList","@id":"https:\/\/kibrisdakik.com\/?p=75873#breadcrumb","itemListElement":[{"@type":"ListItem","position":1,"name":"Home","item":"https:\/\/kibrisdakik.com\/"},{"@type":"ListItem","position":2,"name":"Sibel Tatar, Halkbank \u00dcreten Kad\u0131nlar Yar\u0131\u015fmas\u0131 \u00f6d\u00fcl t\u00f6renine kat\u0131ld\u0131"}]},{"@type":"WebSite","@id":"https:\/\/kibrisdakik.com\/#website","url":"https:\/\/kibrisdakik.com\/","name":"","description":"Tam vaktinde haber","potentialAction":[{"@type":"SearchAction","target":{"@type":"EntryPoint","urlTemplate":"https:\/\/kibrisdakik.com\/?s={search_term_string}"},"query-input":{"@type":"PropertyValueSpecification","valueRequired":true,"valueName":"search_term_string"}}],"inLanguage":"tr"},{"@type":"Person","@id":"https:\/\/kibrisdakik.com\/#\/schema\/person\/9cd9d437bbb44f72b73ba127e06d8e79","name":"admin","image":{"@type":"ImageObject","inLanguage":"tr","@id":"https:\/\/secure.gravatar.com\/avatar\/ccc17943b9d660506c869530f897617f7cb1c21a4bf30023f252596d83e1f007?s=96&d=mm&r=g","url":"https:\/\/secure.gravatar.com\/avatar\/ccc17943b9d660506c869530f897617f7cb1c21a4bf30023f252596d83e1f007?s=96&d=mm&r=g","contentUrl":"https:\/\/secure.gravatar.com\/avatar\/ccc17943b9d660506c869530f897617f7cb1c21a4bf30023f252596d83e1f007?s=96&d=mm&r=g","caption":"admin"},"sameAs":["https:\/\/kibrisdakik.com"],"url":"https:\/\/kibrisdakik.com\/?author=1"}]}},"_links":{"self":[{"href":"https:\/\/kibrisdakik.com\/index.php?rest_route=\/wp\/v2\/posts\/75873","targetHints":{"allow":["GET"]}}],"collection":[{"href":"https:\/\/kibrisdakik.com\/index.php?rest_route=\/wp\/v2\/posts"}],"about":[{"href":"https:\/\/kibrisdakik.com\/index.php?rest_route=\/wp\/v2\/types\/post"}],"author":[{"embeddable":true,"href":"https:\/\/kibrisdakik.com\/index.php?rest_route=\/wp\/v2\/users\/1"}],"replies":[{"embeddable":true,"href":"https:\/\/kibrisdakik.com\/index.php?rest_route=%2Fwp%2Fv2%2Fcomments&post=75873"}],"version-history":[{"count":0,"href":"https:\/\/kibrisdakik.com\/index.php?rest_route=\/wp\/v2\/posts\/75873\/revisions"}],"wp:featuredmedia":[{"embeddable":true,"href":"https:\/\/kibrisdakik.com\/index.php?rest_route=\/wp\/v2\/media\/75874"}],"wp:attachment":[{"href":"https:\/\/kibrisdakik.com\/index.php?rest_route=%2Fwp%2Fv2%2Fmedia&parent=75873"}],"wp:term":[{"taxonomy":"category","embeddable":true,"href":"https:\/\/kibrisdakik.com\/index.php?rest_route=%2Fwp%2Fv2%2Fcategories&post=75873"},{"taxonomy":"post_tag","embeddable":true,"href":"https:\/\/kibrisdakik.com\/index.php?rest_route=%2Fwp%2Fv2%2Ftags&post=75873"}],"curies":[{"name":"wp","href":"https:\/\/api.w.org\/{rel}","templated":true}]}}