{"id":75882,"date":"2025-02-18T19:15:38","date_gmt":"2025-02-18T16:15:38","guid":{"rendered":"https:\/\/kibrisdakik.com\/index.php\/2025\/02\/18\/ktoeos-meclis-onundeyd-selma-eylem-2008-ve-2011-sonrasi-ise-baslayan-ogretmenler-haksizliga-ugradi\/"},"modified":"2025-02-18T19:15:38","modified_gmt":"2025-02-18T16:15:38","slug":"ktoeos-meclis-onundeyd-selma-eylem-2008-ve-2011-sonrasi-ise-baslayan-ogretmenler-haksizliga-ugradi","status":"publish","type":"post","link":"https:\/\/kibrisdakik.com\/?p=75882","title":{"rendered":"KTOE\u00d6S Meclis \u00f6n\u00fcndeyd..Selma Eylem: 2008 ve 2011 sonras\u0131 i\u015fe ba\u015flayan \u00f6\u011fretmenler haks\u0131zl\u0131\u011fa u\u011frad\u0131"},"content":{"rendered":"<div>\n<div class=\"mariselle-image-container center\">\n                                            <\/div>\n<p>K\u0131br\u0131s T\u00fcrk Orta E\u011fitim \u00d6\u011fretmenler Sendikas\u0131 yetkilileri (KTOE\u00d6S), \u201c2008 ve 2011 sonras\u0131 i\u015fe ba\u015flayan \u00f6\u011fretmenlerin haks\u0131zl\u0131k ve adaletsizli\u011fe u\u011frad\u0131\u011f\u0131 iddias\u0131yla Meclis \u00f6n\u00fcnde eylem yapt\u0131 ve kendilerini Meclis kap\u0131s\u0131na zincirledi.<\/p>\n<p>Sendikan\u0131n Ba\u015fkan\u0131 Selma Eylem, burada yapt\u0131\u011f\u0131 a\u00e7\u0131klamada, e\u011fitim alan\u0131nda ve okullardaki s\u0131k\u0131nt\u0131lara ve eksikliklere de\u011findi. <\/p>\n<p>H\u00fck\u00fcmet ve bakanl\u0131\u011f\u0131n, \u00f6\u011fretmenlerin yasal olarak s\u0131k\u0131nt\u0131 ya\u015famas\u0131na sebep oldu\u011funu ileri s\u00fcren Eylem, \u00f6\u011fretmenlerin \u00fccretlerinin, \u00e7al\u0131\u015fma stat\u00fclerinin iyile\u015ftirilmesi, refah\u0131n\u0131n art\u0131r\u0131lmas\u0131 \u00e7a\u011fr\u0131s\u0131nda bulunarak, kamusal e\u011fitime yat\u0131r\u0131m yap\u0131lmas\u0131 taleplerini dile getirdi.<\/p>\n<p>Selma Eylem, h\u00fck\u00fcmetten bu sorunlara \u00e7\u00f6z\u00fcmler \u00fcretmesini istediklerini ve konun takip\u00e7isi olmaya, m\u00fcadeleye devam edeceklerini ifade etti.<\/p>\n<p>Eylem, Karpaz\u2019daki e\u015fek katliam\u0131 ile ilgili de yasal \u00e7al\u0131\u015fmalar\u0131n yap\u0131lmas\u0131 ve gerekli ad\u0131mlar\u0131n at\u0131lmas\u0131n\u0131 da istedi.<\/p>\n<p>Sendikan\u0131n bas\u0131n a\u00e7\u0131klamas\u0131nda ise e\u011fitimin temelini \u00f6\u011fretmenlerin olu\u015fturdu\u011fu ve kamusal e\u011fitim ile \u00f6\u011fretmenlik mesle\u011fine odaklan\u0131lmas\u0131 gerekti\u011fi kaydedilerek, \u00f6\u011fretmenlerin stat\u00fclerinin y\u00fckseltilmesi, \u00e7al\u0131\u015fma ko\u015fullar\u0131 ve haklar\u0131n\u0131n iyile\u015ftirilmesi gerekti\u011fi belirtildi.<\/p>\n<\/p><\/div>\n<p><script async\n                    defer\n                    crossorigin=\"anonymous\"\n                    src=\"https:\/\/connect.facebook.net\/tr_TR\/sdk.js#xfbml=1&#038;version=v3.3\"\n            ><\/script><\/p>\n","protected":false},"excerpt":{"rendered":"<p>K\u0131br\u0131s T\u00fcrk Orta E\u011fitim \u00d6\u011fretmenler Sendikas\u0131 yetkilileri (KTOE\u00d6S), \u201c2008 ve 2011 sonras\u0131 i\u015fe ba\u015flayan \u00f6\u011fretmenlerin haks\u0131zl\u0131k ve adaletsizli\u011fe u\u011frad\u0131\u011f\u0131 iddias\u0131yla Meclis \u00f6n\u00fcnde eylem yapt\u0131 ve kendilerini Meclis kap\u0131s\u0131na zincirledi. Sendikan\u0131n Ba\u015fkan\u0131 Selma Eylem, burada yapt\u0131\u011f\u0131 a\u00e7\u0131klamada, e\u011fitim alan\u0131nda ve okullardaki s\u0131k\u0131nt\u0131lara ve eksikliklere de\u011findi. H\u00fck\u00fcmet ve bakanl\u0131\u011f\u0131n, \u00f6\u011fretmenlerin yasal olarak s\u0131k\u0131nt\u0131 ya\u015famas\u0131na sebep oldu\u011funu ileri<\/p>\n","protected":false},"author":1,"featured_media":75883,"comment_status":"open","ping_status":"open","sticky":false,"template":"","format":"standard","meta":{"footnotes":""},"categories":[81,101],"tags":[],"class_list":["post-75882","post","type-post","status-publish","format-standard","has-post-thumbnail","hentry","category-kibris","category-manset"],"yoast_head":"<!-- This site is optimized with the Yoast SEO plugin v27.5 - https:\/\/yoast.com\/product\/yoast-seo-wordpress\/ -->\n<title>KTOE\u00d6S Meclis \u00f6n\u00fcndeyd..Selma Eylem: 2008 ve 2011 sonras\u0131 i\u015fe ba\u015flayan \u00f6\u011fretmenler haks\u0131zl\u0131\u011fa u\u011frad\u0131 -<\/title>\n<meta name=\"robots\" content=\"index, follow, max-snippet:-1, max-image-preview:large, max-video-preview:-1\" \/>\n<link rel=\"canonical\" href=\"https:\/\/kibrisdakik.com\/?p=75882\" \/>\n<meta property=\"og:locale\" content=\"tr_TR\" \/>\n<meta property=\"og:type\" content=\"article\" \/>\n<meta property=\"og:title\" content=\"KTOE\u00d6S Meclis \u00f6n\u00fcndeyd..Selma Eylem: 2008 ve 2011 sonras\u0131 i\u015fe ba\u015flayan \u00f6\u011fretmenler haks\u0131zl\u0131\u011fa u\u011frad\u0131 -\" \/>\n<meta property=\"og:description\" content=\"K\u0131br\u0131s T\u00fcrk Orta E\u011fitim \u00d6\u011fretmenler Sendikas\u0131 yetkilileri (KTOE\u00d6S), \u201c2008 ve 2011 sonras\u0131 i\u015fe ba\u015flayan \u00f6\u011fretmenlerin haks\u0131zl\u0131k ve adaletsizli\u011fe u\u011frad\u0131\u011f\u0131 iddias\u0131yla Meclis \u00f6n\u00fcnde eylem yapt\u0131 ve kendilerini Meclis kap\u0131s\u0131na zincirledi. Sendikan\u0131n Ba\u015fkan\u0131 Selma Eylem, burada yapt\u0131\u011f\u0131 a\u00e7\u0131klamada, e\u011fitim alan\u0131nda ve okullardaki s\u0131k\u0131nt\u0131lara ve eksikliklere de\u011findi. H\u00fck\u00fcmet ve bakanl\u0131\u011f\u0131n, \u00f6\u011fretmenlerin yasal olarak s\u0131k\u0131nt\u0131 ya\u015famas\u0131na sebep oldu\u011funu ileri\" \/>\n<meta property=\"og:url\" content=\"https:\/\/kibrisdakik.com\/?p=75882\" \/>\n<meta property=\"article:published_time\" content=\"2025-02-18T16:15:38+00:00\" \/>\n<meta property=\"og:image\" content=\"https:\/\/kibrisdakik.com\/wp-content\/uploads\/2025\/02\/oiopi-740x420.jpeg\" \/>\n\t<meta property=\"og:image:width\" content=\"1599\" \/>\n\t<meta property=\"og:image:height\" content=\"1066\" \/>\n\t<meta property=\"og:image:type\" content=\"image\/jpeg\" \/>\n<meta name=\"author\" content=\"admin\" \/>\n<meta name=\"twitter:card\" content=\"summary_large_image\" \/>\n<meta name=\"twitter:label1\" content=\"Yazan:\" \/>\n\t<meta name=\"twitter:data1\" content=\"admin\" \/>\n\t<meta name=\"twitter:label2\" content=\"Tahmini okuma s\u00fcresi\" \/>\n\t<meta name=\"twitter:data2\" content=\"1 dakika\" \/>\n<script type=\"application\/ld+json\" class=\"yoast-schema-graph\">{\"@context\":\"https:\\\/\\\/schema.org\",\"@graph\":[{\"@type\":\"Article\",\"@id\":\"https:\\\/\\\/kibrisdakik.com\\\/?p=75882#article\",\"isPartOf\":{\"@id\":\"https:\\\/\\\/kibrisdakik.com\\\/?p=75882\"},\"author\":{\"name\":\"admin\",\"@id\":\"https:\\\/\\\/kibrisdakik.com\\\/#\\\/schema\\\/person\\\/9cd9d437bbb44f72b73ba127e06d8e79\"},\"headline\":\"KTOE\u00d6S Meclis \u00f6n\u00fcndeyd..Selma Eylem: 2008 ve 2011 sonras\u0131 i\u015fe ba\u015flayan \u00f6\u011fretmenler haks\u0131zl\u0131\u011fa u\u011frad\u0131\",\"datePublished\":\"2025-02-18T16:15:38+00:00\",\"mainEntityOfPage\":{\"@id\":\"https:\\\/\\\/kibrisdakik.com\\\/?p=75882\"},\"wordCount\":230,\"commentCount\":0,\"image\":{\"@id\":\"https:\\\/\\\/kibrisdakik.com\\\/?p=75882#primaryimage\"},\"thumbnailUrl\":\"https:\\\/\\\/kibrisdakik.com\\\/wp-content\\\/uploads\\\/2025\\\/02\\\/oiopi-740x420.jpeg\",\"articleSection\":[\"K\u0131br\u0131s\",\"Man\u015fet\"],\"inLanguage\":\"tr\",\"potentialAction\":[{\"@type\":\"CommentAction\",\"name\":\"Comment\",\"target\":[\"https:\\\/\\\/kibrisdakik.com\\\/?p=75882#respond\"]}]},{\"@type\":\"WebPage\",\"@id\":\"https:\\\/\\\/kibrisdakik.com\\\/?p=75882\",\"url\":\"https:\\\/\\\/kibrisdakik.com\\\/?p=75882\",\"name\":\"KTOE\u00d6S Meclis \u00f6n\u00fcndeyd..Selma Eylem: 2008 ve 2011 sonras\u0131 i\u015fe ba\u015flayan \u00f6\u011fretmenler haks\u0131zl\u0131\u011fa u\u011frad\u0131 -\",\"isPartOf\":{\"@id\":\"https:\\\/\\\/kibrisdakik.com\\\/#website\"},\"primaryImageOfPage\":{\"@id\":\"https:\\\/\\\/kibrisdakik.com\\\/?p=75882#primaryimage\"},\"image\":{\"@id\":\"https:\\\/\\\/kibrisdakik.com\\\/?p=75882#primaryimage\"},\"thumbnailUrl\":\"https:\\\/\\\/kibrisdakik.com\\\/wp-content\\\/uploads\\\/2025\\\/02\\\/oiopi-740x420.jpeg\",\"datePublished\":\"2025-02-18T16:15:38+00:00\",\"author\":{\"@id\":\"https:\\\/\\\/kibrisdakik.com\\\/#\\\/schema\\\/person\\\/9cd9d437bbb44f72b73ba127e06d8e79\"},\"breadcrumb\":{\"@id\":\"https:\\\/\\\/kibrisdakik.com\\\/?p=75882#breadcrumb\"},\"inLanguage\":\"tr\",\"potentialAction\":[{\"@type\":\"ReadAction\",\"target\":[\"https:\\\/\\\/kibrisdakik.com\\\/?p=75882\"]}]},{\"@type\":\"ImageObject\",\"inLanguage\":\"tr\",\"@id\":\"https:\\\/\\\/kibrisdakik.com\\\/?p=75882#primaryimage\",\"url\":\"https:\\\/\\\/kibrisdakik.com\\\/wp-content\\\/uploads\\\/2025\\\/02\\\/oiopi-740x420.jpeg\",\"contentUrl\":\"https:\\\/\\\/kibrisdakik.com\\\/wp-content\\\/uploads\\\/2025\\\/02\\\/oiopi-740x420.jpeg\",\"width\":1599,\"height\":1066},{\"@type\":\"BreadcrumbList\",\"@id\":\"https:\\\/\\\/kibrisdakik.com\\\/?p=75882#breadcrumb\",\"itemListElement\":[{\"@type\":\"ListItem\",\"position\":1,\"name\":\"Home\",\"item\":\"https:\\\/\\\/kibrisdakik.com\\\/\"},{\"@type\":\"ListItem\",\"position\":2,\"name\":\"KTOE\u00d6S Meclis \u00f6n\u00fcndeyd..Selma Eylem: 2008 ve 2011 sonras\u0131 i\u015fe ba\u015flayan \u00f6\u011fretmenler haks\u0131zl\u0131\u011fa u\u011frad\u0131\"}]},{\"@type\":\"WebSite\",\"@id\":\"https:\\\/\\\/kibrisdakik.com\\\/#website\",\"url\":\"https:\\\/\\\/kibrisdakik.com\\\/\",\"name\":\"\",\"description\":\"Tam vaktinde haber\",\"potentialAction\":[{\"@type\":\"SearchAction\",\"target\":{\"@type\":\"EntryPoint\",\"urlTemplate\":\"https:\\\/\\\/kibrisdakik.com\\\/?s={search_term_string}\"},\"query-input\":{\"@type\":\"PropertyValueSpecification\",\"valueRequired\":true,\"valueName\":\"search_term_string\"}}],\"inLanguage\":\"tr\"},{\"@type\":\"Person\",\"@id\":\"https:\\\/\\\/kibrisdakik.com\\\/#\\\/schema\\\/person\\\/9cd9d437bbb44f72b73ba127e06d8e79\",\"name\":\"admin\",\"image\":{\"@type\":\"ImageObject\",\"inLanguage\":\"tr\",\"@id\":\"https:\\\/\\\/secure.gravatar.com\\\/avatar\\\/ccc17943b9d660506c869530f897617f7cb1c21a4bf30023f252596d83e1f007?s=96&d=mm&r=g\",\"url\":\"https:\\\/\\\/secure.gravatar.com\\\/avatar\\\/ccc17943b9d660506c869530f897617f7cb1c21a4bf30023f252596d83e1f007?s=96&d=mm&r=g\",\"contentUrl\":\"https:\\\/\\\/secure.gravatar.com\\\/avatar\\\/ccc17943b9d660506c869530f897617f7cb1c21a4bf30023f252596d83e1f007?s=96&d=mm&r=g\",\"caption\":\"admin\"},\"sameAs\":[\"https:\\\/\\\/kibrisdakik.com\"],\"url\":\"https:\\\/\\\/kibrisdakik.com\\\/?author=1\"}]}<\/script>\n<!-- \/ Yoast SEO plugin. -->","yoast_head_json":{"title":"KTOE\u00d6S Meclis \u00f6n\u00fcndeyd..Selma Eylem: 2008 ve 2011 sonras\u0131 i\u015fe ba\u015flayan \u00f6\u011fretmenler haks\u0131zl\u0131\u011fa u\u011frad\u0131 -","robots":{"index":"index","follow":"follow","max-snippet":"max-snippet:-1","max-image-preview":"max-image-preview:large","max-video-preview":"max-video-preview:-1"},"canonical":"https:\/\/kibrisdakik.com\/?p=75882","og_locale":"tr_TR","og_type":"article","og_title":"KTOE\u00d6S Meclis \u00f6n\u00fcndeyd..Selma Eylem: 2008 ve 2011 sonras\u0131 i\u015fe ba\u015flayan \u00f6\u011fretmenler haks\u0131zl\u0131\u011fa u\u011frad\u0131 -","og_description":"K\u0131br\u0131s T\u00fcrk Orta E\u011fitim \u00d6\u011fretmenler Sendikas\u0131 yetkilileri (KTOE\u00d6S), \u201c2008 ve 2011 sonras\u0131 i\u015fe ba\u015flayan \u00f6\u011fretmenlerin haks\u0131zl\u0131k ve adaletsizli\u011fe u\u011frad\u0131\u011f\u0131 iddias\u0131yla Meclis \u00f6n\u00fcnde eylem yapt\u0131 ve kendilerini Meclis kap\u0131s\u0131na zincirledi. Sendikan\u0131n Ba\u015fkan\u0131 Selma Eylem, burada yapt\u0131\u011f\u0131 a\u00e7\u0131klamada, e\u011fitim alan\u0131nda ve okullardaki s\u0131k\u0131nt\u0131lara ve eksikliklere de\u011findi. H\u00fck\u00fcmet ve bakanl\u0131\u011f\u0131n, \u00f6\u011fretmenlerin yasal olarak s\u0131k\u0131nt\u0131 ya\u015famas\u0131na sebep oldu\u011funu ileri","og_url":"https:\/\/kibrisdakik.com\/?p=75882","article_published_time":"2025-02-18T16:15:38+00:00","og_image":[{"width":1599,"height":1066,"url":"https:\/\/kibrisdakik.com\/wp-content\/uploads\/2025\/02\/oiopi-740x420.jpeg","type":"image\/jpeg"}],"author":"admin","twitter_card":"summary_large_image","twitter_misc":{"Yazan:":"admin","Tahmini okuma s\u00fcresi":"1 dakika"},"schema":{"@context":"https:\/\/schema.org","@graph":[{"@type":"Article","@id":"https:\/\/kibrisdakik.com\/?p=75882#article","isPartOf":{"@id":"https:\/\/kibrisdakik.com\/?p=75882"},"author":{"name":"admin","@id":"https:\/\/kibrisdakik.com\/#\/schema\/person\/9cd9d437bbb44f72b73ba127e06d8e79"},"headline":"KTOE\u00d6S Meclis \u00f6n\u00fcndeyd..Selma Eylem: 2008 ve 2011 sonras\u0131 i\u015fe ba\u015flayan \u00f6\u011fretmenler haks\u0131zl\u0131\u011fa u\u011frad\u0131","datePublished":"2025-02-18T16:15:38+00:00","mainEntityOfPage":{"@id":"https:\/\/kibrisdakik.com\/?p=75882"},"wordCount":230,"commentCount":0,"image":{"@id":"https:\/\/kibrisdakik.com\/?p=75882#primaryimage"},"thumbnailUrl":"https:\/\/kibrisdakik.com\/wp-content\/uploads\/2025\/02\/oiopi-740x420.jpeg","articleSection":["K\u0131br\u0131s","Man\u015fet"],"inLanguage":"tr","potentialAction":[{"@type":"CommentAction","name":"Comment","target":["https:\/\/kibrisdakik.com\/?p=75882#respond"]}]},{"@type":"WebPage","@id":"https:\/\/kibrisdakik.com\/?p=75882","url":"https:\/\/kibrisdakik.com\/?p=75882","name":"KTOE\u00d6S Meclis \u00f6n\u00fcndeyd..Selma Eylem: 2008 ve 2011 sonras\u0131 i\u015fe ba\u015flayan \u00f6\u011fretmenler haks\u0131zl\u0131\u011fa u\u011frad\u0131 -","isPartOf":{"@id":"https:\/\/kibrisdakik.com\/#website"},"primaryImageOfPage":{"@id":"https:\/\/kibrisdakik.com\/?p=75882#primaryimage"},"image":{"@id":"https:\/\/kibrisdakik.com\/?p=75882#primaryimage"},"thumbnailUrl":"https:\/\/kibrisdakik.com\/wp-content\/uploads\/2025\/02\/oiopi-740x420.jpeg","datePublished":"2025-02-18T16:15:38+00:00","author":{"@id":"https:\/\/kibrisdakik.com\/#\/schema\/person\/9cd9d437bbb44f72b73ba127e06d8e79"},"breadcrumb":{"@id":"https:\/\/kibrisdakik.com\/?p=75882#breadcrumb"},"inLanguage":"tr","potentialAction":[{"@type":"ReadAction","target":["https:\/\/kibrisdakik.com\/?p=75882"]}]},{"@type":"ImageObject","inLanguage":"tr","@id":"https:\/\/kibrisdakik.com\/?p=75882#primaryimage","url":"https:\/\/kibrisdakik.com\/wp-content\/uploads\/2025\/02\/oiopi-740x420.jpeg","contentUrl":"https:\/\/kibrisdakik.com\/wp-content\/uploads\/2025\/02\/oiopi-740x420.jpeg","width":1599,"height":1066},{"@type":"BreadcrumbList","@id":"https:\/\/kibrisdakik.com\/?p=75882#breadcrumb","itemListElement":[{"@type":"ListItem","position":1,"name":"Home","item":"https:\/\/kibrisdakik.com\/"},{"@type":"ListItem","position":2,"name":"KTOE\u00d6S Meclis \u00f6n\u00fcndeyd..Selma Eylem: 2008 ve 2011 sonras\u0131 i\u015fe ba\u015flayan \u00f6\u011fretmenler haks\u0131zl\u0131\u011fa u\u011frad\u0131"}]},{"@type":"WebSite","@id":"https:\/\/kibrisdakik.com\/#website","url":"https:\/\/kibrisdakik.com\/","name":"","description":"Tam vaktinde haber","potentialAction":[{"@type":"SearchAction","target":{"@type":"EntryPoint","urlTemplate":"https:\/\/kibrisdakik.com\/?s={search_term_string}"},"query-input":{"@type":"PropertyValueSpecification","valueRequired":true,"valueName":"search_term_string"}}],"inLanguage":"tr"},{"@type":"Person","@id":"https:\/\/kibrisdakik.com\/#\/schema\/person\/9cd9d437bbb44f72b73ba127e06d8e79","name":"admin","image":{"@type":"ImageObject","inLanguage":"tr","@id":"https:\/\/secure.gravatar.com\/avatar\/ccc17943b9d660506c869530f897617f7cb1c21a4bf30023f252596d83e1f007?s=96&d=mm&r=g","url":"https:\/\/secure.gravatar.com\/avatar\/ccc17943b9d660506c869530f897617f7cb1c21a4bf30023f252596d83e1f007?s=96&d=mm&r=g","contentUrl":"https:\/\/secure.gravatar.com\/avatar\/ccc17943b9d660506c869530f897617f7cb1c21a4bf30023f252596d83e1f007?s=96&d=mm&r=g","caption":"admin"},"sameAs":["https:\/\/kibrisdakik.com"],"url":"https:\/\/kibrisdakik.com\/?author=1"}]}},"_links":{"self":[{"href":"https:\/\/kibrisdakik.com\/index.php?rest_route=\/wp\/v2\/posts\/75882","targetHints":{"allow":["GET"]}}],"collection":[{"href":"https:\/\/kibrisdakik.com\/index.php?rest_route=\/wp\/v2\/posts"}],"about":[{"href":"https:\/\/kibrisdakik.com\/index.php?rest_route=\/wp\/v2\/types\/post"}],"author":[{"embeddable":true,"href":"https:\/\/kibrisdakik.com\/index.php?rest_route=\/wp\/v2\/users\/1"}],"replies":[{"embeddable":true,"href":"https:\/\/kibrisdakik.com\/index.php?rest_route=%2Fwp%2Fv2%2Fcomments&post=75882"}],"version-history":[{"count":0,"href":"https:\/\/kibrisdakik.com\/index.php?rest_route=\/wp\/v2\/posts\/75882\/revisions"}],"wp:featuredmedia":[{"embeddable":true,"href":"https:\/\/kibrisdakik.com\/index.php?rest_route=\/wp\/v2\/media\/75883"}],"wp:attachment":[{"href":"https:\/\/kibrisdakik.com\/index.php?rest_route=%2Fwp%2Fv2%2Fmedia&parent=75882"}],"wp:term":[{"taxonomy":"category","embeddable":true,"href":"https:\/\/kibrisdakik.com\/index.php?rest_route=%2Fwp%2Fv2%2Fcategories&post=75882"},{"taxonomy":"post_tag","embeddable":true,"href":"https:\/\/kibrisdakik.com\/index.php?rest_route=%2Fwp%2Fv2%2Ftags&post=75882"}],"curies":[{"name":"wp","href":"https:\/\/api.w.org\/{rel}","templated":true}]}}