{"id":75896,"date":"2025-02-18T19:40:59","date_gmt":"2025-02-18T16:40:59","guid":{"rendered":"https:\/\/kibrisdakik.com\/index.php\/2025\/02\/18\/turk-devletleri-teskilati-15inci-yasinda-da-turk-devletleri-arasindaki-is-birligini-gelistirmek-hedefiyle-calismalarina-devam-ediyor\/"},"modified":"2025-02-18T19:40:59","modified_gmt":"2025-02-18T16:40:59","slug":"turk-devletleri-teskilati-15inci-yasinda-da-turk-devletleri-arasindaki-is-birligini-gelistirmek-hedefiyle-calismalarina-devam-ediyor","status":"publish","type":"post","link":"https:\/\/kibrisdakik.com\/?p=75896","title":{"rendered":"T\u00fcrk Devletleri Te\u015fkilat\u0131 15\u2019inci ya\u015f\u0131nda da T\u00fcrk devletleri aras\u0131ndaki i\u015f birli\u011fini geli\u015ftirmek hedefiyle \u00e7al\u0131\u015fmalar\u0131na devam ediyor"},"content":{"rendered":"<div>\n<div class=\"mariselle-image-container center\">\n                                            <\/div>\n<p>T\u00fcrk Devletleri Te\u015fkilat\u0131, 15\u2019inci ya\u015f\u0131nda \u00e7al\u0131\u015fmalar\u0131n\u0131 s\u00fcrd\u00fcr\u00fcyor.<\/p>\n<p>2009 y\u0131l\u0131nda imzalanan Nah\u00e7\u0131van Antla\u015fmas\u0131\u2019yla kurulan ve KKTC\u2019nin de g\u00f6zlemci \u00fcye olarak yer ald\u0131\u011f\u0131 T\u00fcrk Devletleri Te\u015fkilat\u0131, T\u00fcrk devletleri aras\u0131ndaki i\u015f birli\u011fini geli\u015ftirmek amac\u0131yla \u00e7al\u0131\u015fmalar\u0131n\u0131 yo\u011fun takvimiyle s\u00fcrd\u00fcr\u00fcyor.<\/p>\n<p>T\u00fcrk Devletleri Te\u015fkilat\u0131\u2019n\u0131n temeli, 1992 y\u0131l\u0131nda T\u00fcrkiye\u2019de, ba\u015fkent Ankara\u2019da ilki d\u00fczenlenen T\u00fcrk Dili Konu\u015fan \u00dclkeler Zirvesi ile at\u0131lm\u0131\u015f y\u0131llarca s\u00fcren \u00e7al\u0131\u015fmalar sonucunda, 2009 y\u0131l\u0131nda imzalanan Nah\u00e7\u0131van Antla\u015fmas\u0131\u2019yla hayata ge\u00e7irilmi\u015fti.<\/p>\n<p>Genel Sekreterli\u011fi \u0130stanbul\u2019da bulunan Te\u015fkilat\u2019ta, T\u00fcrkiye, Azerbaycan, Kazakistan, K\u0131rg\u0131zistan, \u00d6zbekistan tam \u00fcye, Macaristan, Kuzey K\u0131br\u0131s T\u00fcrk Cumhuriyeti ve T\u00fcrkmenistan da g\u00f6zlemci stat\u00fcs\u00fcnde yer al\u0131yor.<\/p>\n<p>Te\u015fkilat siyasi, ekonomi, k\u00fclt\u00fcrel, turizm, spor, g\u00f6\u00e7, enerji gibi alanlar ba\u015fta olmak \u00fczere 30\u2019a yak\u0131n ba\u015fl\u0131kta i\u015f birli\u011fi vb. etkinlikler d\u00fczenliyor.<\/p>\n<p>KKTC\u2019nin, Te\u015fkilat\u2019a tam \u00fcye olmas\u0131 amac\u0131yla anavatan T\u00fcrkiye \u00e7al\u0131\u015fmalar\u0131n\u0131 yo\u011fun \u015fekilde s\u00fcrd\u00fcr\u00fcyor.<\/p>\n<p>KKTC\u2019nin tam \u00fcyeli\u011fini s\u00fcrekli g\u00fcndeme getiren T\u00fcrkiye Cumhurba\u015fkan\u0131 Recep Tayyip Erdo\u011fan, \u201cKKTC bizim nezdimizde zaten T\u00fcrk Devletleri Te\u015fkilat\u0131\u2019n\u0131n tam \u00fcyesi konumundad\u0131r.\u201d demi\u015f ve K\u0131br\u0131s T\u00fcrk\u00fc\u2019ne deste\u011fini vurgulam\u0131\u015ft\u0131.<\/p>\n<p><strong>-\u0130stanbul\u2019da ikinci toplant\u0131\u2026<\/strong><\/p>\n<p>Bu arada T\u00fcrk Devletleri Parlamentolar\u0131 D\u0131\u015fi\u015fleri Komisyonlar\u0131 \u0130kinci Toplant\u0131s\u0131\u2019n\u0131n a\u00e7\u0131l\u0131\u015f\u0131 bug\u00fcn \u0130stanbul\u2019da yap\u0131ld\u0131.<\/p>\n<p>Kentteki bir otelde d\u00fczenlenen toplant\u0131ya Azerbaycan, Kazakistan, K\u0131rg\u0131zistan, \u00d6zbekistan, T\u00fcrkmenistan, Macaristan, Kuzey K\u0131br\u0131s T\u00fcrk Cumhuriyeti (KKTC), T\u00fcrk Devletleri Parlamenter Asamblesi (T\u00dcRKPA), T\u00fcrk Devletleri Te\u015fkilat\u0131 (TDT), Uluslararas\u0131 T\u00fcrk K\u00fclt\u00fcr\u00fc Te\u015fkilat\u0131 (T\u00dcRKSOY), T\u00fcrk Yat\u0131r\u0131m Fonu, T\u00fcrk Ticaret ve Sanayi Odalar\u0131 Birli\u011fi (TTSO) ve bakanl\u0131k temsilcileri kat\u0131l\u0131yor.<\/p>\n<p>Heyete ba\u015fkanl\u0131k yapan Cumhuriyet Meclisi Hukuk, Siyasi \u0130\u015fler ve D\u0131\u015f \u0130li\u015fkiler ve Savunma Komitesi Ba\u015fkan\u0131 Yasemi \u00d6zt\u00fcrk, toplant\u0131daki konu\u015fmas\u0131nda KKTC\u2019nin, TDT\u2019nin ve T\u00dcRKPA\u2019n\u0131n g\u00f6zlemci \u00fcyesi olarak bu kurulu\u015flar\u0131n \u00e7al\u0131\u015fmalar\u0131na katk\u0131 sa\u011flamaya kararl\u0131l\u0131\u011f\u0131n\u0131 ifade etti ve KKTC\u2019nin, sahip oldu\u011fu imkan ve kabiliyetlerle T\u00fcrk d\u00fcnyas\u0131na g\u00fc\u00e7 katabilecek potansiyelde oldu\u011funu vurgulad\u0131.<\/p>\n<p><strong>-Sosyal medyada milyonlarca etkile\u015fim<\/strong><\/p>\n<p>\u00d6te yandan, TDT kaynaklar\u0131, Te\u015fkilat\u2019\u0131n i\u015f birli\u011fini g\u00fc\u00e7lendirme \u00e7abalar\u0131n\u0131n arac\u0131 olarak olu\u015fturdu\u011fu ba\u015fta X platformundaki \u201cOrganization of Turkic States (@Turkic_States)\u201d olmak \u00fczere, sosyal medya hesaplar\u0131n\u0131n milyonlarca etkile\u015fim ald\u0131\u011f\u0131 ve on binlerce takip\u00e7isi bulundu\u011funa i\u015faret ederek, bu anlamda T\u00fcrk dili konu\u015fan devletlerin i\u015f birli\u011finde dijital ortam\u0131n \u00f6nemini vurgulad\u0131, t\u00fcm \u00fcye ve g\u00f6zlemci \u00fclkelere bu alanda da i\u015f birli\u011finin art\u0131r\u0131lmas\u0131 i\u00e7in \u00e7a\u011fr\u0131da bulundu.<\/p>\n<\/p><\/div>\n<p><script async\n                    defer\n                    crossorigin=\"anonymous\"\n                    src=\"https:\/\/connect.facebook.net\/tr_TR\/sdk.js#xfbml=1&#038;version=v3.3\"\n            ><\/script><\/p>\n","protected":false},"excerpt":{"rendered":"<p>T\u00fcrk Devletleri Te\u015fkilat\u0131, 15\u2019inci ya\u015f\u0131nda \u00e7al\u0131\u015fmalar\u0131n\u0131 s\u00fcrd\u00fcr\u00fcyor. 2009 y\u0131l\u0131nda imzalanan Nah\u00e7\u0131van Antla\u015fmas\u0131\u2019yla kurulan ve KKTC\u2019nin de g\u00f6zlemci \u00fcye olarak yer ald\u0131\u011f\u0131 T\u00fcrk Devletleri Te\u015fkilat\u0131, T\u00fcrk devletleri aras\u0131ndaki i\u015f birli\u011fini geli\u015ftirmek amac\u0131yla \u00e7al\u0131\u015fmalar\u0131n\u0131 yo\u011fun takvimiyle s\u00fcrd\u00fcr\u00fcyor. T\u00fcrk Devletleri Te\u015fkilat\u0131\u2019n\u0131n temeli, 1992 y\u0131l\u0131nda T\u00fcrkiye\u2019de, ba\u015fkent Ankara\u2019da ilki d\u00fczenlenen T\u00fcrk Dili Konu\u015fan \u00dclkeler Zirvesi ile at\u0131lm\u0131\u015f y\u0131llarca s\u00fcren<\/p>\n","protected":false},"author":1,"featured_media":75897,"comment_status":"open","ping_status":"open","sticky":false,"template":"","format":"standard","meta":{"footnotes":""},"categories":[81,101],"tags":[],"class_list":["post-75896","post","type-post","status-publish","format-standard","has-post-thumbnail","hentry","category-kibris","category-manset"],"yoast_head":"<!-- This site is optimized with the Yoast SEO plugin v27.4 - https:\/\/yoast.com\/product\/yoast-seo-wordpress\/ -->\n<title>T\u00fcrk Devletleri Te\u015fkilat\u0131 15\u2019inci ya\u015f\u0131nda da T\u00fcrk devletleri aras\u0131ndaki i\u015f birli\u011fini geli\u015ftirmek hedefiyle \u00e7al\u0131\u015fmalar\u0131na devam ediyor -<\/title>\n<meta name=\"robots\" content=\"index, follow, max-snippet:-1, max-image-preview:large, max-video-preview:-1\" \/>\n<link rel=\"canonical\" href=\"https:\/\/kibrisdakik.com\/?p=75896\" \/>\n<meta property=\"og:locale\" content=\"tr_TR\" \/>\n<meta property=\"og:type\" content=\"article\" \/>\n<meta property=\"og:title\" content=\"T\u00fcrk Devletleri Te\u015fkilat\u0131 15\u2019inci ya\u015f\u0131nda da T\u00fcrk devletleri aras\u0131ndaki i\u015f birli\u011fini geli\u015ftirmek hedefiyle \u00e7al\u0131\u015fmalar\u0131na devam ediyor -\" \/>\n<meta property=\"og:description\" content=\"T\u00fcrk Devletleri Te\u015fkilat\u0131, 15\u2019inci ya\u015f\u0131nda \u00e7al\u0131\u015fmalar\u0131n\u0131 s\u00fcrd\u00fcr\u00fcyor. 2009 y\u0131l\u0131nda imzalanan Nah\u00e7\u0131van Antla\u015fmas\u0131\u2019yla kurulan ve KKTC\u2019nin de g\u00f6zlemci \u00fcye olarak yer ald\u0131\u011f\u0131 T\u00fcrk Devletleri Te\u015fkilat\u0131, T\u00fcrk devletleri aras\u0131ndaki i\u015f birli\u011fini geli\u015ftirmek amac\u0131yla \u00e7al\u0131\u015fmalar\u0131n\u0131 yo\u011fun takvimiyle s\u00fcrd\u00fcr\u00fcyor. T\u00fcrk Devletleri Te\u015fkilat\u0131\u2019n\u0131n temeli, 1992 y\u0131l\u0131nda T\u00fcrkiye\u2019de, ba\u015fkent Ankara\u2019da ilki d\u00fczenlenen T\u00fcrk Dili Konu\u015fan \u00dclkeler Zirvesi ile at\u0131lm\u0131\u015f y\u0131llarca s\u00fcren\" \/>\n<meta property=\"og:url\" content=\"https:\/\/kibrisdakik.com\/?p=75896\" \/>\n<meta property=\"article:published_time\" content=\"2025-02-18T16:40:59+00:00\" \/>\n<meta property=\"og:image\" content=\"https:\/\/kibrisdakik.com\/wp-content\/uploads\/2025\/02\/980808-740x420.png\" \/>\n\t<meta property=\"og:image:width\" content=\"871\" \/>\n\t<meta property=\"og:image:height\" content=\"507\" \/>\n\t<meta property=\"og:image:type\" content=\"image\/png\" \/>\n<meta name=\"author\" content=\"admin\" \/>\n<meta name=\"twitter:card\" content=\"summary_large_image\" \/>\n<meta name=\"twitter:label1\" content=\"Yazan:\" \/>\n\t<meta name=\"twitter:data1\" content=\"admin\" \/>\n\t<meta name=\"twitter:label2\" content=\"Tahmini okuma s\u00fcresi\" \/>\n\t<meta name=\"twitter:data2\" content=\"3 dakika\" \/>\n<script type=\"application\/ld+json\" class=\"yoast-schema-graph\">{\"@context\":\"https:\\\/\\\/schema.org\",\"@graph\":[{\"@type\":\"Article\",\"@id\":\"https:\\\/\\\/kibrisdakik.com\\\/?p=75896#article\",\"isPartOf\":{\"@id\":\"https:\\\/\\\/kibrisdakik.com\\\/?p=75896\"},\"author\":{\"name\":\"admin\",\"@id\":\"https:\\\/\\\/kibrisdakik.com\\\/#\\\/schema\\\/person\\\/9cd9d437bbb44f72b73ba127e06d8e79\"},\"headline\":\"T\u00fcrk Devletleri Te\u015fkilat\u0131 15\u2019inci ya\u015f\u0131nda da T\u00fcrk devletleri aras\u0131ndaki i\u015f birli\u011fini geli\u015ftirmek hedefiyle \u00e7al\u0131\u015fmalar\u0131na devam ediyor\",\"datePublished\":\"2025-02-18T16:40:59+00:00\",\"mainEntityOfPage\":{\"@id\":\"https:\\\/\\\/kibrisdakik.com\\\/?p=75896\"},\"wordCount\":541,\"commentCount\":0,\"image\":{\"@id\":\"https:\\\/\\\/kibrisdakik.com\\\/?p=75896#primaryimage\"},\"thumbnailUrl\":\"https:\\\/\\\/kibrisdakik.com\\\/wp-content\\\/uploads\\\/2025\\\/02\\\/980808-740x420.png\",\"articleSection\":[\"K\u0131br\u0131s\",\"Man\u015fet\"],\"inLanguage\":\"tr\",\"potentialAction\":[{\"@type\":\"CommentAction\",\"name\":\"Comment\",\"target\":[\"https:\\\/\\\/kibrisdakik.com\\\/?p=75896#respond\"]}]},{\"@type\":\"WebPage\",\"@id\":\"https:\\\/\\\/kibrisdakik.com\\\/?p=75896\",\"url\":\"https:\\\/\\\/kibrisdakik.com\\\/?p=75896\",\"name\":\"T\u00fcrk Devletleri Te\u015fkilat\u0131 15\u2019inci ya\u015f\u0131nda da T\u00fcrk devletleri aras\u0131ndaki i\u015f birli\u011fini geli\u015ftirmek hedefiyle \u00e7al\u0131\u015fmalar\u0131na devam ediyor -\",\"isPartOf\":{\"@id\":\"https:\\\/\\\/kibrisdakik.com\\\/#website\"},\"primaryImageOfPage\":{\"@id\":\"https:\\\/\\\/kibrisdakik.com\\\/?p=75896#primaryimage\"},\"image\":{\"@id\":\"https:\\\/\\\/kibrisdakik.com\\\/?p=75896#primaryimage\"},\"thumbnailUrl\":\"https:\\\/\\\/kibrisdakik.com\\\/wp-content\\\/uploads\\\/2025\\\/02\\\/980808-740x420.png\",\"datePublished\":\"2025-02-18T16:40:59+00:00\",\"author\":{\"@id\":\"https:\\\/\\\/kibrisdakik.com\\\/#\\\/schema\\\/person\\\/9cd9d437bbb44f72b73ba127e06d8e79\"},\"breadcrumb\":{\"@id\":\"https:\\\/\\\/kibrisdakik.com\\\/?p=75896#breadcrumb\"},\"inLanguage\":\"tr\",\"potentialAction\":[{\"@type\":\"ReadAction\",\"target\":[\"https:\\\/\\\/kibrisdakik.com\\\/?p=75896\"]}]},{\"@type\":\"ImageObject\",\"inLanguage\":\"tr\",\"@id\":\"https:\\\/\\\/kibrisdakik.com\\\/?p=75896#primaryimage\",\"url\":\"https:\\\/\\\/kibrisdakik.com\\\/wp-content\\\/uploads\\\/2025\\\/02\\\/980808-740x420.png\",\"contentUrl\":\"https:\\\/\\\/kibrisdakik.com\\\/wp-content\\\/uploads\\\/2025\\\/02\\\/980808-740x420.png\",\"width\":871,\"height\":507},{\"@type\":\"BreadcrumbList\",\"@id\":\"https:\\\/\\\/kibrisdakik.com\\\/?p=75896#breadcrumb\",\"itemListElement\":[{\"@type\":\"ListItem\",\"position\":1,\"name\":\"Home\",\"item\":\"https:\\\/\\\/kibrisdakik.com\\\/\"},{\"@type\":\"ListItem\",\"position\":2,\"name\":\"T\u00fcrk Devletleri Te\u015fkilat\u0131 15\u2019inci ya\u015f\u0131nda da T\u00fcrk devletleri aras\u0131ndaki i\u015f birli\u011fini geli\u015ftirmek hedefiyle \u00e7al\u0131\u015fmalar\u0131na devam ediyor\"}]},{\"@type\":\"WebSite\",\"@id\":\"https:\\\/\\\/kibrisdakik.com\\\/#website\",\"url\":\"https:\\\/\\\/kibrisdakik.com\\\/\",\"name\":\"\",\"description\":\"Tam vaktinde haber\",\"potentialAction\":[{\"@type\":\"SearchAction\",\"target\":{\"@type\":\"EntryPoint\",\"urlTemplate\":\"https:\\\/\\\/kibrisdakik.com\\\/?s={search_term_string}\"},\"query-input\":{\"@type\":\"PropertyValueSpecification\",\"valueRequired\":true,\"valueName\":\"search_term_string\"}}],\"inLanguage\":\"tr\"},{\"@type\":\"Person\",\"@id\":\"https:\\\/\\\/kibrisdakik.com\\\/#\\\/schema\\\/person\\\/9cd9d437bbb44f72b73ba127e06d8e79\",\"name\":\"admin\",\"image\":{\"@type\":\"ImageObject\",\"inLanguage\":\"tr\",\"@id\":\"https:\\\/\\\/secure.gravatar.com\\\/avatar\\\/ccc17943b9d660506c869530f897617f7cb1c21a4bf30023f252596d83e1f007?s=96&d=mm&r=g\",\"url\":\"https:\\\/\\\/secure.gravatar.com\\\/avatar\\\/ccc17943b9d660506c869530f897617f7cb1c21a4bf30023f252596d83e1f007?s=96&d=mm&r=g\",\"contentUrl\":\"https:\\\/\\\/secure.gravatar.com\\\/avatar\\\/ccc17943b9d660506c869530f897617f7cb1c21a4bf30023f252596d83e1f007?s=96&d=mm&r=g\",\"caption\":\"admin\"},\"sameAs\":[\"https:\\\/\\\/kibrisdakik.com\"],\"url\":\"https:\\\/\\\/kibrisdakik.com\\\/?author=1\"}]}<\/script>\n<!-- \/ Yoast SEO plugin. -->","yoast_head_json":{"title":"T\u00fcrk Devletleri Te\u015fkilat\u0131 15\u2019inci ya\u015f\u0131nda da T\u00fcrk devletleri aras\u0131ndaki i\u015f birli\u011fini geli\u015ftirmek hedefiyle \u00e7al\u0131\u015fmalar\u0131na devam ediyor -","robots":{"index":"index","follow":"follow","max-snippet":"max-snippet:-1","max-image-preview":"max-image-preview:large","max-video-preview":"max-video-preview:-1"},"canonical":"https:\/\/kibrisdakik.com\/?p=75896","og_locale":"tr_TR","og_type":"article","og_title":"T\u00fcrk Devletleri Te\u015fkilat\u0131 15\u2019inci ya\u015f\u0131nda da T\u00fcrk devletleri aras\u0131ndaki i\u015f birli\u011fini geli\u015ftirmek hedefiyle \u00e7al\u0131\u015fmalar\u0131na devam ediyor -","og_description":"T\u00fcrk Devletleri Te\u015fkilat\u0131, 15\u2019inci ya\u015f\u0131nda \u00e7al\u0131\u015fmalar\u0131n\u0131 s\u00fcrd\u00fcr\u00fcyor. 2009 y\u0131l\u0131nda imzalanan Nah\u00e7\u0131van Antla\u015fmas\u0131\u2019yla kurulan ve KKTC\u2019nin de g\u00f6zlemci \u00fcye olarak yer ald\u0131\u011f\u0131 T\u00fcrk Devletleri Te\u015fkilat\u0131, T\u00fcrk devletleri aras\u0131ndaki i\u015f birli\u011fini geli\u015ftirmek amac\u0131yla \u00e7al\u0131\u015fmalar\u0131n\u0131 yo\u011fun takvimiyle s\u00fcrd\u00fcr\u00fcyor. T\u00fcrk Devletleri Te\u015fkilat\u0131\u2019n\u0131n temeli, 1992 y\u0131l\u0131nda T\u00fcrkiye\u2019de, ba\u015fkent Ankara\u2019da ilki d\u00fczenlenen T\u00fcrk Dili Konu\u015fan \u00dclkeler Zirvesi ile at\u0131lm\u0131\u015f y\u0131llarca s\u00fcren","og_url":"https:\/\/kibrisdakik.com\/?p=75896","article_published_time":"2025-02-18T16:40:59+00:00","og_image":[{"width":871,"height":507,"url":"https:\/\/kibrisdakik.com\/wp-content\/uploads\/2025\/02\/980808-740x420.png","type":"image\/png"}],"author":"admin","twitter_card":"summary_large_image","twitter_misc":{"Yazan:":"admin","Tahmini okuma s\u00fcresi":"3 dakika"},"schema":{"@context":"https:\/\/schema.org","@graph":[{"@type":"Article","@id":"https:\/\/kibrisdakik.com\/?p=75896#article","isPartOf":{"@id":"https:\/\/kibrisdakik.com\/?p=75896"},"author":{"name":"admin","@id":"https:\/\/kibrisdakik.com\/#\/schema\/person\/9cd9d437bbb44f72b73ba127e06d8e79"},"headline":"T\u00fcrk Devletleri Te\u015fkilat\u0131 15\u2019inci ya\u015f\u0131nda da T\u00fcrk devletleri aras\u0131ndaki i\u015f birli\u011fini geli\u015ftirmek hedefiyle \u00e7al\u0131\u015fmalar\u0131na devam ediyor","datePublished":"2025-02-18T16:40:59+00:00","mainEntityOfPage":{"@id":"https:\/\/kibrisdakik.com\/?p=75896"},"wordCount":541,"commentCount":0,"image":{"@id":"https:\/\/kibrisdakik.com\/?p=75896#primaryimage"},"thumbnailUrl":"https:\/\/kibrisdakik.com\/wp-content\/uploads\/2025\/02\/980808-740x420.png","articleSection":["K\u0131br\u0131s","Man\u015fet"],"inLanguage":"tr","potentialAction":[{"@type":"CommentAction","name":"Comment","target":["https:\/\/kibrisdakik.com\/?p=75896#respond"]}]},{"@type":"WebPage","@id":"https:\/\/kibrisdakik.com\/?p=75896","url":"https:\/\/kibrisdakik.com\/?p=75896","name":"T\u00fcrk Devletleri Te\u015fkilat\u0131 15\u2019inci ya\u015f\u0131nda da T\u00fcrk devletleri aras\u0131ndaki i\u015f birli\u011fini geli\u015ftirmek hedefiyle \u00e7al\u0131\u015fmalar\u0131na devam ediyor -","isPartOf":{"@id":"https:\/\/kibrisdakik.com\/#website"},"primaryImageOfPage":{"@id":"https:\/\/kibrisdakik.com\/?p=75896#primaryimage"},"image":{"@id":"https:\/\/kibrisdakik.com\/?p=75896#primaryimage"},"thumbnailUrl":"https:\/\/kibrisdakik.com\/wp-content\/uploads\/2025\/02\/980808-740x420.png","datePublished":"2025-02-18T16:40:59+00:00","author":{"@id":"https:\/\/kibrisdakik.com\/#\/schema\/person\/9cd9d437bbb44f72b73ba127e06d8e79"},"breadcrumb":{"@id":"https:\/\/kibrisdakik.com\/?p=75896#breadcrumb"},"inLanguage":"tr","potentialAction":[{"@type":"ReadAction","target":["https:\/\/kibrisdakik.com\/?p=75896"]}]},{"@type":"ImageObject","inLanguage":"tr","@id":"https:\/\/kibrisdakik.com\/?p=75896#primaryimage","url":"https:\/\/kibrisdakik.com\/wp-content\/uploads\/2025\/02\/980808-740x420.png","contentUrl":"https:\/\/kibrisdakik.com\/wp-content\/uploads\/2025\/02\/980808-740x420.png","width":871,"height":507},{"@type":"BreadcrumbList","@id":"https:\/\/kibrisdakik.com\/?p=75896#breadcrumb","itemListElement":[{"@type":"ListItem","position":1,"name":"Home","item":"https:\/\/kibrisdakik.com\/"},{"@type":"ListItem","position":2,"name":"T\u00fcrk Devletleri Te\u015fkilat\u0131 15\u2019inci ya\u015f\u0131nda da T\u00fcrk devletleri aras\u0131ndaki i\u015f birli\u011fini geli\u015ftirmek hedefiyle \u00e7al\u0131\u015fmalar\u0131na devam ediyor"}]},{"@type":"WebSite","@id":"https:\/\/kibrisdakik.com\/#website","url":"https:\/\/kibrisdakik.com\/","name":"","description":"Tam vaktinde haber","potentialAction":[{"@type":"SearchAction","target":{"@type":"EntryPoint","urlTemplate":"https:\/\/kibrisdakik.com\/?s={search_term_string}"},"query-input":{"@type":"PropertyValueSpecification","valueRequired":true,"valueName":"search_term_string"}}],"inLanguage":"tr"},{"@type":"Person","@id":"https:\/\/kibrisdakik.com\/#\/schema\/person\/9cd9d437bbb44f72b73ba127e06d8e79","name":"admin","image":{"@type":"ImageObject","inLanguage":"tr","@id":"https:\/\/secure.gravatar.com\/avatar\/ccc17943b9d660506c869530f897617f7cb1c21a4bf30023f252596d83e1f007?s=96&d=mm&r=g","url":"https:\/\/secure.gravatar.com\/avatar\/ccc17943b9d660506c869530f897617f7cb1c21a4bf30023f252596d83e1f007?s=96&d=mm&r=g","contentUrl":"https:\/\/secure.gravatar.com\/avatar\/ccc17943b9d660506c869530f897617f7cb1c21a4bf30023f252596d83e1f007?s=96&d=mm&r=g","caption":"admin"},"sameAs":["https:\/\/kibrisdakik.com"],"url":"https:\/\/kibrisdakik.com\/?author=1"}]}},"_links":{"self":[{"href":"https:\/\/kibrisdakik.com\/index.php?rest_route=\/wp\/v2\/posts\/75896","targetHints":{"allow":["GET"]}}],"collection":[{"href":"https:\/\/kibrisdakik.com\/index.php?rest_route=\/wp\/v2\/posts"}],"about":[{"href":"https:\/\/kibrisdakik.com\/index.php?rest_route=\/wp\/v2\/types\/post"}],"author":[{"embeddable":true,"href":"https:\/\/kibrisdakik.com\/index.php?rest_route=\/wp\/v2\/users\/1"}],"replies":[{"embeddable":true,"href":"https:\/\/kibrisdakik.com\/index.php?rest_route=%2Fwp%2Fv2%2Fcomments&post=75896"}],"version-history":[{"count":0,"href":"https:\/\/kibrisdakik.com\/index.php?rest_route=\/wp\/v2\/posts\/75896\/revisions"}],"wp:featuredmedia":[{"embeddable":true,"href":"https:\/\/kibrisdakik.com\/index.php?rest_route=\/wp\/v2\/media\/75897"}],"wp:attachment":[{"href":"https:\/\/kibrisdakik.com\/index.php?rest_route=%2Fwp%2Fv2%2Fmedia&parent=75896"}],"wp:term":[{"taxonomy":"category","embeddable":true,"href":"https:\/\/kibrisdakik.com\/index.php?rest_route=%2Fwp%2Fv2%2Fcategories&post=75896"},{"taxonomy":"post_tag","embeddable":true,"href":"https:\/\/kibrisdakik.com\/index.php?rest_route=%2Fwp%2Fv2%2Ftags&post=75896"}],"curies":[{"name":"wp","href":"https:\/\/api.w.org\/{rel}","templated":true}]}}