{"id":75930,"date":"2025-02-18T08:08:39","date_gmt":"2025-02-18T05:08:39","guid":{"rendered":"https:\/\/kibrisdakik.com\/index.php\/2025\/02\/18\/cezayir-cumhurbaskanindan-fransa-aciklamasi-barbarca-ve-yikici\/"},"modified":"2025-02-18T08:08:39","modified_gmt":"2025-02-18T05:08:39","slug":"cezayir-cumhurbaskanindan-fransa-aciklamasi-barbarca-ve-yikici","status":"publish","type":"post","link":"https:\/\/kibrisdakik.com\/?p=75930","title":{"rendered":"Cezayir Cumhurba\u015fkan\u0131\u2019ndan Fransa a\u00e7\u0131klamas\u0131: Barbarca ve y\u0131k\u0131c\u0131"},"content":{"rendered":"<p><\/p>\n<div>\n<div class=\"mariselle-image-container center\">\n                <img loading=\"lazy\" decoding=\"async\" width=\"1280\" height=\"720\" class=\"lazy-image\" alt=\"\" sizes=\"auto, (max-width: 1280px) 100vw, 1280px\" src=\"https:\/\/brtk.net\/wp-content\/uploads\/2025\/02\/18\/000000000000000000000000000000.jpg?ver=5a25c5665117b754aa7b0d08f93548f4\" srcset=\"https:\/\/brtk.net\/wp-content\/uploads\/2025\/02\/18\/000000000000000000000000000000.jpg?ver=5a25c5665117b754aa7b0d08f93548f4 1280w, https:\/\/brtk.net\/wp-content\/uploads\/2025\/02\/18\/000000000000000000000000000000-300x169.jpg?ver=5a25c5665117b754aa7b0d08f93548f4 300w, https:\/\/brtk.net\/wp-content\/uploads\/2025\/02\/18\/000000000000000000000000000000-1024x576.jpg?ver=5a25c5665117b754aa7b0d08f93548f4 1024w, https:\/\/brtk.net\/wp-content\/uploads\/2025\/02\/18\/000000000000000000000000000000-768x432.jpg?ver=374db26962b4b39f6a80eb45415aee6c 768w\"\/>                            <\/div>\n<p>Cezayir Cumhurba\u015fkan\u0131 Abdulmecid Tebbun, Cezayir\u2019de 130 y\u0131ldan fazla s\u00fcren Frans\u0131z s\u00f6m\u00fcrge d\u00f6nemini, \u201cbarbarca ve y\u0131k\u0131c\u0131\u201d olarak nitelendirdi.<\/p>\n<p>Cezayir Cumhurba\u015fkan\u0131 Abdulmecid Tebbun, \u201c18 \u015eubat Ulusal \u015eehit G\u00fcn\u00fc\u201d dolay\u0131s\u0131yla 1830-1962 y\u0131llar\u0131ndaki Frans\u0131z s\u00f6m\u00fcrgesine kar\u015f\u0131 Cezayir halk\u0131n\u0131n devrimlerine dikkati \u00e7eken bir mesaj yay\u0131mlad\u0131.<\/p>\n<p>Cezayir halk\u0131n\u0131n \u00f6zg\u00fcrl\u00fck u\u011fruna verdi\u011fi \u015fehitlere bir vefa borcu olarak \u201cUlusal \u015eehit G\u00fcn\u00fc\u201dn\u00fc and\u0131klar\u0131n\u0131 ifade eden Cezayir Cumhurba\u015fkan\u0131 \u015funlar\u0131 kaydetti:<\/p>\n<p>\u201cTemiz topraklar\u0131m\u0131z \u00fczerinde barbarca ve y\u0131k\u0131c\u0131 y\u00f6ntemleriyle h\u00fck\u00fcm s\u00fcren s\u00f6m\u00fcrge, 130 y\u0131ldan fazla s\u00fcre boyunca onurlu halk\u0131n ilerlemesine engel oldu. Medeniyet iddias\u0131nda bulunanlar\u0131n i\u015fledikleri ne ac\u0131d\u0131r. Kal\u0131c\u0131 olmay\u0131 hayal eden, halk\u0131m\u0131z\u0131n kaynaklar\u0131n\u0131 ve iradesini yok sayan o s\u00f6m\u00fcrge, muazzam bir devrimle son buldu.\u201d<\/p>\n<p>Tebbun, s\u00f6m\u00fcrgenin yerle\u015fmesini reddeden Cezayir halk\u0131n\u0131n kararl\u0131l\u0131kla topraklar\u0131n\u0131 \u00f6zg\u00fcrle\u015ftirdi\u011fini vurgulad\u0131.<\/p>\n<p><strong>Fransa\u2019n\u0131n Afrika\u2019daki kara lekesi<\/strong><br \/>Cezayir, Fransa\u2019n\u0131n 1830\u2019lara uzanan i\u015fgaline kar\u015f\u0131 1 Kas\u0131m 1954\u2019te ba\u011f\u0131ms\u0131zl\u0131k m\u00fccadelesine ba\u015flad\u0131. Yakla\u015f\u0131k 1,5 milyon ki\u015finin hayat\u0131n\u0131 kaybetti\u011fi \u00e7etin m\u00fccadele sonucu Cezayir 1962\u2019de ba\u011f\u0131ms\u0131zl\u0131\u011f\u0131na kavu\u015ftu.<\/p>\n<p>\u0130nsan haklar\u0131 \u00f6rg\u00fctleri ve tarih\u00e7iler, Fransa\u2019n\u0131n 1830-1962 y\u0131llar\u0131ndaki s\u00f6m\u00fcrge d\u00f6neminde Cezayirlilere y\u00f6nelik katliamlar ger\u00e7ekle\u015ftirildi\u011fini ve y\u00fcz binlerce ki\u015finin tehcir edildi\u011fini belirtiyor.<\/p>\n<p>Cezayir \u0130nsan Haklar\u0131 Savunma Birli\u011fi, s\u00f6m\u00fcrge d\u00f6neminde yakla\u015f\u0131k 10 milyon ki\u015finin \u00f6ld\u00fcr\u00fcld\u00fc\u011f\u00fcn\u00fc kaydediyor.<\/p>\n<p>Fransa, Afrika\u2019daki s\u00f6m\u00fcrgeci tarihinin en g\u00fcncel ve en kanl\u0131 \u00f6rne\u011fi olan Cezayir\u2019deki su\u00e7lar\u0131n\u0131 hala resmen tan\u0131m\u0131yor.<\/p>\n<p>Cezayir\u2019de her y\u0131l 18 \u015eubat, Fransa s\u00f6m\u00fcrgesine kar\u015f\u0131 verilen m\u00fccadelede hayat\u0131n\u0131 kaybedenler an\u0131s\u0131na Ulusal \u015eehit G\u00fcn\u00fc olarak an\u0131l\u0131yo<\/p>\n<\/p><\/div>\n<p><script async\n                    defer\n                    crossorigin=\"anonymous\"\n                    src=\"https:\/\/connect.facebook.net\/tr_TR\/sdk.js#xfbml=1&#038;version=v3.3\"\n            ><\/script><\/p>\n","protected":false},"excerpt":{"rendered":"<p>Cezayir Cumhurba\u015fkan\u0131 Abdulmecid Tebbun, Cezayir\u2019de 130 y\u0131ldan fazla s\u00fcren Frans\u0131z s\u00f6m\u00fcrge d\u00f6nemini, \u201cbarbarca ve y\u0131k\u0131c\u0131\u201d olarak nitelendirdi. Cezayir Cumhurba\u015fkan\u0131 Abdulmecid Tebbun, \u201c18 \u015eubat Ulusal \u015eehit G\u00fcn\u00fc\u201d dolay\u0131s\u0131yla 1830-1962 y\u0131llar\u0131ndaki Frans\u0131z s\u00f6m\u00fcrgesine kar\u015f\u0131 Cezayir halk\u0131n\u0131n devrimlerine dikkati \u00e7eken bir mesaj yay\u0131mlad\u0131. Cezayir halk\u0131n\u0131n \u00f6zg\u00fcrl\u00fck u\u011fruna verdi\u011fi \u015fehitlere bir vefa borcu olarak \u201cUlusal \u015eehit G\u00fcn\u00fc\u201dn\u00fc and\u0131klar\u0131n\u0131 ifade<\/p>\n","protected":false},"author":1,"featured_media":75931,"comment_status":"open","ping_status":"open","sticky":false,"template":"","format":"standard","meta":{"footnotes":""},"categories":[1],"tags":[],"class_list":["post-75930","post","type-post","status-publish","format-standard","has-post-thumbnail","hentry","category-gundem"],"yoast_head":"<!-- This site is optimized with the Yoast SEO plugin v27.4 - https:\/\/yoast.com\/product\/yoast-seo-wordpress\/ -->\n<title>Cezayir Cumhurba\u015fkan\u0131\u2019ndan Fransa a\u00e7\u0131klamas\u0131: Barbarca ve y\u0131k\u0131c\u0131 -<\/title>\n<meta name=\"robots\" content=\"index, follow, max-snippet:-1, max-image-preview:large, max-video-preview:-1\" \/>\n<link rel=\"canonical\" href=\"https:\/\/kibrisdakik.com\/?p=75930\" \/>\n<meta property=\"og:locale\" content=\"tr_TR\" \/>\n<meta property=\"og:type\" content=\"article\" \/>\n<meta property=\"og:title\" content=\"Cezayir Cumhurba\u015fkan\u0131\u2019ndan Fransa a\u00e7\u0131klamas\u0131: Barbarca ve y\u0131k\u0131c\u0131 -\" \/>\n<meta property=\"og:description\" content=\"Cezayir Cumhurba\u015fkan\u0131 Abdulmecid Tebbun, Cezayir\u2019de 130 y\u0131ldan fazla s\u00fcren Frans\u0131z s\u00f6m\u00fcrge d\u00f6nemini, \u201cbarbarca ve y\u0131k\u0131c\u0131\u201d olarak nitelendirdi. Cezayir Cumhurba\u015fkan\u0131 Abdulmecid Tebbun, \u201c18 \u015eubat Ulusal \u015eehit G\u00fcn\u00fc\u201d dolay\u0131s\u0131yla 1830-1962 y\u0131llar\u0131ndaki Frans\u0131z s\u00f6m\u00fcrgesine kar\u015f\u0131 Cezayir halk\u0131n\u0131n devrimlerine dikkati \u00e7eken bir mesaj yay\u0131mlad\u0131. Cezayir halk\u0131n\u0131n \u00f6zg\u00fcrl\u00fck u\u011fruna verdi\u011fi \u015fehitlere bir vefa borcu olarak \u201cUlusal \u015eehit G\u00fcn\u00fc\u201dn\u00fc and\u0131klar\u0131n\u0131 ifade\" \/>\n<meta property=\"og:url\" content=\"https:\/\/kibrisdakik.com\/?p=75930\" \/>\n<meta property=\"article:published_time\" content=\"2025-02-18T05:08:39+00:00\" \/>\n<meta property=\"og:image\" content=\"https:\/\/kibrisdakik.com\/wp-content\/uploads\/2025\/02\/000000000000000000000000000000-740x420.jpg\" \/>\n\t<meta property=\"og:image:width\" content=\"1280\" \/>\n\t<meta property=\"og:image:height\" content=\"720\" \/>\n\t<meta property=\"og:image:type\" content=\"image\/jpeg\" \/>\n<meta name=\"author\" content=\"admin\" \/>\n<meta name=\"twitter:card\" content=\"summary_large_image\" \/>\n<meta name=\"twitter:label1\" content=\"Yazan:\" \/>\n\t<meta name=\"twitter:data1\" content=\"admin\" \/>\n\t<meta name=\"twitter:label2\" content=\"Tahmini okuma s\u00fcresi\" \/>\n\t<meta name=\"twitter:data2\" content=\"2 dakika\" \/>\n<script type=\"application\/ld+json\" class=\"yoast-schema-graph\">{\"@context\":\"https:\\\/\\\/schema.org\",\"@graph\":[{\"@type\":\"Article\",\"@id\":\"https:\\\/\\\/kibrisdakik.com\\\/?p=75930#article\",\"isPartOf\":{\"@id\":\"https:\\\/\\\/kibrisdakik.com\\\/?p=75930\"},\"author\":{\"name\":\"admin\",\"@id\":\"https:\\\/\\\/kibrisdakik.com\\\/#\\\/schema\\\/person\\\/9cd9d437bbb44f72b73ba127e06d8e79\"},\"headline\":\"Cezayir Cumhurba\u015fkan\u0131\u2019ndan Fransa a\u00e7\u0131klamas\u0131: Barbarca ve y\u0131k\u0131c\u0131\",\"datePublished\":\"2025-02-18T05:08:39+00:00\",\"mainEntityOfPage\":{\"@id\":\"https:\\\/\\\/kibrisdakik.com\\\/?p=75930\"},\"wordCount\":351,\"commentCount\":0,\"image\":{\"@id\":\"https:\\\/\\\/kibrisdakik.com\\\/?p=75930#primaryimage\"},\"thumbnailUrl\":\"https:\\\/\\\/kibrisdakik.com\\\/wp-content\\\/uploads\\\/2025\\\/02\\\/000000000000000000000000000000-740x420.jpg\",\"articleSection\":[\"G\u00fcndem\"],\"inLanguage\":\"tr\",\"potentialAction\":[{\"@type\":\"CommentAction\",\"name\":\"Comment\",\"target\":[\"https:\\\/\\\/kibrisdakik.com\\\/?p=75930#respond\"]}]},{\"@type\":\"WebPage\",\"@id\":\"https:\\\/\\\/kibrisdakik.com\\\/?p=75930\",\"url\":\"https:\\\/\\\/kibrisdakik.com\\\/?p=75930\",\"name\":\"Cezayir Cumhurba\u015fkan\u0131\u2019ndan Fransa a\u00e7\u0131klamas\u0131: Barbarca ve y\u0131k\u0131c\u0131 -\",\"isPartOf\":{\"@id\":\"https:\\\/\\\/kibrisdakik.com\\\/#website\"},\"primaryImageOfPage\":{\"@id\":\"https:\\\/\\\/kibrisdakik.com\\\/?p=75930#primaryimage\"},\"image\":{\"@id\":\"https:\\\/\\\/kibrisdakik.com\\\/?p=75930#primaryimage\"},\"thumbnailUrl\":\"https:\\\/\\\/kibrisdakik.com\\\/wp-content\\\/uploads\\\/2025\\\/02\\\/000000000000000000000000000000-740x420.jpg\",\"datePublished\":\"2025-02-18T05:08:39+00:00\",\"author\":{\"@id\":\"https:\\\/\\\/kibrisdakik.com\\\/#\\\/schema\\\/person\\\/9cd9d437bbb44f72b73ba127e06d8e79\"},\"breadcrumb\":{\"@id\":\"https:\\\/\\\/kibrisdakik.com\\\/?p=75930#breadcrumb\"},\"inLanguage\":\"tr\",\"potentialAction\":[{\"@type\":\"ReadAction\",\"target\":[\"https:\\\/\\\/kibrisdakik.com\\\/?p=75930\"]}]},{\"@type\":\"ImageObject\",\"inLanguage\":\"tr\",\"@id\":\"https:\\\/\\\/kibrisdakik.com\\\/?p=75930#primaryimage\",\"url\":\"https:\\\/\\\/kibrisdakik.com\\\/wp-content\\\/uploads\\\/2025\\\/02\\\/000000000000000000000000000000-740x420.jpg\",\"contentUrl\":\"https:\\\/\\\/kibrisdakik.com\\\/wp-content\\\/uploads\\\/2025\\\/02\\\/000000000000000000000000000000-740x420.jpg\",\"width\":1280,\"height\":720},{\"@type\":\"BreadcrumbList\",\"@id\":\"https:\\\/\\\/kibrisdakik.com\\\/?p=75930#breadcrumb\",\"itemListElement\":[{\"@type\":\"ListItem\",\"position\":1,\"name\":\"Home\",\"item\":\"https:\\\/\\\/kibrisdakik.com\\\/\"},{\"@type\":\"ListItem\",\"position\":2,\"name\":\"Cezayir Cumhurba\u015fkan\u0131\u2019ndan Fransa a\u00e7\u0131klamas\u0131: Barbarca ve y\u0131k\u0131c\u0131\"}]},{\"@type\":\"WebSite\",\"@id\":\"https:\\\/\\\/kibrisdakik.com\\\/#website\",\"url\":\"https:\\\/\\\/kibrisdakik.com\\\/\",\"name\":\"\",\"description\":\"Tam vaktinde haber\",\"potentialAction\":[{\"@type\":\"SearchAction\",\"target\":{\"@type\":\"EntryPoint\",\"urlTemplate\":\"https:\\\/\\\/kibrisdakik.com\\\/?s={search_term_string}\"},\"query-input\":{\"@type\":\"PropertyValueSpecification\",\"valueRequired\":true,\"valueName\":\"search_term_string\"}}],\"inLanguage\":\"tr\"},{\"@type\":\"Person\",\"@id\":\"https:\\\/\\\/kibrisdakik.com\\\/#\\\/schema\\\/person\\\/9cd9d437bbb44f72b73ba127e06d8e79\",\"name\":\"admin\",\"image\":{\"@type\":\"ImageObject\",\"inLanguage\":\"tr\",\"@id\":\"https:\\\/\\\/secure.gravatar.com\\\/avatar\\\/ccc17943b9d660506c869530f897617f7cb1c21a4bf30023f252596d83e1f007?s=96&d=mm&r=g\",\"url\":\"https:\\\/\\\/secure.gravatar.com\\\/avatar\\\/ccc17943b9d660506c869530f897617f7cb1c21a4bf30023f252596d83e1f007?s=96&d=mm&r=g\",\"contentUrl\":\"https:\\\/\\\/secure.gravatar.com\\\/avatar\\\/ccc17943b9d660506c869530f897617f7cb1c21a4bf30023f252596d83e1f007?s=96&d=mm&r=g\",\"caption\":\"admin\"},\"sameAs\":[\"https:\\\/\\\/kibrisdakik.com\"],\"url\":\"https:\\\/\\\/kibrisdakik.com\\\/?author=1\"}]}<\/script>\n<!-- \/ Yoast SEO plugin. -->","yoast_head_json":{"title":"Cezayir Cumhurba\u015fkan\u0131\u2019ndan Fransa a\u00e7\u0131klamas\u0131: Barbarca ve y\u0131k\u0131c\u0131 -","robots":{"index":"index","follow":"follow","max-snippet":"max-snippet:-1","max-image-preview":"max-image-preview:large","max-video-preview":"max-video-preview:-1"},"canonical":"https:\/\/kibrisdakik.com\/?p=75930","og_locale":"tr_TR","og_type":"article","og_title":"Cezayir Cumhurba\u015fkan\u0131\u2019ndan Fransa a\u00e7\u0131klamas\u0131: Barbarca ve y\u0131k\u0131c\u0131 -","og_description":"Cezayir Cumhurba\u015fkan\u0131 Abdulmecid Tebbun, Cezayir\u2019de 130 y\u0131ldan fazla s\u00fcren Frans\u0131z s\u00f6m\u00fcrge d\u00f6nemini, \u201cbarbarca ve y\u0131k\u0131c\u0131\u201d olarak nitelendirdi. Cezayir Cumhurba\u015fkan\u0131 Abdulmecid Tebbun, \u201c18 \u015eubat Ulusal \u015eehit G\u00fcn\u00fc\u201d dolay\u0131s\u0131yla 1830-1962 y\u0131llar\u0131ndaki Frans\u0131z s\u00f6m\u00fcrgesine kar\u015f\u0131 Cezayir halk\u0131n\u0131n devrimlerine dikkati \u00e7eken bir mesaj yay\u0131mlad\u0131. Cezayir halk\u0131n\u0131n \u00f6zg\u00fcrl\u00fck u\u011fruna verdi\u011fi \u015fehitlere bir vefa borcu olarak \u201cUlusal \u015eehit G\u00fcn\u00fc\u201dn\u00fc and\u0131klar\u0131n\u0131 ifade","og_url":"https:\/\/kibrisdakik.com\/?p=75930","article_published_time":"2025-02-18T05:08:39+00:00","og_image":[{"width":1280,"height":720,"url":"https:\/\/kibrisdakik.com\/wp-content\/uploads\/2025\/02\/000000000000000000000000000000-740x420.jpg","type":"image\/jpeg"}],"author":"admin","twitter_card":"summary_large_image","twitter_misc":{"Yazan:":"admin","Tahmini okuma s\u00fcresi":"2 dakika"},"schema":{"@context":"https:\/\/schema.org","@graph":[{"@type":"Article","@id":"https:\/\/kibrisdakik.com\/?p=75930#article","isPartOf":{"@id":"https:\/\/kibrisdakik.com\/?p=75930"},"author":{"name":"admin","@id":"https:\/\/kibrisdakik.com\/#\/schema\/person\/9cd9d437bbb44f72b73ba127e06d8e79"},"headline":"Cezayir Cumhurba\u015fkan\u0131\u2019ndan Fransa a\u00e7\u0131klamas\u0131: Barbarca ve y\u0131k\u0131c\u0131","datePublished":"2025-02-18T05:08:39+00:00","mainEntityOfPage":{"@id":"https:\/\/kibrisdakik.com\/?p=75930"},"wordCount":351,"commentCount":0,"image":{"@id":"https:\/\/kibrisdakik.com\/?p=75930#primaryimage"},"thumbnailUrl":"https:\/\/kibrisdakik.com\/wp-content\/uploads\/2025\/02\/000000000000000000000000000000-740x420.jpg","articleSection":["G\u00fcndem"],"inLanguage":"tr","potentialAction":[{"@type":"CommentAction","name":"Comment","target":["https:\/\/kibrisdakik.com\/?p=75930#respond"]}]},{"@type":"WebPage","@id":"https:\/\/kibrisdakik.com\/?p=75930","url":"https:\/\/kibrisdakik.com\/?p=75930","name":"Cezayir Cumhurba\u015fkan\u0131\u2019ndan Fransa a\u00e7\u0131klamas\u0131: Barbarca ve y\u0131k\u0131c\u0131 -","isPartOf":{"@id":"https:\/\/kibrisdakik.com\/#website"},"primaryImageOfPage":{"@id":"https:\/\/kibrisdakik.com\/?p=75930#primaryimage"},"image":{"@id":"https:\/\/kibrisdakik.com\/?p=75930#primaryimage"},"thumbnailUrl":"https:\/\/kibrisdakik.com\/wp-content\/uploads\/2025\/02\/000000000000000000000000000000-740x420.jpg","datePublished":"2025-02-18T05:08:39+00:00","author":{"@id":"https:\/\/kibrisdakik.com\/#\/schema\/person\/9cd9d437bbb44f72b73ba127e06d8e79"},"breadcrumb":{"@id":"https:\/\/kibrisdakik.com\/?p=75930#breadcrumb"},"inLanguage":"tr","potentialAction":[{"@type":"ReadAction","target":["https:\/\/kibrisdakik.com\/?p=75930"]}]},{"@type":"ImageObject","inLanguage":"tr","@id":"https:\/\/kibrisdakik.com\/?p=75930#primaryimage","url":"https:\/\/kibrisdakik.com\/wp-content\/uploads\/2025\/02\/000000000000000000000000000000-740x420.jpg","contentUrl":"https:\/\/kibrisdakik.com\/wp-content\/uploads\/2025\/02\/000000000000000000000000000000-740x420.jpg","width":1280,"height":720},{"@type":"BreadcrumbList","@id":"https:\/\/kibrisdakik.com\/?p=75930#breadcrumb","itemListElement":[{"@type":"ListItem","position":1,"name":"Home","item":"https:\/\/kibrisdakik.com\/"},{"@type":"ListItem","position":2,"name":"Cezayir Cumhurba\u015fkan\u0131\u2019ndan Fransa a\u00e7\u0131klamas\u0131: Barbarca ve y\u0131k\u0131c\u0131"}]},{"@type":"WebSite","@id":"https:\/\/kibrisdakik.com\/#website","url":"https:\/\/kibrisdakik.com\/","name":"","description":"Tam vaktinde haber","potentialAction":[{"@type":"SearchAction","target":{"@type":"EntryPoint","urlTemplate":"https:\/\/kibrisdakik.com\/?s={search_term_string}"},"query-input":{"@type":"PropertyValueSpecification","valueRequired":true,"valueName":"search_term_string"}}],"inLanguage":"tr"},{"@type":"Person","@id":"https:\/\/kibrisdakik.com\/#\/schema\/person\/9cd9d437bbb44f72b73ba127e06d8e79","name":"admin","image":{"@type":"ImageObject","inLanguage":"tr","@id":"https:\/\/secure.gravatar.com\/avatar\/ccc17943b9d660506c869530f897617f7cb1c21a4bf30023f252596d83e1f007?s=96&d=mm&r=g","url":"https:\/\/secure.gravatar.com\/avatar\/ccc17943b9d660506c869530f897617f7cb1c21a4bf30023f252596d83e1f007?s=96&d=mm&r=g","contentUrl":"https:\/\/secure.gravatar.com\/avatar\/ccc17943b9d660506c869530f897617f7cb1c21a4bf30023f252596d83e1f007?s=96&d=mm&r=g","caption":"admin"},"sameAs":["https:\/\/kibrisdakik.com"],"url":"https:\/\/kibrisdakik.com\/?author=1"}]}},"_links":{"self":[{"href":"https:\/\/kibrisdakik.com\/index.php?rest_route=\/wp\/v2\/posts\/75930","targetHints":{"allow":["GET"]}}],"collection":[{"href":"https:\/\/kibrisdakik.com\/index.php?rest_route=\/wp\/v2\/posts"}],"about":[{"href":"https:\/\/kibrisdakik.com\/index.php?rest_route=\/wp\/v2\/types\/post"}],"author":[{"embeddable":true,"href":"https:\/\/kibrisdakik.com\/index.php?rest_route=\/wp\/v2\/users\/1"}],"replies":[{"embeddable":true,"href":"https:\/\/kibrisdakik.com\/index.php?rest_route=%2Fwp%2Fv2%2Fcomments&post=75930"}],"version-history":[{"count":0,"href":"https:\/\/kibrisdakik.com\/index.php?rest_route=\/wp\/v2\/posts\/75930\/revisions"}],"wp:featuredmedia":[{"embeddable":true,"href":"https:\/\/kibrisdakik.com\/index.php?rest_route=\/wp\/v2\/media\/75931"}],"wp:attachment":[{"href":"https:\/\/kibrisdakik.com\/index.php?rest_route=%2Fwp%2Fv2%2Fmedia&parent=75930"}],"wp:term":[{"taxonomy":"category","embeddable":true,"href":"https:\/\/kibrisdakik.com\/index.php?rest_route=%2Fwp%2Fv2%2Fcategories&post=75930"},{"taxonomy":"post_tag","embeddable":true,"href":"https:\/\/kibrisdakik.com\/index.php?rest_route=%2Fwp%2Fv2%2Ftags&post=75930"}],"curies":[{"name":"wp","href":"https:\/\/api.w.org\/{rel}","templated":true}]}}